{"id":13244,"date":"2025-04-06T14:17:09","date_gmt":"2025-04-06T14:17:09","guid":{"rendered":"http:\/\/www.fabriceeulry-laboutique.com\/blog\/?p=13244"},"modified":"2025-04-07T22:08:51","modified_gmt":"2025-04-07T22:08:51","slug":"retour-du-duo-de-choc","status":"publish","type":"post","link":"http:\/\/www.fabriceeulry-laboutique.com\/blog\/?p=13244","title":{"rendered":"RETOUR DU DUO DE CHOC"},"content":{"rendered":"\n<p class=\"has-text-align-center\"><strong>dimanche 13 avril :<\/strong> <strong>Duo Alice et Fabrice Eulry <\/strong><\/p>\n\n\n\n<p class=\"has-text-align-center\"><strong>On connaissait d\u00e9j\u00e0 ce duo par d\u00e9cennie (Back to the 60&rsquo;s, back to the 70&rsquo;s Back to the 80&rsquo;s&#8230;). <\/strong><\/p>\n\n\n\n<figure class=\"wp-block-image size-large\"><a href=\"https:\/\/i0.wp.com\/www.fabriceeulry-laboutique.com\/blog\/wp-content\/uploads\/2025\/04\/BACK-TO-THE-60S-3.png\"><img data-recalc-dims=\"1\" loading=\"lazy\" decoding=\"async\" width=\"640\" height=\"623\" src=\"https:\/\/i0.wp.com\/www.fabriceeulry-laboutique.com\/blog\/wp-content\/uploads\/2025\/04\/BACK-TO-THE-60S-3.png?resize=640%2C623\" alt=\"\" class=\"wp-image-13246\" srcset=\"https:\/\/i0.wp.com\/www.fabriceeulry-laboutique.com\/blog\/wp-content\/uploads\/2025\/04\/BACK-TO-THE-60S-3.png?resize=1024%2C996 1024w, https:\/\/i0.wp.com\/www.fabriceeulry-laboutique.com\/blog\/wp-content\/uploads\/2025\/04\/BACK-TO-THE-60S-3.png?resize=300%2C292 300w, https:\/\/i0.wp.com\/www.fabriceeulry-laboutique.com\/blog\/wp-content\/uploads\/2025\/04\/BACK-TO-THE-60S-3.png?resize=768%2C747 768w, https:\/\/i0.wp.com\/www.fabriceeulry-laboutique.com\/blog\/wp-content\/uploads\/2025\/04\/BACK-TO-THE-60S-3.png?w=1170 1170w\" sizes=\"auto, (max-width: 640px) 100vw, 640px\" \/><\/a><\/figure>\n\n\n\n<p class=\"has-text-align-center\"><em>\u00a9 Morisson Milla avec les remerciements du Canard du pianiste<\/em><\/p>\n\n\n\n<p class=\"has-text-align-center\"><strong>Mais avec une affiche qui produit trois pl\u00e9onasmes (d\u00e9busquez-les ! deux au moins sont \u00e9vidents) on re\u00e7oit tout de suite le message suivant : il s&rsquo;agira cette fois de s&rsquo;affranchir des th\u00e9matiques pour avant tout, se faire plaisir et combler un public d\u00e9j\u00e0 acquis !<\/strong> <\/p>\n\n\n\n<p class=\"has-text-align-center\"><strong>(r\u00e9servation obligatoire 06 89 37 94 21. Attention \u00e0 l&rsquo;horaire)<\/strong><\/p>\n\n\n\n<figure class=\"wp-block-image size-large\"><a href=\"https:\/\/i0.wp.com\/www.fabriceeulry-laboutique.com\/blog\/wp-content\/uploads\/2025\/04\/back-to-the-past-1.png\"><img data-recalc-dims=\"1\" loading=\"lazy\" decoding=\"async\" width=\"640\" height=\"904\" src=\"https:\/\/i0.wp.com\/www.fabriceeulry-laboutique.com\/blog\/wp-content\/uploads\/2025\/04\/back-to-the-past-1.png?resize=640%2C904\" alt=\"\" class=\"wp-image-13245\" srcset=\"https:\/\/i0.wp.com\/www.fabriceeulry-laboutique.com\/blog\/wp-content\/uploads\/2025\/04\/back-to-the-past-1.png?resize=725%2C1024 725w, https:\/\/i0.wp.com\/www.fabriceeulry-laboutique.com\/blog\/wp-content\/uploads\/2025\/04\/back-to-the-past-1.png?resize=213%2C300 213w, https:\/\/i0.wp.com\/www.fabriceeulry-laboutique.com\/blog\/wp-content\/uploads\/2025\/04\/back-to-the-past-1.png?resize=768%2C1084 768w, https:\/\/i0.wp.com\/www.fabriceeulry-laboutique.com\/blog\/wp-content\/uploads\/2025\/04\/back-to-the-past-1.png?resize=300%2C424 300w, https:\/\/i0.wp.com\/www.fabriceeulry-laboutique.com\/blog\/wp-content\/uploads\/2025\/04\/back-to-the-past-1.png?w=782 782w\" sizes=\"auto, (max-width: 640px) 100vw, 640px\" \/><\/a><\/figure>\n","protected":false},"excerpt":{"rendered":"<p>dimanche 13 avril : Duo Alice et Fabrice Eulry On connaissait d\u00e9j\u00e0 ce duo par d\u00e9cennie (Back to the 60&rsquo;s, back to the 70&rsquo;s Back to the 80&rsquo;s&#8230;). \u00a9 Morisson Milla avec les remerciements du Canard du pianiste Mais avec &hellip; <a href=\"http:\/\/www.fabriceeulry-laboutique.com\/blog\/?p=13244\">Continuer la lecture <span class=\"meta-nav\">&rarr;<\/span><\/a><\/p>\n","protected":false},"author":2,"featured_media":0,"comment_status":"open","ping_status":"open","sticky":false,"template":"","format":"standard","meta":{"jetpack_post_was_ever_published":false,"_jetpack_newsletter_access":"","_jetpack_dont_email_post_to_subs":false,"_jetpack_newsletter_tier_id":0,"_jetpack_memberships_contains_paywalled_content":false,"_jetpack_memberships_contains_paid_content":false,"footnotes":"","jetpack_publicize_message":"","jetpack_publicize_feature_enabled":true,"jetpack_social_post_already_shared":true,"jetpack_social_options":{"image_generator_settings":{"template":"highway","default_image_id":0,"font":"","enabled":false},"version":2}},"categories":[1],"tags":[],"class_list":["post-13244","post","type-post","status-publish","format-standard","hentry","category-non-classe"],"jetpack_publicize_connections":[],"jetpack_featured_media_url":"","jetpack_sharing_enabled":true,"jetpack_shortlink":"https:\/\/wp.me\/p2D6dI-3rC","jetpack_likes_enabled":true,"jetpack-related-posts":[{"id":12447,"url":"http:\/\/www.fabriceeulry-laboutique.com\/blog\/?p=12447","url_meta":{"origin":13244,"position":0},"title":"DUO DE PIANOS ANNE CADILHAC-FABRICE EULRY","author":"Le Canard du pianiste","date":"19 octobre 2020","format":false,"excerpt":"Pour ce dernier concert du festival Blues en Aveyron (4 \u00e8me \u00e9dition), Anne Cadilhac et Fabrice Eulry proposaient un duo de pianos inclassable autour du boogie-woogie et du blues (dans la chanson fran\u00e7aise) entre clin d'oeil et hommage, entre com\u00e9die et concert, entre cette com\u00e9dienne chevronn\u00e9e virtuose du piano, et\u2026","rel":"","context":"Dans &quot;Non class\u00e9&quot;","block_context":{"text":"Non class\u00e9","link":"http:\/\/www.fabriceeulry-laboutique.com\/blog\/?cat=1"},"img":{"alt_text":"","src":"https:\/\/i0.wp.com\/www.fabriceeulry-laboutique.com\/blog\/wp-content\/uploads\/2020\/10\/duo4.png?resize=350%2C200","width":350,"height":200,"srcset":"https:\/\/i0.wp.com\/www.fabriceeulry-laboutique.com\/blog\/wp-content\/uploads\/2020\/10\/duo4.png?resize=350%2C200 1x, https:\/\/i0.wp.com\/www.fabriceeulry-laboutique.com\/blog\/wp-content\/uploads\/2020\/10\/duo4.png?resize=525%2C300 1.5x"},"classes":[]},{"id":8829,"url":"http:\/\/www.fabriceeulry-laboutique.com\/blog\/?p=8829","url_meta":{"origin":13244,"position":1},"title":"CISCO HERZHAFT INVITE FABRICE EULRY POUR SON NOUVEAU DISQUE","author":"Le Canard du pianiste","date":"24 septembre 2016","format":false,"excerpt":"Le guitariste et chanteur hante la sc\u00e8ne du blues depuis les ann\u00e9es soixante et, seul europ\u00e9en \u00e0 avoir enregistr\u00e9 avec John Lee Hooker, le voil\u00e0 dans un nouveau projet musical avec des compositions personnelles qui servent cet imitable son du delta. D\u00e9j\u00e0 deux titres en duo avec Fabrice Eulry enregistr\u00e9s\u2026","rel":"","context":"Dans &quot;Non class\u00e9&quot;","block_context":{"text":"Non class\u00e9","link":"http:\/\/www.fabriceeulry-laboutique.com\/blog\/?cat=1"},"img":{"alt_text":"","src":"https:\/\/i0.wp.com\/www.fabriceeulry-laboutique.com\/blog\/wp-content\/uploads\/2016\/09\/Darte.jpg?resize=350%2C200","width":350,"height":200},"classes":[]},{"id":9421,"url":"http:\/\/www.fabriceeulry-laboutique.com\/blog\/?p=9421","url_meta":{"origin":13244,"position":2},"title":"FESTIVAL BLUES EN AVEYRON : COMPLET !","author":"Le Canard du pianiste","date":"11 mai 2017","format":false,"excerpt":"Ici Tony Kazima, qui le premier comme le second jour du festival Blues en Aveyron a chauff\u00e9 les salles de Saint-C\u00f4me d'Olt et du Nayrac avec le r\u00e9pertoire de Ray Charles (mais aussi Nat King Cole et Fabrice Eulry avec une reprise de Boogie passavant). \u00a0 Apr\u00e8s son succ\u00e8s m\u00e9rit\u00e9\u2026","rel":"","context":"Dans &quot;Non class\u00e9&quot;","block_context":{"text":"Non class\u00e9","link":"http:\/\/www.fabriceeulry-laboutique.com\/blog\/?cat=1"},"img":{"alt_text":"","src":"https:\/\/i0.wp.com\/www.fabriceeulry-laboutique.com\/blog\/wp-content\/uploads\/2017\/05\/BeA.png?resize=350%2C200","width":350,"height":200},"classes":[]},{"id":9485,"url":"http:\/\/www.fabriceeulry-laboutique.com\/blog\/?p=9485","url_meta":{"origin":13244,"position":3},"title":"CONCERT POUR R\u00c9SONNANCE ROME","author":"Le Canard du pianiste","date":"12 juin 2017","format":false,"excerpt":"La c\u00e9l\u00e8bre Fondation inaugure ses nouveaux locaux en musique : ce 11 juin 2017, suite \u00e0 la Mast\u00e8re (tr\u00e8s) classe donn\u00e9e par le chef d'orchestre Jordi Mora \u00a0avec Elizabeth Sombart, les pianistes de chaque filiale de R\u00e9sonnance, s'\u00e9taient r\u00e9unis dans la ville \u00e9ternelle pour donner un concert multicolore : Au\u2026","rel":"","context":"Dans &quot;Non class\u00e9&quot;","block_context":{"text":"Non class\u00e9","link":"http:\/\/www.fabriceeulry-laboutique.com\/blog\/?cat=1"},"img":{"alt_text":"jor","src":"https:\/\/i0.wp.com\/www.fabriceeulry-laboutique.com\/blog\/wp-content\/uploads\/2017\/06\/jor.jpg?resize=350%2C200","width":350,"height":200},"classes":[]},{"id":4905,"url":"http:\/\/www.fabriceeulry-laboutique.com\/blog\/?p=4905","url_meta":{"origin":13244,"position":4},"title":"LA PREMIERE TOURNEE DU DUO MILLIET-EULRY AU SIECLE DERNIER","author":"Le Canard du pianiste","date":"28 avril 2014","format":false,"excerpt":"Extrait d'Article des nouvelles d'Alsace Un duo d'enfer\u00a0! \u2022\u00a0\u2022\u00a0\u2022 \u00a0dans une toute petite salle bond\u00e9e, l'association Sport, Culture et Loisirs d'Aspach a fait le plein avec un concert fabuleux. Il n'aura certes pas fallu longtemps, \u00e0 peine deux ou trois mesures, pour que le public invit\u00e9 par l'association se rendre\u2026","rel":"","context":"Dans &quot;Non class\u00e9&quot;","block_context":{"text":"Non class\u00e9","link":"http:\/\/www.fabriceeulry-laboutique.com\/blog\/?cat=1"},"img":{"alt_text":"","src":"https:\/\/i0.wp.com\/fabriceeulryunblogfr.unblog.fr\/files\/2010\/09\/millietenfinesse.jpg?resize=350%2C200","width":350,"height":200,"srcset":"https:\/\/i0.wp.com\/fabriceeulryunblogfr.unblog.fr\/files\/2010\/09\/millietenfinesse.jpg?resize=350%2C200 1x, https:\/\/i0.wp.com\/fabriceeulryunblogfr.unblog.fr\/files\/2010\/09\/millietenfinesse.jpg?resize=525%2C300 1.5x"},"classes":[]},{"id":8844,"url":"http:\/\/www.fabriceeulry-laboutique.com\/blog\/?p=8844","url_meta":{"origin":13244,"position":5},"title":"LE BLUES DE CISCO HERZHAFT ET FABRICE EULRY","author":"Le Canard du pianiste","date":"29 septembre 2016","format":false,"excerpt":"D\u00e9j\u00e0 deux titres en duo avec enregistr\u00e9s le 23 septembre, en attendant les autres en quintet avec notamment, l'harmoniciste Genevi\u00e8ve Dartevelle (cliquez sur sa photo pour l'\u00e9couter) Ces autres titres seront enregistr\u00e9s fin novembre, merci de votre patience ! Cliquer sur l'image de Cisco Herzhaft pour acc\u00e9der \u00e0 sa page\u2026","rel":"","context":"Dans &quot;Non class\u00e9&quot;","block_context":{"text":"Non class\u00e9","link":"http:\/\/www.fabriceeulry-laboutique.com\/blog\/?cat=1"},"img":{"alt_text":"cisco-10","src":"https:\/\/i0.wp.com\/www.fabriceeulry-laboutique.com\/blog\/wp-content\/uploads\/2016\/09\/Cisco-10.jpg?resize=350%2C200","width":350,"height":200},"classes":[]}],"_links":{"self":[{"href":"http:\/\/www.fabriceeulry-laboutique.com\/blog\/index.php?rest_route=\/wp\/v2\/posts\/13244","targetHints":{"allow":["GET"]}}],"collection":[{"href":"http:\/\/www.fabriceeulry-laboutique.com\/blog\/index.php?rest_route=\/wp\/v2\/posts"}],"about":[{"href":"http:\/\/www.fabriceeulry-laboutique.com\/blog\/index.php?rest_route=\/wp\/v2\/types\/post"}],"author":[{"embeddable":true,"href":"http:\/\/www.fabriceeulry-laboutique.com\/blog\/index.php?rest_route=\/wp\/v2\/users\/2"}],"replies":[{"embeddable":true,"href":"http:\/\/www.fabriceeulry-laboutique.com\/blog\/index.php?rest_route=%2Fwp%2Fv2%2Fcomments&post=13244"}],"version-history":[{"count":2,"href":"http:\/\/www.fabriceeulry-laboutique.com\/blog\/index.php?rest_route=\/wp\/v2\/posts\/13244\/revisions"}],"predecessor-version":[{"id":13248,"href":"http:\/\/www.fabriceeulry-laboutique.com\/blog\/index.php?rest_route=\/wp\/v2\/posts\/13244\/revisions\/13248"}],"wp:attachment":[{"href":"http:\/\/www.fabriceeulry-laboutique.com\/blog\/index.php?rest_route=%2Fwp%2Fv2%2Fmedia&parent=13244"}],"wp:term":[{"taxonomy":"category","embeddable":true,"href":"http:\/\/www.fabriceeulry-laboutique.com\/blog\/index.php?rest_route=%2Fwp%2Fv2%2Fcategories&post=13244"},{"taxonomy":"post_tag","embeddable":true,"href":"http:\/\/www.fabriceeulry-laboutique.com\/blog\/index.php?rest_route=%2Fwp%2Fv2%2Ftags&post=13244"}],"curies":[{"name":"wp","href":"https:\/\/api.w.org\/{rel}","templated":true}]}}