{"id":13250,"date":"2025-04-19T07:30:00","date_gmt":"2025-04-19T07:30:00","guid":{"rendered":"http:\/\/www.fabriceeulry-laboutique.com\/blog\/?p=13250"},"modified":"2025-04-19T00:35:48","modified_gmt":"2025-04-19T00:35:48","slug":"gershwin-au-piano-marathon","status":"publish","type":"post","link":"http:\/\/www.fabriceeulry-laboutique.com\/blog\/?p=13250","title":{"rendered":"GERSHWIN AU PIANO MARATHON"},"content":{"rendered":"\n<p class=\"has-text-align-center\"><strong>Du fameux piano-marathon de 2005 que Fabrice Eulry a offert \u00e0 son public, il est depuis plusieurs ann\u00e9es possible de visionner le final : un moment intense o\u00f9 la musicalit\u00e9 c\u00e8de le pas sur l&rsquo;exaltation, o\u00f9 l&rsquo;\u00e9motion de la performance sportive englouti la finesse artistique dans un flot d&rsquo;adr\u00e9naline et de joie collective&#8230; Musicalement frustrant tout de m\u00eame, non ?<\/strong> <\/p>\n\n\n\n<figure class=\"wp-block-embed is-type-video is-provider-youtube wp-block-embed-youtube wp-embed-aspect-4-3 wp-has-aspect-ratio\"><div class=\"wp-block-embed__wrapper\">\n<span class=\"embed-youtube\" style=\"text-align:center; display: block;\"><iframe loading=\"lazy\" class=\"youtube-player\" width=\"640\" height=\"360\" src=\"https:\/\/www.youtube.com\/embed\/4QQ7VnNeu4M?version=3&#038;rel=1&#038;showsearch=0&#038;showinfo=1&#038;iv_load_policy=1&#038;fs=1&#038;hl=fr-FR&#038;autohide=2&#038;wmode=transparent\" allowfullscreen=\"true\" style=\"border:0;\" sandbox=\"allow-scripts allow-same-origin allow-popups allow-presentation allow-popups-to-escape-sandbox\"><\/iframe><\/span>\n<\/div><\/figure>\n\n\n\n<p class=\"has-text-align-center\"><strong>Et ce d&rsquo;autant que c&rsquo;est le c\u00f4t\u00e9 qualitatif et musical de ce marathon qui a frapp\u00e9 (aussi bien par le public que par les m\u00e9dias nationaux)<\/strong>.<\/p>\n\n\n\n<p class=\"has-text-align-center\"><strong>L\u00e0 o\u00f9 certains pianistes on ensuite essay\u00e9 de copier le concept en faisant une surench\u00e8re de quantit\u00e9 (record de longueur de temps) le piano-marathon de 2005 garantissait non seulement 24h mais multipliait aussi des crit\u00e8res qualitatifs et personnalis\u00e9s qui mirent l&rsquo;\u00e9v\u00e8nement hors du champ de la comp\u00e9tition tout en gardant l&rsquo;aspect de performance. <\/strong><\/p>\n\n\n\n<p class=\"has-text-align-center\"><strong>Ces crit\u00e8res, qui sont rest\u00e9s uniques donc, \u00e9taient :<\/strong><\/p>\n\n\n\n<ol class=\"wp-block-list\">\n<li>Faire 3 pauses (donc environ une toutes les six heures) qui seraient d\u00e9compt\u00e9es de telle mani\u00e8re qu&rsquo;il y ait bien eu 24 heures de piano !<\/li>\n\n\n\n<li>Ne pas jouer deux fois le m\u00eame morceau<\/li>\n\n\n\n<li>Ne pas laisser prendre de substances illicites<\/li>\n\n\n\n<li>Ne pas laisser plus de dix secondes de silence entre chaque morceau<\/li>\n\n\n\n<li>Et avant tout : essayer de faire de la bonne musique !<\/li>\n<\/ol>\n\n\n\n<p class=\"has-text-align-center\"><strong>C&rsquo;est pourquoi le Canard du pianiste est heureux de vous informer de la mise en ligne d&rsquo;une vid\u00e9o extraite de la sixi\u00e8me heure de ce marathon, prise au coeur de la nuit o\u00f9 Fabrice Eulry improvise une version survolt\u00e9e de I got rhythm de George Gershwin. les lecteurs du Canard du pianiste seront sans doute les seuls \u00e0 savoir, que pour de v\u00e9nales raisons d&rsquo;accroche assum\u00e9es par l&rsquo;artiste, il ne s&rsquo;agit que de la seconde partie du morceau -presto- la premi\u00e8re \u00e9tant jou\u00e9e sur un tempo m\u00e9dium. (La version int\u00e9grale sera mise en ligne plus tard).<\/strong> <strong>Pour autant on ne vous l&rsquo;aurait pas dit que cette partie uniquement presto vous aurait parue \u00e0 elle seule un morceau coh\u00e9rent et complet<\/strong>. <strong>Nous l&rsquo;avons v\u00e9rifi\u00e9 aupr\u00e8s de certains d&rsquo;entre vous ! Alors pas de protestations inutiles et r\u00e9galez-vous !<\/strong><\/p>\n\n\n\n<figure class=\"wp-block-embed is-type-video is-provider-youtube wp-block-embed-youtube wp-embed-aspect-16-9 wp-has-aspect-ratio\"><div class=\"wp-block-embed__wrapper\">\n<span class=\"embed-youtube\" style=\"text-align:center; display: block;\"><iframe loading=\"lazy\" class=\"youtube-player\" width=\"640\" height=\"360\" src=\"https:\/\/www.youtube.com\/embed\/8b4TeOfMvy4?version=3&#038;rel=1&#038;showsearch=0&#038;showinfo=1&#038;iv_load_policy=1&#038;fs=1&#038;hl=fr-FR&#038;autohide=2&#038;wmode=transparent\" allowfullscreen=\"true\" style=\"border:0;\" sandbox=\"allow-scripts allow-same-origin allow-popups allow-presentation allow-popups-to-escape-sandbox\"><\/iframe><\/span>\n<\/div><\/figure>\n\n\n\n<p class=\"has-text-align-center\"><strong>Un grand merci \u00e0 Marc-Gilbert Lachin (qui depuis son car-r\u00e9gie a fait le tour du cadran avec l&rsquo;artiste !) et Vincent Valade pour les images<\/strong>.<\/p>\n\n\n\n<p><\/p>\n\n\n\n<p><\/p>\n","protected":false},"excerpt":{"rendered":"<p>Du fameux piano-marathon de 2005 que Fabrice Eulry a offert \u00e0 son public, il est depuis plusieurs ann\u00e9es possible de visionner le final : un moment intense o\u00f9 la musicalit\u00e9 c\u00e8de le pas sur l&rsquo;exaltation, o\u00f9 l&rsquo;\u00e9motion de la performance &hellip; <a href=\"http:\/\/www.fabriceeulry-laboutique.com\/blog\/?p=13250\">Continuer la lecture <span class=\"meta-nav\">&rarr;<\/span><\/a><\/p>\n","protected":false},"author":2,"featured_media":0,"comment_status":"open","ping_status":"open","sticky":false,"template":"","format":"standard","meta":{"jetpack_post_was_ever_published":false,"_jetpack_newsletter_access":"","_jetpack_dont_email_post_to_subs":false,"_jetpack_newsletter_tier_id":0,"_jetpack_memberships_contains_paywalled_content":false,"_jetpack_memberships_contains_paid_content":false,"footnotes":"","jetpack_publicize_message":"","jetpack_publicize_feature_enabled":true,"jetpack_social_post_already_shared":true,"jetpack_social_options":{"image_generator_settings":{"template":"highway","default_image_id":0,"font":"","enabled":false},"version":2}},"categories":[1],"tags":[32],"class_list":["post-13250","post","type-post","status-publish","format-standard","hentry","category-non-classe","tag-recits-de-concerts"],"jetpack_publicize_connections":[],"jetpack_featured_media_url":"","jetpack_sharing_enabled":true,"jetpack_shortlink":"https:\/\/wp.me\/p2D6dI-3rI","jetpack_likes_enabled":true,"jetpack-related-posts":[{"id":6138,"url":"http:\/\/www.fabriceeulry-laboutique.com\/blog\/?p=6138","url_meta":{"origin":13250,"position":0},"title":"LE MARATHON DE 24 HEURES DE PIANO","author":"Le Canard du pianiste","date":"1 janvier 2015","format":false,"excerpt":"Vous \u00eates nombreux \u00e0 m'en demander sa sortie depuis plusieurs ann\u00e9es.\u00a0 Cet \u00e9v\u00e8nement musical est mis en ligne \u00e0 raison d'une heure chaque quinzaine ! T\u00e9l\u00e9chargez le premier \u00e9pisode \u00e9pisode, il est disponible. (10\u20ac par \u00e9pisode) http:\/\/www.fabriceeulry.com\/marathon.html Et en attendant, voici le d\u00e9lirant final de ce marathon. https:\/\/www.youtube.com\/watch?v=4QQ7VnNeu4M Et l'article\u2026","rel":"","context":"Dans &quot;Non class\u00e9&quot;","block_context":{"text":"Non class\u00e9","link":"http:\/\/www.fabriceeulry-laboutique.com\/blog\/?cat=1"},"img":{"alt_text":"","src":"https:\/\/i0.wp.com\/www.fabriceeulry-laboutique.com\/blog\/wp-content\/uploads\/2014\/12\/Parisien-.jpg?resize=350%2C200","width":350,"height":200},"classes":[]},{"id":12061,"url":"http:\/\/www.fabriceeulry-laboutique.com\/blog\/?p=12061","url_meta":{"origin":13250,"position":1},"title":"8 CONCERTS EN 48 HEURES","author":"Le Canard du pianiste","date":"6 septembre 2019","format":false,"excerpt":"Marathonien du piano (on se souvient de ses 24 heures de jeu d'affil\u00e9e en 2005, seulement entre-coup\u00e9es de 3 pauses de 5 minutes) Fabrice Eulry d\u00e9crit parfois ses concerts comme une drogue dure, mais qui construit, et se partage. C'est un peu ce qu'ont illustr\u00e9 ses prestations de fin d'\u00e9t\u00e9\u2026","rel":"","context":"Dans &quot;Non class\u00e9&quot;","block_context":{"text":"Non class\u00e9","link":"http:\/\/www.fabriceeulry-laboutique.com\/blog\/?cat=1"},"img":{"alt_text":"","src":"https:\/\/i0.wp.com\/www.fabriceeulry-laboutique.com\/blog\/wp-content\/uploads\/2019\/09\/DOMITYS-PARIS-PLAISANCE.png?resize=350%2C200","width":350,"height":200},"classes":[]},{"id":9994,"url":"http:\/\/www.fabriceeulry-laboutique.com\/blog\/?p=9994","url_meta":{"origin":13250,"position":2},"title":"LOUIS DE FUN\u00c8S MARATHONIEN DU PIANO","author":"Le Canard du pianiste","date":"28 d\u00e9cembre 2017","format":false,"excerpt":"C'est aussi en jouant r\u00e9guli\u00e8rement 12 heures d'affil\u00e9e que Fabrice Eulry eu l'id\u00e9e en 2005 de proposer en solo un\u00a0marathon pianistique de 24 heures\u00a0(cliquez sur le lien pour visionner la folle minute finale)\u00a0 \u00c0 la sortie de \"L'aile ou la cuisse\", Louis de Fun\u00e8s nous confie certains souvenirs dont ceux\u2026","rel":"","context":"Dans &quot;Non class\u00e9&quot;","block_context":{"text":"Non class\u00e9","link":"http:\/\/www.fabriceeulry-laboutique.com\/blog\/?cat=1"},"img":{"alt_text":"","src":"https:\/\/i0.wp.com\/img.youtube.com\/vi\/s-dSg5ljQI8\/0.jpg?resize=350%2C200","width":350,"height":200},"classes":[]},{"id":9586,"url":"http:\/\/www.fabriceeulry-laboutique.com\/blog\/?p=9586","url_meta":{"origin":13250,"position":3},"title":"EULRY 24 HEURES AU PIANO, MAIS DE FUN\u00c8S PLUSIEURS FOIS 12 HEURES !","author":"Le Canard du pianiste","date":"20 juillet 2017","format":false,"excerpt":"C'est aussi en jouant r\u00e9guli\u00e8rement 12 heures d'affil\u00e9e que Fabrice Eulry eu l'id\u00e9e en 2005 de proposer en solo un\u00a0marathon pianistique de 24 heures\u00a0(cliquez sur le lien pour visionner la folle minute finale)\u00a0 \u00c0 la sortie de \"L'aile ou la cuisse\", Louis de Fun\u00e8s nous confie certains souvenirs dont ceux\u2026","rel":"","context":"Dans &quot;Non class\u00e9&quot;","block_context":{"text":"Non class\u00e9","link":"http:\/\/www.fabriceeulry-laboutique.com\/blog\/?cat=1"},"img":{"alt_text":"Hanula1","src":"https:\/\/i0.wp.com\/www.fabriceeulry-laboutique.com\/blog\/wp-content\/uploads\/2017\/07\/Hanula1.jpg?resize=350%2C200","width":350,"height":200,"srcset":"https:\/\/i0.wp.com\/www.fabriceeulry-laboutique.com\/blog\/wp-content\/uploads\/2017\/07\/Hanula1.jpg?resize=350%2C200 1x, https:\/\/i0.wp.com\/www.fabriceeulry-laboutique.com\/blog\/wp-content\/uploads\/2017\/07\/Hanula1.jpg?resize=525%2C300 1.5x, https:\/\/i0.wp.com\/www.fabriceeulry-laboutique.com\/blog\/wp-content\/uploads\/2017\/07\/Hanula1.jpg?resize=700%2C400 2x"},"classes":[]},{"id":6448,"url":"http:\/\/www.fabriceeulry-laboutique.com\/blog\/?p=6448","url_meta":{"origin":13250,"position":4},"title":"COMMENTAIRES A PROPOS DU MARATHON","author":"Le Canard du pianiste","date":"26 f\u00e9vrier 2015","format":false,"excerpt":"Merci tout particuli\u00e8rement \u00e0 ceux qui ont t\u00e9l\u00e9charg\u00e9 la premi\u00e8re heure du marathon. La deuxi\u00e8me sort d\u00e9j\u00e0 dans quelques jours. Voici quelques uns des commentaires que vous avez eu la bont\u00e9 de m'envoyer concernant cette premi\u00e8re heure : - \"Fabrice Eulry ! Merci beaucoup de ce film de ton Marathon\u2026","rel":"","context":"Dans &quot;Non class\u00e9&quot;","block_context":{"text":"Non class\u00e9","link":"http:\/\/www.fabriceeulry-laboutique.com\/blog\/?cat=1"},"img":{"alt_text":"","src":"https:\/\/i0.wp.com\/www.fabriceeulry-laboutique.com\/blog\/wp-content\/uploads\/2014\/12\/marathon--300x213.jpg?resize=350%2C200","width":350,"height":200},"classes":[]},{"id":2225,"url":"http:\/\/www.fabriceeulry-laboutique.com\/blog\/?p=2225","url_meta":{"origin":13250,"position":5},"title":"QUELQUES CRITIQUES DE F.E. ET SON PIANO FOU","author":"Le Canard du pianiste","date":"28 f\u00e9vrier 2013","format":false,"excerpt":"Artistes :\u00a0Fabrice Eulry Quelques critiques de spectateurs : Note des internautes : 9\/10 avec\u00a030\u00a0critiques 97% \u00a0Bien 3% \u00a0\u00a0Moyen 0% \u00a0\u00a0D\u00e9cu \u00bb \u00a0 fragar\u00a0Inscrit Il y a 10 ans14 critiques Utile: -Royal, Imp\u00e9rial !!! 10\/10 Dionxu rend un v\u00e9ritable hommage \u00e0 Fabrice Eulry, et comme je partage son opinion !! Fabrice\u2026","rel":"","context":"Dans &quot;Non class\u00e9&quot;","block_context":{"text":"Non class\u00e9","link":"http:\/\/www.fabriceeulry-laboutique.com\/blog\/?cat=1"},"img":{"alt_text":"","src":"","width":0,"height":0},"classes":[]}],"_links":{"self":[{"href":"http:\/\/www.fabriceeulry-laboutique.com\/blog\/index.php?rest_route=\/wp\/v2\/posts\/13250","targetHints":{"allow":["GET"]}}],"collection":[{"href":"http:\/\/www.fabriceeulry-laboutique.com\/blog\/index.php?rest_route=\/wp\/v2\/posts"}],"about":[{"href":"http:\/\/www.fabriceeulry-laboutique.com\/blog\/index.php?rest_route=\/wp\/v2\/types\/post"}],"author":[{"embeddable":true,"href":"http:\/\/www.fabriceeulry-laboutique.com\/blog\/index.php?rest_route=\/wp\/v2\/users\/2"}],"replies":[{"embeddable":true,"href":"http:\/\/www.fabriceeulry-laboutique.com\/blog\/index.php?rest_route=%2Fwp%2Fv2%2Fcomments&post=13250"}],"version-history":[{"count":1,"href":"http:\/\/www.fabriceeulry-laboutique.com\/blog\/index.php?rest_route=\/wp\/v2\/posts\/13250\/revisions"}],"predecessor-version":[{"id":13251,"href":"http:\/\/www.fabriceeulry-laboutique.com\/blog\/index.php?rest_route=\/wp\/v2\/posts\/13250\/revisions\/13251"}],"wp:attachment":[{"href":"http:\/\/www.fabriceeulry-laboutique.com\/blog\/index.php?rest_route=%2Fwp%2Fv2%2Fmedia&parent=13250"}],"wp:term":[{"taxonomy":"category","embeddable":true,"href":"http:\/\/www.fabriceeulry-laboutique.com\/blog\/index.php?rest_route=%2Fwp%2Fv2%2Fcategories&post=13250"},{"taxonomy":"post_tag","embeddable":true,"href":"http:\/\/www.fabriceeulry-laboutique.com\/blog\/index.php?rest_route=%2Fwp%2Fv2%2Ftags&post=13250"}],"curies":[{"name":"wp","href":"https:\/\/api.w.org\/{rel}","templated":true}]}}