{"id":2379,"date":"2013-03-28T16:09:43","date_gmt":"2013-03-28T16:09:43","guid":{"rendered":"http:\/\/www.fabriceeulry-laboutique.com\/blog\/?p=2379"},"modified":"2018-12-13T05:27:31","modified_gmt":"2018-12-13T05:27:31","slug":"2379","status":"publish","type":"post","link":"http:\/\/www.fabriceeulry-laboutique.com\/blog\/?p=2379","title":{"rendered":"PEACHES IGGY POP FABRICE EULRY &#8230;"},"content":{"rendered":"<h2 style=\"text-align: center;\"><a href=\"http:\/\/www.youtube.com\/watch?v=oPpyHfQu44w\"><img data-recalc-dims=\"1\" loading=\"lazy\" decoding=\"async\" class=\"alignnone size-full wp-image-2380\" title=\"Peeches pop eulry\" src=\"https:\/\/i0.wp.com\/www.fabriceeulry-laboutique.com\/blog\/wp-content\/uploads\/2013\/03\/Peeches-pop-eulry.png?resize=345%2C270\" alt=\"\" width=\"345\" height=\"270\" srcset=\"https:\/\/i0.wp.com\/www.fabriceeulry-laboutique.com\/blog\/wp-content\/uploads\/2013\/03\/Peeches-pop-eulry.png?w=345 345w, https:\/\/i0.wp.com\/www.fabriceeulry-laboutique.com\/blog\/wp-content\/uploads\/2013\/03\/Peeches-pop-eulry.png?resize=300%2C234 300w\" sizes=\"auto, (max-width: 345px) 100vw, 345px\" \/><\/a>\u00a0\u00a0<span style=\"color: #000000;\"><em>Cliquez sur l&rsquo;image pour visionner la vid\u00e9o<\/em><\/span><\/h2>\n<h2 style=\"text-align: center;\"><span style=\"color: #000000;\"><strong>De gauche \u00e0 droite Iggy Pop Fabrice Eulry et Peaches.\u00a0<\/strong><\/span><\/h2>\n<h2 style=\"text-align: center;\"><span style=\"color: #000000;\"><strong>\u00a0Reeferman c&rsquo;est le m\u00eame morceau que Rascal you ( Louis Armstrong) ou Vieille canaille (Serge Gainsbourg et Eddy Mitchell). Un tempo tr\u00e8s rapide avec une chor\u00e9graphie tr\u00e8s improvis\u00e9e qui se termine par un noeud de la robe de Peaches avec la fermeture \u00e9clair du blouson de ce coquin d&rsquo;Iggy Pop.<\/strong><\/span><\/h2>\n<h2 style=\"text-align: center;\"><span style=\"color: #000000;\"><strong>Fabrice Eulry et le rock<\/strong><\/span><\/h2>\n<h2 style=\"text-align: center;\"><span style=\"color: #000000;\"><a style=\"color: #000000;\" href=\"http:\/\/www.fabriceeulry.com\/discographie.html\"><img data-recalc-dims=\"1\" loading=\"lazy\" decoding=\"async\" title=\"POCHETTE TWIST\" src=\"https:\/\/i0.wp.com\/www.fabriceeulry-laboutique.com\/blog\/wp-content\/uploads\/2012\/10\/POCHETTE-TWIST4.jpg?resize=200%2C200\" alt=\"\" width=\"200\" height=\"200\" \/><\/a>\u00a0 <em><strong>Commandez l&rsquo;album\u00a0TWISTIN&rsquo; AT RAY\u00a0\u00bbS\u00a0(en physique ou en t\u00e9l\u00e9chargement mp3) en cliquant sur l&rsquo;image.<\/strong><\/em><\/span><\/h2>\n","protected":false},"excerpt":{"rendered":"<p>\u00a0\u00a0Cliquez sur l&rsquo;image pour visionner la vid\u00e9o De gauche \u00e0 droite Iggy Pop Fabrice Eulry et Peaches.\u00a0 \u00a0Reeferman c&rsquo;est le m\u00eame morceau que Rascal you ( Louis Armstrong) ou Vieille canaille (Serge Gainsbourg et Eddy Mitchell). Un tempo tr\u00e8s rapide &hellip; <a href=\"http:\/\/www.fabriceeulry-laboutique.com\/blog\/?p=2379\">Continuer la lecture <span class=\"meta-nav\">&rarr;<\/span><\/a><\/p>\n","protected":false},"author":2,"featured_media":0,"comment_status":"open","ping_status":"open","sticky":false,"template":"","format":"standard","meta":{"jetpack_post_was_ever_published":false,"_jetpack_newsletter_access":"","_jetpack_dont_email_post_to_subs":true,"_jetpack_newsletter_tier_id":0,"_jetpack_memberships_contains_paywalled_content":false,"_jetpack_memberships_contains_paid_content":false,"footnotes":"","jetpack_publicize_message":"","jetpack_publicize_feature_enabled":true,"jetpack_social_post_already_shared":false,"jetpack_social_options":{"image_generator_settings":{"template":"highway","default_image_id":0,"font":"","enabled":false},"version":2}},"categories":[1],"tags":[26],"class_list":["post-2379","post","type-post","status-publish","format-standard","hentry","category-non-classe","tag-televisions"],"jetpack_publicize_connections":[],"jetpack_featured_media_url":"","jetpack_sharing_enabled":true,"jetpack_shortlink":"https:\/\/wp.me\/s2D6dI-2379","jetpack_likes_enabled":true,"jetpack-related-posts":[{"id":77,"url":"http:\/\/www.fabriceeulry-laboutique.com\/blog\/?p=77","url_meta":{"origin":2379,"position":0},"title":"TRAVERSEZ L&rsquo;ANNEE DE LA FIN DU MONDE&#8230;","author":"Le Canard du pianiste","date":"2 janvier 2012","format":false,"excerpt":"... avec des vid\u00e9os gratuites de Fabrice Eulry qui remontent le moral. \u00a0\u00a0A VIVEMENT DIMANCHE FRICTION POUR PHILLIPE BOUVARD ! et bise \u00e0 Anne Roumanoff sur le troisi\u00e8me temps c'est sur cette vid\u00e9o :\u00a0http:\/\/www.youtube.com\/watch?v=k5f1YcxYXKM&feature=related TERRASSA FESTIVAL EN CATALOGNE\u00a0BOOGIE-WOOGIE FINAL A 8 MAINS http:\/\/www.youtube.com\/watch?v=sehILXSTz9w\u00a0 LES COPAINS D'ABORD http:\/\/www.youtube.com\/watch?v=Th-0Di4K6vY&feature=related http:\/\/www.youtube.com\/watch?v=6uQdsuZZVvE&feature=related\u00a0\u00a0LE VOL DU\u2026","rel":"","context":"Dans &quot;Non class\u00e9&quot;","block_context":{"text":"Non class\u00e9","link":"http:\/\/www.fabriceeulry-laboutique.com\/blog\/?cat=1"},"img":{"alt_text":"friction.jpg","src":"https:\/\/i0.wp.com\/fabriceeulryunblogfr.unblog.fr\/files\/2011\/06\/friction.jpg?resize=350%2C200","width":350,"height":200},"classes":[]},{"id":10602,"url":"http:\/\/www.fabriceeulry-laboutique.com\/blog\/?p=10602","url_meta":{"origin":2379,"position":1},"title":"IGGY POP, AYO et FABRICE EULRY D\u00c9PASSENT LE MILLION DE VUES","author":"Le Canard du pianiste","date":"13 juin 2020","format":false,"excerpt":"\u00a0On a constat\u00e9 que le nombre de vues compteurs Youtube diminuaient sur les certains sujets \u00e9pineux. Mais lorsque les vues augmentent, cela semble tout de m\u00eame fiable ! Profitez-en... AYO, IGGY POP, FABRICE EULRY : dans \"Ne me quitte pas\". Visionnez encore et ne nous quittez pas ! \u00a0... Au\u2026","rel":"","context":"Dans &quot;Non class\u00e9&quot;","block_context":{"text":"Non class\u00e9","link":"http:\/\/www.fabriceeulry-laboutique.com\/blog\/?cat=1"},"img":{"alt_text":"le-tour","src":"https:\/\/i0.wp.com\/www.fabriceeulry-laboutique.com\/blog\/wp-content\/uploads\/2016\/11\/LE-TOUR.png?resize=350%2C200","width":350,"height":200},"classes":[]},{"id":6426,"url":"http:\/\/www.fabriceeulry-laboutique.com\/blog\/?p=6426","url_meta":{"origin":2379,"position":2},"title":"I PUT A SPELL ON YOU","author":"Le Canard du pianiste","date":"18 f\u00e9vrier 2015","format":false,"excerpt":"Cette interpr\u00e9tation de Catherine \u00a0RINGER \u00a0 Iggy POP Fabrice EULRY Albin De la SIMONE .... a d\u00e9pass\u00e9 les 100 000 vues. L'album le plus soul de Fabrice Eulry\u00a0 Avec Gary Wiggins Gerard Marmet et Al Sanders \u00e0 la basse (cliquez sur la pochette pour le commander)","rel":"","context":"Dans &quot;Non class\u00e9&quot;","block_context":{"text":"Non class\u00e9","link":"http:\/\/www.fabriceeulry-laboutique.com\/blog\/?cat=1"},"img":{"alt_text":"","src":"https:\/\/i0.wp.com\/www.fabriceeulry-laboutique.com\/blog\/wp-content\/uploads\/2015\/02\/rita-.jpg?resize=350%2C200","width":350,"height":200,"srcset":"https:\/\/i0.wp.com\/www.fabriceeulry-laboutique.com\/blog\/wp-content\/uploads\/2015\/02\/rita-.jpg?resize=350%2C200 1x, https:\/\/i0.wp.com\/www.fabriceeulry-laboutique.com\/blog\/wp-content\/uploads\/2015\/02\/rita-.jpg?resize=525%2C300 1.5x, https:\/\/i0.wp.com\/www.fabriceeulry-laboutique.com\/blog\/wp-content\/uploads\/2015\/02\/rita-.jpg?resize=700%2C400 2x"},"classes":[]},{"id":68,"url":"http:\/\/www.fabriceeulry-laboutique.com\/blog\/?p=68","url_meta":{"origin":2379,"position":3},"title":"LE NOUVEAU BOOGIE-EXPIATOIRE","author":"Le Canard du pianiste","date":"26 juin 2012","format":false,"excerpt":"... Est arriv\u00e9 !Rebaptis\u00e9 Grand boogie pour l'occasion, le Boogie-woogie expiatoire a fait l'objet d'un nouveau disque : 4 pianistes : Chase Garrett, Carl Sonny Leyland, Fabrice Eulry et Mark Braun enregistr\u00e9s \u00e0 Iowa City devant un public tr\u00e8s jeune et survolt\u00e9 autant par cette musique que par le charme\u2026","rel":"","context":"Dans &quot;Non class\u00e9&quot;","block_context":{"text":"Non class\u00e9","link":"http:\/\/www.fabriceeulry-laboutique.com\/blog\/?cat=1"},"img":{"alt_text":"","src":"https:\/\/i0.wp.com\/fabriceeulryunblogfr.unblog.fr\/files\/2011\/04\/pianovudedessusjpg.jpg?resize=350%2C200","width":350,"height":200},"classes":[]},{"id":13302,"url":"http:\/\/www.fabriceeulry-laboutique.com\/blog\/?p=13302","url_meta":{"origin":2379,"position":4},"title":"FESTIVAL LA GRANGE AUX PIANOS","author":"Le Canard du pianiste","date":"25 ao\u00fbt 2025","format":false,"excerpt":"Un article tr\u00e8s d\u00e9taill\u00e9 de Gaspard Math\u00e9 dans la Nouvelle r\u00e9publique, rapporte qu'avec Fabrice, Alice et Octave Eulry, \"la musique est un jeu qui se partage\"... \"En blanc des chaussures au chapeau, Fabrice Eulry s\u2019assoit devant le piano. Il est 21 h 15, mardi 5 ao\u00fbt 2025, les premi\u00e8res notes\u2026","rel":"","context":"Dans &quot;Non class\u00e9&quot;","block_context":{"text":"Non class\u00e9","link":"http:\/\/www.fabriceeulry-laboutique.com\/blog\/?cat=1"},"img":{"alt_text":"","src":"https:\/\/i0.wp.com\/www.fabriceeulry-laboutique.com\/blog\/wp-content\/uploads\/2025\/08\/gapi4.png?resize=350%2C200","width":350,"height":200,"srcset":"https:\/\/i0.wp.com\/www.fabriceeulry-laboutique.com\/blog\/wp-content\/uploads\/2025\/08\/gapi4.png?resize=350%2C200 1x, https:\/\/i0.wp.com\/www.fabriceeulry-laboutique.com\/blog\/wp-content\/uploads\/2025\/08\/gapi4.png?resize=525%2C300 1.5x, https:\/\/i0.wp.com\/www.fabriceeulry-laboutique.com\/blog\/wp-content\/uploads\/2025\/08\/gapi4.png?resize=700%2C400 2x, https:\/\/i0.wp.com\/www.fabriceeulry-laboutique.com\/blog\/wp-content\/uploads\/2025\/08\/gapi4.png?resize=1050%2C600 3x, https:\/\/i0.wp.com\/www.fabriceeulry-laboutique.com\/blog\/wp-content\/uploads\/2025\/08\/gapi4.png?resize=1400%2C800 4x"},"classes":[]},{"id":7397,"url":"http:\/\/www.fabriceeulry-laboutique.com\/blog\/?p=7397","url_meta":{"origin":2379,"position":5},"title":"FABRICE EULRY SUR TV LIBERTES","author":"Le Canard du pianiste","date":"23 ao\u00fbt 2015","format":false,"excerpt":"Perles de Culture n\u00b058 \u2013 ANNE BRASSIE invite FABRICE EULRY \u00a000:48 \u2013 JE LIS \u2013 avec en invit\u00e9 Martin Peltier, qui pr\u00e9sente son ouvrage \u00ab\u00a020 bonnes raisons d\u2019\u00eatre anti-am\u00e9ricain\u00a0\u00bb. 18:13 \u2013 L\u2019ART EN BEAUTE \u2013 Avec en invit\u00e9 le pianiste Fabrice Eulry, tr\u00e8s influenc\u00e9 par la musique afro-am\u00e9ricaine tout en\u2026","rel":"","context":"Dans &quot;Non class\u00e9&quot;","block_context":{"text":"Non class\u00e9","link":"http:\/\/www.fabriceeulry-laboutique.com\/blog\/?cat=1"},"img":{"alt_text":"","src":"https:\/\/i0.wp.com\/www.fabriceeulry-laboutique.com\/blog\/wp-content\/uploads\/2015\/08\/tv-libert%C3%A9s.jpg?resize=350%2C200","width":350,"height":200,"srcset":"https:\/\/i0.wp.com\/www.fabriceeulry-laboutique.com\/blog\/wp-content\/uploads\/2015\/08\/tv-libert%C3%A9s.jpg?resize=350%2C200 1x, https:\/\/i0.wp.com\/www.fabriceeulry-laboutique.com\/blog\/wp-content\/uploads\/2015\/08\/tv-libert%C3%A9s.jpg?resize=525%2C300 1.5x, https:\/\/i0.wp.com\/www.fabriceeulry-laboutique.com\/blog\/wp-content\/uploads\/2015\/08\/tv-libert%C3%A9s.jpg?resize=700%2C400 2x, https:\/\/i0.wp.com\/www.fabriceeulry-laboutique.com\/blog\/wp-content\/uploads\/2015\/08\/tv-libert%C3%A9s.jpg?resize=1050%2C600 3x"},"classes":[]}],"_links":{"self":[{"href":"http:\/\/www.fabriceeulry-laboutique.com\/blog\/index.php?rest_route=\/wp\/v2\/posts\/2379","targetHints":{"allow":["GET"]}}],"collection":[{"href":"http:\/\/www.fabriceeulry-laboutique.com\/blog\/index.php?rest_route=\/wp\/v2\/posts"}],"about":[{"href":"http:\/\/www.fabriceeulry-laboutique.com\/blog\/index.php?rest_route=\/wp\/v2\/types\/post"}],"author":[{"embeddable":true,"href":"http:\/\/www.fabriceeulry-laboutique.com\/blog\/index.php?rest_route=\/wp\/v2\/users\/2"}],"replies":[{"embeddable":true,"href":"http:\/\/www.fabriceeulry-laboutique.com\/blog\/index.php?rest_route=%2Fwp%2Fv2%2Fcomments&post=2379"}],"version-history":[{"count":10,"href":"http:\/\/www.fabriceeulry-laboutique.com\/blog\/index.php?rest_route=\/wp\/v2\/posts\/2379\/revisions"}],"predecessor-version":[{"id":9201,"href":"http:\/\/www.fabriceeulry-laboutique.com\/blog\/index.php?rest_route=\/wp\/v2\/posts\/2379\/revisions\/9201"}],"wp:attachment":[{"href":"http:\/\/www.fabriceeulry-laboutique.com\/blog\/index.php?rest_route=%2Fwp%2Fv2%2Fmedia&parent=2379"}],"wp:term":[{"taxonomy":"category","embeddable":true,"href":"http:\/\/www.fabriceeulry-laboutique.com\/blog\/index.php?rest_route=%2Fwp%2Fv2%2Fcategories&post=2379"},{"taxonomy":"post_tag","embeddable":true,"href":"http:\/\/www.fabriceeulry-laboutique.com\/blog\/index.php?rest_route=%2Fwp%2Fv2%2Ftags&post=2379"}],"curies":[{"name":"wp","href":"https:\/\/api.w.org\/{rel}","templated":true}]}}