{"id":2681,"date":"2013-05-10T00:13:13","date_gmt":"2013-05-10T00:13:13","guid":{"rendered":"http:\/\/www.fabriceeulry-laboutique.com\/blog\/?p=2681"},"modified":"2018-12-13T05:28:48","modified_gmt":"2018-12-13T05:28:48","slug":"hier-soir-jeudi-9-mai-a-alger","status":"publish","type":"post","link":"http:\/\/www.fabriceeulry-laboutique.com\/blog\/?p=2681","title":{"rendered":"LA TROMPETTE ARABE A QUATRE PISTONS"},"content":{"rendered":"<p style=\"text-align: center;\"><span style=\"color: #000000;\"><strong>Le Liban est g\u00e9n\u00e9reux en grands musiciens.<\/strong><\/span><\/p>\n<p style=\"text-align: center;\"><span style=\"color: #000000;\"><strong>Voici le musicien franco-libanais passionnant que j&rsquo;ai rencontr\u00e9 lors de ma derni\u00e8re tourn\u00e9e en Alg\u00e9rie et qui m&rsquo;a racont\u00e9 son histoire apr\u00e8s avoir donn\u00e9 un concert avec un de ses fils : Tarab, 11 ans trompettiste \u00e9galement, qui poss\u00e8de un tr\u00e8s beau son.<\/strong><\/span><\/p>\n<p style=\"text-align: center;\"><span style=\"color: #000000;\"><strong>Nous avons eu droit le 9 mai 2013 dans la casbah d&rsquo;Alger et en pr\u00e9sence de la bienveillante doyenne de la casbah (104 ans), \u00e0 un concert en duo p\u00e8re et fils agr\u00e9ment\u00e9 d&rsquo;historiettes sur la gen\u00e8se de la trompette arabe dont M.Maalouf p\u00e8re est l&rsquo;inventeur :<\/strong><\/span><\/p>\n<p style=\"text-align: center;\"><span style=\"color: #000000;\"><strong><a style=\"color: #000000;\" href=\"http:\/\/www.youtube.com\/watch?v=mVZsG3kl-dE\">http:\/\/www.youtube.com\/watch?v=mVZsG3kl-dE<\/a><\/strong><\/span><\/p>\n<div>\n<div id=\"irc_mimg\"><span style=\"color: #000000;\"><strong><a style=\"color: #000000;\" href=\"http:\/\/www.quatuoraria.com\/vivre.htm\"><img data-recalc-dims=\"1\" loading=\"lazy\" decoding=\"async\" id=\"irc_mi\" src=\"https:\/\/i0.wp.com\/www.quatuoraria.com\/maalouf2.jpg?resize=400%2C388\" alt=\"\" width=\"400\" height=\"388\" \/><\/a><a id=\"irc_mil\" style=\"color: #000000;\" href=\"http:\/\/www.youtube.com\/watch?v=mVZsG3kl-dE\" data-ved=\"0CAUQjRw\"><img data-recalc-dims=\"1\" loading=\"lazy\" decoding=\"async\" id=\"irc_mi\" class=\"aligncenter\" src=\"https:\/\/i0.wp.com\/nassimmaalouf.com\/media\/CD-cover-La-trompette-arabe01.jpg?resize=393%2C393\" alt=\"\" width=\"393\" height=\"393\" \/><\/a><\/strong><\/span><\/div>\n<\/div>\n","protected":false},"excerpt":{"rendered":"<p>Le Liban est g\u00e9n\u00e9reux en grands musiciens. Voici le musicien franco-libanais passionnant que j&rsquo;ai rencontr\u00e9 lors de ma derni\u00e8re tourn\u00e9e en Alg\u00e9rie et qui m&rsquo;a racont\u00e9 son histoire apr\u00e8s avoir donn\u00e9 un concert avec un de ses fils : Tarab, &hellip; <a href=\"http:\/\/www.fabriceeulry-laboutique.com\/blog\/?p=2681\">Continuer la lecture <span class=\"meta-nav\">&rarr;<\/span><\/a><\/p>\n","protected":false},"author":2,"featured_media":0,"comment_status":"open","ping_status":"open","sticky":false,"template":"","format":"standard","meta":{"jetpack_post_was_ever_published":false,"_jetpack_newsletter_access":"","_jetpack_dont_email_post_to_subs":true,"_jetpack_newsletter_tier_id":0,"_jetpack_memberships_contains_paywalled_content":false,"_jetpack_memberships_contains_paid_content":false,"footnotes":"","jetpack_publicize_message":"","jetpack_publicize_feature_enabled":true,"jetpack_social_post_already_shared":false,"jetpack_social_options":{"image_generator_settings":{"template":"highway","default_image_id":0,"font":"","enabled":false},"version":2}},"categories":[1],"tags":[36],"class_list":["post-2681","post","type-post","status-publish","format-standard","hentry","category-non-classe","tag-divers"],"jetpack_publicize_connections":[],"jetpack_featured_media_url":"","jetpack_sharing_enabled":true,"jetpack_shortlink":"https:\/\/wp.me\/p2D6dI-Hf","jetpack_likes_enabled":true,"jetpack-related-posts":[{"id":10879,"url":"http:\/\/www.fabriceeulry-laboutique.com\/blog\/?p=10879","url_meta":{"origin":2681,"position":0},"title":"GUSTAVE PRATI COMPOSITEUR FRAN\u00c7AIS","author":"Le Canard du pianiste","date":"11 ao\u00fbt 2018","format":false,"excerpt":"En vue d'un disque qui sera enregistr\u00e9 par la philharmonie de Kharkiv (Ukraine), son fils Xavier Prati a propos\u00e9 \u00e0 Fabrice Eulry de num\u00e9riser les partitions manuscrites de cette oeuvre de 20 minutes \u00e9crite pour 88 musiciens, en respectant chaque annotation de ce minutieux et admirable travail effectu\u00e9 il y\u2026","rel":"","context":"Dans &quot;Non class\u00e9&quot;","block_context":{"text":"Non class\u00e9","link":"http:\/\/www.fabriceeulry-laboutique.com\/blog\/?cat=1"},"img":{"alt_text":"Richard Strauss","src":"https:\/\/i0.wp.com\/www.fabriceeulry-laboutique.com\/blog\/wp-content\/uploads\/2018\/08\/Richard-Strauss.png?resize=350%2C200","width":350,"height":200},"classes":[]},{"id":3220,"url":"http:\/\/www.fabriceeulry-laboutique.com\/blog\/?p=3220","url_meta":{"origin":2681,"position":1},"title":"PHOTO ET INSPIRATION MUSICALE","author":"Le Canard du pianiste","date":"17 ao\u00fbt 2013","format":false,"excerpt":"N\u00e9 en 1942, fils et petit-fils de peintre, Jacques Perrodin est autodidacte. Il se rattache \u00e0 la tradition des paysagistes et portraitistes avec une pr\u00e9dilection pour ceux des origines de la peinture \u00e0 l'huile en occident. Mais il travaille aussi beaucoup sur le motif en plein air ou devant un\u2026","rel":"","context":"Dans &quot;Non class\u00e9&quot;","block_context":{"text":"Non class\u00e9","link":"http:\/\/www.fabriceeulry-laboutique.com\/blog\/?cat=1"},"img":{"alt_text":"","src":"","width":0,"height":0},"classes":[]},{"id":12684,"url":"http:\/\/www.fabriceeulry-laboutique.com\/blog\/?p=12684","url_meta":{"origin":2681,"position":2},"title":"CONCERT DE NO\u00cbL \u00c0 MOULINS","author":"Le Canard du pianiste","date":"26 d\u00e9cembre 2022","format":false,"excerpt":"Le th\u00e9\u00e2tre de Moulins vient d'\u00eatre restaur\u00e9 Un temps glac\u00e9 pour un r\u00e9cital givr\u00e9 ! Fabrice Eulry encore plus f\u00e9brile qu'\u00e0 l'accoutum\u00e9e, malgr\u00e9 le match France-Angleterre, s'est jur\u00e9 d'enchanter une salle comble et attentive, d\u00e9j\u00e0 chauff\u00e9e par la po\u00e9tique premi\u00e8re partie du trio de Nathan Mollet ; nous sommes le\u2026","rel":"","context":"Dans &quot;Non class\u00e9&quot;","block_context":{"text":"Non class\u00e9","link":"http:\/\/www.fabriceeulry-laboutique.com\/blog\/?cat=1"},"img":{"alt_text":"","src":"https:\/\/i0.wp.com\/www.fabriceeulry-laboutique.com\/blog\/wp-content\/uploads\/2022\/12\/moulins-theatrepng-scaled.jpg?resize=350%2C200","width":350,"height":200,"srcset":"https:\/\/i0.wp.com\/www.fabriceeulry-laboutique.com\/blog\/wp-content\/uploads\/2022\/12\/moulins-theatrepng-scaled.jpg?resize=350%2C200 1x, https:\/\/i0.wp.com\/www.fabriceeulry-laboutique.com\/blog\/wp-content\/uploads\/2022\/12\/moulins-theatrepng-scaled.jpg?resize=525%2C300 1.5x, https:\/\/i0.wp.com\/www.fabriceeulry-laboutique.com\/blog\/wp-content\/uploads\/2022\/12\/moulins-theatrepng-scaled.jpg?resize=700%2C400 2x, https:\/\/i0.wp.com\/www.fabriceeulry-laboutique.com\/blog\/wp-content\/uploads\/2022\/12\/moulins-theatrepng-scaled.jpg?resize=1050%2C600 3x, https:\/\/i0.wp.com\/www.fabriceeulry-laboutique.com\/blog\/wp-content\/uploads\/2022\/12\/moulins-theatrepng-scaled.jpg?resize=1400%2C800 4x"},"classes":[]},{"id":9819,"url":"http:\/\/www.fabriceeulry-laboutique.com\/blog\/?p=9819","url_meta":{"origin":2681,"position":3},"title":"CONCERT DE NOEL POUR LA RESTAURATION D&rsquo;UNE EGLISE","author":"Le Canard du pianiste","date":"9 novembre 2017","format":false,"excerpt":"Venez nombreux nous aider \u00e0 restaurer son toit en \u00e9coutant les classiques de No\u00ebl dans l'atmosph\u00e8re chaleureuse de cette petite \u00e9glise romane de l'an Mille, construite \u00e0 mi-chemin entre nous et l'\u00e9v\u00e8nement que sa cr\u00e8che c\u00e9l\u00e8brera.\u00a0Et voici la liste des morceaux que vous pourrez y entendre : 1 Jingle bells\u2026","rel":"","context":"Dans &quot;Non class\u00e9&quot;","block_context":{"text":"Non class\u00e9","link":"http:\/\/www.fabriceeulry-laboutique.com\/blog\/?cat=1"},"img":{"alt_text":"roman","src":"https:\/\/i0.wp.com\/www.fabriceeulry-laboutique.com\/blog\/wp-content\/uploads\/2017\/01\/roman.png?resize=350%2C200","width":350,"height":200},"classes":[]},{"id":11730,"url":"http:\/\/www.fabriceeulry-laboutique.com\/blog\/?p=11730","url_meta":{"origin":2681,"position":4},"title":"CONCERTS DE SOLIDARIT\u00c9","author":"Le Canard du pianiste","date":"30 mars 2019","format":false,"excerpt":"La Fondation R\u00e9sonnance qui a f\u00eat\u00e9 ses 20 ans en 2018, a pour vocation de proposer dans ses 7 filiales (Suisse, France, Italie, Liban, Roumanie, Espagne, Belgique) des concerts d'ordinaire r\u00e9serv\u00e9s \u00e0 des privil\u00e9gi\u00e9s, \u00e0 des publics qui en sont priv\u00e9s : Maisons de retraite prisons, h\u00f4pitaux, centre pour handicap\u00e9s,\u2026","rel":"","context":"Dans &quot;Non class\u00e9&quot;","block_context":{"text":"Non class\u00e9","link":"http:\/\/www.fabriceeulry-laboutique.com\/blog\/?cat=1"},"img":{"alt_text":"","src":"https:\/\/i0.wp.com\/www.fabriceeulry-laboutique.com\/blog\/wp-content\/uploads\/2019\/03\/epad6.png?resize=350%2C200","width":350,"height":200,"srcset":"https:\/\/i0.wp.com\/www.fabriceeulry-laboutique.com\/blog\/wp-content\/uploads\/2019\/03\/epad6.png?resize=350%2C200 1x, https:\/\/i0.wp.com\/www.fabriceeulry-laboutique.com\/blog\/wp-content\/uploads\/2019\/03\/epad6.png?resize=525%2C300 1.5x, https:\/\/i0.wp.com\/www.fabriceeulry-laboutique.com\/blog\/wp-content\/uploads\/2019\/03\/epad6.png?resize=700%2C400 2x"},"classes":[]},{"id":5915,"url":"http:\/\/www.fabriceeulry-laboutique.com\/blog\/?p=5915","url_meta":{"origin":2681,"position":5},"title":"CONCERT HOMMAGE A GUILLAUME PERROT (SUITE) ET NOUVELLES DU DVD","author":"Le Canard du pianiste","date":"10 novembre 2014","format":false,"excerpt":"Voici le texte de l'article sur le pays.fr\u00a0: C\u2019est une histoire \u00e0 la fois belle et tragique qui est \u00e0 l\u2019origine du concert qu\u2019accueillera le th\u00e9\u00e2tre dimanche. Guillaume Perrot, Roannais, jeune pianiste du conservatoire de Saint-Etienne, disparaissait \u00e0 l'\u00e2ge de 26 ans, atteint d'un ost\u00e9osarcome. N\u00e9 \u00e0 S\u00e9oul en 1987,\u2026","rel":"","context":"Dans &quot;Non class\u00e9&quot;","block_context":{"text":"Non class\u00e9","link":"http:\/\/www.fabriceeulry-laboutique.com\/blog\/?cat=1"},"img":{"alt_text":"","src":"https:\/\/i0.wp.com\/www.fabriceeulry-laboutique.com\/blog\/wp-content\/uploads\/2014\/11\/st-.jpg?resize=350%2C200","width":350,"height":200,"srcset":"https:\/\/i0.wp.com\/www.fabriceeulry-laboutique.com\/blog\/wp-content\/uploads\/2014\/11\/st-.jpg?resize=350%2C200 1x, https:\/\/i0.wp.com\/www.fabriceeulry-laboutique.com\/blog\/wp-content\/uploads\/2014\/11\/st-.jpg?resize=525%2C300 1.5x, https:\/\/i0.wp.com\/www.fabriceeulry-laboutique.com\/blog\/wp-content\/uploads\/2014\/11\/st-.jpg?resize=700%2C400 2x"},"classes":[]}],"_links":{"self":[{"href":"http:\/\/www.fabriceeulry-laboutique.com\/blog\/index.php?rest_route=\/wp\/v2\/posts\/2681","targetHints":{"allow":["GET"]}}],"collection":[{"href":"http:\/\/www.fabriceeulry-laboutique.com\/blog\/index.php?rest_route=\/wp\/v2\/posts"}],"about":[{"href":"http:\/\/www.fabriceeulry-laboutique.com\/blog\/index.php?rest_route=\/wp\/v2\/types\/post"}],"author":[{"embeddable":true,"href":"http:\/\/www.fabriceeulry-laboutique.com\/blog\/index.php?rest_route=\/wp\/v2\/users\/2"}],"replies":[{"embeddable":true,"href":"http:\/\/www.fabriceeulry-laboutique.com\/blog\/index.php?rest_route=%2Fwp%2Fv2%2Fcomments&post=2681"}],"version-history":[{"count":14,"href":"http:\/\/www.fabriceeulry-laboutique.com\/blog\/index.php?rest_route=\/wp\/v2\/posts\/2681\/revisions"}],"predecessor-version":[{"id":8055,"href":"http:\/\/www.fabriceeulry-laboutique.com\/blog\/index.php?rest_route=\/wp\/v2\/posts\/2681\/revisions\/8055"}],"wp:attachment":[{"href":"http:\/\/www.fabriceeulry-laboutique.com\/blog\/index.php?rest_route=%2Fwp%2Fv2%2Fmedia&parent=2681"}],"wp:term":[{"taxonomy":"category","embeddable":true,"href":"http:\/\/www.fabriceeulry-laboutique.com\/blog\/index.php?rest_route=%2Fwp%2Fv2%2Fcategories&post=2681"},{"taxonomy":"post_tag","embeddable":true,"href":"http:\/\/www.fabriceeulry-laboutique.com\/blog\/index.php?rest_route=%2Fwp%2Fv2%2Ftags&post=2681"}],"curies":[{"name":"wp","href":"https:\/\/api.w.org\/{rel}","templated":true}]}}