{"id":4225,"date":"2013-12-26T17:32:14","date_gmt":"2013-12-26T17:32:14","guid":{"rendered":"http:\/\/www.fabriceeulry-laboutique.com\/blog\/?p=4225"},"modified":"2018-12-13T05:59:31","modified_gmt":"2018-12-13T05:59:31","slug":"entrevue-dans-zap-magazine","status":"publish","type":"post","link":"http:\/\/www.fabriceeulry-laboutique.com\/blog\/?p=4225","title":{"rendered":"ENTREVUE DANS ZAP MAGAZINE"},"content":{"rendered":"<h2 id=\"yui_3_13_0_ym1_1_1387990651738_26881\" style=\"text-align: center;\"><span style=\"color: #000000;\">A l&rsquo;occasion du concert au Geyser de Bellerive sur Allier, Fabrice Eulry a donn\u00e9 une entrevue \u00e0 Zap magazine :<\/span><\/h2>\n<h2 style=\"text-align: center;\"><span style=\"color: #000000;\"><strong>Ton actualit\u00e9 ?<\/strong><\/span><\/h2>\n<h2 id=\"yui_3_13_0_ym1_1_1387990651738_26846\" style=\"text-align: center;\"><span style=\"color: #000000;\"><strong>Outre le 13 d\u00e9cembre au Geyser et les tourn\u00e9es en province qui d\u00e9coulent du festival d&rsquo;Avignon, je pr\u00e9pare un deuxi\u00e8me volume de l&rsquo;album Twistin&rsquo;at Ray&rsquo;s que j&rsquo;enregistrerai \u00e9galement aux Etats-unis d&rsquo;ici quelques mois, car le premier volume a eu beaucoup de succ\u00e8s.<\/strong><\/span><\/h2>\n<h2 id=\"yui_3_13_0_ym1_1_1387990651738_26848\" style=\"text-align: center;\"><span style=\"color: #000000;\"><strong>J&rsquo;aide aussi \u00e0 la cr\u00e9ation d&rsquo;une filiale de la fondation R\u00e9sonnance en Belgique. Cr\u00e9e en Suisse par Elizabeth Sombart \u00e9galement concertiste internationale (r\u00e9pertoire de Bach \u00e0 Bartok !) cette fondation re\u00e7oit des donations et gr\u00e2ce \u00e0 la cr\u00e9dibilit\u00e9 d&rsquo;Elizabeth peut ainsi proposer des cours gratuits pour les enfants qui n&rsquo;en n&rsquo;ont pas les moyens et des concerts gratuits dans les maisons de retraite peu fortun\u00e9es. Je suis tr\u00e8s impliqu\u00e9 car cette rencontre a \u00e9t\u00e9 salvatrice et fructueuse dans la spiritualit\u00e9 de ma musique.\u00a0<\/strong><\/span><\/h2>\n<h2 id=\"yui_3_13_0_ym1_1_1387990651738_26850\" style=\"text-align: center;\"><span style=\"color: #000000;\"><strong>Enfin j&rsquo;ai cr\u00e9e un festival Piano blues boogie en Romandie, dont la deuxi\u00e8me \u00e9dition a lieu les 8 et 9 novembre prochains au casino de Montbenon \u00e0 Lausanne, et c&rsquo;est une organisation dont l&rsquo;effervescence bat son plein \u00e0 deux semaine du jour J.<\/strong><\/span><\/h2>\n<p style=\"text-align: center;\">\n<h2 id=\"yui_3_13_0_ym1_1_1387990651738_26805\" style=\"text-align: center;\"><span style=\"color: #000000;\"><strong>D\u00e9cris-toi en 5 mots ?<\/strong><\/span><\/h2>\n<h2 id=\"yui_3_13_0_ym1_1_1387990651738_26857\" style=\"text-align: center;\"><span style=\"color: #000000;\"><strong>Piano<\/strong><\/span><\/h2>\n<h2 id=\"yui_3_13_0_ym1_1_1387990651738_26851\" style=\"text-align: center;\"><span style=\"color: #000000;\"><strong>Blues<\/strong><\/span><\/h2>\n<h2 id=\"yui_3_13_0_ym1_1_1387990651738_26806\" style=\"text-align: center;\"><span style=\"color: #000000;\"><strong>Partage<\/strong><\/span><\/h2>\n<h2 id=\"yui_3_13_0_ym1_1_1387990651738_26807\" style=\"text-align: center;\"><span style=\"color: #000000;\"><strong>France<\/strong><\/span><\/h2>\n<h2 id=\"yui_3_13_0_ym1_1_1387990651738_26808\" style=\"text-align: center;\"><span style=\"color: #000000;\"><strong>Patrimoine<\/strong><\/span><\/h2>\n<p style=\"text-align: center;\">\n<h2 id=\"yui_3_13_0_ym1_1_1387990651738_26810\" style=\"text-align: center;\"><span style=\"color: #000000;\"><strong>Ton disque pr\u00e9f\u00e9r\u00e9 ?\u00a0<\/strong><\/span><\/h2>\n<h2 id=\"yui_3_13_0_ym1_1_1387990651738_26852\" style=\"text-align: center;\"><span style=\"color: #000000;\"><strong>What&rsquo;d I say (Ray Charles)<\/strong><\/span><\/h2>\n<h2 id=\"yui_3_13_0_ym1_1_1387990651738_26811\" style=\"text-align: center;\"><span style=\"color: #000000;\"><strong>Ton film pr\u00e9f\u00e9r\u00e9 ?\u00a0<\/strong><\/span><\/h2>\n<h2 id=\"yui_3_13_0_ym1_1_1387990651738_26854\" style=\"text-align: center;\"><span style=\"color: #000000;\"><strong>Le gendarme de Saint-Tropez<\/strong><\/span><\/h2>\n<h2 style=\"text-align: center;\"><span style=\"color: #000000;\">\u00a0<\/span><\/h2>\n<h2 style=\"text-align: center;\"><span style=\"color: #000000;\"><strong>Lire la suite dans :<\/strong><\/span><\/h2>\n<p style=\"text-align: center;\"><span style=\"color: #000000;\"><a style=\"color: #000000;\" href=\"http:\/\/http:\/\/www.myzap.fr\/wp-content\/uploads\/2013\/12\/ZAP_vichy_13_web.pdf\">http:\/\/www.myzap.fr\/wp-content\/uploads\/2013\/12\/ZAP_vichy_13_web.pdf<\/a><\/span><\/p>\n","protected":false},"excerpt":{"rendered":"<p>A l&rsquo;occasion du concert au Geyser de Bellerive sur Allier, Fabrice Eulry a donn\u00e9 une entrevue \u00e0 Zap magazine : Ton actualit\u00e9 ? Outre le 13 d\u00e9cembre au Geyser et les tourn\u00e9es en province qui d\u00e9coulent du festival d&rsquo;Avignon, je &hellip; <a href=\"http:\/\/www.fabriceeulry-laboutique.com\/blog\/?p=4225\">Continuer la lecture <span class=\"meta-nav\">&rarr;<\/span><\/a><\/p>\n","protected":false},"author":2,"featured_media":0,"comment_status":"open","ping_status":"open","sticky":false,"template":"","format":"standard","meta":{"jetpack_post_was_ever_published":false,"_jetpack_newsletter_access":"","_jetpack_dont_email_post_to_subs":true,"_jetpack_newsletter_tier_id":0,"_jetpack_memberships_contains_paywalled_content":false,"_jetpack_memberships_contains_paid_content":false,"footnotes":"","jetpack_publicize_message":"","jetpack_publicize_feature_enabled":true,"jetpack_social_post_already_shared":false,"jetpack_social_options":{"image_generator_settings":{"template":"highway","default_image_id":0,"font":"","enabled":false},"version":2}},"categories":[1],"tags":[42],"class_list":["post-4225","post","type-post","status-publish","format-standard","hentry","category-non-classe","tag-entretiens"],"jetpack_publicize_connections":[],"jetpack_featured_media_url":"","jetpack_sharing_enabled":true,"jetpack_shortlink":"https:\/\/wp.me\/p2D6dI-169","jetpack_likes_enabled":true,"jetpack-related-posts":[{"id":9539,"url":"http:\/\/www.fabriceeulry-laboutique.com\/blog\/?p=9539","url_meta":{"origin":4225,"position":0},"title":"CONCERT CARITATIF \u00c0 LA SALLE DE LA TENTATION","author":"Le Canard du pianiste","date":"6 juillet 2017","format":false,"excerpt":"Le 28 juin \u00e0 Bruxelles, Fabrice Eulry a donn\u00e9 un concert caritatif \u00e0 la salle de la Tentation Cet \u00e9v\u00e8nement a \u00e9galement permis de rapprocher deux organisations : La clinique Saint-Jean Saint-Jean dont c'\u00e9tait la f\u00eate) et la Fondation R\u00e9sonnance bien connue des lecteurs du Canard du pianiste, pour laquelle\u2026","rel":"","context":"Dans &quot;Non class\u00e9&quot;","block_context":{"text":"Non class\u00e9","link":"http:\/\/www.fabriceeulry-laboutique.com\/blog\/?cat=1"},"img":{"alt_text":"","src":"https:\/\/i0.wp.com\/www.fabriceeulry-laboutique.com\/blog\/wp-content\/uploads\/2017\/07\/tenta.jpg?resize=350%2C200","width":350,"height":200,"srcset":"https:\/\/i0.wp.com\/www.fabriceeulry-laboutique.com\/blog\/wp-content\/uploads\/2017\/07\/tenta.jpg?resize=350%2C200 1x, https:\/\/i0.wp.com\/www.fabriceeulry-laboutique.com\/blog\/wp-content\/uploads\/2017\/07\/tenta.jpg?resize=525%2C300 1.5x, https:\/\/i0.wp.com\/www.fabriceeulry-laboutique.com\/blog\/wp-content\/uploads\/2017\/07\/tenta.jpg?resize=700%2C400 2x"},"classes":[]},{"id":5870,"url":"http:\/\/www.fabriceeulry-laboutique.com\/blog\/?p=5870","url_meta":{"origin":4225,"position":1},"title":"RENAISSANCE DE RESONNANCE BELGIQUE","author":"Le Canard du pianiste","date":"6 novembre 2014","format":false,"excerpt":"\u00a0 \u00a0 Le ch\u00e2teau de Claydael dans les Flandres, accueillait le 31 octobre l'un des concerts de soutien \u00e0 la fondation R\u00e9sonnance dont la filiale belge n\u00e9cessitait un nouveau d\u00e9part.Un ch\u00e2teau m\u00e9di\u00e9val flamand avec de belles ouvertures pratiqu\u00e9es \u00e0 la Renaissance, et le voici pr\u00eat \u00e0 vous accueillir : \u00a0\u2026","rel":"","context":"Dans &quot;Non class\u00e9&quot;","block_context":{"text":"Non class\u00e9","link":"http:\/\/www.fabriceeulry-laboutique.com\/blog\/?cat=1"},"img":{"alt_text":"","src":"https:\/\/i0.wp.com\/www.fabriceeulry-laboutique.com\/blog\/wp-content\/uploads\/2014\/11\/CLY-5-.jpg?resize=350%2C200","width":350,"height":200,"srcset":"https:\/\/i0.wp.com\/www.fabriceeulry-laboutique.com\/blog\/wp-content\/uploads\/2014\/11\/CLY-5-.jpg?resize=350%2C200 1x, https:\/\/i0.wp.com\/www.fabriceeulry-laboutique.com\/blog\/wp-content\/uploads\/2014\/11\/CLY-5-.jpg?resize=525%2C300 1.5x"},"classes":[]},{"id":3932,"url":"http:\/\/www.fabriceeulry-laboutique.com\/blog\/?p=3932","url_meta":{"origin":4225,"position":2},"title":"ENTREVUE AVEC PIERRE SIBILLE","author":"Le Canard du pianiste","date":"22 novembre 2013","format":false,"excerpt":"A para\u00eetre dans la journ\u00e9e une entrevue avec le pianiste chanteur Pierre Sibille, qui m\u00e8ne carri\u00e8re aux Etats-unis, sur la c\u00f4te d'azur et en Afrique. En attendant voici un documentaire qu'il nous envoie sur Blues'up, collectif de musiciens qu'il a fond\u00e9 : BLUES'UP ou comment se rendre utile en tant\u2026","rel":"","context":"Dans &quot;Non class\u00e9&quot;","block_context":{"text":"Non class\u00e9","link":"http:\/\/www.fabriceeulry-laboutique.com\/blog\/?cat=1"},"img":{"alt_text":"","src":"","width":0,"height":0},"classes":[]},{"id":9485,"url":"http:\/\/www.fabriceeulry-laboutique.com\/blog\/?p=9485","url_meta":{"origin":4225,"position":3},"title":"CONCERT POUR R\u00c9SONNANCE ROME","author":"Le Canard du pianiste","date":"12 juin 2017","format":false,"excerpt":"La c\u00e9l\u00e8bre Fondation inaugure ses nouveaux locaux en musique : ce 11 juin 2017, suite \u00e0 la Mast\u00e8re (tr\u00e8s) classe donn\u00e9e par le chef d'orchestre Jordi Mora \u00a0avec Elizabeth Sombart, les pianistes de chaque filiale de R\u00e9sonnance, s'\u00e9taient r\u00e9unis dans la ville \u00e9ternelle pour donner un concert multicolore : Au\u2026","rel":"","context":"Dans &quot;Non class\u00e9&quot;","block_context":{"text":"Non class\u00e9","link":"http:\/\/www.fabriceeulry-laboutique.com\/blog\/?cat=1"},"img":{"alt_text":"jor","src":"https:\/\/i0.wp.com\/www.fabriceeulry-laboutique.com\/blog\/wp-content\/uploads\/2017\/06\/jor.jpg?resize=350%2C200","width":350,"height":200},"classes":[]},{"id":6497,"url":"http:\/\/www.fabriceeulry-laboutique.com\/blog\/?p=6497","url_meta":{"origin":4225,"position":4},"title":"TCHAIKOVSKY A BEYROUTH","author":"Le Canard du pianiste","date":"1 mars 2015","format":false,"excerpt":"\u00a0 \u00a0 \u00a0L\u2019Ambassade de Suisse au Liban a organis\u00e9 un concert avec mon coll\u00e8gue de la fondation R\u00e9sonnance le pianiste suisse Jean-Claude D\u00e9nervaud \u00a0et l\u2019Orchestre philharmonique du Liban sous la direction de Walid Moussallem. \u00a0 Le vendredi 27 f\u00e9vrier 2015 \u00e0 20h30 pr\u00e9cises \u00e0 l'\u00e9glise St. Joseph des P\u00e8res J\u00e9suites,\u2026","rel":"","context":"Dans &quot;Non class\u00e9&quot;","block_context":{"text":"Non class\u00e9","link":"http:\/\/www.fabriceeulry-laboutique.com\/blog\/?cat=1"},"img":{"alt_text":"","src":"https:\/\/i0.wp.com\/www.fabriceeulry-laboutique.com\/blog\/wp-content\/uploads\/2015\/03\/dener-.jpg?resize=350%2C200","width":350,"height":200,"srcset":"https:\/\/i0.wp.com\/www.fabriceeulry-laboutique.com\/blog\/wp-content\/uploads\/2015\/03\/dener-.jpg?resize=350%2C200 1x, https:\/\/i0.wp.com\/www.fabriceeulry-laboutique.com\/blog\/wp-content\/uploads\/2015\/03\/dener-.jpg?resize=525%2C300 1.5x"},"classes":[]}],"_links":{"self":[{"href":"http:\/\/www.fabriceeulry-laboutique.com\/blog\/index.php?rest_route=\/wp\/v2\/posts\/4225","targetHints":{"allow":["GET"]}}],"collection":[{"href":"http:\/\/www.fabriceeulry-laboutique.com\/blog\/index.php?rest_route=\/wp\/v2\/posts"}],"about":[{"href":"http:\/\/www.fabriceeulry-laboutique.com\/blog\/index.php?rest_route=\/wp\/v2\/types\/post"}],"author":[{"embeddable":true,"href":"http:\/\/www.fabriceeulry-laboutique.com\/blog\/index.php?rest_route=\/wp\/v2\/users\/2"}],"replies":[{"embeddable":true,"href":"http:\/\/www.fabriceeulry-laboutique.com\/blog\/index.php?rest_route=%2Fwp%2Fv2%2Fcomments&post=4225"}],"version-history":[{"count":5,"href":"http:\/\/www.fabriceeulry-laboutique.com\/blog\/index.php?rest_route=\/wp\/v2\/posts\/4225\/revisions"}],"predecessor-version":[{"id":9148,"href":"http:\/\/www.fabriceeulry-laboutique.com\/blog\/index.php?rest_route=\/wp\/v2\/posts\/4225\/revisions\/9148"}],"wp:attachment":[{"href":"http:\/\/www.fabriceeulry-laboutique.com\/blog\/index.php?rest_route=%2Fwp%2Fv2%2Fmedia&parent=4225"}],"wp:term":[{"taxonomy":"category","embeddable":true,"href":"http:\/\/www.fabriceeulry-laboutique.com\/blog\/index.php?rest_route=%2Fwp%2Fv2%2Fcategories&post=4225"},{"taxonomy":"post_tag","embeddable":true,"href":"http:\/\/www.fabriceeulry-laboutique.com\/blog\/index.php?rest_route=%2Fwp%2Fv2%2Ftags&post=4225"}],"curies":[{"name":"wp","href":"https:\/\/api.w.org\/{rel}","templated":true}]}}