{"id":4243,"date":"2013-12-29T14:54:36","date_gmt":"2013-12-29T14:54:36","guid":{"rendered":"http:\/\/www.fabriceeulry-laboutique.com\/blog\/?p=4243"},"modified":"2018-12-13T05:58:42","modified_gmt":"2018-12-13T05:58:42","slug":"deux-pianos-pour-une-chapelle","status":"publish","type":"post","link":"http:\/\/www.fabriceeulry-laboutique.com\/blog\/?p=4243","title":{"rendered":"DEUX PIANOS POUR UNE CHAPELLE"},"content":{"rendered":"<h2 style=\"text-align: center;\"><strong>\u00a0<\/strong><span style=\"color: #000000;\">Une petite r\u00e9trospective sur un duo de pianos Claude Bolling-Fabrice Eulry de 2010 \u00e0 Reims :<\/span><\/h2>\n<h2 style=\"text-align: center;\"><span style=\"color: #000000;\">Lu dans L&rsquo;union L&rsquo;ardennais du 28 avril 2010<\/span><\/h2>\n<h2 style=\"text-align: center;\"><span style=\"color: #000000;\"><em>\u00a0Bien s\u00fbr, la motivation premi\u00e8re du concert pr\u00e9vu \u00e0 Saint-Joseph \u00e9tait connue : \u00ab deux pianos pour une chapelle \u00bb\u2026 \u00e0 sauver. Mais quelle ambiance !<\/em><\/span><br \/>\n<span style=\"color: #000000;\"> <em> \u00a0D&rsquo;abord l&rsquo;\u00e9difice a prouv\u00e9 qu&rsquo;il est un excellent lieu d&rsquo;expression pour des musiciens de premier ordre : samedi 24 avril, les vo\u00fbtes ont vibr\u00e9 sous le d\u00e9luge de notes du \u00ab Jeu double \u00bb des pianistes de jazz Claude Bolling et Fabrice Eulry, pour le plus grand plaisir de l&rsquo;auditoire.<\/em><\/span><br \/>\n<span style=\"color: #000000;\"> <em> \u00a0Organis\u00e9e par les \u00ab Amis de la chapelle \u00bb pour sensibiliser \u00e0 l&rsquo;urgente n\u00e9cessit\u00e9 de restaurer la chapelle et sa fl\u00e8che, cette soir\u00e9e a enchant\u00e9 300 personnes.<\/em><\/span><br \/>\n<span style=\"color: #000000;\"> <em> \u00a0Elles ont pour la plupart d\u00e9couvert Fabrice Eulry, d&rsquo;abord seul au piano dans une \u00e9poustouflante d\u00e9monstration de virtuosit\u00e9 avec variations et inventions autour des \u00ab Copains d&rsquo;abord \u00bb. Ses doigts ont fait le tour du monde en mille facettes, styles et m\u00e9langes surprenants\u2026<\/em><\/span><br \/>\n<span style=\"color: #000000;\"> <em> Complicit\u00e9 :<\/em><\/span><br \/>\n<span style=\"color: #000000;\"> <em> \u00a0Et puis Claude Bolling est entr\u00e9 et d\u00e8s les premiers accords, le public a retenu son souffle, compl\u00e8tement m\u00e9dus\u00e9\u2026<\/em><\/span><\/h2>\n<p style=\"text-align: center;\"><span style=\"color: #000000;\"><a style=\"color: #000000;\" href=\"http:\/\/www.lunion.presse.fr\/article\/culture-et-loisirs\/deux-pianos-pour-une-chapelle-bolling-et-eulry-un-jeu-double-fascinant\"><img data-recalc-dims=\"1\" loading=\"lazy\" decoding=\"async\" title=\"Reims Bolling Eulry\" src=\"https:\/\/i0.wp.com\/www.fabriceeulry-laboutique.com\/blog\/wp-content\/uploads\/2013\/12\/Reims-Bolling-Eulry-.jpg?resize=400%2C267\" alt=\"\" width=\"400\" height=\"267\" \/><\/a>\u00a0<em>Lire la suite de l&rsquo;article de l&rsquo;union l&rsquo;Ardennais<\/em><\/span><\/p>\n<h2 style=\"text-align: center;\"><span style=\"color: #000000;\">\u00a0Une petite anecdote que cet article n&rsquo;a pas relat\u00e9 : Tout le public \u00e9tait dans la confidence de l&rsquo;anniversaire de Claude Bolling : nous lui avons livr\u00e9 la surprise au moment de l&rsquo;introduction d&rsquo;un morceau de Gershwin The man love. Notre arrangement pr\u00e9voit une introduction en solo de Claude Bolling suivi par un \u00e9cho jou\u00e9 par moi-m\u00eame \u00e0 l&rsquo;autre piano. Au moment de l&rsquo;entamer j&rsquo;ai embray\u00e9 sur Joyeux anniversaire et le public qui \u00e9tait dans la confidence s&rsquo;est lev\u00e9. J&rsquo;ai observ\u00e9 Claude \u00e0 cet instant : il \u00f4ta les mains du clavier et baissa les \u00e9paules d&rsquo;un air r\u00e9sign\u00e9, frustr\u00e9 de devoir couper le morceau d&rsquo;un air de dire : \u00ab\u00a0Oh non il ne manquait plus que \u00e7a\u00a0\u00bb mais finalement il ne bougonna pas et fut tr\u00e8s \u00e9mu de tout ce que nous lui avions pr\u00e9par\u00e9. Il ne joua que mieux lorsque nous repr\u00eemes le concert !<\/span><\/h2>\n<h2 style=\"text-align: center;\"><span style=\"color: #000000;\">\u00a0Ce concert de sensibilisation a permit la restauration de la magnifique chapelle Saint-Joseph qui avait \u00e9t\u00e9 menac\u00e9e de destruction. cette photo prise apr\u00e8s la geurre de 1914-18 prouve qu&rsquo;elle revient de loin :<\/span><\/h2>\n<p style=\"text-align: center;\"><span style=\"color: #000000;\"><a style=\"color: #000000;\" href=\"https:\/\/i0.wp.com\/www.fabriceeulry-laboutique.com\/blog\/wp-content\/uploads\/2013\/12\/Chapelle-St-Joseph.jpg\"><img data-recalc-dims=\"1\" loading=\"lazy\" decoding=\"async\" class=\"alignnone size-full wp-image-4254\" title=\"Chapelle St Joseph\" src=\"https:\/\/i0.wp.com\/www.fabriceeulry-laboutique.com\/blog\/wp-content\/uploads\/2013\/12\/Chapelle-St-Joseph.jpg?resize=640%2C470\" alt=\"\" width=\"640\" height=\"470\" srcset=\"https:\/\/i0.wp.com\/www.fabriceeulry-laboutique.com\/blog\/wp-content\/uploads\/2013\/12\/Chapelle-St-Joseph.jpg?w=666 666w, https:\/\/i0.wp.com\/www.fabriceeulry-laboutique.com\/blog\/wp-content\/uploads\/2013\/12\/Chapelle-St-Joseph.jpg?resize=300%2C220 300w\" sizes=\"auto, (max-width: 640px) 100vw, 640px\" \/><\/a><\/span><\/p>\n<h2 style=\"text-align: center;\"><span style=\"color: #000000;\">Elle fut menac\u00e9e de destruction sa restauration a finalement \u00e9t\u00e9 d\u00e9cid\u00e9e et le concert que nous avons donn\u00e9 \u00e9tait destin\u00e9 \u00e0 une sensibilisation qui s&rsquo;est concr\u00e9tis\u00e9e !<\/span><\/h2>\n<p style=\"text-align: center;\"><span style=\"color: #000000;\"><a style=\"color: #000000;\" href=\"http:\/\/http:\/\/www.lunion.presse.fr\/article\/culture-et-loisirs\/chapelle-saint-joseph-la-croix-de-retour-sur-la-fleche\"><img data-recalc-dims=\"1\" decoding=\"async\" title=\"\" src=\"https:\/\/i0.wp.com\/legacy.lunion.presse.fr\/media\/imagecache\/article-taille-normale\/protec\/2011-03\/2011-03-30\/201103304d92a14abf238-0.jpg?w=300\" alt=\"Chapelle Saint-Joseph \/ La croix de retour sur la fl\u00e8che\"  \/><\/a>\u00a0<em>Cliquez sur l&rsquo;image de l&rsquo;Union L&rsquo;ardennais pour lire l&rsquo;article sur l&rsquo;avancement des travaux l&rsquo;ann\u00e9e suivante en 2011<\/em><\/span><\/p>\n<p style=\"text-align: center;\"><span style=\"color: #000000;\"><a style=\"color: #000000;\" href=\"https:\/\/i0.wp.com\/www.fabriceeulry-laboutique.com\/blog\/wp-content\/uploads\/2013\/12\/Jeu-double-2.jpg\"><img data-recalc-dims=\"1\" loading=\"lazy\" decoding=\"async\" class=\"alignnone size-full wp-image-4248\" title=\"Jeu double 2\" src=\"https:\/\/i0.wp.com\/www.fabriceeulry-laboutique.com\/blog\/wp-content\/uploads\/2013\/12\/Jeu-double-2.jpg?resize=587%2C522\" alt=\"\" width=\"587\" height=\"522\" srcset=\"https:\/\/i0.wp.com\/www.fabriceeulry-laboutique.com\/blog\/wp-content\/uploads\/2013\/12\/Jeu-double-2.jpg?w=587 587w, https:\/\/i0.wp.com\/www.fabriceeulry-laboutique.com\/blog\/wp-content\/uploads\/2013\/12\/Jeu-double-2.jpg?resize=300%2C266 300w\" sizes=\"auto, (max-width: 587px) 100vw, 587px\" \/><\/a><\/span><\/p>\n<p style=\"text-align: center;\"><span style=\"color: #000000;\"><a style=\"color: #000000;\" href=\"http:\/\/www.fabriceeulry.com\/discographie.html\"><img data-recalc-dims=\"1\" loading=\"lazy\" decoding=\"async\" class=\"alignnone size-full wp-image-4249\" title=\"Jeu Double\" src=\"https:\/\/i0.wp.com\/www.fabriceeulry-laboutique.com\/blog\/wp-content\/uploads\/2013\/12\/Jeu-Double.jpg?resize=399%2C395\" alt=\"\" width=\"399\" height=\"395\" srcset=\"https:\/\/i0.wp.com\/www.fabriceeulry-laboutique.com\/blog\/wp-content\/uploads\/2013\/12\/Jeu-Double.jpg?w=399 399w, https:\/\/i0.wp.com\/www.fabriceeulry-laboutique.com\/blog\/wp-content\/uploads\/2013\/12\/Jeu-Double.jpg?resize=300%2C296 300w\" sizes=\"auto, (max-width: 399px) 100vw, 399px\" \/><\/a><\/span><\/p>\n<p style=\"text-align: center;\"><span style=\"color: #000000;\"><em>Deux pianos pour un disque \u00e9galement ! Commandez le duo Claude Bolling-Fabrice Eulry en cliquant sur l&rsquo;image<\/em><\/span><\/p>\n<p style=\"text-align: center;\">\n<p style=\"text-align: center;\">\n<p>&nbsp;<\/p>\n","protected":false},"excerpt":{"rendered":"<p>\u00a0Une petite r\u00e9trospective sur un duo de pianos Claude Bolling-Fabrice Eulry de 2010 \u00e0 Reims : Lu dans L&rsquo;union L&rsquo;ardennais du 28 avril 2010 \u00a0Bien s\u00fbr, la motivation premi\u00e8re du concert pr\u00e9vu \u00e0 Saint-Joseph \u00e9tait connue : \u00ab deux pianos &hellip; <a href=\"http:\/\/www.fabriceeulry-laboutique.com\/blog\/?p=4243\">Continuer la lecture <span class=\"meta-nav\">&rarr;<\/span><\/a><\/p>\n","protected":false},"author":2,"featured_media":0,"comment_status":"open","ping_status":"open","sticky":false,"template":"","format":"standard","meta":{"jetpack_post_was_ever_published":false,"_jetpack_newsletter_access":"","_jetpack_dont_email_post_to_subs":true,"_jetpack_newsletter_tier_id":0,"_jetpack_memberships_contains_paywalled_content":false,"_jetpack_memberships_contains_paid_content":false,"footnotes":"","jetpack_publicize_message":"","jetpack_publicize_feature_enabled":true,"jetpack_social_post_already_shared":false,"jetpack_social_options":{"image_generator_settings":{"template":"highway","default_image_id":0,"font":"","enabled":false},"version":2}},"categories":[1],"tags":[29],"class_list":["post-4243","post","type-post","status-publish","format-standard","hentry","category-non-classe","tag-patrimoine"],"jetpack_publicize_connections":[],"jetpack_featured_media_url":"","jetpack_sharing_enabled":true,"jetpack_shortlink":"https:\/\/wp.me\/p2D6dI-16r","jetpack_likes_enabled":true,"jetpack-related-posts":[{"id":13354,"url":"http:\/\/www.fabriceeulry-laboutique.com\/blog\/?p=13354","url_meta":{"origin":4243,"position":0},"title":"LES BRIGADES DU TIGRE","author":"Le Canard du pianiste","date":"1 octobre 2025","format":false,"excerpt":"LES BRIGADES DU TIGRE (2 PIANOS) Fabrice EULRY - Renaud PATIGNY Cette musique a \u00e9t\u00e9 \u00e9crite par Claude Bolling. Les deux pianistes, qui ont jou\u00e9 avec lui et l'ont bien connu, racontent en 2025, des anecdotes sur le compositeur des Brigades du tigre (et de Borsalino) avant de jouer le\u2026","rel":"","context":"Dans &quot;Non class\u00e9&quot;","block_context":{"text":"Non class\u00e9","link":"http:\/\/www.fabriceeulry-laboutique.com\/blog\/?cat=1"},"img":{"alt_text":"","src":"https:\/\/i0.wp.com\/www.fabriceeulry-laboutique.com\/blog\/wp-content\/uploads\/2025\/10\/LES-BRIGADES.png?resize=350%2C200","width":350,"height":200,"srcset":"https:\/\/i0.wp.com\/www.fabriceeulry-laboutique.com\/blog\/wp-content\/uploads\/2025\/10\/LES-BRIGADES.png?resize=350%2C200 1x, https:\/\/i0.wp.com\/www.fabriceeulry-laboutique.com\/blog\/wp-content\/uploads\/2025\/10\/LES-BRIGADES.png?resize=525%2C300 1.5x, https:\/\/i0.wp.com\/www.fabriceeulry-laboutique.com\/blog\/wp-content\/uploads\/2025\/10\/LES-BRIGADES.png?resize=700%2C400 2x, https:\/\/i0.wp.com\/www.fabriceeulry-laboutique.com\/blog\/wp-content\/uploads\/2025\/10\/LES-BRIGADES.png?resize=1050%2C600 3x, https:\/\/i0.wp.com\/www.fabriceeulry-laboutique.com\/blog\/wp-content\/uploads\/2025\/10\/LES-BRIGADES.png?resize=1400%2C800 4x"},"classes":[]},{"id":9133,"url":"http:\/\/www.fabriceeulry-laboutique.com\/blog\/?p=9133","url_meta":{"origin":4243,"position":1},"title":"CONCERT DE GOSPEL POUR LA RESTAURATION D&rsquo;UNE EGLISE ROMANE","author":"Le Canard du pianiste","date":"14 janvier 2017","format":false,"excerpt":"Trois concerts pour commencer de financer un tel projet, et pour sensibiliser... Ce n'est pas la premi\u00e8re fois que cette d\u00e9marche s'av\u00e8re efficace. Souvenez-vous du duo Claude Bolling-Fabrice Eulry\u00a0(cliquez sur l'image des comp\u00e8res pour lire cet ancien article du Canard du pianiste)\u00a0qui lan\u00e7a la restauration de la Chapelle Saint-Joseph de\u2026","rel":"","context":"Dans &quot;Non class\u00e9&quot;","block_context":{"text":"Non class\u00e9","link":"http:\/\/www.fabriceeulry-laboutique.com\/blog\/?cat=1"},"img":{"alt_text":"","src":"https:\/\/i0.wp.com\/www.fabriceeulry-laboutique.com\/blog\/wp-content\/uploads\/2017\/01\/jos.png?resize=350%2C200","width":350,"height":200,"srcset":"https:\/\/i0.wp.com\/www.fabriceeulry-laboutique.com\/blog\/wp-content\/uploads\/2017\/01\/jos.png?resize=350%2C200 1x, https:\/\/i0.wp.com\/www.fabriceeulry-laboutique.com\/blog\/wp-content\/uploads\/2017\/01\/jos.png?resize=525%2C300 1.5x"},"classes":[]},{"id":12509,"url":"http:\/\/www.fabriceeulry-laboutique.com\/blog\/?p=12509","url_meta":{"origin":4243,"position":2},"title":"L&rsquo;OEUVRE DE CLAUDE BOLLING","author":"Le Canard du pianiste","date":"9 f\u00e9vrier 2021","format":false,"excerpt":"Fabrice Eulry nous parle bri\u00e8vement de l'oeuvre Claude Bolling et de sa collaboration avec le compositeur de Borsalino : On pose souvent cette question : Les grands compositeurs, Mozart, Beethoven, Chopin, Tcha\u00efkovsky, ceux qui sont les plus jou\u00e9s, les plus appr\u00e9ci\u00e9s, ont v\u00e9cu aux XVII, XVIII \u00e8me ou XIX si\u00e8cle.\u2026","rel":"","context":"Dans &quot;Non class\u00e9&quot;","block_context":{"text":"Non class\u00e9","link":"http:\/\/www.fabriceeulry-laboutique.com\/blog\/?cat=1"},"img":{"alt_text":"","src":"https:\/\/i0.wp.com\/www.fabriceeulry-laboutique.com\/blog\/wp-content\/uploads\/2021\/02\/mozartdixieland.png?resize=350%2C200","width":350,"height":200},"classes":[]},{"id":11852,"url":"http:\/\/www.fabriceeulry-laboutique.com\/blog\/?p=11852","url_meta":{"origin":4243,"position":3},"title":"UN CONCERT \u00c0 LA MUETTE","author":"Le Canard du pianiste","date":"15 mai 2019","format":false,"excerpt":"\u00c0 nouveau invit\u00e9 pour jouer dans La Chapelle de l'\u00e9tablissement protestant de Paris-Nation, Fabrice Eulry a cette fois fait salle comble : les r\u00e9sidents de la Maison de retraite se passant le mot, c'est unanimement qu'ils vinrent l'\u00e9couter dans une grande \u00e9tendue de son r\u00e9pertoire le lundi 29 avril dernier,\u2026","rel":"","context":"Dans &quot;Non class\u00e9&quot;","block_context":{"text":"Non class\u00e9","link":"http:\/\/www.fabriceeulry-laboutique.com\/blog\/?cat=1"},"img":{"alt_text":"","src":"https:\/\/i0.wp.com\/www.fabriceeulry-laboutique.com\/blog\/wp-content\/uploads\/2019\/05\/muet4.png?resize=350%2C200","width":350,"height":200,"srcset":"https:\/\/i0.wp.com\/www.fabriceeulry-laboutique.com\/blog\/wp-content\/uploads\/2019\/05\/muet4.png?resize=350%2C200 1x, https:\/\/i0.wp.com\/www.fabriceeulry-laboutique.com\/blog\/wp-content\/uploads\/2019\/05\/muet4.png?resize=525%2C300 1.5x, https:\/\/i0.wp.com\/www.fabriceeulry-laboutique.com\/blog\/wp-content\/uploads\/2019\/05\/muet4.png?resize=700%2C400 2x"},"classes":[]},{"id":5328,"url":"http:\/\/www.fabriceeulry-laboutique.com\/blog\/?p=5328","url_meta":{"origin":4243,"position":4},"title":"24 HEURES AU MANS","author":"Le Canard du pianiste","date":"15 juillet 2014","format":false,"excerpt":"Une ruelle du vieux Mans, un magnifique porche ouvrag\u00e9, et c'est l\u00e0 que vous accueille le th\u00e9\u00e2tre Achtalia. \u00a0 \u00a0Les organisateurs Elisabeth et Philippe me font visiter ce lieu enchant\u00e9 mais trop petit pour accueillir le nombreux public qui j'esp\u00e8re, viendra applaudir mon spectacle dans quelques heures\u00a0. \u00a0 Adorable cave\u2026","rel":"","context":"Dans &quot;Non class\u00e9&quot;","block_context":{"text":"Non class\u00e9","link":"http:\/\/www.fabriceeulry-laboutique.com\/blog\/?cat=1"},"img":{"alt_text":"","src":"https:\/\/i0.wp.com\/www.fabriceeulry-laboutique.com\/blog\/wp-content\/uploads\/2014\/07\/ms-.jpg?resize=350%2C200","width":350,"height":200,"srcset":"https:\/\/i0.wp.com\/www.fabriceeulry-laboutique.com\/blog\/wp-content\/uploads\/2014\/07\/ms-.jpg?resize=350%2C200 1x, https:\/\/i0.wp.com\/www.fabriceeulry-laboutique.com\/blog\/wp-content\/uploads\/2014\/07\/ms-.jpg?resize=525%2C300 1.5x, https:\/\/i0.wp.com\/www.fabriceeulry-laboutique.com\/blog\/wp-content\/uploads\/2014\/07\/ms-.jpg?resize=700%2C400 2x"},"classes":[]},{"id":12147,"url":"http:\/\/www.fabriceeulry-laboutique.com\/blog\/?p=12147","url_meta":{"origin":4243,"position":5},"title":"BOOGIE \u00c0 TRIVY","author":"Le Canard du pianiste","date":"19 octobre 2019","format":false,"excerpt":"Lluis Coloma Ricky Nye et Fabrice Eulry essayaient ici les pianos en arrivant l'apr\u00e8s-midi du concert (Merci \u00e0 Jean Lech\u00e8re pour les photos). Ils d\u00e9cid\u00e8rent ensuite de changer leur disposition et l'\u00e9clairage en fonction de ce qu'ils projetaient de jouer et de leur mani\u00e8re d'articuler leur spectacle. Les trois comp\u00e8res\u2026","rel":"","context":"Dans &quot;Non class\u00e9&quot;","block_context":{"text":"Non class\u00e9","link":"http:\/\/www.fabriceeulry-laboutique.com\/blog\/?cat=1"},"img":{"alt_text":"","src":"https:\/\/i0.wp.com\/www.fabriceeulry-laboutique.com\/blog\/wp-content\/uploads\/2019\/10\/tr2.png?resize=350%2C200","width":350,"height":200,"srcset":"https:\/\/i0.wp.com\/www.fabriceeulry-laboutique.com\/blog\/wp-content\/uploads\/2019\/10\/tr2.png?resize=350%2C200 1x, https:\/\/i0.wp.com\/www.fabriceeulry-laboutique.com\/blog\/wp-content\/uploads\/2019\/10\/tr2.png?resize=525%2C300 1.5x"},"classes":[]}],"_links":{"self":[{"href":"http:\/\/www.fabriceeulry-laboutique.com\/blog\/index.php?rest_route=\/wp\/v2\/posts\/4243","targetHints":{"allow":["GET"]}}],"collection":[{"href":"http:\/\/www.fabriceeulry-laboutique.com\/blog\/index.php?rest_route=\/wp\/v2\/posts"}],"about":[{"href":"http:\/\/www.fabriceeulry-laboutique.com\/blog\/index.php?rest_route=\/wp\/v2\/types\/post"}],"author":[{"embeddable":true,"href":"http:\/\/www.fabriceeulry-laboutique.com\/blog\/index.php?rest_route=\/wp\/v2\/users\/2"}],"replies":[{"embeddable":true,"href":"http:\/\/www.fabriceeulry-laboutique.com\/blog\/index.php?rest_route=%2Fwp%2Fv2%2Fcomments&post=4243"}],"version-history":[{"count":10,"href":"http:\/\/www.fabriceeulry-laboutique.com\/blog\/index.php?rest_route=\/wp\/v2\/posts\/4243\/revisions"}],"predecessor-version":[{"id":8239,"href":"http:\/\/www.fabriceeulry-laboutique.com\/blog\/index.php?rest_route=\/wp\/v2\/posts\/4243\/revisions\/8239"}],"wp:attachment":[{"href":"http:\/\/www.fabriceeulry-laboutique.com\/blog\/index.php?rest_route=%2Fwp%2Fv2%2Fmedia&parent=4243"}],"wp:term":[{"taxonomy":"category","embeddable":true,"href":"http:\/\/www.fabriceeulry-laboutique.com\/blog\/index.php?rest_route=%2Fwp%2Fv2%2Fcategories&post=4243"},{"taxonomy":"post_tag","embeddable":true,"href":"http:\/\/www.fabriceeulry-laboutique.com\/blog\/index.php?rest_route=%2Fwp%2Fv2%2Ftags&post=4243"}],"curies":[{"name":"wp","href":"https:\/\/api.w.org\/{rel}","templated":true}]}}