{"id":4270,"date":"2014-01-01T21:51:54","date_gmt":"2014-01-01T21:51:54","guid":{"rendered":"http:\/\/www.fabriceeulry-laboutique.com\/blog\/?p=4270"},"modified":"2018-12-13T06:00:48","modified_gmt":"2018-12-13T06:00:48","slug":"2014","status":"publish","type":"post","link":"http:\/\/www.fabriceeulry-laboutique.com\/blog\/?p=4270","title":{"rendered":"2014"},"content":{"rendered":"<div id=\"yui_3_13_0_ym1_1_1388612745788_4489\">A vous je souhaiterai l&rsquo;ann\u00e9e belle et paisible<\/div>\n<div id=\"yui_3_13_0_ym1_1_1388612745788_4488\">Si chacun garde raison sans se tromper de cible<\/div>\n<div id=\"yui_3_13_0_ym1_1_1388612745788_4487\">Souhaitant que les Beauvau et les ministres \u00e2nes<\/div>\n<div id=\"yui_3_13_0_ym1_1_1388612745788_4478\">Ne Cachent point faillite sous quenelles et bananes<\/div>\n<div id=\"yui_3_13_0_ym1_1_1388612745788_4477\"><\/div>\n<div id=\"yui_3_13_0_ym1_1_1388612745788_4476\">Jetez votre t\u00e9l\u00e9 et vos accoutumances<\/div>\n<div id=\"yui_3_13_0_ym1_1_1388612745788_4475\">Adoptez la musique comme cure de jouvence<\/div>\n<div id=\"yui_3_13_0_ym1_1_1388612745788_4247\">Retournez aux valeurs les plus fondamentales<\/div>\n<div id=\"yui_3_13_0_ym1_1_1388612745788_4479\">Piano et m\u00e9lodies ne vous feront pas mal<\/div>\n<div id=\"yui_3_13_0_ym1_1_1388612745788_4480\"><\/div>\n<div id=\"yui_3_13_0_ym1_1_1388612745788_4242\">Vous voil\u00e0 convertis \u00e0 l&rsquo;id\u00e9ologie<\/div>\n<div id=\"yui_3_13_0_ym1_1_1388612745788_4481\">Du parti des pianistes de la douceur de vie<\/div>\n<div id=\"yui_3_13_0_ym1_1_1388612745788_4482\">Votre nouveau gourou vous parle et vous \u00e9crit<\/div>\n<div id=\"yui_3_13_0_ym1_1_1388612745788_4483\">\u00ab\u00a0Venez tous aux concerts applaudir Ma\u00eetre Eulry\u00a0\u00bb<\/div>\n","protected":false},"excerpt":{"rendered":"<p>A vous je souhaiterai l&rsquo;ann\u00e9e belle et paisible Si chacun garde raison sans se tromper de cible Souhaitant que les Beauvau et les ministres \u00e2nes Ne Cachent point faillite sous quenelles et bananes Jetez votre t\u00e9l\u00e9 et vos accoutumances Adoptez &hellip; <a href=\"http:\/\/www.fabriceeulry-laboutique.com\/blog\/?p=4270\">Continuer la lecture <span class=\"meta-nav\">&rarr;<\/span><\/a><\/p>\n","protected":false},"author":2,"featured_media":0,"comment_status":"open","ping_status":"open","sticky":false,"template":"","format":"standard","meta":{"jetpack_post_was_ever_published":false,"_jetpack_newsletter_access":"","_jetpack_dont_email_post_to_subs":true,"_jetpack_newsletter_tier_id":0,"_jetpack_memberships_contains_paywalled_content":false,"_jetpack_memberships_contains_paid_content":false,"footnotes":"","jetpack_publicize_message":"","jetpack_publicize_feature_enabled":true,"jetpack_social_post_already_shared":false,"jetpack_social_options":{"image_generator_settings":{"template":"highway","default_image_id":0,"font":"","enabled":false},"version":2}},"categories":[1],"tags":[15],"class_list":["post-4270","post","type-post","status-publish","format-standard","hentry","category-non-classe","tag-art"],"jetpack_publicize_connections":[],"jetpack_featured_media_url":"","jetpack_sharing_enabled":true,"jetpack_shortlink":"https:\/\/wp.me\/s2D6dI-2014","jetpack_likes_enabled":true,"jetpack-related-posts":[{"id":8094,"url":"http:\/\/www.fabriceeulry-laboutique.com\/blog\/?p=8094","url_meta":{"origin":4270,"position":0},"title":"DITES NON (SUITE) DE LA MANIERE DONT LA BOETIE L&rsquo;EXPRIME","author":"Le Canard du pianiste","date":"6 f\u00e9vrier 2016","format":false,"excerpt":"Comme quoi, les fatalistes ont encore eu tort.\u00a0 Ce projet lamentable recule : (Lire l'article complet sur le site du Parisien) \"Pauvres gens mis\u00e9rables, peuples insens\u00e9s, nations opini\u00e2tres \u00e0 votre mal et aveugles \u00e0 votre bien ! Vous vous laissez enlever sous vos yeux le plus beau et le plus\u2026","rel":"","context":"Dans &quot;Non class\u00e9&quot;","block_context":{"text":"Non class\u00e9","link":"http:\/\/www.fabriceeulry-laboutique.com\/blog\/?cat=1"},"img":{"alt_text":"","src":"https:\/\/i0.wp.com\/www.fabriceeulry-laboutique.com\/blog\/wp-content\/uploads\/2016\/02\/pub-1.jpg?resize=350%2C200","width":350,"height":200,"srcset":"https:\/\/i0.wp.com\/www.fabriceeulry-laboutique.com\/blog\/wp-content\/uploads\/2016\/02\/pub-1.jpg?resize=350%2C200 1x, https:\/\/i0.wp.com\/www.fabriceeulry-laboutique.com\/blog\/wp-content\/uploads\/2016\/02\/pub-1.jpg?resize=525%2C300 1.5x"},"classes":[]},{"id":12594,"url":"http:\/\/www.fabriceeulry-laboutique.com\/blog\/?p=12594","url_meta":{"origin":4270,"position":1},"title":"MINIMARE DE NO\u00cbL","author":"Le Canard du pianiste","date":"24 d\u00e9cembre 2021","format":false,"excerpt":"\"Chers amis m\u00e9lomanes, Pour vous remonter le moral et que vous passiez malgr\u00e9 tout un joyeux No\u00ebl, voici une petite anecdote : La ministre Am\u00e9lie de Montchalin, dont depuis 5 longues ann\u00e9es nous subissons la vacuit\u00e9 (mais aussi la violence dissimul\u00e9e sous ses airs douce\u00e2tres) s'\u00e9tant d\u00e9clarant sur RMC pour\u2026","rel":"","context":"Dans &quot;Non class\u00e9&quot;","block_context":{"text":"Non class\u00e9","link":"http:\/\/www.fabriceeulry-laboutique.com\/blog\/?cat=1"},"img":{"alt_text":"","src":"https:\/\/i0.wp.com\/www.fabriceeulry-laboutique.com\/blog\/wp-content\/uploads\/2021\/12\/Capture-de%CC%81cran-2021-12-24-a%CC%80-00.39.43.png?resize=350%2C200","width":350,"height":200},"classes":[]},{"id":7793,"url":"http:\/\/www.fabriceeulry-laboutique.com\/blog\/?p=7793","url_meta":{"origin":4270,"position":2},"title":"CENSURE EN AMONT","author":"Le Canard du pianiste","date":"31 octobre 2015","format":false,"excerpt":"Inqui\u00e9tant black-out m\u00e9diatique sur notre p\u00e9tition cholest\u00e9rol Chers amis, Rien. Z\u00e9ro. Nada. Nous sommes 247 000 mais\u00a0c\u2019est comme si vous et moi n\u2019existions pas. Aucune t\u00e9l\u00e9vision, radio, journal n\u2019a pour l\u2019instant \u00e9voqu\u00e9 notre p\u00e9tition sur les m\u00e9dicaments anti-cholest\u00e9rol. Il s\u2019agit pourtant d\u2019un enjeu prioritaire de sant\u00e9 publique. Six millions de\u2026","rel":"","context":"Dans &quot;Non class\u00e9&quot;","block_context":{"text":"Non class\u00e9","link":"http:\/\/www.fabriceeulry-laboutique.com\/blog\/?cat=1"},"img":{"alt_text":"","src":"","width":0,"height":0},"classes":[]},{"id":12518,"url":"http:\/\/www.fabriceeulry-laboutique.com\/blog\/?p=12518","url_meta":{"origin":4270,"position":3},"title":"JOUER POUR LES ANCIENS MALGR\u00c9 TOUT","author":"Le Canard du pianiste","date":"14 mars 2021","format":false,"excerpt":"R\u00e9sonnance France ne l\u00e2che rien ! Et continue malgr\u00e9 tout, ses concerts de solidarit\u00e9 en maison de retraite partout o\u00f9 cela est possible. Travailler sur le terrain des maisons de retraite et interroger le personnel permet de le constater : Les restrictions sanitaires sont des d\u00e9cisions politiques ou technocratiques qui\u2026","rel":"","context":"Dans &quot;Non class\u00e9&quot;","block_context":{"text":"Non class\u00e9","link":"http:\/\/www.fabriceeulry-laboutique.com\/blog\/?cat=1"},"img":{"alt_text":"","src":"https:\/\/i0.wp.com\/www.fabriceeulry-laboutique.com\/blog\/wp-content\/uploads\/2021\/03\/caselles2021.png?resize=350%2C200","width":350,"height":200,"srcset":"https:\/\/i0.wp.com\/www.fabriceeulry-laboutique.com\/blog\/wp-content\/uploads\/2021\/03\/caselles2021.png?resize=350%2C200 1x, https:\/\/i0.wp.com\/www.fabriceeulry-laboutique.com\/blog\/wp-content\/uploads\/2021\/03\/caselles2021.png?resize=525%2C300 1.5x, https:\/\/i0.wp.com\/www.fabriceeulry-laboutique.com\/blog\/wp-content\/uploads\/2021\/03\/caselles2021.png?resize=700%2C400 2x"},"classes":[]},{"id":7378,"url":"http:\/\/www.fabriceeulry-laboutique.com\/blog\/?p=7378","url_meta":{"origin":4270,"position":4},"title":"L&rsquo;IPSN ECRIT AU CANARD","author":"Le Canard du pianiste","date":"4 ao\u00fbt 2015","format":false,"excerpt":"Supermarch\u00e9 : cet ami qui vous envahit Ch\u00e8re amie, cher ami, Notre supermarch\u00e9 est un proche. C'est comme un ami. On va le voir souvent, surtout s'il nous manque quelque chose. Sa pr\u00e9sence nous rassure. S'il est \u00e0 court de produits, on r\u00e2le, s'il ferme c'est la panique. Et pourtant,\u2026","rel":"","context":"Dans &quot;Non class\u00e9&quot;","block_context":{"text":"Non class\u00e9","link":"http:\/\/www.fabriceeulry-laboutique.com\/blog\/?cat=1"},"img":{"alt_text":"","src":"","width":0,"height":0},"classes":[]},{"id":4746,"url":"http:\/\/www.fabriceeulry-laboutique.com\/blog\/?p=4746","url_meta":{"origin":4270,"position":5},"title":"PRENEZ UN AVOCAT !","author":"Le Canard du pianiste","date":"27 mars 2014","format":false,"excerpt":"Le fruit magique contre le vieillissement cellulaire Vous entendez beaucoup parler des \u00ab\u00a0radicaux libres\u00a0\u00bb, ces mol\u00e9cules agressives qui attaquent vos cellules, et m\u00eame votre ADN. Ils acc\u00e9l\u00e8rent le vieillissement et contribuent \u00e0 d\u00e9clencher de nombreuses maladies li\u00e9es \u00e0 l'\u00e2ge, comme l'ath\u00e9roscl\u00e9rose, les probl\u00e8mes de vue, les d\u00e9mences, et le cancer.\u00a0\u2026","rel":"","context":"Dans &quot;Non class\u00e9&quot;","block_context":{"text":"Non class\u00e9","link":"http:\/\/www.fabriceeulry-laboutique.com\/blog\/?cat=1"},"img":{"alt_text":"","src":"","width":0,"height":0},"classes":[]}],"_links":{"self":[{"href":"http:\/\/www.fabriceeulry-laboutique.com\/blog\/index.php?rest_route=\/wp\/v2\/posts\/4270","targetHints":{"allow":["GET"]}}],"collection":[{"href":"http:\/\/www.fabriceeulry-laboutique.com\/blog\/index.php?rest_route=\/wp\/v2\/posts"}],"about":[{"href":"http:\/\/www.fabriceeulry-laboutique.com\/blog\/index.php?rest_route=\/wp\/v2\/types\/post"}],"author":[{"embeddable":true,"href":"http:\/\/www.fabriceeulry-laboutique.com\/blog\/index.php?rest_route=\/wp\/v2\/users\/2"}],"replies":[{"embeddable":true,"href":"http:\/\/www.fabriceeulry-laboutique.com\/blog\/index.php?rest_route=%2Fwp%2Fv2%2Fcomments&post=4270"}],"version-history":[{"count":2,"href":"http:\/\/www.fabriceeulry-laboutique.com\/blog\/index.php?rest_route=\/wp\/v2\/posts\/4270\/revisions"}],"predecessor-version":[{"id":11333,"href":"http:\/\/www.fabriceeulry-laboutique.com\/blog\/index.php?rest_route=\/wp\/v2\/posts\/4270\/revisions\/11333"}],"wp:attachment":[{"href":"http:\/\/www.fabriceeulry-laboutique.com\/blog\/index.php?rest_route=%2Fwp%2Fv2%2Fmedia&parent=4270"}],"wp:term":[{"taxonomy":"category","embeddable":true,"href":"http:\/\/www.fabriceeulry-laboutique.com\/blog\/index.php?rest_route=%2Fwp%2Fv2%2Fcategories&post=4270"},{"taxonomy":"post_tag","embeddable":true,"href":"http:\/\/www.fabriceeulry-laboutique.com\/blog\/index.php?rest_route=%2Fwp%2Fv2%2Ftags&post=4270"}],"curies":[{"name":"wp","href":"https:\/\/api.w.org\/{rel}","templated":true}]}}