{"id":4295,"date":"2014-01-10T11:55:34","date_gmt":"2014-01-10T11:55:34","guid":{"rendered":"http:\/\/www.fabriceeulry-laboutique.com\/blog\/?p=4295"},"modified":"2018-12-13T05:58:11","modified_gmt":"2018-12-13T05:58:11","slug":"le-meilleur-des-mondes","status":"publish","type":"post","link":"http:\/\/www.fabriceeulry-laboutique.com\/blog\/?p=4295","title":{"rendered":"LE \u00ab\u00a0MEILLEUR\u00a0\u00bb DES MONDES"},"content":{"rendered":"<h2 style=\"text-align: center;\"><span style=\"color: #000000;\"><strong>Le \u00ab\u00a0meilleur des mondes\u00a0\u00bb c&rsquo;est celui o\u00f9 le silence n&rsquo;est plus l\u00e0 pour donner par contraste, sa valeur \u00e0 la musique<\/strong><\/span><\/h2>\n<p><a href=\"https:\/\/i0.wp.com\/www.fabriceeulry-laboutique.com\/blog\/wp-content\/uploads\/2014\/01\/hux.jpg\"><img data-recalc-dims=\"1\" loading=\"lazy\" decoding=\"async\" class=\"alignright size-full wp-image-8735\" src=\"https:\/\/i0.wp.com\/www.fabriceeulry-laboutique.com\/blog\/wp-content\/uploads\/2014\/01\/hux.jpg?resize=288%2C182\" alt=\"hux\" width=\"288\" height=\"182\" \/><\/a><\/p>\n<h2 style=\"text-align: center;\"><span style=\"color: #000000;\"><strong>Voici ce qu&rsquo;\u00e9crivait l&rsquo;auteur du proph\u00e9tique \u00ab\u00a0Meilleur des mondes\u00a0\u00bb en 1939 :<\/strong><\/span><\/h2>\n<p><a href=\"https:\/\/i0.wp.com\/www.fabriceeulry-laboutique.com\/blog\/wp-content\/uploads\/2014\/01\/huxley.jpg\"><img data-recalc-dims=\"1\" loading=\"lazy\" decoding=\"async\" class=\"alignnone size-full wp-image-4297\" title=\"huxley\" src=\"https:\/\/i0.wp.com\/www.fabriceeulry-laboutique.com\/blog\/wp-content\/uploads\/2014\/01\/huxley.jpg?resize=640%2C420\" alt=\"\" width=\"640\" height=\"420\" srcset=\"https:\/\/i0.wp.com\/www.fabriceeulry-laboutique.com\/blog\/wp-content\/uploads\/2014\/01\/huxley.jpg?w=772 772w, https:\/\/i0.wp.com\/www.fabriceeulry-laboutique.com\/blog\/wp-content\/uploads\/2014\/01\/huxley.jpg?resize=300%2C197 300w\" sizes=\"auto, (max-width: 640px) 100vw, 640px\" \/><\/a><\/p>\n<p>&nbsp;<\/p>\n<p>&nbsp;<\/p>\n","protected":false},"excerpt":{"rendered":"<p>Le \u00ab\u00a0meilleur des mondes\u00a0\u00bb c&rsquo;est celui o\u00f9 le silence n&rsquo;est plus l\u00e0 pour donner par contraste, sa valeur \u00e0 la musique Voici ce qu&rsquo;\u00e9crivait l&rsquo;auteur du proph\u00e9tique \u00ab\u00a0Meilleur des mondes\u00a0\u00bb en 1939 : &nbsp; &nbsp;<\/p>\n","protected":false},"author":2,"featured_media":0,"comment_status":"open","ping_status":"open","sticky":false,"template":"","format":"standard","meta":{"jetpack_post_was_ever_published":false,"_jetpack_newsletter_access":"","_jetpack_dont_email_post_to_subs":true,"_jetpack_newsletter_tier_id":0,"_jetpack_memberships_contains_paywalled_content":false,"_jetpack_memberships_contains_paid_content":false,"footnotes":"","jetpack_publicize_message":"","jetpack_publicize_feature_enabled":true,"jetpack_social_post_already_shared":false,"jetpack_social_options":{"image_generator_settings":{"template":"highway","default_image_id":0,"font":"","enabled":false},"version":2}},"categories":[1],"tags":[36],"class_list":["post-4295","post","type-post","status-publish","format-standard","hentry","category-non-classe","tag-divers"],"jetpack_publicize_connections":[],"jetpack_featured_media_url":"","jetpack_sharing_enabled":true,"jetpack_shortlink":"https:\/\/wp.me\/p2D6dI-17h","jetpack_likes_enabled":true,"jetpack-related-posts":[{"id":7107,"url":"http:\/\/www.fabriceeulry-laboutique.com\/blog\/?p=7107","url_meta":{"origin":4295,"position":0},"title":"LA CLE DE LA PAIX","author":"Le Canard du pianiste","date":"15 juin 2015","format":false,"excerpt":"Un homme cultiv\u00e9 nous explique enfin pourquoi les Chr\u00e9tiens d'Orient sont menac\u00e9s de disparition : Ils sont le lien entre Orient et Occident. Et dans le contexte de conflit frontal consenti entre les deux mondes qui se dessine, leur inutilit\u00e9 les livrerait tragiquement \u00e0 l'abandon, en en faisant des \"Hommes\u2026","rel":"","context":"Dans &quot;Non class\u00e9&quot;","block_context":{"text":"Non class\u00e9","link":"http:\/\/www.fabriceeulry-laboutique.com\/blog\/?cat=1"},"img":{"alt_text":"","src":"https:\/\/i0.wp.com\/www.fabriceeulry-laboutique.com\/blog\/wp-content\/uploads\/2015\/06\/colisi-.jpg?resize=350%2C200","width":350,"height":200,"srcset":"https:\/\/i0.wp.com\/www.fabriceeulry-laboutique.com\/blog\/wp-content\/uploads\/2015\/06\/colisi-.jpg?resize=350%2C200 1x, https:\/\/i0.wp.com\/www.fabriceeulry-laboutique.com\/blog\/wp-content\/uploads\/2015\/06\/colisi-.jpg?resize=525%2C300 1.5x, https:\/\/i0.wp.com\/www.fabriceeulry-laboutique.com\/blog\/wp-content\/uploads\/2015\/06\/colisi-.jpg?resize=700%2C400 2x"},"classes":[]},{"id":13323,"url":"http:\/\/www.fabriceeulry-laboutique.com\/blog\/?p=13323","url_meta":{"origin":4295,"position":1},"title":"SALLE CORTOT : CONCERT DE SOUTIEN !","author":"Le Canard du pianiste","date":"1 septembre 2025","format":false,"excerpt":"Un petit t\u00e9moignage de Fabrice Eulry : \"Le dimanche 23 novembre prochain, Elizabeth Sombart va encore remplir la salle Cortot et donner de sa personne avec un nouveau et fulgurant programme, pour un r\u00e9cital de soutien \u00e0 R\u00e9sonnance France. Je l'ai entendue samedi dernier dans une incroyable sonate de Schubert\u2026","rel":"","context":"Dans &quot;Non class\u00e9&quot;","block_context":{"text":"Non class\u00e9","link":"http:\/\/www.fabriceeulry-laboutique.com\/blog\/?cat=1"},"img":{"alt_text":"","src":"https:\/\/i0.wp.com\/www.fabriceeulry-laboutique.com\/blog\/wp-content\/uploads\/2025\/09\/CORTOT-23-NOV-2025-1.png?resize=350%2C200","width":350,"height":200,"srcset":"https:\/\/i0.wp.com\/www.fabriceeulry-laboutique.com\/blog\/wp-content\/uploads\/2025\/09\/CORTOT-23-NOV-2025-1.png?resize=350%2C200 1x, https:\/\/i0.wp.com\/www.fabriceeulry-laboutique.com\/blog\/wp-content\/uploads\/2025\/09\/CORTOT-23-NOV-2025-1.png?resize=525%2C300 1.5x, https:\/\/i0.wp.com\/www.fabriceeulry-laboutique.com\/blog\/wp-content\/uploads\/2025\/09\/CORTOT-23-NOV-2025-1.png?resize=700%2C400 2x"},"classes":[]},{"id":1669,"url":"http:\/\/www.fabriceeulry-laboutique.com\/blog\/?p=1669","url_meta":{"origin":4295,"position":2},"title":"UN BON VIEUX ROCKER ALCOOLIQUE EN BOURGOGNE (CHRONIQUE)","author":"Le Canard du pianiste","date":"5 janvier 2013","format":false,"excerpt":"C'\u00e9tait le 5 d\u00e9cembre 2012 \u00e0 Beaune. Juste apr\u00e8s le glissando qui termine le premier mouvement du boogie-expiatoire. Il s'agissait pour Philippe L\u00e9glise que nous remercions au passage pour la photo, d'\u00eatre sur le qui-vive : en effet, cette s\u00e9quence dure le temps d'un demi-soupir, contrairement \u00e0 ce que sugg\u00e8re\u2026","rel":"","context":"Dans &quot;Non class\u00e9&quot;","block_context":{"text":"Non class\u00e9","link":"http:\/\/www.fabriceeulry-laboutique.com\/blog\/?cat=1"},"img":{"alt_text":"","src":"https:\/\/i0.wp.com\/www.fabriceeulry-laboutique.com\/blog\/wp-content\/uploads\/2013\/01\/rocker-alcoolique-DSC_1570-1024x678.jpg?resize=350%2C200","width":350,"height":200,"srcset":"https:\/\/i0.wp.com\/www.fabriceeulry-laboutique.com\/blog\/wp-content\/uploads\/2013\/01\/rocker-alcoolique-DSC_1570-1024x678.jpg?resize=350%2C200 1x, https:\/\/i0.wp.com\/www.fabriceeulry-laboutique.com\/blog\/wp-content\/uploads\/2013\/01\/rocker-alcoolique-DSC_1570-1024x678.jpg?resize=525%2C300 1.5x"},"classes":[]},{"id":8263,"url":"http:\/\/www.fabriceeulry-laboutique.com\/blog\/?p=8263","url_meta":{"origin":4295,"position":3},"title":"LA SPIRULINE PIRE ENNEMI DE LA FAMINE ET MEILLEUR AMI DE LA SANTE (VIDEO)","author":"Le Canard du pianiste","date":"11 mars 2016","format":false,"excerpt":"La spiruline est vieille comme le monde.D\u00e9couverte au Tchad dans les ann\u00e9es 1970,\u00a0La spiruline est capable de r\u00e9soudre le probl\u00e8me des grandes famines mais aussi un atout essentiel\u00a0pour le syst\u00e8me immunitaire. Elle est \u00e0 pr\u00e9sent pr\u00e9par\u00e9e en Provence.\u00a0 Un petit film ensoleill\u00e9, illustr\u00e9 par la musique de Django Reinhardt, nous\u2026","rel":"","context":"Dans &quot;Non class\u00e9&quot;","block_context":{"text":"Non class\u00e9","link":"http:\/\/www.fabriceeulry-laboutique.com\/blog\/?cat=1"},"img":{"alt_text":"","src":"https:\/\/i0.wp.com\/www.fabriceeulry-laboutique.com\/blog\/wp-content\/uploads\/2016\/03\/sp-2.jpg?resize=350%2C200","width":350,"height":200,"srcset":"https:\/\/i0.wp.com\/www.fabriceeulry-laboutique.com\/blog\/wp-content\/uploads\/2016\/03\/sp-2.jpg?resize=350%2C200 1x, https:\/\/i0.wp.com\/www.fabriceeulry-laboutique.com\/blog\/wp-content\/uploads\/2016\/03\/sp-2.jpg?resize=525%2C300 1.5x"},"classes":[]},{"id":2019,"url":"http:\/\/www.fabriceeulry-laboutique.com\/blog\/?p=2019","url_meta":{"origin":4295,"position":4},"title":"L&rsquo;INVENTION DU SAXOPHONE.","author":"Le Canard du pianiste","date":"7 f\u00e9vrier 2013","format":false,"excerpt":"2014 : l'ann\u00e9e du Saxophone avec SAXOMANIA Saviez-vous que c'est\u00a0Antoine-Joseph Sax\u00a0mieux connu sous le nom d'Adolphe Sax qui inventa le saxophone ? N\u00e9 le 6 novembre 1814 (Dinant\/Belgique), il est tout d\u2019abord ma\u00eetre de clarinette \u00e0 tel point qu'il est interdit de concours dans son pays. Son saxophone sera brevet\u00e9\u2026","rel":"","context":"Dans &quot;Non class\u00e9&quot;","block_context":{"text":"Non class\u00e9","link":"http:\/\/www.fabriceeulry-laboutique.com\/blog\/?cat=1"},"img":{"alt_text":"backtolive.jpg","src":"https:\/\/i0.wp.com\/fabriceeulryunblogfr.unblog.fr\/files\/2010\/07\/backtolive.jpg?resize=350%2C200","width":350,"height":200},"classes":[]},{"id":2694,"url":"http:\/\/www.fabriceeulry-laboutique.com\/blog\/?p=2694","url_meta":{"origin":4295,"position":5},"title":"HAPPY THREE FRIENDS ET RESPECT DE LA LOI","author":"Le Canard du pianiste","date":"16 mai 2013","format":false,"excerpt":"\u00a0Une vid\u00e9o excellente dans la veine de l'humour noir des Happy three friends, \u00e0 regarder absolument avant de poster n'importe quoi sur Youtube. Cette vid\u00e9o intelligente \u00e0 but didactique \u00e9t\u00e9 visionn\u00e9e plus de trois millions de fois notamment parce que Youtube demande \u00e0 quiconque voulant mettre en ligne, de respecter\u2026","rel":"","context":"Dans &quot;Non class\u00e9&quot;","block_context":{"text":"Non class\u00e9","link":"http:\/\/www.fabriceeulry-laboutique.com\/blog\/?cat=1"},"img":{"alt_text":"","src":"https:\/\/i0.wp.com\/www.fabriceeulry-laboutique.com\/blog\/wp-content\/uploads\/2013\/05\/Pirate-300x163.png?resize=350%2C200","width":350,"height":200},"classes":[]}],"_links":{"self":[{"href":"http:\/\/www.fabriceeulry-laboutique.com\/blog\/index.php?rest_route=\/wp\/v2\/posts\/4295","targetHints":{"allow":["GET"]}}],"collection":[{"href":"http:\/\/www.fabriceeulry-laboutique.com\/blog\/index.php?rest_route=\/wp\/v2\/posts"}],"about":[{"href":"http:\/\/www.fabriceeulry-laboutique.com\/blog\/index.php?rest_route=\/wp\/v2\/types\/post"}],"author":[{"embeddable":true,"href":"http:\/\/www.fabriceeulry-laboutique.com\/blog\/index.php?rest_route=\/wp\/v2\/users\/2"}],"replies":[{"embeddable":true,"href":"http:\/\/www.fabriceeulry-laboutique.com\/blog\/index.php?rest_route=%2Fwp%2Fv2%2Fcomments&post=4295"}],"version-history":[{"count":9,"href":"http:\/\/www.fabriceeulry-laboutique.com\/blog\/index.php?rest_route=\/wp\/v2\/posts\/4295\/revisions"}],"predecessor-version":[{"id":8736,"href":"http:\/\/www.fabriceeulry-laboutique.com\/blog\/index.php?rest_route=\/wp\/v2\/posts\/4295\/revisions\/8736"}],"wp:attachment":[{"href":"http:\/\/www.fabriceeulry-laboutique.com\/blog\/index.php?rest_route=%2Fwp%2Fv2%2Fmedia&parent=4295"}],"wp:term":[{"taxonomy":"category","embeddable":true,"href":"http:\/\/www.fabriceeulry-laboutique.com\/blog\/index.php?rest_route=%2Fwp%2Fv2%2Fcategories&post=4295"},{"taxonomy":"post_tag","embeddable":true,"href":"http:\/\/www.fabriceeulry-laboutique.com\/blog\/index.php?rest_route=%2Fwp%2Fv2%2Ftags&post=4295"}],"curies":[{"name":"wp","href":"https:\/\/api.w.org\/{rel}","templated":true}]}}