{"id":4330,"date":"2014-01-17T23:58:04","date_gmt":"2014-01-17T23:58:04","guid":{"rendered":"http:\/\/www.fabriceeulry-laboutique.com\/blog\/?p=4330"},"modified":"2018-12-13T05:57:56","modified_gmt":"2018-12-13T05:57:56","slug":"ecoutez-francois-rilhac","status":"publish","type":"post","link":"http:\/\/www.fabriceeulry-laboutique.com\/blog\/?p=4330","title":{"rendered":"ECOUTEZ FRANCOIS RILHAC"},"content":{"rendered":"<p>Oui ! Ecoutez-le d&rsquo;abord ! Je ferai des commentaires ensuite. F.E.<\/p>\n<p><a href=\"http:\/\/www.youtube.com\/watch?v=KuTgb9iAsA8\"><img data-recalc-dims=\"1\" loading=\"lazy\" decoding=\"async\" class=\"alignnone size-full wp-image-4331\" title=\"Fran\u00e7ois Rilhac\" src=\"https:\/\/i0.wp.com\/www.fabriceeulry-laboutique.com\/blog\/wp-content\/uploads\/2014\/01\/Fran%C3%A7ois-Rilhac.jpg?resize=640%2C360\" alt=\"\" width=\"640\" height=\"360\" srcset=\"https:\/\/i0.wp.com\/www.fabriceeulry-laboutique.com\/blog\/wp-content\/uploads\/2014\/01\/Fran%C3%A7ois-Rilhac.jpg?w=785 785w, https:\/\/i0.wp.com\/www.fabriceeulry-laboutique.com\/blog\/wp-content\/uploads\/2014\/01\/Fran%C3%A7ois-Rilhac.jpg?resize=300%2C168 300w\" sizes=\"auto, (max-width: 640px) 100vw, 640px\" \/><\/a><\/p>\n<p>&nbsp;<\/p>\n","protected":false},"excerpt":{"rendered":"<p>Oui ! Ecoutez-le d&rsquo;abord ! Je ferai des commentaires ensuite. F.E. &nbsp;<\/p>\n","protected":false},"author":2,"featured_media":0,"comment_status":"open","ping_status":"open","sticky":false,"template":"","format":"standard","meta":{"jetpack_post_was_ever_published":false,"_jetpack_newsletter_access":"","_jetpack_dont_email_post_to_subs":true,"_jetpack_newsletter_tier_id":0,"_jetpack_memberships_contains_paywalled_content":false,"_jetpack_memberships_contains_paid_content":false,"footnotes":"","jetpack_publicize_message":"","jetpack_publicize_feature_enabled":true,"jetpack_social_post_already_shared":false,"jetpack_social_options":{"image_generator_settings":{"template":"highway","default_image_id":0,"font":"","enabled":false},"version":2}},"categories":[1],"tags":[31],"class_list":["post-4330","post","type-post","status-publish","format-standard","hentry","category-non-classe","tag-piano"],"jetpack_publicize_connections":[],"jetpack_featured_media_url":"","jetpack_sharing_enabled":true,"jetpack_shortlink":"https:\/\/wp.me\/p2D6dI-17Q","jetpack_likes_enabled":true,"jetpack-related-posts":[{"id":6833,"url":"http:\/\/www.fabriceeulry-laboutique.com\/blog\/?p=6833","url_meta":{"origin":4330,"position":0},"title":"CONCERT EN MAISON DE RETRAITE","author":"Le Canard du pianiste","date":"2 mai 2015","format":false,"excerpt":"...Avec les \u00e9l\u00e8ves de la mast\u00e8re classe : Apr\u00e8s des heures de travail, sur les accords, d'encha\u00eenement des harmonies, mais surtout de jeu concret, nous nous rendons dans une maison de retraite o\u00f9 nous sommes attendus pour donner un concert. Apr\u00e8s quelques oeuvres de Bach, quelques valses parisiennes, et un\u2026","rel":"","context":"Dans &quot;Non class\u00e9&quot;","block_context":{"text":"Non class\u00e9","link":"http:\/\/www.fabriceeulry-laboutique.com\/blog\/?cat=1"},"img":{"alt_text":"","src":"https:\/\/i0.wp.com\/www.fabriceeulry-laboutique.com\/blog\/wp-content\/uploads\/2015\/05\/mast-.jpg?resize=350%2C200","width":350,"height":200,"srcset":"https:\/\/i0.wp.com\/www.fabriceeulry-laboutique.com\/blog\/wp-content\/uploads\/2015\/05\/mast-.jpg?resize=350%2C200 1x, https:\/\/i0.wp.com\/www.fabriceeulry-laboutique.com\/blog\/wp-content\/uploads\/2015\/05\/mast-.jpg?resize=525%2C300 1.5x, https:\/\/i0.wp.com\/www.fabriceeulry-laboutique.com\/blog\/wp-content\/uploads\/2015\/05\/mast-.jpg?resize=700%2C400 2x"},"classes":[]},{"id":8909,"url":"http:\/\/www.fabriceeulry-laboutique.com\/blog\/?p=8909","url_meta":{"origin":4330,"position":1},"title":"PIANO KILLERS R\u00c9\u00c9DIT\u00c9","author":"Le Canard du pianiste","date":"21 octobre 2016","format":false,"excerpt":"Ecoutez int\u00e9gralement le premier morceau de l'album de Ricky Nye Fabrice Eulry et Renaud Patigny : Ici Patigny & Eulry dans Le faux strip tease pour tous.","rel":"","context":"Dans &quot;Non class\u00e9&quot;","block_context":{"text":"Non class\u00e9","link":"http:\/\/www.fabriceeulry-laboutique.com\/blog\/?cat=1"},"img":{"alt_text":"kil","src":"https:\/\/i0.wp.com\/www.fabriceeulry-laboutique.com\/blog\/wp-content\/uploads\/2015\/10\/kil-.jpg?resize=350%2C200","width":350,"height":200,"srcset":"https:\/\/i0.wp.com\/www.fabriceeulry-laboutique.com\/blog\/wp-content\/uploads\/2015\/10\/kil-.jpg?resize=350%2C200 1x, https:\/\/i0.wp.com\/www.fabriceeulry-laboutique.com\/blog\/wp-content\/uploads\/2015\/10\/kil-.jpg?resize=525%2C300 1.5x"},"classes":[]},{"id":12491,"url":"http:\/\/www.fabriceeulry-laboutique.com\/blog\/?p=12491","url_meta":{"origin":4330,"position":2},"title":"TENEZ BON !","author":"Le Canard du pianiste","date":"10 janvier 2021","format":false,"excerpt":"Le Canard du pianiste souhaitait vous transmettre les voeux de quelques artistes, et notre attention est rest\u00e9e sur la mani\u00e8re circonstanci\u00e9e dont Fabrice Eulry a formul\u00e9 les siens : LE CANARD DU PIANISTE : Maestro, qu'avez-vous \u00e0 dire et \u00e0 souhaiter de particulier aux lecteurs du Canard du pianiste pour\u2026","rel":"","context":"Dans &quot;Non class\u00e9&quot;","block_context":{"text":"Non class\u00e9","link":"http:\/\/www.fabriceeulry-laboutique.com\/blog\/?cat=1"},"img":{"alt_text":"","src":"https:\/\/i0.wp.com\/img.youtube.com\/vi\/YTf3mhBbVrE\/0.jpg?resize=350%2C200","width":350,"height":200},"classes":[]},{"id":2225,"url":"http:\/\/www.fabriceeulry-laboutique.com\/blog\/?p=2225","url_meta":{"origin":4330,"position":3},"title":"QUELQUES CRITIQUES DE F.E. ET SON PIANO FOU","author":"Le Canard du pianiste","date":"28 f\u00e9vrier 2013","format":false,"excerpt":"Artistes :\u00a0Fabrice Eulry Quelques critiques de spectateurs : Note des internautes : 9\/10 avec\u00a030\u00a0critiques 97% \u00a0Bien 3% \u00a0\u00a0Moyen 0% \u00a0\u00a0D\u00e9cu \u00bb \u00a0 fragar\u00a0Inscrit Il y a 10 ans14 critiques Utile: -Royal, Imp\u00e9rial !!! 10\/10 Dionxu rend un v\u00e9ritable hommage \u00e0 Fabrice Eulry, et comme je partage son opinion !! Fabrice\u2026","rel":"","context":"Dans &quot;Non class\u00e9&quot;","block_context":{"text":"Non class\u00e9","link":"http:\/\/www.fabriceeulry-laboutique.com\/blog\/?cat=1"},"img":{"alt_text":"","src":"","width":0,"height":0},"classes":[]},{"id":299,"url":"http:\/\/www.fabriceeulry-laboutique.com\/blog\/?p=299","url_meta":{"origin":4330,"position":4},"title":"ENTREVUE AVEC RENAUD PATIGNY","author":"Le Canard du pianiste","date":"18 septembre 2009","format":false,"excerpt":"\u00a0\u00a0\u00a0Renaud Patigny est un des pianistes les plus populaires de Belgique ! \u00a0\u00a0 Depuis trente\u00a0ann\u00e9es, il joue partout o\u00f9 on l'appelle, \u00e0 Paris, aux Etats-unis, en Italie et bien s\u00fbr, dans la patrie d'Herg\u00e9. Admirateur des pionniers afro-am\u00e9ricains du blues et du boogie-woogie il a \u00e9galement compos\u00e9 une s\u00e9rie de\u2026","rel":"","context":"Dans &quot;Non class\u00e9&quot;","block_context":{"text":"Non class\u00e9","link":"http:\/\/www.fabriceeulry-laboutique.com\/blog\/?cat=1"},"img":{"alt_text":"tritonsdance.jpg","src":"https:\/\/i0.wp.com\/fabriceeulryunblogfr.unblog.fr\/files\/2010\/08\/tritonsdance.vignette.jpg?resize=350%2C200","width":350,"height":200},"classes":[]},{"id":84,"url":"http:\/\/www.fabriceeulry-laboutique.com\/blog\/?p=84","url_meta":{"origin":4330,"position":5},"title":"PHILIPPE BAS NOUS QUITTE","author":"Le Canard du pianiste","date":"2 f\u00e9vrier 2012","format":false,"excerpt":"Pour le souvenir, son site internet : http:\/\/www.pianostride.com C'est aussi une perte pour la musique qu'il si bien servie en jouant inlassablement dans la rue sur son petit piano durant des d\u00e9cennies, dans les rues de Paris, en accompagnant notamment Olivier Franc. Ces derni\u00e8res semaines, l'on pouvait entendre Philippe Bas\u2026","rel":"","context":"Dans &quot;Non class\u00e9&quot;","block_context":{"text":"Non class\u00e9","link":"http:\/\/www.fabriceeulry-laboutique.com\/blog\/?cat=1"},"img":{"alt_text":"","src":"","width":0,"height":0},"classes":[]}],"_links":{"self":[{"href":"http:\/\/www.fabriceeulry-laboutique.com\/blog\/index.php?rest_route=\/wp\/v2\/posts\/4330","targetHints":{"allow":["GET"]}}],"collection":[{"href":"http:\/\/www.fabriceeulry-laboutique.com\/blog\/index.php?rest_route=\/wp\/v2\/posts"}],"about":[{"href":"http:\/\/www.fabriceeulry-laboutique.com\/blog\/index.php?rest_route=\/wp\/v2\/types\/post"}],"author":[{"embeddable":true,"href":"http:\/\/www.fabriceeulry-laboutique.com\/blog\/index.php?rest_route=\/wp\/v2\/users\/2"}],"replies":[{"embeddable":true,"href":"http:\/\/www.fabriceeulry-laboutique.com\/blog\/index.php?rest_route=%2Fwp%2Fv2%2Fcomments&post=4330"}],"version-history":[{"count":4,"href":"http:\/\/www.fabriceeulry-laboutique.com\/blog\/index.php?rest_route=\/wp\/v2\/posts\/4330\/revisions"}],"predecessor-version":[{"id":4334,"href":"http:\/\/www.fabriceeulry-laboutique.com\/blog\/index.php?rest_route=\/wp\/v2\/posts\/4330\/revisions\/4334"}],"wp:attachment":[{"href":"http:\/\/www.fabriceeulry-laboutique.com\/blog\/index.php?rest_route=%2Fwp%2Fv2%2Fmedia&parent=4330"}],"wp:term":[{"taxonomy":"category","embeddable":true,"href":"http:\/\/www.fabriceeulry-laboutique.com\/blog\/index.php?rest_route=%2Fwp%2Fv2%2Fcategories&post=4330"},{"taxonomy":"post_tag","embeddable":true,"href":"http:\/\/www.fabriceeulry-laboutique.com\/blog\/index.php?rest_route=%2Fwp%2Fv2%2Ftags&post=4330"}],"curies":[{"name":"wp","href":"https:\/\/api.w.org\/{rel}","templated":true}]}}