{"id":5148,"date":"2014-09-21T01:52:45","date_gmt":"2014-09-21T01:52:45","guid":{"rendered":"http:\/\/www.fabriceeulry-laboutique.com\/blog\/?p=5148"},"modified":"2018-12-13T06:12:05","modified_gmt":"2018-12-13T06:12:05","slug":"fabrice-eulry-a-lolympia","status":"publish","type":"post","link":"http:\/\/www.fabriceeulry-laboutique.com\/blog\/?p=5148","title":{"rendered":"FABRICE EULRY  A L&rsquo;OLYMPIA  LE 10 SEPTEMBRE 2015"},"content":{"rendered":"<h1><\/h1>\n<p>&nbsp;<\/p>\n<h1 style=\"text-align: center;\">FABRICE EULRY<\/h1>\n<h1 style=\"text-align: center;\"><strong>\u00a0\u00e0<\/strong><\/h1>\n<p><a href=\"https:\/\/i0.wp.com\/www.fabriceeulry-laboutique.com\/blog\/wp-content\/uploads\/2014\/09\/ol-.jpg\"><img data-recalc-dims=\"1\" loading=\"lazy\" decoding=\"async\" class=\"size-full wp-image-5620 aligncenter\" title=\"ol\" src=\"https:\/\/i0.wp.com\/www.fabriceeulry-laboutique.com\/blog\/wp-content\/uploads\/2014\/09\/ol-.jpg?resize=452%2C93\" alt=\"\" width=\"452\" height=\"93\" \/><\/a><\/p>\n<h2 style=\"text-align: center;\"><span style=\"color: #000000;\">\u00a0LE 10 SEPTEMBRE 2015<\/span><\/h2>\n<p><img data-recalc-dims=\"1\" loading=\"lazy\" decoding=\"async\" class=\"aligncenter size-medium wp-image-5149\" title=\"Eulry officielle\" src=\"https:\/\/i0.wp.com\/www.fabriceeulry-laboutique.com\/blog\/wp-content\/uploads\/2014\/06\/Eulry-officielle.jpg?resize=200%2C300\" alt=\"\" width=\"200\" height=\"300\" srcset=\"https:\/\/i0.wp.com\/www.fabriceeulry-laboutique.com\/blog\/wp-content\/uploads\/2014\/06\/Eulry-officielle.jpg?resize=200%2C300 200w, https:\/\/i0.wp.com\/www.fabriceeulry-laboutique.com\/blog\/wp-content\/uploads\/2014\/06\/Eulry-officielle.jpg?resize=682%2C1024 682w, https:\/\/i0.wp.com\/www.fabriceeulry-laboutique.com\/blog\/wp-content\/uploads\/2014\/06\/Eulry-officielle.jpg?w=1280 1280w, https:\/\/i0.wp.com\/www.fabriceeulry-laboutique.com\/blog\/wp-content\/uploads\/2014\/06\/Eulry-officielle.jpg?w=1920 1920w\" sizes=\"auto, (max-width: 200px) 100vw, 200px\" \/><\/p>\n<h1 style=\"text-align: center;\">D\u00e9concerto pour un seul homme<\/h1>\n<h2 style=\"text-align: center;\"><span style=\"color: #000000;\">\u00a0 Merci pour votre exceptionnelle mobilisation \u00e0 J-331 !<\/span><\/h2>\n<h2 style=\"text-align: center;\">\u00a0Vous pouvez b\u00e9n\u00e9ficier de la r\u00e9duction jusqu&rsquo;au 9 novembre<\/h2>\n<h2 id=\"yiv5462782478yui_3_16_0_7_1409864925270_4\" style=\"text-align: center;\"><span style=\"color: #000000;\"><strong>\u00a0Envoyez le\u00a0ch\u00e8que correspondant au nombre de places \u00e0 30 \u20ac que vous voulez r\u00e9server, \u00e0 l&rsquo;ordre de Karavane productions \u00e0 :\u00a0<\/strong><\/span><\/h2>\n<h2 id=\"yiv5462782478yui_3_16_0_7_1409864925270_4\" style=\"text-align: center;\"><span style=\"color: #000000;\"><strong>Karavane productions\u00a0<\/strong><\/span><\/h2>\n<h2 id=\"yiv5462782478yui_3_16_0_7_1409864925270_4\" style=\"text-align: center;\"><span style=\"color: #000000;\"><strong>9 rue Ambroise Par\u00e9<\/strong><\/span><\/h2>\n<p style=\"text-align: center;\"><strong style=\"color: #ff0000; font-size: 1.5em;\">75 010 Paris<\/strong><\/p>\n<h2 style=\"text-align: center;\"><\/h2>\n<p>&nbsp;<\/p>\n<p><a href=\"https:\/\/i0.wp.com\/www.fabriceeulry-laboutique.com\/blog\/wp-content\/uploads\/2014\/06\/Cincy-6.jpg\"><img data-recalc-dims=\"1\" loading=\"lazy\" decoding=\"async\" class=\"aligncenter size-full wp-image-5150\" title=\"Cincy 6\" src=\"https:\/\/i0.wp.com\/www.fabriceeulry-laboutique.com\/blog\/wp-content\/uploads\/2014\/06\/Cincy-6.jpg?resize=640%2C525\" alt=\"\" width=\"640\" height=\"525\" srcset=\"https:\/\/i0.wp.com\/www.fabriceeulry-laboutique.com\/blog\/wp-content\/uploads\/2014\/06\/Cincy-6.jpg?w=744 744w, https:\/\/i0.wp.com\/www.fabriceeulry-laboutique.com\/blog\/wp-content\/uploads\/2014\/06\/Cincy-6.jpg?resize=300%2C245 300w\" sizes=\"auto, (max-width: 640px) 100vw, 640px\" \/><\/a><\/p>\n<h2 id=\"yui_3_16_0_6_1403216802018_10\" style=\"text-align: center;\">Photo \u00a9Tiki Tim (Cincinatti Ohio Etats-unis)<\/h2>\n<h2 id=\"yui_3_16_0_6_1403216802018_10\" style=\"text-align: center;\"><a id=\"yui_3_16_0_6_1403216802018_73\" href=\"https:\/\/www.facebook.com\/tikitim1?fref=ts\">https:\/\/www.facebook.com\/tikitim1?fref=ts<\/a><\/h2>\n<h2>\u00a0 En attendant l&rsquo;OLYMPIA, patientez avec le dvd de Fabrice Eulry \u00e0 BOBINO qui vient d&rsquo;\u00eatre r\u00e9\u00e9dit\u00e9\u00a0<em>(cliquez sur l&rsquo;image pour acc\u00e9der \u00e0 la boutique)<\/em><\/h2>\n<p><strong><em><a href=\"http:\/\/www.fabriceeulry.com\/discographie.html\"> <img data-recalc-dims=\"1\" loading=\"lazy\" decoding=\"async\" class=\"aligncenter\" title=\"Ca\" src=\"https:\/\/i0.wp.com\/www.fabriceeulry-laboutique.com\/blog\/wp-content\/uploads\/2013\/06\/Ca.jpg?resize=130%2C194\" alt=\"\" width=\"130\" height=\"194\" \/><\/a><\/em><\/strong><\/p>\n<h2><strong>\u00a0 En voici d&rsquo;ailleurs un extrait : le final du Vol du bourdon de Rimsky-Korsakov : outre sa touche personnelle, Fabrice Eulry l&rsquo;a adapt\u00e9 pour piano en amalgamant les versions de Vladimir Horowitz, Jack Fina et <a href=\"http:\/\/http:\/\/www.youtube.com\/watch?v=uo37ZlHGvRw\">Winifred Atwell<\/a> (versions boogie-woogie).<\/strong><\/h2>\n<h2 style=\"text-align: center;\"><strong>SOYEZ LA 11 000 \u00e8me PERSONNE A LE VISIONNER !<\/strong><\/h2>\n<p style=\"text-align: center;\"><em>Cliquez sur l&rsquo;image<\/em> <a title=\"https:\/\/www.youtube.com\/watch?v=x5OvdR6Xpwo\" href=\"https:\/\/www.youtube.com\/watch?v=x5OvdR6Xpwo\"><img data-recalc-dims=\"1\" loading=\"lazy\" decoding=\"async\" title=\"Bourdon\" src=\"https:\/\/i0.wp.com\/www.fabriceeulry-laboutique.com\/blog\/wp-content\/uploads\/2014\/07\/Bourdon.jpg?resize=604%2C439\" alt=\"\" width=\"604\" height=\"439\" \/><\/a><\/p>\n","protected":false},"excerpt":{"rendered":"<p>&nbsp; FABRICE EULRY \u00a0\u00e0 \u00a0LE 10 SEPTEMBRE 2015 D\u00e9concerto pour un seul homme \u00a0 Merci pour votre exceptionnelle mobilisation \u00e0 J-331 ! \u00a0Vous pouvez b\u00e9n\u00e9ficier de la r\u00e9duction jusqu&rsquo;au 9 novembre \u00a0Envoyez le\u00a0ch\u00e8que correspondant au nombre de places \u00e0 30 &hellip; <a href=\"http:\/\/www.fabriceeulry-laboutique.com\/blog\/?p=5148\">Continuer la lecture <span class=\"meta-nav\">&rarr;<\/span><\/a><\/p>\n","protected":false},"author":2,"featured_media":0,"comment_status":"open","ping_status":"open","sticky":false,"template":"","format":"standard","meta":{"jetpack_post_was_ever_published":false,"_jetpack_newsletter_access":"","_jetpack_dont_email_post_to_subs":true,"_jetpack_newsletter_tier_id":0,"_jetpack_memberships_contains_paywalled_content":false,"_jetpack_memberships_contains_paid_content":false,"footnotes":"","jetpack_publicize_message":"","jetpack_publicize_feature_enabled":true,"jetpack_social_post_already_shared":false,"jetpack_social_options":{"image_generator_settings":{"template":"highway","default_image_id":0,"font":"","enabled":false},"version":2}},"categories":[1],"tags":[47],"class_list":["post-5148","post","type-post","status-publish","format-standard","hentry","category-non-classe","tag-olympia"],"jetpack_publicize_connections":[],"jetpack_featured_media_url":"","jetpack_sharing_enabled":true,"jetpack_shortlink":"https:\/\/wp.me\/p2D6dI-1l2","jetpack_likes_enabled":true,"jetpack-related-posts":[{"id":6511,"url":"http:\/\/www.fabriceeulry-laboutique.com\/blog\/?p=6511","url_meta":{"origin":5148,"position":0},"title":"FABRICE EULRY A L&rsquo;OLYMPIA J-190","author":"Le Canard du pianiste","date":"3 mars 2015","format":false,"excerpt":"J-190 \u00a0VOUS ETES DEJA 782 A AVOIR RESERVE ! FABRICE EULRY \u00e0 \u00a0LE 10 SEPTEMBRE 2015 Ou r\u00e9servez sur le site de l'Olympia :\u00a0http:\/\/www.olympiahall.com\/variete-francaise-disco\/fabrice-eulry.html \u00a0 Photo \u00a9Tiki Tim (Cincinatti Ohio Etats-unis) https:\/\/www.facebook.com\/tikitim1?fref=ts \u00a0 En attendant l'OLYMPIA, patientez avec le dvd de Fabrice Eulry \u00e0 BOBINO qui vient d'\u00eatre r\u00e9\u00e9dit\u00e9\u00a0(cliquez sur\u2026","rel":"","context":"Dans &quot;Non class\u00e9&quot;","block_context":{"text":"Non class\u00e9","link":"http:\/\/www.fabriceeulry-laboutique.com\/blog\/?cat=1"},"img":{"alt_text":"","src":"https:\/\/i0.wp.com\/www.fabriceeulry-laboutique.com\/blog\/wp-content\/uploads\/2014\/09\/ol-.jpg?resize=350%2C200","width":350,"height":200},"classes":[]},{"id":13298,"url":"http:\/\/www.fabriceeulry-laboutique.com\/blog\/?p=13298","url_meta":{"origin":5148,"position":1},"title":"LE RETOUR DES DUELS DE BOOGIE POUR BLUES EN AVEYRON 2025","author":"Le Canard du pianiste","date":"18 ao\u00fbt 2025","format":false,"excerpt":"Vous les avez demand\u00e9s ? ils reviennent ! Le samedi 27 septembre 2025 au Prieur\u00e9 du sauvage : 2 PIANOS BOOGIE 3 PIANISTES les voici dans il y a un an dans une improvisation pleine d'humour et de spontan\u00e9it\u00e9 : Anne Cadilhac, Michel Crosio, Fabrice Eulry. Vous les avez demand\u00e9s\u2026","rel":"","context":"Dans &quot;Non class\u00e9&quot;","block_context":{"text":"Non class\u00e9","link":"http:\/\/www.fabriceeulry-laboutique.com\/blog\/?cat=1"},"img":{"alt_text":"","src":"https:\/\/i0.wp.com\/img.youtube.com\/vi\/vJm8Asvs-u4\/0.jpg?resize=350%2C200","width":350,"height":200},"classes":[]},{"id":12476,"url":"http:\/\/www.fabriceeulry-laboutique.com\/blog\/?p=12476","url_meta":{"origin":5148,"position":2},"title":"GEORGIA ON MY MIND","author":"Le Canard du pianiste","date":"26 novembre 2020","format":false,"excerpt":"Que voil\u00e0 un clin d'oeil de Fabrice Eulry r\u00e9confortant pour soutenir votre moral en cette p\u00e9riode qui demeure difficile et incertaine pour (presque) tous. Une version de Georgia \"Pour la faire basculer du c\u00f4t\u00e9 de la lumi\u00e8re\" \"To switch her on the sunny side\" https:\/\/www.youtube.com\/watch?v=5dTQ_ZuvaHc version de septembre 2017 \u00e0\u2026","rel":"","context":"Dans &quot;Non class\u00e9&quot;","block_context":{"text":"Non class\u00e9","link":"http:\/\/www.fabriceeulry-laboutique.com\/blog\/?cat=1"},"img":{"alt_text":"","src":"https:\/\/i0.wp.com\/img.youtube.com\/vi\/5dTQ_ZuvaHc\/0.jpg?resize=350%2C200","width":350,"height":200},"classes":[]},{"id":12643,"url":"http:\/\/www.fabriceeulry-laboutique.com\/blog\/?p=12643","url_meta":{"origin":5148,"position":3},"title":"BLUES EN AVEYRON F\u00caTE SES 5 ANS","author":"Le Canard du pianiste","date":"17 septembre 2022","format":false,"excerpt":"Voici la billetterie en ligne : https:\/\/my.weezevent.com\/blues-en-aveyron-2022 Les billets seront \u00e9galement disponibles \u00e0 la librairie du Pont-virgule d'Espalion \u00e0 partir du samedi 24 septembre Du 20 au 23 octobre 2022, la sixi\u00e8me \u00e9dition du festival vous propose : Emilie Hedou et Fabrice Eulry : \"Emilie Hedou et Fabrice Eulry :\u2026","rel":"","context":"Dans &quot;Non class\u00e9&quot;","block_context":{"text":"Non class\u00e9","link":"http:\/\/www.fabriceeulry-laboutique.com\/blog\/?cat=1"},"img":{"alt_text":"","src":"https:\/\/i0.wp.com\/www.fabriceeulry-laboutique.com\/blog\/wp-content\/uploads\/2022\/09\/Emilie-Fab.png?resize=350%2C200","width":350,"height":200,"srcset":"https:\/\/i0.wp.com\/www.fabriceeulry-laboutique.com\/blog\/wp-content\/uploads\/2022\/09\/Emilie-Fab.png?resize=350%2C200 1x, https:\/\/i0.wp.com\/www.fabriceeulry-laboutique.com\/blog\/wp-content\/uploads\/2022\/09\/Emilie-Fab.png?resize=525%2C300 1.5x, https:\/\/i0.wp.com\/www.fabriceeulry-laboutique.com\/blog\/wp-content\/uploads\/2022\/09\/Emilie-Fab.png?resize=700%2C400 2x, https:\/\/i0.wp.com\/www.fabriceeulry-laboutique.com\/blog\/wp-content\/uploads\/2022\/09\/Emilie-Fab.png?resize=1050%2C600 3x, https:\/\/i0.wp.com\/www.fabriceeulry-laboutique.com\/blog\/wp-content\/uploads\/2022\/09\/Emilie-Fab.png?resize=1400%2C800 4x"},"classes":[]},{"id":9759,"url":"http:\/\/www.fabriceeulry-laboutique.com\/blog\/?p=9759","url_meta":{"origin":5148,"position":4},"title":"ACTUALIT\u00c9 DES PIANISTES","author":"Le Canard du pianiste","date":"8 octobre 2017","format":false,"excerpt":"FABRICE EULRY DONNERA UN CONCERT \u00c0 TUNIS AVEC ELIZABETH SOMBART LE 23 NOVEMBRE 2017 \u00a0 \u00a0 \u00a0 \u00a0 \u00a0 \u00a0 \u00a0 \u00a0 \u00a0 \u00a0 TONY KAZIMA PR\u00c9PARE SON DEUXI\u00c8ME DISQUE (EN TRIO) POUR D\u00c9BUT 2018 \u00a0 \u00a0 \u00a0 \u00a0 \u00a0 \u00a0 \u00a0 \u00a0 \u00a0 \u00a0 \u00a0 \u00a0 \u00a0 \u00a0LE CONCERT\u2026","rel":"","context":"Dans &quot;Non class\u00e9&quot;","block_context":{"text":"Non class\u00e9","link":"http:\/\/www.fabriceeulry-laboutique.com\/blog\/?cat=1"},"img":{"alt_text":"","src":"https:\/\/i0.wp.com\/www.fabriceeulry-laboutique.com\/blog\/wp-content\/uploads\/2017\/10\/chris.png?resize=350%2C200","width":350,"height":200},"classes":[]},{"id":8829,"url":"http:\/\/www.fabriceeulry-laboutique.com\/blog\/?p=8829","url_meta":{"origin":5148,"position":5},"title":"CISCO HERZHAFT INVITE FABRICE EULRY POUR SON NOUVEAU DISQUE","author":"Le Canard du pianiste","date":"24 septembre 2016","format":false,"excerpt":"Le guitariste et chanteur hante la sc\u00e8ne du blues depuis les ann\u00e9es soixante et, seul europ\u00e9en \u00e0 avoir enregistr\u00e9 avec John Lee Hooker, le voil\u00e0 dans un nouveau projet musical avec des compositions personnelles qui servent cet imitable son du delta. D\u00e9j\u00e0 deux titres en duo avec Fabrice Eulry enregistr\u00e9s\u2026","rel":"","context":"Dans &quot;Non class\u00e9&quot;","block_context":{"text":"Non class\u00e9","link":"http:\/\/www.fabriceeulry-laboutique.com\/blog\/?cat=1"},"img":{"alt_text":"","src":"https:\/\/i0.wp.com\/www.fabriceeulry-laboutique.com\/blog\/wp-content\/uploads\/2016\/09\/Darte.jpg?resize=350%2C200","width":350,"height":200},"classes":[]}],"_links":{"self":[{"href":"http:\/\/www.fabriceeulry-laboutique.com\/blog\/index.php?rest_route=\/wp\/v2\/posts\/5148","targetHints":{"allow":["GET"]}}],"collection":[{"href":"http:\/\/www.fabriceeulry-laboutique.com\/blog\/index.php?rest_route=\/wp\/v2\/posts"}],"about":[{"href":"http:\/\/www.fabriceeulry-laboutique.com\/blog\/index.php?rest_route=\/wp\/v2\/types\/post"}],"author":[{"embeddable":true,"href":"http:\/\/www.fabriceeulry-laboutique.com\/blog\/index.php?rest_route=\/wp\/v2\/users\/2"}],"replies":[{"embeddable":true,"href":"http:\/\/www.fabriceeulry-laboutique.com\/blog\/index.php?rest_route=%2Fwp%2Fv2%2Fcomments&post=5148"}],"version-history":[{"count":114,"href":"http:\/\/www.fabriceeulry-laboutique.com\/blog\/index.php?rest_route=\/wp\/v2\/posts\/5148\/revisions"}],"predecessor-version":[{"id":11351,"href":"http:\/\/www.fabriceeulry-laboutique.com\/blog\/index.php?rest_route=\/wp\/v2\/posts\/5148\/revisions\/11351"}],"wp:attachment":[{"href":"http:\/\/www.fabriceeulry-laboutique.com\/blog\/index.php?rest_route=%2Fwp%2Fv2%2Fmedia&parent=5148"}],"wp:term":[{"taxonomy":"category","embeddable":true,"href":"http:\/\/www.fabriceeulry-laboutique.com\/blog\/index.php?rest_route=%2Fwp%2Fv2%2Fcategories&post=5148"},{"taxonomy":"post_tag","embeddable":true,"href":"http:\/\/www.fabriceeulry-laboutique.com\/blog\/index.php?rest_route=%2Fwp%2Fv2%2Ftags&post=5148"}],"curies":[{"name":"wp","href":"https:\/\/api.w.org\/{rel}","templated":true}]}}