{"id":5524,"date":"2014-08-23T01:02:57","date_gmt":"2014-08-23T01:02:57","guid":{"rendered":"http:\/\/www.fabriceeulry-laboutique.com\/blog\/?p=5524"},"modified":"2018-12-13T06:10:55","modified_gmt":"2018-12-13T06:10:55","slug":"concert-dans-une-prison-a-beyrouth","status":"publish","type":"post","link":"http:\/\/www.fabriceeulry-laboutique.com\/blog\/?p=5524","title":{"rendered":"CONCERT DANS UNE PRISON A BEYROUTH"},"content":{"rendered":"<h2 style=\"text-align: center;\"><span style=\"color: #000000;\"><strong>Un r\u00e9cit \u00e9mouvant rapport\u00e9 par ma coll\u00e8gue Maryse Karam :<\/strong><\/span><\/h2>\n<p style=\"text-align: center;\"><span style=\"color: #000000;\"><a style=\"color: #000000;\" href=\"http:\/\/resonnance.org\/filiales\/resonnance-liban\/news\"><img data-recalc-dims=\"1\" decoding=\"async\" id=\"ctl00_ContentPlaceHolder4_imgItem\" src=\"https:\/\/i0.wp.com\/www.agendaculturel.com\/menuimages\/MaryseKaram230_0.jpg?w=200\" alt=\"\"  \/><\/a>\u00a0<em>Maryse Karam fondation R\u00e9sonnance Beyrouth (cliquer sur l&rsquo;image)<\/em><\/span><\/p>\n<h2 style=\"text-align: center;\"><span style=\"color: #000000;\"><strong>Lien vers l&rsquo;article d&rsquo;Emile Nasr : \u00ab\u00a0Maryse Karam la pianiste des prisons\u00a0\u00bb :<\/strong><\/span><\/h2>\n<p style=\"text-align: center;\"><span style=\"color: #000000;\"><a style=\"color: #000000;\" href=\"http:\/\/http:\/\/www.agendaculturel.com\/Musique_La_pianiste_des_prisons_Maryse+Karam\">http:\/\/www.agendaculturel.com\/Musique_La_pianiste_des_prisons_Maryse+Karam<\/a><\/span><\/p>\n<h2 style=\"text-align: center;\"><span style=\"color: #000000;\"><strong>Concerto pour piano en DO# mineur \u2013 Fabrice Eulry<\/strong><\/span><\/h2>\n<p style=\"text-align: center;\"><span style=\"color: #000000;\"><a style=\"color: #000000;\" href=\"http:\/\/www.fabriceeulry.com\/discographie.html\"><img data-recalc-dims=\"1\" decoding=\"async\" src=\"https:\/\/i0.wp.com\/www.fabriceeulry.com\/images\/cd\/pochette-concerto.png?w=640\" alt=\"Concerto en DO di\u00e8se mineur\" \/><\/a>\u00a0<em>cliquez sur l&rsquo;image pour le commander<\/em><\/span><\/p>\n","protected":false},"excerpt":{"rendered":"<p>Un r\u00e9cit \u00e9mouvant rapport\u00e9 par ma coll\u00e8gue Maryse Karam : \u00a0Maryse Karam fondation R\u00e9sonnance Beyrouth (cliquer sur l&rsquo;image) Lien vers l&rsquo;article d&rsquo;Emile Nasr : \u00ab\u00a0Maryse Karam la pianiste des prisons\u00a0\u00bb : http:\/\/www.agendaculturel.com\/Musique_La_pianiste_des_prisons_Maryse+Karam Concerto pour piano en DO# mineur \u2013 Fabrice &hellip; <a href=\"http:\/\/www.fabriceeulry-laboutique.com\/blog\/?p=5524\">Continuer la lecture <span class=\"meta-nav\">&rarr;<\/span><\/a><\/p>\n","protected":false},"author":2,"featured_media":0,"comment_status":"open","ping_status":"open","sticky":false,"template":"","format":"standard","meta":{"jetpack_post_was_ever_published":false,"_jetpack_newsletter_access":"","_jetpack_dont_email_post_to_subs":true,"_jetpack_newsletter_tier_id":0,"_jetpack_memberships_contains_paywalled_content":false,"_jetpack_memberships_contains_paid_content":false,"footnotes":"","jetpack_publicize_message":"","jetpack_publicize_feature_enabled":true,"jetpack_social_post_already_shared":false,"jetpack_social_options":{"image_generator_settings":{"template":"highway","default_image_id":0,"font":"","enabled":false},"version":2}},"categories":[1],"tags":[12],"class_list":["post-5524","post","type-post","status-publish","format-standard","hentry","category-non-classe","tag-fondation-resonnance"],"jetpack_publicize_connections":[],"jetpack_featured_media_url":"","jetpack_sharing_enabled":true,"jetpack_shortlink":"https:\/\/wp.me\/p2D6dI-1r6","jetpack_likes_enabled":true,"jetpack-related-posts":[{"id":6080,"url":"http:\/\/www.fabriceeulry-laboutique.com\/blog\/?p=6080","url_meta":{"origin":5524,"position":0},"title":"ELIZABETH SOMBART JOUE POUR LES ENFANTS PALESTINIENS AU LIBAN","author":"Le Canard du pianiste","date":"19 d\u00e9cembre 2014","format":false,"excerpt":"\u00a0Apr\u00e8s le ciel de Toscane, \u00a0c'est un ciel bleu d'hiver mais aussi d'espoir qui accueille Elizabeth Sombart la cr\u00e9atrice de la Fondation R\u00e9sonnance, qui donne ici un concert pour les enfants palestiniens. Et tout le monde attend, impatient. Cliquez sur l'image pour visionnez cette courte mais chaleureuse vid\u00e9o. La marche\u2026","rel":"","context":"Dans &quot;Non class\u00e9&quot;","block_context":{"text":"Non class\u00e9","link":"http:\/\/www.fabriceeulry-laboutique.com\/blog\/?cat=1"},"img":{"alt_text":"","src":"https:\/\/i0.wp.com\/www.fabriceeulry-laboutique.com\/blog\/wp-content\/uploads\/2014\/12\/lia-.jpg?resize=350%2C200","width":350,"height":200,"srcset":"https:\/\/i0.wp.com\/www.fabriceeulry-laboutique.com\/blog\/wp-content\/uploads\/2014\/12\/lia-.jpg?resize=350%2C200 1x, https:\/\/i0.wp.com\/www.fabriceeulry-laboutique.com\/blog\/wp-content\/uploads\/2014\/12\/lia-.jpg?resize=525%2C300 1.5x, https:\/\/i0.wp.com\/www.fabriceeulry-laboutique.com\/blog\/wp-content\/uploads\/2014\/12\/lia-.jpg?resize=700%2C400 2x"},"classes":[]},{"id":6327,"url":"http:\/\/www.fabriceeulry-laboutique.com\/blog\/?p=6327","url_meta":{"origin":5524,"position":1},"title":"1 % DE TERRITOIRE RECONQUIS","author":"Le Canard du pianiste","date":"4 f\u00e9vrier 2015","format":false,"excerpt":"... C'est le pourcentage acquis par la contre-offensive de l'improbable coalition (forces gouvernementales libanaises, syriennes ou irakiennes, milices kurdes, chr\u00e9tiennes, yazidis ...) contre Daesh l'\u00e9tat islamique. Le site th\u00e9atrum-belli.org nous explique en quoi ce faible pourcentage cache l'importance de cette reconqu\u00eate. Pour les r\u00e9fugi\u00e9s de cette guerre, R\u00e9sonnance Liban\u00a0\u00a0dont LE\u2026","rel":"","context":"Dans &quot;Non class\u00e9&quot;","block_context":{"text":"Non class\u00e9","link":"http:\/\/www.fabriceeulry-laboutique.com\/blog\/?cat=1"},"img":{"alt_text":"","src":"","width":0,"height":0},"classes":[]},{"id":8580,"url":"http:\/\/www.fabriceeulry-laboutique.com\/blog\/?p=8580","url_meta":{"origin":5524,"position":2},"title":"LE LIBAN EN RESONNANCE","author":"Le Canard du pianiste","date":"25 juin 2016","format":false,"excerpt":"\"Deux heures et demie seulement : voici une lapidaire mast\u00e8re classe d'improvisation au conservatoire de Beyrouth, (on distingue le drapeau du conservatoire derri\u00e8re le piano). Outre les r\u00e9ponses aux questions, le propos est ici de faire connaissance et de poser les bases pour des mast\u00e8res classes plus longues. Ce jour-l\u00e0\u2026","rel":"","context":"Dans &quot;Non class\u00e9&quot;","block_context":{"text":"Non class\u00e9","link":"http:\/\/www.fabriceeulry-laboutique.com\/blog\/?cat=1"},"img":{"alt_text":"MC Beyrouth","src":"https:\/\/i0.wp.com\/www.fabriceeulry-laboutique.com\/blog\/wp-content\/uploads\/2016\/06\/MC-Beyrouth-1-248x300.jpg?resize=350%2C200","width":350,"height":200},"classes":[]},{"id":8569,"url":"http:\/\/www.fabriceeulry-laboutique.com\/blog\/?p=8569","url_meta":{"origin":5524,"position":3},"title":"FABRICE EULRY SUR MTV LIBAN","author":"Le Canard du pianiste","date":"19 juin 2016","format":false,"excerpt":"Entre deux mast\u00e8res classes au conservatoire de Beyrouth et \u00e0 la Fondation R\u00e9sonnance Beyrouth, voici une \u00e9mission t\u00e9l\u00e9vis\u00e9e sur MTV Liban qui avait pour but de promouvoir le concert de solidarit\u00e9 organis\u00e9 par la Fondation R\u00e9sonnance Beyrouth repr\u00e9sent\u00e9e ici par sa directrice, la pianiste Chantal Menassa, en compagnie de son\u2026","rel":"","context":"Dans &quot;Non class\u00e9&quot;","block_context":{"text":"Non class\u00e9","link":"http:\/\/www.fabriceeulry-laboutique.com\/blog\/?cat=1"},"img":{"alt_text":"","src":"https:\/\/i0.wp.com\/www.fabriceeulry-laboutique.com\/blog\/wp-content\/uploads\/2016\/06\/Vins-liabanais.jpg?resize=350%2C200","width":350,"height":200},"classes":[]},{"id":10899,"url":"http:\/\/www.fabriceeulry-laboutique.com\/blog\/?p=10899","url_meta":{"origin":5524,"position":4},"title":"FABRICE EULRY AU LIBAN","author":"Le Canard du pianiste","date":"28 ao\u00fbt 2018","format":false,"excerpt":"...Pour R\u00e9sonnance Liban en concert \u00e0 Beyrouth, du 28 ao\u00fbt au 3 septembre. Laissons la parole \u00e0 Mme Menassa, la directrice de R\u00e9sonnance Liban pour nous d\u00e9crire le programme de cette tourn\u00e9e : \"Cher Fabrice, \u00a0Vous allez voire la diversit\u00e9 de votre public : il y aura un concert pour\u2026","rel":"","context":"Dans &quot;Non class\u00e9&quot;","block_context":{"text":"Non class\u00e9","link":"http:\/\/www.fabriceeulry-laboutique.com\/blog\/?cat=1"},"img":{"alt_text":"VIN LIBAN","src":"https:\/\/i0.wp.com\/www.fabriceeulry-laboutique.com\/blog\/wp-content\/uploads\/2016\/06\/VIN-LIBAN.jpg?resize=350%2C200","width":350,"height":200,"srcset":"https:\/\/i0.wp.com\/www.fabriceeulry-laboutique.com\/blog\/wp-content\/uploads\/2016\/06\/VIN-LIBAN.jpg?resize=350%2C200 1x, https:\/\/i0.wp.com\/www.fabriceeulry-laboutique.com\/blog\/wp-content\/uploads\/2016\/06\/VIN-LIBAN.jpg?resize=525%2C300 1.5x"},"classes":[]},{"id":6908,"url":"http:\/\/www.fabriceeulry-laboutique.com\/blog\/?p=6908","url_meta":{"origin":5524,"position":5},"title":"FABRICE EULRY EN CONCERT AU LIBAN","author":"Le Canard du pianiste","date":"26 mai 2015","format":false,"excerpt":"\u00a0 Comme aime \u00e0 le dire Elizabeth Sombart : \"Il n'y a pas de petit concert.\" En effet, Le centre Saint-Vincent a beau avoir de petits moyens, le concert, auquel nous n'\u00e9chappons pas \u00e0 l'annonce m\u00eame dans l'ascenseur, est y est (d'autant) pris tr\u00e8s au s\u00e9rieux ! Son directeur, un\u2026","rel":"","context":"Dans &quot;Non class\u00e9&quot;","block_context":{"text":"Non class\u00e9","link":"http:\/\/www.fabriceeulry-laboutique.com\/blog\/?cat=1"},"img":{"alt_text":"","src":"https:\/\/i0.wp.com\/www.fabriceeulry-laboutique.com\/blog\/wp-content\/uploads\/2015\/05\/OLYMPIA-2015-ELIZABETH-1.jpg?resize=350%2C200","width":350,"height":200},"classes":[]}],"_links":{"self":[{"href":"http:\/\/www.fabriceeulry-laboutique.com\/blog\/index.php?rest_route=\/wp\/v2\/posts\/5524","targetHints":{"allow":["GET"]}}],"collection":[{"href":"http:\/\/www.fabriceeulry-laboutique.com\/blog\/index.php?rest_route=\/wp\/v2\/posts"}],"about":[{"href":"http:\/\/www.fabriceeulry-laboutique.com\/blog\/index.php?rest_route=\/wp\/v2\/types\/post"}],"author":[{"embeddable":true,"href":"http:\/\/www.fabriceeulry-laboutique.com\/blog\/index.php?rest_route=\/wp\/v2\/users\/2"}],"replies":[{"embeddable":true,"href":"http:\/\/www.fabriceeulry-laboutique.com\/blog\/index.php?rest_route=%2Fwp%2Fv2%2Fcomments&post=5524"}],"version-history":[{"count":5,"href":"http:\/\/www.fabriceeulry-laboutique.com\/blog\/index.php?rest_route=\/wp\/v2\/posts\/5524\/revisions"}],"predecessor-version":[{"id":8220,"href":"http:\/\/www.fabriceeulry-laboutique.com\/blog\/index.php?rest_route=\/wp\/v2\/posts\/5524\/revisions\/8220"}],"wp:attachment":[{"href":"http:\/\/www.fabriceeulry-laboutique.com\/blog\/index.php?rest_route=%2Fwp%2Fv2%2Fmedia&parent=5524"}],"wp:term":[{"taxonomy":"category","embeddable":true,"href":"http:\/\/www.fabriceeulry-laboutique.com\/blog\/index.php?rest_route=%2Fwp%2Fv2%2Fcategories&post=5524"},{"taxonomy":"post_tag","embeddable":true,"href":"http:\/\/www.fabriceeulry-laboutique.com\/blog\/index.php?rest_route=%2Fwp%2Fv2%2Ftags&post=5524"}],"curies":[{"name":"wp","href":"https:\/\/api.w.org\/{rel}","templated":true}]}}