{"id":5615,"date":"2014-09-17T20:09:02","date_gmt":"2014-09-17T20:09:02","guid":{"rendered":"http:\/\/www.fabriceeulry-laboutique.com\/blog\/?p=5615"},"modified":"2018-12-13T06:11:54","modified_gmt":"2018-12-13T06:11:54","slug":"pour-nos-amis-belges","status":"publish","type":"post","link":"http:\/\/www.fabriceeulry-laboutique.com\/blog\/?p=5615","title":{"rendered":"POUR NOS AMIS BELGES"},"content":{"rendered":"<div>\n<h2 style=\"text-align: center;\"><\/h2>\n<div>\n<h2 style=\"text-align: center;\"><span style=\"color: #000000;\">Prochains \u00e9v\u00e8nements de R\u00e9sonnance Belgique<\/span><\/h2>\n<p>&nbsp;<\/p>\n<p><span style=\"color: #000000;\"><a style=\"color: #000000;\" href=\"https:\/\/i0.wp.com\/www.fabriceeulry-laboutique.com\/blog\/wp-content\/uploads\/2014\/09\/ELIZA-1.jpg\"><img data-recalc-dims=\"1\" loading=\"lazy\" decoding=\"async\" class=\"aligncenter size-full wp-image-5741\" title=\"ELIZA\" src=\"https:\/\/i0.wp.com\/www.fabriceeulry-laboutique.com\/blog\/wp-content\/uploads\/2014\/09\/ELIZA-1.jpg?resize=640%2C337\" alt=\"\" width=\"640\" height=\"337\" \/><\/a><\/span><\/p>\n<h2 style=\"text-align: center;\"><span style=\"color: #000000;\"><a style=\"color: #000000;\" href=\"https:\/\/i0.wp.com\/www.fabriceeulry-laboutique.com\/blog\/wp-content\/uploads\/2014\/07\/R-11-2.jpg\"><img data-recalc-dims=\"1\" loading=\"lazy\" decoding=\"async\" title=\"R 11\" src=\"https:\/\/i0.wp.com\/www.fabriceeulry-laboutique.com\/blog\/wp-content\/uploads\/2014\/07\/R-11-2.jpg?resize=459%2C393\" alt=\"\" width=\"459\" height=\"393\" \/><\/a><\/span><\/h2>\n<h2 style=\"text-align: center;\"><span style=\"color: #000000;\">\u00a0<\/span><\/h2>\n<div id=\"yiv2673931446yui_3_16_0_7_1409864925270_4\"><span style=\"color: #000000;\"><a style=\"color: #000000;\" href=\"https:\/\/i0.wp.com\/www.fabriceeulry-laboutique.com\/blog\/wp-content\/uploads\/2014\/09\/du-1.jpg\"><img data-recalc-dims=\"1\" loading=\"lazy\" decoding=\"async\" title=\"du\" src=\"https:\/\/i0.wp.com\/www.fabriceeulry-laboutique.com\/blog\/wp-content\/uploads\/2014\/09\/du-1.jpg?resize=640%2C447\" alt=\"\" width=\"640\" height=\"447\" \/><\/a><\/span><\/div>\n<h2 style=\"text-align: center;\"><span style=\"color: #000000;\">\u00a0<\/span><\/h2>\n<div><span style=\"color: #000000;\">\u00a0<\/span><\/div>\n<h2 style=\"text-align: center;\"><span style=\"color: #000000;\">\u00a0<\/span><\/h2>\n<div><span style=\"color: #000000;\">\u00a0<\/span><\/div>\n<h2 style=\"text-align: center;\"><span style=\"color: #000000;\"><a style=\"color: #000000;\" href=\"http:\/\/www.fabriceeulry-laboutique.com\/blog\/wp-content\/uploads\/2014\/07\/R-.jpg\"><br \/>\n<\/a><a style=\"color: #000000;\" href=\"https:\/\/i0.wp.com\/www.fabriceeulry-laboutique.com\/blog\/wp-content\/uploads\/2014\/07\/R5-.jpg\"><img data-recalc-dims=\"1\" loading=\"lazy\" decoding=\"async\" title=\"R5\" src=\"https:\/\/i0.wp.com\/www.fabriceeulry-laboutique.com\/blog\/wp-content\/uploads\/2014\/07\/R5-.jpg?resize=544%2C594\" alt=\"\" width=\"544\" height=\"594\" \/><\/a><a style=\"color: #000000;\" href=\"https:\/\/i0.wp.com\/www.fabriceeulry-laboutique.com\/blog\/wp-content\/uploads\/2014\/07\/54-2.jpg\"><img data-recalc-dims=\"1\" loading=\"lazy\" decoding=\"async\" title=\"54\" src=\"https:\/\/i0.wp.com\/www.fabriceeulry-laboutique.com\/blog\/wp-content\/uploads\/2014\/07\/54-2.jpg?resize=426%2C511\" alt=\"\" width=\"426\" height=\"511\" \/><\/a><\/span><\/h2>\n<p style=\"text-align: center;\"><span style=\"color: #000000;\"><strong><a style=\"color: #000000;\" href=\"https:\/\/i0.wp.com\/www.fabriceeulry-laboutique.com\/blog\/wp-content\/uploads\/2014\/07\/R3-.jpg\"><img data-recalc-dims=\"1\" loading=\"lazy\" decoding=\"async\" title=\"R3\" src=\"https:\/\/i0.wp.com\/www.fabriceeulry-laboutique.com\/blog\/wp-content\/uploads\/2014\/07\/R3-.jpg?resize=421%2C586\" alt=\"\" width=\"421\" height=\"586\" \/><\/a><\/strong><\/span><\/p>\n<p style=\"text-align: center;\"><span style=\"color: #000000;\"><a style=\"color: #000000;\" href=\"https:\/\/i0.wp.com\/www.fabriceeulry-laboutique.com\/blog\/wp-content\/uploads\/2014\/07\/R-11-1.jpg\"><img data-recalc-dims=\"1\" loading=\"lazy\" decoding=\"async\" title=\"R 11\" src=\"https:\/\/i0.wp.com\/www.fabriceeulry-laboutique.com\/blog\/wp-content\/uploads\/2014\/07\/R-11-1.jpg?resize=405%2C322\" alt=\"\" width=\"405\" height=\"322\" \/><\/a><\/span><\/p>\n<p style=\"text-align: center;\"><span style=\"color: #000000;\"><a style=\"color: #000000;\" href=\"https:\/\/i0.wp.com\/www.fabriceeulry-laboutique.com\/blog\/wp-content\/uploads\/2014\/07\/SON-5-.jpg\"><img data-recalc-dims=\"1\" loading=\"lazy\" decoding=\"async\" title=\"SON 5\" src=\"https:\/\/i0.wp.com\/www.fabriceeulry-laboutique.com\/blog\/wp-content\/uploads\/2014\/07\/SON-5-.jpg?resize=640%2C370\" alt=\"\" width=\"640\" height=\"370\" \/><\/a><\/span><\/p>\n<p style=\"text-align: center;\"><span style=\"color: #000000;\"><a style=\"color: #000000;\" href=\"https:\/\/i0.wp.com\/www.fabriceeulry-laboutique.com\/blog\/wp-content\/uploads\/2014\/07\/R-10-.jpg\"><img data-recalc-dims=\"1\" loading=\"lazy\" decoding=\"async\" title=\"R 10\" src=\"https:\/\/i0.wp.com\/www.fabriceeulry-laboutique.com\/blog\/wp-content\/uploads\/2014\/07\/R-10-.jpg?resize=386%2C256\" alt=\"\" width=\"386\" height=\"256\" \/><\/a><a style=\"color: #000000;\" href=\"https:\/\/i0.wp.com\/www.fabriceeulry-laboutique.com\/blog\/wp-content\/uploads\/2014\/07\/5-9.jpg\"><img data-recalc-dims=\"1\" loading=\"lazy\" decoding=\"async\" title=\"5 9\" src=\"https:\/\/i0.wp.com\/www.fabriceeulry-laboutique.com\/blog\/wp-content\/uploads\/2014\/07\/5-9.jpg?resize=598%2C334\" alt=\"\" width=\"598\" height=\"334\" \/><\/a><\/span><\/p>\n<p style=\"text-align: center;\"><span style=\"color: #000000;\"><a style=\"color: #000000;\" href=\"http:\/\/www.fabriceeulry-laboutique.com\/blog\/wp-content\/uploads\/2014\/07\/R-11-.jpg\"><br \/>\n<\/a><a style=\"color: #000000;\" href=\"https:\/\/i0.wp.com\/www.fabriceeulry-laboutique.com\/blog\/wp-content\/uploads\/2014\/09\/ELIZA-2-.jpg\"><img data-recalc-dims=\"1\" loading=\"lazy\" decoding=\"async\" class=\"aligncenter size-full wp-image-5742\" title=\"ELIZA 2\" src=\"https:\/\/i0.wp.com\/www.fabriceeulry-laboutique.com\/blog\/wp-content\/uploads\/2014\/09\/ELIZA-2-.jpg?resize=640%2C355\" alt=\"\" width=\"640\" height=\"355\" \/><\/a><a style=\"color: #000000;\" href=\"http:\/\/www.fabriceeulry-laboutique.com\/blog\/wp-content\/uploads\/2014\/07\/5-7-.jpg\"><br \/>\n<\/a><\/span><\/p>\n<p style=\"text-align: center;\"><span style=\"color: #000000;\"><img data-recalc-dims=\"1\" loading=\"lazy\" decoding=\"async\" title=\"5 7\" src=\"https:\/\/i0.wp.com\/www.fabriceeulry-laboutique.com\/blog\/wp-content\/uploads\/2014\/07\/5-7-.jpg?resize=590%2C558\" alt=\"\" width=\"590\" height=\"558\" \/><\/span><\/p>\n<h2 id=\"yui_3_16_0_1_1413069159512_50709\" style=\"text-align: center;\"><span style=\"color: #000000;\"><strong id=\"yui_3_16_0_1_1413069159512_50708\"><br \/>\nELIZABETH SOMBART &amp; FABRICE EULRY<\/strong><\/span><\/h2>\n<h2 style=\"text-align: center;\"><span style=\"color: #000000;\">N&rsquo;attendez pas la derni\u00e8re minute pour r\u00e9server vos places car il n&rsquo;y en a que 100.<\/span><\/h2>\n<h2 id=\"yui_3_16_0_1_1413069159512_50715\" style=\"text-align: center;\"><span id=\"yui_3_16_0_1_1413069159512_50713\" style=\"color: #000000;\"><span id=\"yui_3_16_0_1_1413069159512_50710\" style=\"font-size: x-large;\">ENCORE\u00a020 PLACES<\/span><\/span><\/h2>\n<h2 id=\"yui_3_16_0_1_1413069159512_50718\" style=\"text-align: center;\"><span style=\"color: #000000;\">J&rsquo;esp\u00e8re que vous pourrez nous y rejoindre !<\/span><br \/>\n<span style=\"color: #000000;\"> A bient\u00f4t,<\/span><\/h2>\n<h2 id=\"yui_3_16_0_1_1413069159512_50719\" style=\"text-align: center;\" align=\"center\"><span style=\"color: #000000;\"><strong>LE VENDREDI 31 OCTOBRE 2014 \u2013 19 H.<\/strong><\/span><\/h2>\n<h2 style=\"text-align: center;\" align=\"center\"><span style=\"color: #000000;\">au CHATEAU CLEYDAEL<\/span><\/h2>\n<h2 style=\"text-align: center;\" align=\"center\"><span style=\"color: #000000;\"><strong>CLEYDAELLAAN 36 \u00e0 2630 AARTSELAAR<\/strong><\/span><\/h2>\n<h2 style=\"text-align: center;\"><span style=\"color: #000000;\">80 \u20ac pp + option parking surveill\u00e9 dans la cour du ch\u00e2teau 5 \u20ac<\/span><\/h2>\n<h2 style=\"text-align: center;\" align=\"center\"><span style=\"color: #000000;\">Tous nos remerciements vont \u00e0<\/span><\/h2>\n<h2 style=\"text-align: center;\" align=\"center\"><span style=\"color: #000000;\">M.et Mme Coosemans Robert pour l\u2019accueil<\/span><\/h2>\n<h2 style=\"text-align: center;\" align=\"center\"><span style=\"color: #000000;\">au magnifique ch\u00e2teau<\/span><\/h2>\n<h2 id=\"yui_3_16_0_1_1413069159512_50723\" style=\"text-align: center;\"><span id=\"yui_3_16_0_1_1413069159512_50722\" style=\"color: #000000;\"><strong id=\"yui_3_16_0_1_1413069159512_50721\">Places UNIQUEMENT\u00a0pr\u00e9vente jusqu&rsquo;au 20 OCTOBRE -mais si les places sont prises-impossible d&rsquo;encore r\u00e9server\u00a0<\/strong><\/span><\/h2>\n<h2 style=\"text-align: center;\"><span style=\"color: #000000;\">Veuillez r\u00e9servez par email:\u00a0<a style=\"color: #000000;\" href=\"mailto:resonance.belgie@gmail.com\" target=\"_blank\" rel=\"nofollow\">resonance.belgie@gmail.com<\/a><\/span><\/h2>\n<h2 style=\"text-align: center;\"><span style=\"color: #000000;\">Contact: Sonia Hinninck \u2013 0487 493 447<\/span><\/h2>\n<h2 id=\"yui_3_16_0_1_1413069159512_50750\" style=\"text-align: center;\"><span style=\"color: #000000;\"><span id=\"yui_3_16_0_1_1413069159512_50753\"><strong id=\"yui_3_16_0_1_1413069159512_50752\">En mentionnant vos noms et adresses compl\u00e8tes, le nombre d&rsquo;entr\u00e9es pour le d\u00eener ainsi que le nombre de places d\u00e9sir\u00e9es au Parking. Une lettre de confirmation vous donnant acc\u00e8s au ch\u00e2teau vous sera envoy\u00e9e par courrier postal.<\/strong><span style=\"font-size: small;\">\u00a0<\/span><\/span><span style=\"font-size: 13px; font-weight: normal;\">\u00a0<\/span><span style=\"font-size: 13px; font-weight: normal;\">\u00a0<\/span><\/span><\/h2>\n<h2 id=\"yui_3_16_0_1_1413069159512_50742\" style=\"text-align: center;\" align=\"center\"><span style=\"color: #000000;\">REKENINGNUMMER\/N\u00b0 DE COMPTE<\/span><\/h2>\n<h2 id=\"yui_3_16_0_1_1413069159512_50739\" style=\"text-align: center;\" align=\"center\"><span id=\"yui_3_16_0_1_1413069159512_50737\" style=\"color: #000000;\"><strong id=\"yui_3_16_0_1_1413069159512_50736\">IBAN: BE 65 3631 3785 2396<\/strong><\/span><\/h2>\n<h2 id=\"yui_3_16_0_1_1413069159512_50727\" style=\"text-align: center;\" align=\"center\"><span id=\"yui_3_16_0_1_1413069159512_50726\" style=\"color: #000000;\"><strong id=\"yui_3_16_0_1_1413069159512_50725\">A.Deckers\u2013 S.Hinninck (Resonnance)<\/strong><\/span><\/h2>\n<h2 id=\"yui_3_16_0_1_1413069159512_50728\" style=\"text-align: center;\" align=\"center\"><span style=\"color: #000000;\"><a style=\"color: #000000;\" href=\"http:\/\/www.fabriceeulry.com\/\" target=\"_blank\" rel=\"nofollow\">www.fabriceeulry.com<\/a><\/span><\/h2>\n<h2 id=\"yui_3_16_0_1_1413069159512_50729\" style=\"text-align: center;\" align=\"center\"><span style=\"color: #000000;\"><a style=\"color: #000000;\" href=\"http:\/\/www.resonnance.org\/\" target=\"_blank\" rel=\"nofollow\">www.resonnance.org<\/a><\/span><\/h2>\n<h2 id=\"yui_3_16_0_1_1413069159512_50733\" style=\"text-align: center;\" align=\"center\"><span style=\"color: #000000;\"><a id=\"yui_3_16_0_1_1413069159512_50732\" style=\"color: #000000;\" href=\"http:\/\/resonnance-belgie.jouwweb.be\/\" target=\"_blank\" rel=\"nofollow\"><span id=\"yui_3_16_0_1_1413069159512_50730\">http:\/\/resonnance-belgie.jouwweb.be<\/span><\/a><br clear=\"all\" \/><\/span><\/h2>\n<h2 style=\"text-align: center;\"><span style=\"color: #000000;\"><strong>Quelques photos des concerts gracieux donn\u00e9s dans les maisons de retraites en Flandre au printemps dernier<\/strong><\/span><\/h2>\n<p style=\"text-align: center;\"><span style=\"color: #000000;\"><a style=\"color: #000000;\" href=\"https:\/\/i0.wp.com\/www.fabriceeulry-laboutique.com\/blog\/wp-content\/uploads\/2014\/07\/son-3-.jpg\"><img data-recalc-dims=\"1\" loading=\"lazy\" decoding=\"async\" title=\"son 3\" src=\"https:\/\/i0.wp.com\/www.fabriceeulry-laboutique.com\/blog\/wp-content\/uploads\/2014\/07\/son-3-.jpg?resize=640%2C479\" alt=\"\" width=\"640\" height=\"479\" \/><\/a><\/span><\/p>\n<h2 style=\"text-align: center;\"><span style=\"color: #000000;\"><strong>&#8230; O\u00f9 les jeunes c\u00f4toient les vieux, avec le 6 juin un r\u00e9pertoire connot\u00e9 \u00ab\u00a0d\u00e9barquement\u00a0\u00bb !<\/strong><\/span><\/h2>\n<p style=\"text-align: center;\"><span style=\"color: #000000;\"><a style=\"color: #000000;\" href=\"https:\/\/i0.wp.com\/www.fabriceeulry-laboutique.com\/blog\/wp-content\/uploads\/2014\/07\/son-2-.jpg\"><img data-recalc-dims=\"1\" loading=\"lazy\" decoding=\"async\" title=\"son 2\" src=\"https:\/\/i0.wp.com\/www.fabriceeulry-laboutique.com\/blog\/wp-content\/uploads\/2014\/07\/son-2-.jpg?resize=434%2C537\" alt=\"\" width=\"434\" height=\"537\" \/><\/a><\/span><\/p>\n<h2 style=\"text-align: center;\"><span style=\"color: #000000;\"><strong>Fabrice Eulry brengt op woensdag 7 mei 2014 een uniek pianoconcert voor de bewoners en bezoekers van het woonzorgcentrum De Lisdodde van het OCMW-Sociaal Huis Mechelen. Het gratis concert wordt aangeboden door De Stichting R\u00e9sonnance, die in diverse landen in Europa goede doelen ondersteunt door hun optredens.<\/strong><\/span><\/h2>\n<h2 style=\"text-align: center;\"><span style=\"color: #000000;\"><strong>LIRE LA SUITE EN FLAMAND SUR :<\/strong><\/span><\/h2>\n<h2 style=\"text-align: center;\"><span style=\"color: #000000;\"><strong><a style=\"color: #000000;\" href=\"http:\/\/www.koenanciaux.be\/?q=node\/262\">http:\/\/www.koenanciaux.be\/?q=node\/262<\/a><\/strong><\/span><\/h2>\n<h2 style=\"text-align: center;\"><span style=\"color: #000000;\"><strong>VOICI LA TRADUCTION DE L&rsquo;ARTICLE EN FRANCAIS<\/strong><\/span><\/h2>\n<h2 style=\"text-align: center;\"><span style=\"color: #000000;\"><strong>Fabrice Eulry a donn\u00e9 \u00a0mercredi 7 mai 2014 un concert de piano unique pour les r\u00e9sidents et les visiteurs et pensionnaires de la maison de retraite du CPAS Chambre sociale Malines. Le concert gratuit est pr\u00e9sent\u00e9 par La Fondation R\u00e9sonnance, qui dans plusieurs pays de l&rsquo;Europe soutient les organismes de bienfaisance par des performances musicales gratuites.<\/strong><\/span><\/h2>\n<h2 style=\"text-align: center;\"><span style=\"color: #000000;\"><strong>L&rsquo;agr\u00e9able restaurant woonzorgcentrum La quenouille est le 7 mai 2014 , transform\u00e9 en une salle confortable de musique intime. Tous les r\u00e9sidents et leurs visiteurs sont invit\u00e9s \u00e0 profiter du r\u00e9cital de piano unique, de Fabrice Eulry.<\/strong><\/span><\/h2>\n<h2 style=\"text-align: center;\"><span style=\"color: #000000;\"><strong>Fabrice Eulry est un professeur et pianiste associ\u00e9 \u00e0 la Fondation R\u00e9sonnance. La Fondation, cr\u00e9\u00e9e \u00e0 Morges (Suisse) en 1998 par Elizabeth Sombart, vise \u00e0 \u00e9duquer et d\u00e9velopper une p\u00e9dagogie. Cette p\u00e9dagogie est bas\u00e9e sur la connaissance de la ph\u00e9nom\u00e9nologie musicale combin\u00e9e \u00e0 la ma\u00eetrise du corps et de la respiration.<\/strong><\/span><br \/>\n<span style=\"color: #000000;\"> <strong>Et ce, ind\u00e9pendamment de l&rsquo;\u00e2ge, en mettant l&rsquo;accent sur l&rsquo;\u00e9ducation gratuite, sans examens ni pression concurrentielle. et traduit concr\u00e8tement dans la cr\u00e9ation d&rsquo;\u00e9coles de piano pour tout le monde.<\/strong><\/span><\/h2>\n<h2 style=\"text-align: center;\"><span style=\"color: #000000;\"><strong>Ils organisent de nombreux concerts de charit\u00e9 par les \u00e9l\u00e8ves du ma\u00eetre. Les enseignants et les \u00e9l\u00e8ves prennent volontiers part \u00e0 ces concerts dans le cadre de leur formation, parce que toute la th\u00e9orie peut y \u00eatre convertie en exp\u00e9rience.<\/strong><\/span><\/h2>\n<h2 style=\"text-align: center;\"><span style=\"color: #000000;\"><strong>Il y a aussi des concerts gratuits et des mast\u00e8res classes pr\u00e9vues dans les prisons, les \u00e9tablissements pour mineurs, les centres de soins r\u00e9sidentiels, les centres pour les personnes handicap\u00e9es, etc&#8230; Afin de soutenir ces projets R\u00e9sonnance \u00a0organise aussi dans divers pays d&rsquo;Europe des concerts payants.<\/strong><\/span><\/h2>\n<h2 style=\"text-align: center;\"><span style=\"color: #000000;\"><strong>\u00ab\u00a0Il n&rsquo;est pas possible de faire de la musique en \u00e9tant plus proche des gens\u00bb, explique Koen Anciaux, pr\u00e9sident du CPAS Chambre sociale Malines. Il soutient \u00e9galement la Fondation et ses performances, \u00ab\u00a0Je ne peux que saluer,\u00a0\u00bb poursuit-il encore.<\/strong><\/span><\/h2>\n<h2 style=\"text-align: center;\"><span style=\"color: #000000;\"><strong>Plus d&rsquo;informations sur la Fondation peuvent \u00eatre trouv\u00e9es \u00e0\u00a0<a style=\"color: #000000;\" href=\"http:\/\/http:\/\/www.koenanciaux.be\/?q=node\/262\">r\u00e9sonnance www.resonnance.org\u00a0<\/a>ou vous pouvez contacter Sonia Hinninck 0487 493 447 ou 0478 475 623 Agn\u00e8s Deckers.<\/strong><\/span><\/h2>\n<h2><span style=\"color: #000000;\"><strong>Concerto en DO# mineur &#8211; Fabrice Eulry<\/strong><\/span><\/h2>\n<div>\n<p style=\"text-align: center;\"><span style=\"color: #000000;\"><a style=\"color: #000000;\" href=\"http:\/\/www.fabriceeulry.com\/discographie.html\"><img data-recalc-dims=\"1\" decoding=\"async\" src=\"https:\/\/i0.wp.com\/www.fabriceeulry.com\/images\/cd\/pochette-concerto.png?w=640\" alt=\"Concerto en DO di\u00e8se mineur\" \/><\/a>\u00a0<em>cliquez sur l&rsquo;image pour le commander<\/em><\/span><\/p>\n<\/div>\n<\/div>\n<\/div>\n","protected":false},"excerpt":{"rendered":"<p>Prochains \u00e9v\u00e8nements de R\u00e9sonnance Belgique &nbsp; \u00a0 \u00a0 \u00a0 \u00a0 \u00a0 ELIZABETH SOMBART &amp; FABRICE EULRY N&rsquo;attendez pas la derni\u00e8re minute pour r\u00e9server vos places car il n&rsquo;y en a que 100. ENCORE\u00a020 PLACES J&rsquo;esp\u00e8re que vous pourrez nous y &hellip; <a href=\"http:\/\/www.fabriceeulry-laboutique.com\/blog\/?p=5615\">Continuer la lecture <span class=\"meta-nav\">&rarr;<\/span><\/a><\/p>\n","protected":false},"author":2,"featured_media":0,"comment_status":"open","ping_status":"open","sticky":false,"template":"","format":"standard","meta":{"jetpack_post_was_ever_published":false,"_jetpack_newsletter_access":"","_jetpack_dont_email_post_to_subs":true,"_jetpack_newsletter_tier_id":0,"_jetpack_memberships_contains_paywalled_content":false,"_jetpack_memberships_contains_paid_content":false,"footnotes":"","jetpack_publicize_message":"","jetpack_publicize_feature_enabled":true,"jetpack_social_post_already_shared":false,"jetpack_social_options":{"image_generator_settings":{"template":"highway","default_image_id":0,"font":"","enabled":false},"version":2}},"categories":[1],"tags":[19],"class_list":["post-5615","post","type-post","status-publish","format-standard","hentry","category-non-classe","tag-annonces-concerts"],"jetpack_publicize_connections":[],"jetpack_featured_media_url":"","jetpack_sharing_enabled":true,"jetpack_shortlink":"https:\/\/wp.me\/p2D6dI-1sz","jetpack_likes_enabled":true,"jetpack-related-posts":[{"id":7626,"url":"http:\/\/www.fabriceeulry-laboutique.com\/blog\/?p=7626","url_meta":{"origin":5615,"position":0},"title":"BIJ ONZE VLAAMSE VRIENDEN (CHEZ NOS AMIS FLAMANDS)","author":"Le Canard du pianiste","date":"1 octobre 2015","format":false,"excerpt":"Bient\u00f4t un concert dans les Flandres qui va sensibiliser nos amis Belges \u00e0 l'action caritative de R\u00e9sonnance Belgique qui depuis un an, prend un merveilleux essor :\u00a0 \u00a0 Ici Lier, un bijou des Flandres : Cliquez sur l'image pour acc\u00e9der au site de la fondation R\u00e9sonnance d'Elizabeth Sombart et \u00e0\u2026","rel":"","context":"Dans &quot;Non class\u00e9&quot;","block_context":{"text":"Non class\u00e9","link":"http:\/\/www.fabriceeulry-laboutique.com\/blog\/?cat=1"},"img":{"alt_text":"","src":"https:\/\/i0.wp.com\/www.fabriceeulry-laboutique.com\/blog\/wp-content\/uploads\/2015\/10\/claydael2015.jpg?resize=350%2C200","width":350,"height":200,"srcset":"https:\/\/i0.wp.com\/www.fabriceeulry-laboutique.com\/blog\/wp-content\/uploads\/2015\/10\/claydael2015.jpg?resize=350%2C200 1x, https:\/\/i0.wp.com\/www.fabriceeulry-laboutique.com\/blog\/wp-content\/uploads\/2015\/10\/claydael2015.jpg?resize=525%2C300 1.5x"},"classes":[]},{"id":6623,"url":"http:\/\/www.fabriceeulry-laboutique.com\/blog\/?p=6623","url_meta":{"origin":5615,"position":1},"title":"CONCERT CHEZ NOS AMIS FLAMANDS","author":"Le Canard du pianiste","date":"24 mars 2015","format":false,"excerpt":"... Pour R\u00e9sonnance Belgique","rel":"","context":"Dans &quot;Non class\u00e9&quot;","block_context":{"text":"Non class\u00e9","link":"http:\/\/www.fabriceeulry-laboutique.com\/blog\/?cat=1"},"img":{"alt_text":"","src":"https:\/\/i0.wp.com\/www.fabriceeulry-laboutique.com\/blog\/wp-content\/uploads\/2015\/03\/pir-.jpg?resize=350%2C200","width":350,"height":200},"classes":[]},{"id":8952,"url":"http:\/\/www.fabriceeulry-laboutique.com\/blog\/?p=8952","url_meta":{"origin":5615,"position":2},"title":"CONCERT POUR R\u00c9SONNANCE BELGIQUE","author":"Le Canard du pianiste","date":"22 novembre 2016","format":false,"excerpt":"Le ch\u00e2teau de Claydael dans les Flandres,\u00a0 Le ch\u00e2teau m\u00e9di\u00e9val flamand et ses belles ouvertures pratiqu\u00e9es \u00e0 la Renaissance, a accueilli les 18 et 19 novembre 2016, mast\u00e8res classes et concerts, propos\u00e9s avec Fabrice Eulry pour R\u00e9sonnance Belgique\u00a0 Concerto en DO# mineur - Fabrice Eulry \u00a0cliquez sur l'image pour le\u2026","rel":"","context":"Dans &quot;Non class\u00e9&quot;","block_context":{"text":"Non class\u00e9","link":"http:\/\/www.fabriceeulry-laboutique.com\/blog\/?cat=1"},"img":{"alt_text":"","src":"https:\/\/i0.wp.com\/www.fabriceeulry-laboutique.com\/blog\/wp-content\/uploads\/2014\/11\/Cley-1-.jpg?resize=350%2C200","width":350,"height":200},"classes":[]},{"id":6218,"url":"http:\/\/www.fabriceeulry-laboutique.com\/blog\/?p=6218","url_meta":{"origin":5615,"position":3},"title":"RESONNANCE BELGIQUE : UNE AFFAIRE QUI ROULE","author":"Le Canard du pianiste","date":"16 janvier 2015","format":false,"excerpt":"\u00a0 \u00a0Entour\u00e9 de la pr\u00e9sidente de R\u00e9sonnance Belgique et de l'\u00e9chevin de Malines, en pr\u00e9ambule d'un concert dans une maison de retraite de la ville, a eu lieu ce 15 janvier 2015, en pr\u00e9sence de la presse, la remise d'un ch\u00e8que symbolique \u00e0 l'\u00e9tablissement. (Oui symbolique car en Belgique il\u2026","rel":"","context":"Dans &quot;Non class\u00e9&quot;","block_context":{"text":"Non class\u00e9","link":"http:\/\/www.fabriceeulry-laboutique.com\/blog\/?cat=1"},"img":{"alt_text":"","src":"https:\/\/i0.wp.com\/www.fabriceeulry-laboutique.com\/blog\/wp-content\/uploads\/2015\/01\/so--e1422284886735.jpg?resize=350%2C200","width":350,"height":200},"classes":[]},{"id":7719,"url":"http:\/\/www.fabriceeulry-laboutique.com\/blog\/?p=7719","url_meta":{"origin":5615,"position":4},"title":"UN QUATRE MAINS DANS LES FLANDRES","author":"Le Canard du pianiste","date":"17 octobre 2015","format":false,"excerpt":"Lors d'un des concerts en apr\u00e8s-midi donn\u00e9s pour la fondation R\u00e9sonnance Belgique, ce pensionnaire d'une maison de retraite s'invite aujourd'hui pour un quatre mains sur ma version de La foule. Il m'avouera ensuite \u00eatre pianiste et violoniste. Cliquez sur l'image pour voir la petite vid\u00e9o tourn\u00e9e par Elizabeth Sombart Concerto\u2026","rel":"","context":"Dans &quot;Non class\u00e9&quot;","block_context":{"text":"Non class\u00e9","link":"http:\/\/www.fabriceeulry-laboutique.com\/blog\/?cat=1"},"img":{"alt_text":"","src":"https:\/\/i0.wp.com\/www.fabriceeulry-laboutique.com\/blog\/wp-content\/uploads\/2015\/10\/home-.jpg?resize=350%2C200","width":350,"height":200,"srcset":"https:\/\/i0.wp.com\/www.fabriceeulry-laboutique.com\/blog\/wp-content\/uploads\/2015\/10\/home-.jpg?resize=350%2C200 1x, https:\/\/i0.wp.com\/www.fabriceeulry-laboutique.com\/blog\/wp-content\/uploads\/2015\/10\/home-.jpg?resize=525%2C300 1.5x, https:\/\/i0.wp.com\/www.fabriceeulry-laboutique.com\/blog\/wp-content\/uploads\/2015\/10\/home-.jpg?resize=700%2C400 2x"},"classes":[]},{"id":8717,"url":"http:\/\/www.fabriceeulry-laboutique.com\/blog\/?p=8717","url_meta":{"origin":5615,"position":5},"title":"FABRICE EULRY DE RETOUR A LA SALLE CORTOT","author":"Le Canard du pianiste","date":"26 ao\u00fbt 2016","format":false,"excerpt":"Tous \u00e0 vos agendas ! \u00a0sera le dimanche 22 janvier pour la fondation R\u00e9sonnance \u00e0 la salle Cortot avec un nouveau r\u00e9pertoire : Attention \u00e0 l'horaire ! R\u00e9servez le plus t\u00f4t possible ! Le Concerto en DO# mineur - Fabrice Eulry, cr\u00e9\u00e9 \u00e0 la salle Cortot en mars 2010 \u00a0\u2026","rel":"","context":"Dans &quot;Non class\u00e9&quot;","block_context":{"text":"Non class\u00e9","link":"http:\/\/www.fabriceeulry-laboutique.com\/blog\/?cat=1"},"img":{"alt_text":"","src":"https:\/\/i0.wp.com\/www.fabriceeulry-laboutique.com\/blog\/wp-content\/uploads\/2016\/08\/cortot-2017.jpg?resize=350%2C200","width":350,"height":200},"classes":[]}],"_links":{"self":[{"href":"http:\/\/www.fabriceeulry-laboutique.com\/blog\/index.php?rest_route=\/wp\/v2\/posts\/5615","targetHints":{"allow":["GET"]}}],"collection":[{"href":"http:\/\/www.fabriceeulry-laboutique.com\/blog\/index.php?rest_route=\/wp\/v2\/posts"}],"about":[{"href":"http:\/\/www.fabriceeulry-laboutique.com\/blog\/index.php?rest_route=\/wp\/v2\/types\/post"}],"author":[{"embeddable":true,"href":"http:\/\/www.fabriceeulry-laboutique.com\/blog\/index.php?rest_route=\/wp\/v2\/users\/2"}],"replies":[{"embeddable":true,"href":"http:\/\/www.fabriceeulry-laboutique.com\/blog\/index.php?rest_route=%2Fwp%2Fv2%2Fcomments&post=5615"}],"version-history":[{"count":11,"href":"http:\/\/www.fabriceeulry-laboutique.com\/blog\/index.php?rest_route=\/wp\/v2\/posts\/5615\/revisions"}],"predecessor-version":[{"id":8311,"href":"http:\/\/www.fabriceeulry-laboutique.com\/blog\/index.php?rest_route=\/wp\/v2\/posts\/5615\/revisions\/8311"}],"wp:attachment":[{"href":"http:\/\/www.fabriceeulry-laboutique.com\/blog\/index.php?rest_route=%2Fwp%2Fv2%2Fmedia&parent=5615"}],"wp:term":[{"taxonomy":"category","embeddable":true,"href":"http:\/\/www.fabriceeulry-laboutique.com\/blog\/index.php?rest_route=%2Fwp%2Fv2%2Fcategories&post=5615"},{"taxonomy":"post_tag","embeddable":true,"href":"http:\/\/www.fabriceeulry-laboutique.com\/blog\/index.php?rest_route=%2Fwp%2Fv2%2Ftags&post=5615"}],"curies":[{"name":"wp","href":"https:\/\/api.w.org\/{rel}","templated":true}]}}