{"id":5915,"date":"2014-11-10T21:19:02","date_gmt":"2014-11-10T21:19:02","guid":{"rendered":"http:\/\/www.fabriceeulry-laboutique.com\/blog\/?p=5915"},"modified":"2018-12-13T06:15:02","modified_gmt":"2018-12-13T06:15:02","slug":"concert-hommage-a-guillaume-perrot-suite-et-nouvelles-du-dvd","status":"publish","type":"post","link":"http:\/\/www.fabriceeulry-laboutique.com\/blog\/?p=5915","title":{"rendered":"CONCERT HOMMAGE A GUILLAUME PERROT (SUITE) ET NOUVELLES DU DVD"},"content":{"rendered":"<p><a href=\"https:\/\/i0.wp.com\/www.fabriceeulry-laboutique.com\/blog\/wp-content\/uploads\/2014\/10\/BOO-6-1.jpg\"><img data-recalc-dims=\"1\" loading=\"lazy\" decoding=\"async\" title=\"BOO 6\" src=\"https:\/\/i0.wp.com\/www.fabriceeulry-laboutique.com\/blog\/wp-content\/uploads\/2014\/10\/BOO-6-1.jpg?resize=276%2C300\" alt=\"\" width=\"276\" height=\"300\" \/><\/a><a title=\"Guillaume Perrot, jeune virtuose pr\u00e9matur\u00e9ment disparu. - Agence de Roanne\" href=\"https:\/\/i0.wp.com\/www.le-pays.fr\/photoSRC\/bqViVeldaWelbKxCPNWs_pusXXdNGltxXD4uu1iw_sR0IkLcazbGupnwlQUaVQo_pWI48f0HY_sxYvETMFwM2diAkJo-_\/1770114.jpeg\"><img data-recalc-dims=\"1\" loading=\"lazy\" decoding=\"async\" src=\"https:\/\/i0.wp.com\/www.le-pays.fr\/photoSRC\/bqUyVelNbWe1aAxBwXruFG8LIKncgI5EqzxysNngmzhLQqc95EY68d5L1WxH7gOSe4AgvLt9FhffSVHCrA9xuoG6bA--_\/1770114.jpeg?resize=489%2C398\" alt=\"Guillaume Perrot, jeune virtuose pr\u00e9matur\u00e9ment disparu. - Agence de Roanne\" width=\"489\" height=\"398\" \/><\/a><\/p>\n<p>Voici le texte de l&rsquo;article sur le <a href=\"http:\/\/http:\/\/www.le-pays.fr\/region\/edition\/roanne\/roanne-roanne\/2014\/10\/02\/en-souvenir-d-un-jeune-virtuose-concert-exceptionnel-dimanche-5-octobre_11166140.html\">pays.fr<\/a>\u00a0:<\/p>\n<h2 style=\"text-align: center;\"><span style=\"color: #000000;\"><strong>C\u2019est une histoire \u00e0 la fois belle et tragique qui est \u00e0 l\u2019origine du concert qu\u2019accueillera le th\u00e9\u00e2tre dimanche.<\/strong><\/span><\/h2>\n<div style=\"text-align: center;\">\n<h2><span style=\"color: #000000;\"><strong>Guillaume Perrot, Roannais, jeune pianiste du conservatoire de Saint-Etienne, disparaissait \u00e0 l&rsquo;\u00e2ge de 26 ans, atteint d&rsquo;un ost\u00e9osarcome.<\/strong><\/span><\/h2>\n<h2><span style=\"color: #000000;\"><strong>N\u00e9 \u00e0 S\u00e9oul en 1987, le Dr Maurice Perrot et son \u00e9pouse l&rsquo;avaient adopt\u00e9 \u00e0 l&rsquo;\u00e2ge de trois mois, comme sa s&rsquo;ur a\u00een\u00e9e Claudine, trois ans auparavant.<\/strong><\/span><\/h2>\n<h2><span style=\"color: #000000;\"><strong>Hommage et solidarit\u00e9<\/strong><\/span><\/h2>\n<h2><span style=\"color: #000000;\"><strong>Guillaume avait r\u00eav\u00e9 d&rsquo;organiser un concert au th\u00e9\u00e2tre de Roanne avec son ma\u00eetre, Fabrice Eulry, au profit de l&rsquo;association Info Sarcomes, qui r\u00e9alise des recherches sur cette maladie touchant principalement les jeunes de 15 \u00e0 25 ans. Malheureusement, ses forces d\u00e9clinant, le concert n&rsquo;a pas eu lieu.<\/strong><\/span><\/h2>\n<h2><span style=\"color: #000000;\"><strong>Ses parents ont repris le projet avec l&rsquo;aide de son grand ami et professeur, le pianiste de renomm\u00e9e internationale Fabrice Eulry. Celui-ci a accept\u00e9 de venir jouer sans demander de cachet.<\/strong><\/span><\/h2>\n<h2><span style=\"color: #000000;\"><strong>Par la m\u00eame occasion, une association est n\u00e9e. Son nom, en souvenir de Guillaume : Boogie WooGuillaume. C&rsquo;est sous le couvert de cette association que pourra s&rsquo;organiser le concert de ce dimanche 5 octobre au th\u00e9\u00e2tre municipal de Roanne, \u00e0 15 heures.<\/strong><\/span><\/h2>\n<h2><span style=\"color: #000000;\"><strong>En premi\u00e8re partie, sera sur sc\u00e8ne le groupe de rockabilly \u00ab The Starting Blocks \u00bb, que Guillaume avait port\u00e9 sur les fonts baptismaux. Il avait form\u00e9 ce groupe avec des amis du conservatoire de Saint Etienne.<\/strong><\/span><\/h2>\n<h2><span style=\"color: #000000;\"><strong>La pr\u00e9sidente d&rsquo;Info Sarcomes, Estelle Lecointe,<\/strong><\/span><\/h2>\n<h2><span style=\"color: #000000;\"><a style=\"color: #000000;\" href=\"https:\/\/i0.wp.com\/www.fabriceeulry-laboutique.com\/blog\/wp-content\/uploads\/2014\/11\/est-.jpg\"><img data-recalc-dims=\"1\" loading=\"lazy\" decoding=\"async\" class=\"aligncenter size-full wp-image-5933\" title=\"est\" src=\"https:\/\/i0.wp.com\/www.fabriceeulry-laboutique.com\/blog\/wp-content\/uploads\/2014\/11\/est-.jpg?resize=640%2C423\" alt=\"\" width=\"640\" height=\"423\" srcset=\"https:\/\/i0.wp.com\/www.fabriceeulry-laboutique.com\/blog\/wp-content\/uploads\/2014\/11\/est-.jpg?w=873 873w, https:\/\/i0.wp.com\/www.fabriceeulry-laboutique.com\/blog\/wp-content\/uploads\/2014\/11\/est-.jpg?resize=300%2C198 300w\" sizes=\"auto, (max-width: 640px) 100vw, 640px\" \/><\/a><\/span><\/h2>\n<h2><span style=\"color: #000000;\"><strong>sera pr\u00e9sente ce jour. Tous les b\u00e9n\u00e9fices du concert iront \u00e0 son association, via Boogie WooGuillaume.<\/strong><\/span><\/h2>\n<h2><span style=\"color: #000000;\"><strong>Pour l&rsquo;occasion, un CD audio de la musique de Guillaume Perrot sera \u00e9dit\u00e9 et aussi par souscription une vid\u00e9o.<\/strong><\/span><\/h2>\n<h2><span style=\"color: #000000;\"><strong>Pratique.\u00a0Prix des places : 20 \u20ac aupr\u00e8s de l&rsquo;association, sur r\u00e9servation. 25 \u20ac au th\u00e9\u00e2tre le jour du concert.<\/strong><\/span><\/h2>\n<h2><span style=\"color: #000000;\"><strong>Contact.\u00a0Association Boogie WooGuillaume, 170 Rue Oranger, 42640 Saint-Germain-Lespinasse : Tel : 04.77.64.58.22.<\/strong><\/span><\/h2>\n<\/div>\n<p><span style=\"color: #000000;\">Le fameux concert tant attendu &#8230;<\/span><\/p>\n<p><span style=\"color: #000000;\"><a style=\"color: #000000;\" href=\"http:\/\/http:\/\/lessor.fr\/2014\/09\/28\/fabrice-eulry-le-pianiste-qui-endiable-le-clavier\/\"><img data-recalc-dims=\"1\" loading=\"lazy\" decoding=\"async\" title=\"BOO 1\" src=\"https:\/\/i0.wp.com\/www.fabriceeulry-laboutique.com\/blog\/wp-content\/uploads\/2014\/10\/BOO-1-.jpg?resize=300%2C297\" alt=\"\" width=\"300\" height=\"297\" \/>\u00a0<\/a><em>Cliquez sur le lien pour lire l&rsquo;article de B\u00e9atrice Bonnamour<\/em><\/span><\/p>\n<h2><span style=\"color: #000000;\"><strong>&#8230; affichait \u00a0d\u00e9j\u00e0 complet cinq jours avant l&rsquo;ouverture de ce\u00a0petit bijou de th\u00e9\u00e2tre \u00e0 quelques m\u00e8tres de l&rsquo;h\u00f4tel de ville de Roanne !<\/strong><\/span><\/h2>\n<h2 style=\"text-align: center;\"><span style=\"color: #000000;\"><a style=\"color: #000000;\" href=\"https:\/\/i0.wp.com\/www.fabriceeulry-laboutique.com\/blog\/wp-content\/uploads\/2014\/10\/BOO-3-.jpg\"><img data-recalc-dims=\"1\" loading=\"lazy\" decoding=\"async\" title=\"BOO 3\" src=\"https:\/\/i0.wp.com\/www.fabriceeulry-laboutique.com\/blog\/wp-content\/uploads\/2014\/10\/BOO-3-.jpg?resize=300%2C300\" alt=\"\" width=\"300\" height=\"300\" \/><\/a><a style=\"color: #000000;\" href=\"https:\/\/i0.wp.com\/www.fabriceeulry-laboutique.com\/blog\/wp-content\/uploads\/2014\/11\/RO8-.jpg\"><img data-recalc-dims=\"1\" loading=\"lazy\" decoding=\"async\" title=\"RO8\" src=\"https:\/\/i0.wp.com\/www.fabriceeulry-laboutique.com\/blog\/wp-content\/uploads\/2014\/11\/RO8-.jpg?resize=640%2C364\" alt=\"\" width=\"640\" height=\"364\" \/><\/a>\u00a0Quelques instants avant l&rsquo;entr\u00e9e de la foule (merci \u00e0 Claudine Perrot et Alice Eulry pour les photographies).<\/span><\/h2>\n<h2 style=\"text-align: center;\"><span style=\"color: #000000;\"><strong>\u00a0Tout commen\u00e7a par une projection sur grand \u00e9cran : un film de Guillaume avec des extraits de ses moments pianistiques mais sans le son de sa musique pour garder le myst\u00e8re de son disque d&rsquo;archives : une chanson embl\u00e9matique qu\u00e9b\u00e9coise illustra donc la bande-son de ce moment \u00e9mouvant qui conditionna le reste du spectacle, en effet, Guillaume ne cessa d&rsquo;habiter ensuite tout ce que nous partage\u00e2mes.<\/strong><\/span><\/h2>\n<h2 style=\"text-align: center;\"><span style=\"color: #000000;\"><a style=\"color: #000000;\" href=\"http:\/\/www.fabriceeulry-laboutique.com\/blog\/wp-content\/uploads\/2014\/10\/BOO-6-1.jpg\"><br \/>\n<\/a>\u00a0Ce fut une apr\u00e8s-midi merveilleuse o\u00f9 planait Guillaume, qui rassembla tout ceux que sa musique enchante, dans une m\u00eame communion.<\/span><\/h2>\n<h2 style=\"text-align: center;\"><span style=\"color: #000000;\"><strong>\u00a0Du concert des Starting blocks son groupe de Rock&rsquo;n roll, <\/strong><\/span><\/h2>\n<h2 style=\"text-align: center;\"><span style=\"color: #000000;\"><a style=\"color: #000000;\" href=\"https:\/\/i0.wp.com\/www.fabriceeulry-laboutique.com\/blog\/wp-content\/uploads\/2014\/11\/st-.jpg\"><img data-recalc-dims=\"1\" loading=\"lazy\" decoding=\"async\" class=\"aligncenter size-full wp-image-5934\" title=\"st\" src=\"https:\/\/i0.wp.com\/www.fabriceeulry-laboutique.com\/blog\/wp-content\/uploads\/2014\/11\/st-.jpg?resize=640%2C414\" alt=\"\" width=\"640\" height=\"414\" srcset=\"https:\/\/i0.wp.com\/www.fabriceeulry-laboutique.com\/blog\/wp-content\/uploads\/2014\/11\/st-.jpg?w=891 891w, https:\/\/i0.wp.com\/www.fabriceeulry-laboutique.com\/blog\/wp-content\/uploads\/2014\/11\/st-.jpg?resize=300%2C194 300w\" sizes=\"auto, (max-width: 640px) 100vw, 640px\" \/><\/a><\/span><\/h2>\n<h2 style=\"text-align: center;\"><span style=\"color: #000000;\"><strong>\u00e0 mon r\u00e9cital, nous re\u00e7\u00fbmes le meilleur accueil de tous les Roannais \u00e0 qui j&rsquo;essayais de restituer l&rsquo;esprit musical qui animait notre complicit\u00e9. Guillaume leur avait donn\u00e9 tant de bonheur ces derni\u00e8res ann\u00e9es qu&rsquo;il n&rsquo;eurent aucun mal a entendre l&rsquo;histoire que je leur racontai, et l&rsquo;\u00e9motion surmont\u00e9e, le soin de s&rsquo;\u00e9lever au dessus de notre condition humaine, de la tristesse de la s\u00e9paration, et du sentiment d&rsquo;injustice, une fois confi\u00e9 \u00e0 la musique, apaisa plus d&rsquo;un de nous. <\/strong><\/span><\/h2>\n<h2 style=\"text-align: center;\"><span style=\"color: #000000;\"><strong>\u00a0La foule des Roannais combla de gratitude les artistes, d&rsquo;avoir su animer cette flamme. Simples porteurs de flambeau que nous sommes, ne nous confondant pas avec la lumi\u00e8re sous peine d&rsquo;\u00eatre br\u00fbl\u00e9, mais heureux, honor\u00e9s et \u00e9puis\u00e9s par la charge.\u00a0<\/strong><\/span><\/h2>\n<h2 style=\"text-align: center;\"><span style=\"color: #000000;\">Un d\u00e9part en clin d&rsquo;oeil aux pr\u00e9ludes de Bach avec les instruments des Starting-blocks en toile de fond :<a style=\"color: #000000;\" href=\"https:\/\/i0.wp.com\/www.fabriceeulry-laboutique.com\/blog\/wp-content\/uploads\/2014\/11\/RO5-.jpg\"><img data-recalc-dims=\"1\" loading=\"lazy\" decoding=\"async\" class=\"aligncenter size-full wp-image-5925\" title=\"RO5\" src=\"https:\/\/i0.wp.com\/www.fabriceeulry-laboutique.com\/blog\/wp-content\/uploads\/2014\/11\/RO5-.jpg?resize=331%2C510\" alt=\"\" width=\"331\" height=\"510\" srcset=\"https:\/\/i0.wp.com\/www.fabriceeulry-laboutique.com\/blog\/wp-content\/uploads\/2014\/11\/RO5-.jpg?w=331 331w, https:\/\/i0.wp.com\/www.fabriceeulry-laboutique.com\/blog\/wp-content\/uploads\/2014\/11\/RO5-.jpg?resize=194%2C300 194w\" sizes=\"auto, (max-width: 331px) 100vw, 331px\" \/><\/a>\u00a9Alice Eulry\u00a0<strong>\u00a0<\/strong><\/span><\/h2>\n<h2 style=\"text-align: center;\"><span style=\"color: #000000;\"><strong>Me voici dans Boogie-wooguillaume<\/strong><\/span><\/h2>\n<h2><span style=\"color: #000000;\"><a style=\"color: #000000;\" href=\"https:\/\/i0.wp.com\/www.fabriceeulry-laboutique.com\/blog\/wp-content\/uploads\/2014\/10\/BOO-5-.jpg\"><img data-recalc-dims=\"1\" loading=\"lazy\" decoding=\"async\" title=\"BOO 5\" src=\"https:\/\/i0.wp.com\/www.fabriceeulry-laboutique.com\/blog\/wp-content\/uploads\/2014\/10\/BOO-5-.jpg?resize=300%2C221\" alt=\"\" width=\"300\" height=\"221\" \/><\/a><\/span><\/h2>\n<p style=\"text-align: center;\"><span style=\"color: #000000;\"><strong>\u00a9Alice Eulry<\/strong><\/span><\/p>\n<h2 style=\"text-align: center;\"><span style=\"color: #000000;\"><strong>Ce n&rsquo;est plus seulement le nom de l&rsquo;association qui anime son souvenir, mais celui d&rsquo;un boogie-woogie l\u00e9ger qui fait participer le public, et que j&rsquo;ai compos\u00e9 pour le jeune et regrett\u00e9 virtuose.\u00a0<\/strong><\/span><\/h2>\n<h2><span style=\"color: #000000;\"><a style=\"color: #000000;\" href=\"https:\/\/i0.wp.com\/www.fabriceeulry-laboutique.com\/blog\/wp-content\/uploads\/2014\/11\/RO6-.jpg\"><img data-recalc-dims=\"1\" loading=\"lazy\" decoding=\"async\" class=\"aligncenter size-full wp-image-5922\" title=\"RO6\" src=\"https:\/\/i0.wp.com\/www.fabriceeulry-laboutique.com\/blog\/wp-content\/uploads\/2014\/11\/RO6-.jpg?resize=640%2C429\" alt=\"\" width=\"640\" height=\"429\" srcset=\"https:\/\/i0.wp.com\/www.fabriceeulry-laboutique.com\/blog\/wp-content\/uploads\/2014\/11\/RO6-.jpg?w=774 774w, https:\/\/i0.wp.com\/www.fabriceeulry-laboutique.com\/blog\/wp-content\/uploads\/2014\/11\/RO6-.jpg?resize=300%2C201 300w\" sizes=\"auto, (max-width: 640px) 100vw, 640px\" \/><\/a><a style=\"color: #000000;\" href=\"http:\/\/www.fabriceeulry-laboutique.com\/blog\/wp-content\/uploads\/2014\/11\/RO8-.jpg\"><br \/>\n<\/a>Le d\u00e9but du Boogie-woogie expiatoire<a style=\"color: #000000;\" href=\"http:\/\/www.fabriceeulry-laboutique.com\/blog\/wp-content\/uploads\/2014\/11\/RO3-.jpg\"><br \/>\n<\/a><a style=\"color: #000000;\" href=\"http:\/\/www.fabriceeulry-laboutique.com\/blog\/wp-content\/uploads\/2014\/11\/RO1-.jpg\"><br \/>\n<\/a><a style=\"color: #000000;\" href=\"https:\/\/i0.wp.com\/www.fabriceeulry-laboutique.com\/blog\/wp-content\/uploads\/2014\/11\/RO2-.jpg\"><img data-recalc-dims=\"1\" loading=\"lazy\" decoding=\"async\" title=\"RO2\" src=\"https:\/\/i0.wp.com\/www.fabriceeulry-laboutique.com\/blog\/wp-content\/uploads\/2014\/11\/RO2-.jpg?resize=388%2C525\" alt=\"\" width=\"388\" height=\"525\" \/><\/a>\u00a0Une foule debout d\u00e8s avant le rappel, pour rendre hommage \u00e0 Guillaume qui aurait tant aim\u00e9 donner ce concert avec moi.\u00a0<a style=\"color: #000000;\" href=\"http:\/\/www.fabriceeulry-laboutique.com\/blog\/wp-content\/uploads\/2014\/11\/RO2-.jpg\"><br \/>\n<\/a><a style=\"color: #000000;\" href=\"http:\/\/www.fabriceeulry-laboutique.com\/blog\/wp-content\/uploads\/2014\/11\/RO4-.jpg\"><br \/>\n<\/a><a style=\"color: #000000;\" href=\"http:\/\/www.fabriceeulry-laboutique.com\/blog\/wp-content\/uploads\/2014\/11\/RO4-1.jpg\"><br \/>\n<\/a><a style=\"color: #000000;\" href=\"https:\/\/i0.wp.com\/www.fabriceeulry-laboutique.com\/blog\/wp-content\/uploads\/2014\/11\/RO7-.jpg\"><img data-recalc-dims=\"1\" loading=\"lazy\" decoding=\"async\" class=\"aligncenter size-full wp-image-5927\" title=\"RO7\" src=\"https:\/\/i0.wp.com\/www.fabriceeulry-laboutique.com\/blog\/wp-content\/uploads\/2014\/11\/RO7-.jpg?resize=640%2C423\" alt=\"\" width=\"640\" height=\"423\" srcset=\"https:\/\/i0.wp.com\/www.fabriceeulry-laboutique.com\/blog\/wp-content\/uploads\/2014\/11\/RO7-.jpg?w=854 854w, https:\/\/i0.wp.com\/www.fabriceeulry-laboutique.com\/blog\/wp-content\/uploads\/2014\/11\/RO7-.jpg?resize=300%2C198 300w\" sizes=\"auto, (max-width: 640px) 100vw, 640px\" \/><\/a><\/span><\/h2>\n<h2 style=\"text-align: center;\"><span style=\"color: #000000;\">Mais Guillaume est toujours actif parmi nous, le voil\u00e0 nous rassemblant les Starting blocks et moi qui ne nous connaissions pas, jouant le What&rsquo;d I say de Ray Charles et saluant pour le dernier rappel.<\/span><\/h2>\n<p><span style=\"color: #000000;\"><a style=\"color: #000000;\" href=\"https:\/\/i0.wp.com\/www.fabriceeulry-laboutique.com\/blog\/wp-content\/uploads\/2014\/11\/RO10-.jpg\"><img data-recalc-dims=\"1\" loading=\"lazy\" decoding=\"async\" class=\"aligncenter size-full wp-image-5930\" title=\"RO10\" src=\"https:\/\/i0.wp.com\/www.fabriceeulry-laboutique.com\/blog\/wp-content\/uploads\/2014\/11\/RO10-.jpg?resize=640%2C394\" alt=\"\" width=\"640\" height=\"394\" srcset=\"https:\/\/i0.wp.com\/www.fabriceeulry-laboutique.com\/blog\/wp-content\/uploads\/2014\/11\/RO10-.jpg?w=881 881w, https:\/\/i0.wp.com\/www.fabriceeulry-laboutique.com\/blog\/wp-content\/uploads\/2014\/11\/RO10-.jpg?resize=300%2C184 300w, https:\/\/i0.wp.com\/www.fabriceeulry-laboutique.com\/blog\/wp-content\/uploads\/2014\/11\/RO10-.jpg?resize=260%2C160 260w\" sizes=\"auto, (max-width: 640px) 100vw, 640px\" \/><\/a><\/span><\/p>\n<h2 style=\"text-align: center;\"><span style=\"color: #000000;\"><strong>Uu DVD au b\u00e9n\u00e9fice d&rsquo;Infosarcome est sorti pour No\u00ebl. Cela va aussi dans le sens de ce que Guillaume voulait.<\/strong><\/span><\/h2>\n","protected":false},"excerpt":{"rendered":"<p>Voici le texte de l&rsquo;article sur le pays.fr\u00a0: C\u2019est une histoire \u00e0 la fois belle et tragique qui est \u00e0 l\u2019origine du concert qu\u2019accueillera le th\u00e9\u00e2tre dimanche. Guillaume Perrot, Roannais, jeune pianiste du conservatoire de Saint-Etienne, disparaissait \u00e0 l&rsquo;\u00e2ge de &hellip; <a href=\"http:\/\/www.fabriceeulry-laboutique.com\/blog\/?p=5915\">Continuer la lecture <span class=\"meta-nav\">&rarr;<\/span><\/a><\/p>\n","protected":false},"author":2,"featured_media":0,"comment_status":"open","ping_status":"open","sticky":false,"template":"","format":"standard","meta":{"jetpack_post_was_ever_published":false,"_jetpack_newsletter_access":"","_jetpack_dont_email_post_to_subs":true,"_jetpack_newsletter_tier_id":0,"_jetpack_memberships_contains_paywalled_content":false,"_jetpack_memberships_contains_paid_content":false,"footnotes":"","jetpack_publicize_message":"","jetpack_publicize_feature_enabled":true,"jetpack_social_post_already_shared":false,"jetpack_social_options":{"image_generator_settings":{"template":"highway","default_image_id":0,"font":"","enabled":false},"version":2}},"categories":[1],"tags":[16],"class_list":["post-5915","post","type-post","status-publish","format-standard","hentry","category-non-classe","tag-hommages-aux-artistes"],"jetpack_publicize_connections":[],"jetpack_featured_media_url":"","jetpack_sharing_enabled":true,"jetpack_shortlink":"https:\/\/wp.me\/p2D6dI-1xp","jetpack_likes_enabled":true,"jetpack-related-posts":[{"id":7120,"url":"http:\/\/www.fabriceeulry-laboutique.com\/blog\/?p=7120","url_meta":{"origin":5915,"position":0},"title":"ART COMPTANT POUR RIEN","author":"Le Canard du pianiste","date":"19 juin 2015","format":false,"excerpt":"Tout d'abord, laissons d'abord la parole \u00e0 l'\u00e9quipe de Versailles Familles Avenir : \"Dans un entretien au Art News Paper lors de la foire d'art contemporain en Suisse \u00e0 B\u00e2le, M. Kapoor a r\u00e9pondu au sujet de Versailles et \u00e0 propos des fran\u00e7ais \u00ab FUCK'EM \u00bb. Les \u00e9lus de Versailles\u2026","rel":"","context":"Dans &quot;Non class\u00e9&quot;","block_context":{"text":"Non class\u00e9","link":"http:\/\/www.fabriceeulry-laboutique.com\/blog\/?cat=1"},"img":{"alt_text":"","src":"https:\/\/i0.wp.com\/www.fabriceeulry-laboutique.com\/blog\/wp-content\/uploads\/2015\/06\/joconde-.jpg?resize=350%2C200","width":350,"height":200},"classes":[]},{"id":10513,"url":"http:\/\/www.fabriceeulry-laboutique.com\/blog\/?p=10513","url_meta":{"origin":5915,"position":1},"title":"UNE OVATION DEBOUT SANS TRUCAGE","author":"Le Canard du pianiste","date":"23 mars 2018","format":false,"excerpt":"Concert le 17 mars 2018 \u00e0 l'\u00e9glise d'Espalion (superbe acoustique et tr\u00e8s bon accueil) : Apr\u00e8s le programme Bizet, Mozart, Rossini, Brahms, du philharmonique de Kharkiv dirig\u00e9 par\u00a0Yuriy Yanko... et le Concerto de Fabrice Eulry... le public se l\u00e8ve spontan\u00e9ment : on ne pourra accuser les organisateurs d'avoir soudoy\u00e9 le\u2026","rel":"","context":"Dans &quot;Non class\u00e9&quot;","block_context":{"text":"Non class\u00e9","link":"http:\/\/www.fabriceeulry-laboutique.com\/blog\/?cat=1"},"img":{"alt_text":"","src":"https:\/\/i0.wp.com\/www.fabriceeulry-laboutique.com\/blog\/wp-content\/uploads\/2018\/03\/bulletin-dEspalion-Kharkiv-17-mars-2018.png?resize=350%2C200","width":350,"height":200,"srcset":"https:\/\/i0.wp.com\/www.fabriceeulry-laboutique.com\/blog\/wp-content\/uploads\/2018\/03\/bulletin-dEspalion-Kharkiv-17-mars-2018.png?resize=350%2C200 1x, https:\/\/i0.wp.com\/www.fabriceeulry-laboutique.com\/blog\/wp-content\/uploads\/2018\/03\/bulletin-dEspalion-Kharkiv-17-mars-2018.png?resize=525%2C300 1.5x"},"classes":[]},{"id":12969,"url":"http:\/\/www.fabriceeulry-laboutique.com\/blog\/?p=12969","url_meta":{"origin":5915,"position":2},"title":"FESTIVAL D&rsquo;AVIGNON SUR L&rsquo;EAU","author":"Le Canard du pianiste","date":"20 juillet 2024","format":false,"excerpt":"Cette \u00e9dition 2024 du festival d'Avignon a vu une formule tr\u00e8s originale : le festival d\u00e9borde des remparts et embarque sur le Rh\u00f4ne pour une croisi\u00e8re de quelques heures qui enjambe le cr\u00e9puscule et permet de retrouver l'autre Ville \u00e9ternelle sous ses illuminations nocturnes. La p\u00e9niche LE MIRIEO vous donne\u2026","rel":"","context":"Dans &quot;Non class\u00e9&quot;","block_context":{"text":"Non class\u00e9","link":"http:\/\/www.fabriceeulry-laboutique.com\/blog\/?cat=1"},"img":{"alt_text":"","src":"https:\/\/i0.wp.com\/www.fabriceeulry-laboutique.com\/blog\/wp-content\/uploads\/2024\/07\/1000002220-scaled.jpg?resize=350%2C200","width":350,"height":200,"srcset":"https:\/\/i0.wp.com\/www.fabriceeulry-laboutique.com\/blog\/wp-content\/uploads\/2024\/07\/1000002220-scaled.jpg?resize=350%2C200 1x, https:\/\/i0.wp.com\/www.fabriceeulry-laboutique.com\/blog\/wp-content\/uploads\/2024\/07\/1000002220-scaled.jpg?resize=525%2C300 1.5x, https:\/\/i0.wp.com\/www.fabriceeulry-laboutique.com\/blog\/wp-content\/uploads\/2024\/07\/1000002220-scaled.jpg?resize=700%2C400 2x, https:\/\/i0.wp.com\/www.fabriceeulry-laboutique.com\/blog\/wp-content\/uploads\/2024\/07\/1000002220-scaled.jpg?resize=1050%2C600 3x, https:\/\/i0.wp.com\/www.fabriceeulry-laboutique.com\/blog\/wp-content\/uploads\/2024\/07\/1000002220-scaled.jpg?resize=1400%2C800 4x"},"classes":[]},{"id":6878,"url":"http:\/\/www.fabriceeulry-laboutique.com\/blog\/?p=6878","url_meta":{"origin":5915,"position":3},"title":"SUR LE SITE D&rsquo;HISTOIRE HERODOTE.COM","author":"Le Canard du pianiste","date":"12 mai 2015","format":false,"excerpt":"\u00a0 \"Le premier ministre de la France devrait \u00eatre en train de gouverner et de ne pas s'occuper du d\u00e9bat intellectuel en France.\"Emmanuel Todd. Apr\u00e8s les artistes et les philosophes, le pouvoir ex\u00e9cutif, s'en prend cette fois aux historiens, aux d\u00e9mographes. Cliquez sur la photo de l'historien d\u00e9mographe qui d\u00e8s\u2026","rel":"","context":"Dans &quot;Non class\u00e9&quot;","block_context":{"text":"Non class\u00e9","link":"http:\/\/www.fabriceeulry-laboutique.com\/blog\/?cat=1"},"img":{"alt_text":"L'histoire de france en chantant","src":"http:\/\/fabriceeulryunblogfr.unblog.fr\/files\/2009\/07\/cdcdcdgrand.bmp","width":350,"height":200},"classes":[]},{"id":11167,"url":"http:\/\/www.fabriceeulry-laboutique.com\/blog\/?p=11167","url_meta":{"origin":5915,"position":4},"title":"CISCO HERZAFT ET FABRICE EULRY CHEZ NADIA BOULANGER","author":"Le Canard du pianiste","date":"6 d\u00e9cembre 2018","format":false,"excerpt":"Pour le festival \u00a0Cisco Herzaft invitait Fabrice Eulry. Mais laissons s'exprimer ce t\u00e9moignage : Le trio pause fi\u00e8rement devant le Pleyel des soeurs Boulanger qui tr\u00f4ne dans le salon depuis cent ans. Adh\u00e9rez \u00e0 l'association BLUES EN AVEYRON pour promouvoir le blues et le patrimoine aveyronnais.\u00a0 Et ne manquez le\u2026","rel":"","context":"Dans &quot;Non class\u00e9&quot;","block_context":{"text":"Non class\u00e9","link":"http:\/\/www.fabriceeulry-laboutique.com\/blog\/?cat=1"},"img":{"alt_text":"","src":"https:\/\/i0.wp.com\/www.fabriceeulry-laboutique.com\/blog\/wp-content\/uploads\/2018\/11\/Cisco-3.png?resize=350%2C200","width":350,"height":200,"srcset":"https:\/\/i0.wp.com\/www.fabriceeulry-laboutique.com\/blog\/wp-content\/uploads\/2018\/11\/Cisco-3.png?resize=350%2C200 1x, https:\/\/i0.wp.com\/www.fabriceeulry-laboutique.com\/blog\/wp-content\/uploads\/2018\/11\/Cisco-3.png?resize=525%2C300 1.5x"},"classes":[]},{"id":4767,"url":"http:\/\/www.fabriceeulry-laboutique.com\/blog\/?p=4767","url_meta":{"origin":5915,"position":5},"title":"UN GRAND HISTORIEN NOUS QUITTE","author":"Le Canard du pianiste","date":"2 avril 2014","format":false,"excerpt":"\u00a0 \u00a0 90 ans et alors ? Y n'emp\u00eache je l'aimais bien et Jacques Le Goff va nous manquer. \u00a0 \u00a0 \u00a0Heureusement internet compense le fait qu'on n'entend plus beaucoup les vrais historiens dans les m\u00e9dias depuis longtemps et cette archive d'Apostrophes est l\u00e0 pour nous rappeler la qualit\u00e9 du\u2026","rel":"","context":"Dans &quot;Non class\u00e9&quot;","block_context":{"text":"Non class\u00e9","link":"http:\/\/www.fabriceeulry-laboutique.com\/blog\/?cat=1"},"img":{"alt_text":"","src":"https:\/\/i0.wp.com\/www.fabriceeulry-laboutique.com\/blog\/wp-content\/uploads\/2014\/04\/Le-Goff.jpg?resize=350%2C200","width":350,"height":200,"srcset":"https:\/\/i0.wp.com\/www.fabriceeulry-laboutique.com\/blog\/wp-content\/uploads\/2014\/04\/Le-Goff.jpg?resize=350%2C200 1x, https:\/\/i0.wp.com\/www.fabriceeulry-laboutique.com\/blog\/wp-content\/uploads\/2014\/04\/Le-Goff.jpg?resize=525%2C300 1.5x, https:\/\/i0.wp.com\/www.fabriceeulry-laboutique.com\/blog\/wp-content\/uploads\/2014\/04\/Le-Goff.jpg?resize=700%2C400 2x"},"classes":[]}],"_links":{"self":[{"href":"http:\/\/www.fabriceeulry-laboutique.com\/blog\/index.php?rest_route=\/wp\/v2\/posts\/5915","targetHints":{"allow":["GET"]}}],"collection":[{"href":"http:\/\/www.fabriceeulry-laboutique.com\/blog\/index.php?rest_route=\/wp\/v2\/posts"}],"about":[{"href":"http:\/\/www.fabriceeulry-laboutique.com\/blog\/index.php?rest_route=\/wp\/v2\/types\/post"}],"author":[{"embeddable":true,"href":"http:\/\/www.fabriceeulry-laboutique.com\/blog\/index.php?rest_route=\/wp\/v2\/users\/2"}],"replies":[{"embeddable":true,"href":"http:\/\/www.fabriceeulry-laboutique.com\/blog\/index.php?rest_route=%2Fwp%2Fv2%2Fcomments&post=5915"}],"version-history":[{"count":6,"href":"http:\/\/www.fabriceeulry-laboutique.com\/blog\/index.php?rest_route=\/wp\/v2\/posts\/5915\/revisions"}],"predecessor-version":[{"id":9717,"href":"http:\/\/www.fabriceeulry-laboutique.com\/blog\/index.php?rest_route=\/wp\/v2\/posts\/5915\/revisions\/9717"}],"wp:attachment":[{"href":"http:\/\/www.fabriceeulry-laboutique.com\/blog\/index.php?rest_route=%2Fwp%2Fv2%2Fmedia&parent=5915"}],"wp:term":[{"taxonomy":"category","embeddable":true,"href":"http:\/\/www.fabriceeulry-laboutique.com\/blog\/index.php?rest_route=%2Fwp%2Fv2%2Fcategories&post=5915"},{"taxonomy":"post_tag","embeddable":true,"href":"http:\/\/www.fabriceeulry-laboutique.com\/blog\/index.php?rest_route=%2Fwp%2Fv2%2Ftags&post=5915"}],"curies":[{"name":"wp","href":"https:\/\/api.w.org\/{rel}","templated":true}]}}