{"id":5967,"date":"2014-11-26T01:24:48","date_gmt":"2014-11-26T01:24:48","guid":{"rendered":"http:\/\/www.fabriceeulry-laboutique.com\/blog\/?p=5967"},"modified":"2018-12-13T06:15:39","modified_gmt":"2018-12-13T06:15:39","slug":"plus-fort-que-koundelitch","status":"publish","type":"post","link":"http:\/\/www.fabriceeulry-laboutique.com\/blog\/?p=5967","title":{"rendered":"PLUS FORT QUE KOUNDELITCH !"},"content":{"rendered":"<h2><\/h2>\n<table id=\"yui_3_16_0_1_1416320668044_1910\" width=\"600\" border=\"0\" cellspacing=\"0\" cellpadding=\"0\" align=\"center\">\n<tbody id=\"yui_3_16_0_1_1416320668044_1909\">\n<tr id=\"yui_3_16_0_1_1416320668044_6137\">\n<td id=\"yui_3_16_0_1_1416320668044_6136\" align=\"center\" valign=\"top\" width=\"600\">\n<table id=\"yui_3_16_0_1_1416320668044_6135\" width=\"100%\" border=\"0\" cellspacing=\"0\" cellpadding=\"0\" align=\"center\">\n<tbody id=\"yui_3_16_0_1_1416320668044_6134\">\n<tr id=\"yui_3_16_0_1_1416320668044_6133\">\n<td id=\"yui_3_16_0_1_1416320668044_6132\" align=\"center\" height=\"1\"><a id=\"yui_3_16_0_1_1416320668044_6131\" href=\"http:\/\/www.sourgins.fr\/?email_id=17&amp;user_id=398&amp;urlpassed=aHR0cDovL3d3dy5zb3VyZ2lucy5mci9sZS1ncmFpbi1kZS1zZWwtZHUtbWFyZGkvaHR0cDovLw%3D%3D&amp;controller=stats&amp;action=analyse&amp;wysija-page=1&amp;wysijap=subscriptions\" rel=\"nofollow\" target=\"_blank\"><img data-recalc-dims=\"1\" loading=\"lazy\" decoding=\"async\" id=\"yui_3_16_0_1_1416320668044_6130\" src=\"https:\/\/i0.wp.com\/www.sourgins.fr\/wp-content\/uploads\/2014\/08\/0-comic-maigre.beige_-600x82.jpg?resize=600%2C82\" alt=\"\" width=\"600\" height=\"82\" border=\"0\" \/><\/a><\/td>\n<\/tr>\n<\/tbody>\n<\/table>\n<\/td>\n<\/tr>\n<\/tbody>\n<\/table>\n<h2><\/h2>\n<h2>\u00a0 Le\u00a0Centre Pompidou\u00a0pr\u00e9sente, du 26 novembre 2014 au 27 avril\u00a0 2015,\u00a0 la premi\u00e8re r\u00e9trospective majeure consacr\u00e9e, en Europe, \u00e0 l\u2019am\u00e9ricain\u00a0Jeff Koons. On y verra \u00a0 ses oeuvres les plus connues, de 1979 \u00e0 nos jours, \u00ab\u00a0les \u00ab ic\u00f4nes \u00bb les plus c\u00e9l\u00e8bres de l\u2019art de notre temps, notamment Rabbit, Michael Jackson and Bubbles, Balloon Dog et la s\u00e9rie d\u2019aquariums Equilibrium \u00a0\u00bb dixit le\u00a0<a href=\"http:\/\/www.sourgins.fr\/?email_id=14&amp;user_id=398&amp;urlpassed=aHR0cHM6Ly93d3cuY2VudHJlcG9tcGlkb3UuZnIvY3B2L3Jlc291cmNlL2NyYkJCYnIvcmd6QjRreQ%3D%3D&amp;controller=stats&amp;action=analyse&amp;wysija-page=1&amp;wysijap=subscriptions\" rel=\"nofollow\" target=\"_blank\">centre Pompidou<\/a>\u00a0qui conclut\u00a0:\u00a0\u00ab\u00a0<em id=\"yui_3_16_0_1_1417016113514_14097\">depuis 35 ans, il explore de nouvelles approches du \u00ab readymade \u00bb et de l&rsquo;appropriation, jouant de la lisi\u00e8re entre culture des \u00e9lites et culture de masse, poussant les limites de la fabrication industrielle et changeant le rapport des artistes au culte de la c\u00e9l\u00e9brit\u00e9 comme aux r\u00e8gles du march\u00e9<\/em>\u00a0\u00bb.\u00a0 Bien s\u00fbr, il faut lire et r\u00e9tablir\u00a0: il engrange les dividendes du ready-made et de l\u2019appropriation, \u00e9rige la culture de masse en culture \u00e9litiste, il a mont\u00e9 sa PME qu\u2019il fait passer, prestige oblige, pour un atelier \u00e0 la Rubens (!),\u00a0 il est artiste\u00a0<em id=\"yui_3_16_0_1_1417016113514_14114\">d\u2019abord<\/em>\u00a0pour son habilet\u00e9 \u00e0 d\u00e9frayer la chronique, il est pass\u00e9 d\u2019un march\u00e9 de l\u2019art \u00e0 un art de march\u00e9\u2026<\/h2>\n<table id=\"yui_3_16_0_1_1416320668044_14287\" width=\"100%\" border=\"0\" cellspacing=\"0\" cellpadding=\"0\" align=\"left\">\n<tbody id=\"yui_3_16_0_1_1416320668044_14286\">\n<tr id=\"yui_3_16_0_1_1416320668044_14285\">\n<td id=\"yui_3_16_0_1_1416320668044_14284\" align=\"left\">\n<div id=\"yui_3_16_0_1_1416320668044_14290\">\n<h2><strong>Lire la suite sur le<a href=\"http:\/\/www.sourgins.fr\/jeff-koons-mistinguett-de-lart-contemporain\/\">\u00a0Le blog de Christine Sourgins\u00a0<\/a><\/strong><\/h2>\n<p><a href=\"http:\/\/www.sourgins.fr\/le-grain-de-sel-du-mardi\/\"><img data-recalc-dims=\"1\" loading=\"lazy\" decoding=\"async\" title=\"sourgins\" src=\"https:\/\/i0.wp.com\/www.fabriceeulry-laboutique.com\/blog\/wp-content\/uploads\/2014\/10\/sourgins-.jpg?resize=207%2C300\" alt=\"\" width=\"207\" height=\"300\" \/><\/a><\/p>\n<\/div>\n<\/td>\n<\/tr>\n<\/tbody>\n<\/table>\n","protected":false},"excerpt":{"rendered":"<p>\u00a0 Le\u00a0Centre Pompidou\u00a0pr\u00e9sente, du 26 novembre 2014 au 27 avril\u00a0 2015,\u00a0 la premi\u00e8re r\u00e9trospective majeure consacr\u00e9e, en Europe, \u00e0 l\u2019am\u00e9ricain\u00a0Jeff Koons. On y verra \u00a0 ses oeuvres les plus connues, de 1979 \u00e0 nos jours, \u00ab\u00a0les \u00ab ic\u00f4nes \u00bb les &hellip; <a href=\"http:\/\/www.fabriceeulry-laboutique.com\/blog\/?p=5967\">Continuer la lecture <span class=\"meta-nav\">&rarr;<\/span><\/a><\/p>\n","protected":false},"author":2,"featured_media":0,"comment_status":"open","ping_status":"open","sticky":false,"template":"","format":"standard","meta":{"jetpack_post_was_ever_published":false,"_jetpack_newsletter_access":"","_jetpack_dont_email_post_to_subs":true,"_jetpack_newsletter_tier_id":0,"_jetpack_memberships_contains_paywalled_content":false,"_jetpack_memberships_contains_paid_content":false,"footnotes":"","jetpack_publicize_message":"","jetpack_publicize_feature_enabled":true,"jetpack_social_post_already_shared":false,"jetpack_social_options":{"image_generator_settings":{"template":"highway","default_image_id":0,"font":"","enabled":false},"version":2}},"categories":[1],"tags":[15],"class_list":["post-5967","post","type-post","status-publish","format-standard","hentry","category-non-classe","tag-art"],"jetpack_publicize_connections":[],"jetpack_featured_media_url":"","jetpack_sharing_enabled":true,"jetpack_shortlink":"https:\/\/wp.me\/p2D6dI-1yf","jetpack_likes_enabled":true,"jetpack-related-posts":[{"id":1584,"url":"http:\/\/www.fabriceeulry-laboutique.com\/blog\/?p=1584","url_meta":{"origin":5967,"position":0},"title":"POUR UNE BONNE FIN DU MONDE","author":"Le Canard du pianiste","date":"20 d\u00e9cembre 2012","format":false,"excerpt":"Un po\u00e8me de Dominique De Coster Nos v\u0153ux\u00a0fort chaleureux Pour une bonne fin du monde Que l\u2019astre lumineux Nous accueille dans sa ronde \u00a0 Que s\u2019accrochent nos mains A notre unique Etoile Que s\u2019\u00e9crasent nos d\u00e9mons Qui tentent la cavale \u00a0 Et qu\u2019\u00e9clate de rire Notre \u00e2me dans son cerceau\u2026","rel":"","context":"Dans &quot;Non class\u00e9&quot;","block_context":{"text":"Non class\u00e9","link":"http:\/\/www.fabriceeulry-laboutique.com\/blog\/?cat=1"},"img":{"alt_text":"","src":"","width":0,"height":0},"classes":[]},{"id":4270,"url":"http:\/\/www.fabriceeulry-laboutique.com\/blog\/?p=4270","url_meta":{"origin":5967,"position":1},"title":"2014","author":"Le Canard du pianiste","date":"1 janvier 2014","format":false,"excerpt":"A vous je souhaiterai l'ann\u00e9e belle et paisible Si chacun garde raison sans se tromper de cible Souhaitant que les Beauvau et les ministres \u00e2nes Ne Cachent point faillite sous quenelles et bananes Jetez votre t\u00e9l\u00e9 et vos accoutumances Adoptez la musique comme cure de jouvence Retournez aux valeurs les\u2026","rel":"","context":"Dans &quot;Non class\u00e9&quot;","block_context":{"text":"Non class\u00e9","link":"http:\/\/www.fabriceeulry-laboutique.com\/blog\/?cat=1"},"img":{"alt_text":"","src":"","width":0,"height":0},"classes":[]},{"id":7840,"url":"http:\/\/www.fabriceeulry-laboutique.com\/blog\/?p=7840","url_meta":{"origin":5967,"position":2},"title":"CORRUPTION \u00ab\u00a0INVISIBLE\u00a0\u00bb (PAR CHRISTINE SOURGINS)","author":"Le Canard du pianiste","date":"10 novembre 2015","format":false,"excerpt":"mardi\u00a0 10 novembre 2015 : La corruption invisible car trop en vue \u2022\u00a0Attention, pour les conf\u00e9rences, changement de programme plus d'info \u00a0A l\u2019heure du premier salon du livre des lanceurs d\u2019alertes le 14 et 15 novembre \u00e0 Montreuil, on peut s\u2019\u00e9tonner que celui-ci n'ait pas, dans un premier temps(*), pens\u00e9\u2026","rel":"","context":"Dans &quot;Non class\u00e9&quot;","block_context":{"text":"Non class\u00e9","link":"http:\/\/www.fabriceeulry-laboutique.com\/blog\/?cat=1"},"img":{"alt_text":"","src":"https:\/\/i0.wp.com\/www.sourgins.fr\/wp-content\/uploads\/2014\/08\/comic-maigre-1-sur-2-600x82.jpg?resize=350%2C200","width":350,"height":200,"srcset":"https:\/\/i0.wp.com\/www.sourgins.fr\/wp-content\/uploads\/2014\/08\/comic-maigre-1-sur-2-600x82.jpg?resize=350%2C200 1x, https:\/\/i0.wp.com\/www.sourgins.fr\/wp-content\/uploads\/2014\/08\/comic-maigre-1-sur-2-600x82.jpg?resize=525%2C300 1.5x"},"classes":[]},{"id":1961,"url":"http:\/\/www.fabriceeulry-laboutique.com\/blog\/?p=1961","url_meta":{"origin":5967,"position":3},"title":"LE SUMMUM DE L'\u00a0\u00bbART\u00a0\u00bb CONCEPTUEL","author":"Le Canard du pianiste","date":"30 janvier 2013","format":false,"excerpt":"Pour ceux qui ne savent pas encore que l'\"art\" conceptuel est un produit financier voici une vid\u00e9o \u00e9difiante. http:\/\/www.dailymotion.com\/video\/xhkpmw_bande-annonce-chacun-sa-merde_creation?start=6#.UQkjF81ZlMM \u00a0","rel":"","context":"Dans &quot;Non class\u00e9&quot;","block_context":{"text":"Non class\u00e9","link":"http:\/\/www.fabriceeulry-laboutique.com\/blog\/?cat=1"},"img":{"alt_text":"","src":"https:\/\/i0.wp.com\/www.egaliteetreconciliation.fr\/local\/cache-vignettes\/L100xH91\/arton16159-644ca.jpg?resize=350%2C200","width":350,"height":200},"classes":[]},{"id":8708,"url":"http:\/\/www.fabriceeulry-laboutique.com\/blog\/?p=8708","url_meta":{"origin":5967,"position":4},"title":"MEME LES THERAPEUTES NOUS LE DISENT","author":"Le Canard du pianiste","date":"20 ao\u00fbt 2016","format":false,"excerpt":"... la musique gu\u00e9rit ! Combien de fois ne m'avez vous pas dit que la mienne devrait \u00eatre rembours\u00e9e par la s\u00e9curit\u00e9 sociale ? Mais aujourd'hui, voici d'autres points de vue, notamment sur les vertus de la voix de Nolwenn Leroy dont certains th\u00e9rapeutes sont devenus des inconditionnels. F.E. Cliquez\u2026","rel":"","context":"Dans &quot;Non class\u00e9&quot;","block_context":{"text":"Non class\u00e9","link":"http:\/\/www.fabriceeulry-laboutique.com\/blog\/?cat=1"},"img":{"alt_text":"Nolwen","src":"https:\/\/i0.wp.com\/www.fabriceeulry-laboutique.com\/blog\/wp-content\/uploads\/2016\/08\/Nolwen-300x150.jpg?resize=350%2C200","width":350,"height":200},"classes":[]},{"id":9178,"url":"http:\/\/www.fabriceeulry-laboutique.com\/blog\/?p=9178","url_meta":{"origin":5967,"position":5},"title":"MAST\u00c8RE CLASSE \u00c0 LA FONDATION R\u00c9SONNANCE","author":"Le Canard du pianiste","date":"27 janvier 2017","format":false,"excerpt":"Tr\u00e8s bonne ambiance (de travail) \u00e0 la Fondation R\u00e9sonnance, o\u00f9 nous passons et repassons tous les accords en revue avant de monter des quatre mains que nous donnerons demain pour le plus grand bonheur des pensionnaires d'une maison de retraite. Au programme notre bouquet de chansons fran\u00e7aises et russes :\u2026","rel":"","context":"Dans &quot;Non class\u00e9&quot;","block_context":{"text":"Non class\u00e9","link":"http:\/\/www.fabriceeulry-laboutique.com\/blog\/?cat=1"},"img":{"alt_text":"","src":"https:\/\/i0.wp.com\/www.fabriceeulry-laboutique.com\/blog\/wp-content\/uploads\/2017\/01\/mc10.png?resize=350%2C200","width":350,"height":200},"classes":[]}],"_links":{"self":[{"href":"http:\/\/www.fabriceeulry-laboutique.com\/blog\/index.php?rest_route=\/wp\/v2\/posts\/5967","targetHints":{"allow":["GET"]}}],"collection":[{"href":"http:\/\/www.fabriceeulry-laboutique.com\/blog\/index.php?rest_route=\/wp\/v2\/posts"}],"about":[{"href":"http:\/\/www.fabriceeulry-laboutique.com\/blog\/index.php?rest_route=\/wp\/v2\/types\/post"}],"author":[{"embeddable":true,"href":"http:\/\/www.fabriceeulry-laboutique.com\/blog\/index.php?rest_route=\/wp\/v2\/users\/2"}],"replies":[{"embeddable":true,"href":"http:\/\/www.fabriceeulry-laboutique.com\/blog\/index.php?rest_route=%2Fwp%2Fv2%2Fcomments&post=5967"}],"version-history":[{"count":5,"href":"http:\/\/www.fabriceeulry-laboutique.com\/blog\/index.php?rest_route=\/wp\/v2\/posts\/5967\/revisions"}],"predecessor-version":[{"id":5969,"href":"http:\/\/www.fabriceeulry-laboutique.com\/blog\/index.php?rest_route=\/wp\/v2\/posts\/5967\/revisions\/5969"}],"wp:attachment":[{"href":"http:\/\/www.fabriceeulry-laboutique.com\/blog\/index.php?rest_route=%2Fwp%2Fv2%2Fmedia&parent=5967"}],"wp:term":[{"taxonomy":"category","embeddable":true,"href":"http:\/\/www.fabriceeulry-laboutique.com\/blog\/index.php?rest_route=%2Fwp%2Fv2%2Fcategories&post=5967"},{"taxonomy":"post_tag","embeddable":true,"href":"http:\/\/www.fabriceeulry-laboutique.com\/blog\/index.php?rest_route=%2Fwp%2Fv2%2Ftags&post=5967"}],"curies":[{"name":"wp","href":"https:\/\/api.w.org\/{rel}","templated":true}]}}