{"id":6138,"date":"2015-01-01T00:46:04","date_gmt":"2015-01-01T00:46:04","guid":{"rendered":"http:\/\/www.fabriceeulry-laboutique.com\/blog\/?p=6138"},"modified":"2018-12-13T06:17:52","modified_gmt":"2018-12-13T06:17:52","slug":"le-marathon-de-24-heures-de-piano","status":"publish","type":"post","link":"http:\/\/www.fabriceeulry-laboutique.com\/blog\/?p=6138","title":{"rendered":"LE MARATHON DE 24 HEURES DE PIANO"},"content":{"rendered":"<h2 style=\"text-align: center;\"><span style=\"color: #000000;\"><strong>Vous \u00eates nombreux \u00e0 m&rsquo;en demander sa sortie depuis plusieurs ann\u00e9es.\u00a0<\/strong><\/span><\/h2>\n<h2 style=\"text-align: center;\"><span style=\"color: #000000;\"><strong>Cet \u00e9v\u00e8nement musical est mis en ligne \u00e0 raison d&rsquo;une heure chaque quinzaine !<\/strong><\/span><\/h2>\n<h2 style=\"text-align: center;\"><span style=\"color: #000000;\"><strong>T\u00e9l\u00e9chargez le premier \u00e9pisode \u00e9pisode, il est disponible.<\/strong><\/span><\/h2>\n<h2 style=\"text-align: center;\"><span style=\"color: #000000;\"><strong>(10\u20ac par \u00e9pisode)<\/strong><\/span><\/h2>\n<p style=\"text-align: center;\"><span style=\"color: #000000;\"><a style=\"color: #000000;\" href=\"http:\/\/http:\/\/www.fabriceeulry.com\/marathon.html\">http:\/\/www.fabriceeulry.com\/marathon.html<\/a><\/span><\/p>\n<h2 style=\"text-align: center;\"><span style=\"color: #000000;\"><strong>Et en attendant, voici le d\u00e9lirant final de ce marathon.<\/strong><\/span><\/h2>\n<p style=\"text-align: center;\"><span style=\"color: #000000;\"><a style=\"color: #000000;\" href=\"http:\/\/https:\/\/www.youtube.com\/watch?v=4QQ7VnNeu4M\">https:\/\/www.youtube.com\/watch?v=4QQ7VnNeu4M<\/a><\/span><\/p>\n<p style=\"text-align: center;\"><span style=\"color: #000000;\"><a style=\"color: #000000;\" href=\"https:\/\/www.youtube.com\/watch?v=4QQ7VnNeu4M\"><img data-recalc-dims=\"1\" loading=\"lazy\" decoding=\"async\" class=\"aligncenter size-medium wp-image-6139\" title=\"marathon\" src=\"https:\/\/i0.wp.com\/www.fabriceeulry-laboutique.com\/blog\/wp-content\/uploads\/2014\/12\/marathon-.jpg?resize=300%2C213\" alt=\"\" width=\"300\" height=\"213\" srcset=\"https:\/\/i0.wp.com\/www.fabriceeulry-laboutique.com\/blog\/wp-content\/uploads\/2014\/12\/marathon-.jpg?resize=300%2C213 300w, https:\/\/i0.wp.com\/www.fabriceeulry-laboutique.com\/blog\/wp-content\/uploads\/2014\/12\/marathon-.jpg?w=655 655w\" sizes=\"auto, (max-width: 300px) 100vw, 300px\" \/><\/a><\/span><\/p>\n<p style=\"text-align: center;\"><span style=\"color: #000000;\"><strong>Et l&rsquo;article en premi\u00e8re page du Parisien sur cinq colonnes <\/strong><em>(cliquez sur l&rsquo;image pour agrandir l&rsquo;article et le lire en pdf)<\/em><\/span><\/p>\n<p style=\"text-align: center;\"><span style=\"color: #000000;\"><a style=\"color: #000000;\" href=\"http:\/\/www.fabriceeulry.com\/media\/pdf\/article_le_parisien_24_heures.pdf\"><img data-recalc-dims=\"1\" loading=\"lazy\" decoding=\"async\" class=\"aligncenter size-full wp-image-6156\" title=\"Parisien\" src=\"https:\/\/i0.wp.com\/www.fabriceeulry-laboutique.com\/blog\/wp-content\/uploads\/2014\/12\/Parisien-.jpg?resize=512%2C690\" alt=\"\" width=\"512\" height=\"690\" srcset=\"https:\/\/i0.wp.com\/www.fabriceeulry-laboutique.com\/blog\/wp-content\/uploads\/2014\/12\/Parisien-.jpg?w=512 512w, https:\/\/i0.wp.com\/www.fabriceeulry-laboutique.com\/blog\/wp-content\/uploads\/2014\/12\/Parisien-.jpg?resize=222%2C300 222w\" sizes=\"auto, (max-width: 512px) 100vw, 512px\" \/><\/a><\/span><\/p>\n<h2 style=\"text-align: center;\"><span style=\"color: #000000;\"><strong>L&rsquo;\u00e9v\u00e8nement fut relay\u00e9 sur deux cha\u00eenes t\u00e9l\u00e9vis\u00e9es nationales et une cha\u00eene \u00e0 p\u00e9age, ainsi que par de nombreux hebdomadaires et les journaux quotidiens. Le seul article n\u00e9gatif fut celui de feu France soir, qui qualifia l&rsquo;\u00e9v\u00e8nement de \u00ab\u00a0d\u00e9bile\u00a0\u00bb tout en \u00e9tant le seul quotidien qui n&rsquo;envoya aucun journaliste sur place.<\/strong><\/span><\/h2>\n<p style=\"text-align: center;\"><span style=\"color: #000000;\">\u00a0<\/span><\/p>\n","protected":false},"excerpt":{"rendered":"<p>Vous \u00eates nombreux \u00e0 m&rsquo;en demander sa sortie depuis plusieurs ann\u00e9es.\u00a0 Cet \u00e9v\u00e8nement musical est mis en ligne \u00e0 raison d&rsquo;une heure chaque quinzaine ! T\u00e9l\u00e9chargez le premier \u00e9pisode \u00e9pisode, il est disponible. (10\u20ac par \u00e9pisode) http:\/\/www.fabriceeulry.com\/marathon.html Et en attendant, &hellip; <a href=\"http:\/\/www.fabriceeulry-laboutique.com\/blog\/?p=6138\">Continuer la lecture <span class=\"meta-nav\">&rarr;<\/span><\/a><\/p>\n","protected":false},"author":2,"featured_media":0,"comment_status":"open","ping_status":"open","sticky":false,"template":"","format":"standard","meta":{"jetpack_post_was_ever_published":false,"_jetpack_newsletter_access":"","_jetpack_dont_email_post_to_subs":true,"_jetpack_newsletter_tier_id":0,"_jetpack_memberships_contains_paywalled_content":false,"_jetpack_memberships_contains_paid_content":false,"footnotes":"","jetpack_publicize_message":"","jetpack_publicize_feature_enabled":true,"jetpack_social_post_already_shared":false,"jetpack_social_options":{"image_generator_settings":{"template":"highway","default_image_id":0,"font":"","enabled":false},"version":2}},"categories":[1],"tags":[46],"class_list":["post-6138","post","type-post","status-publish","format-standard","hentry","category-non-classe","tag-sorties-de-dvd"],"jetpack_publicize_connections":[],"jetpack_featured_media_url":"","jetpack_sharing_enabled":true,"jetpack_shortlink":"https:\/\/wp.me\/p2D6dI-1B0","jetpack_likes_enabled":true,"jetpack-related-posts":[{"id":6343,"url":"http:\/\/www.fabriceeulry-laboutique.com\/blog\/?p=6343","url_meta":{"origin":6138,"position":0},"title":"LE MARATHON EST SORTI !","author":"Le Canard du pianiste","date":"13 f\u00e9vrier 2015","format":false,"excerpt":"Vous \u00eates nombreux \u00e0 m'en demander sa sortie depuis plusieurs ann\u00e9es.\u00a0 Cet \u00e9v\u00e8nement musical de 24 heures est mis en ligne par \u00e9pisode d'une heure. T\u00e9l\u00e9chargez chaque \u00e9pisode, le premier est d\u00e9j\u00e0 disponible et le deuxi\u00e8me sortira bient\u00f4t ! (10\u20ac par \u00e9pisode) http:\/\/www.fabriceeulry.com\/marathon.html Et en attendant, voici le d\u00e9lirant final\u2026","rel":"","context":"Dans &quot;Non class\u00e9&quot;","block_context":{"text":"Non class\u00e9","link":"http:\/\/www.fabriceeulry-laboutique.com\/blog\/?cat=1"},"img":{"alt_text":"","src":"https:\/\/i0.wp.com\/www.fabriceeulry-laboutique.com\/blog\/wp-content\/uploads\/2014\/12\/marathon--300x213.jpg?resize=350%2C200","width":350,"height":200},"classes":[]},{"id":6448,"url":"http:\/\/www.fabriceeulry-laboutique.com\/blog\/?p=6448","url_meta":{"origin":6138,"position":1},"title":"COMMENTAIRES A PROPOS DU MARATHON","author":"Le Canard du pianiste","date":"26 f\u00e9vrier 2015","format":false,"excerpt":"Merci tout particuli\u00e8rement \u00e0 ceux qui ont t\u00e9l\u00e9charg\u00e9 la premi\u00e8re heure du marathon. La deuxi\u00e8me sort d\u00e9j\u00e0 dans quelques jours. Voici quelques uns des commentaires que vous avez eu la bont\u00e9 de m'envoyer concernant cette premi\u00e8re heure : - \"Fabrice Eulry ! Merci beaucoup de ce film de ton Marathon\u2026","rel":"","context":"Dans &quot;Non class\u00e9&quot;","block_context":{"text":"Non class\u00e9","link":"http:\/\/www.fabriceeulry-laboutique.com\/blog\/?cat=1"},"img":{"alt_text":"","src":"https:\/\/i0.wp.com\/www.fabriceeulry-laboutique.com\/blog\/wp-content\/uploads\/2014\/12\/marathon--300x213.jpg?resize=350%2C200","width":350,"height":200},"classes":[]},{"id":13250,"url":"http:\/\/www.fabriceeulry-laboutique.com\/blog\/?p=13250","url_meta":{"origin":6138,"position":2},"title":"GERSHWIN AU PIANO MARATHON","author":"Le Canard du pianiste","date":"19 avril 2025","format":false,"excerpt":"Du fameux piano-marathon de 2005 que Fabrice Eulry a offert \u00e0 son public, il est depuis plusieurs ann\u00e9es possible de visionner le final : un moment intense o\u00f9 la musicalit\u00e9 c\u00e8de le pas sur l'exaltation, o\u00f9 l'\u00e9motion de la performance sportive englouti la finesse artistique dans un flot d'adr\u00e9naline et\u2026","rel":"","context":"Dans &quot;Non class\u00e9&quot;","block_context":{"text":"Non class\u00e9","link":"http:\/\/www.fabriceeulry-laboutique.com\/blog\/?cat=1"},"img":{"alt_text":"","src":"https:\/\/i0.wp.com\/img.youtube.com\/vi\/4QQ7VnNeu4M\/0.jpg?resize=350%2C200","width":350,"height":200},"classes":[]},{"id":13415,"url":"http:\/\/www.fabriceeulry-laboutique.com\/blog\/?p=13415","url_meta":{"origin":6138,"position":3},"title":"UN DES RARES SLOW DE BILL HALEY","author":"Le Canard du pianiste","date":"3 d\u00e9cembre 2025","format":false,"excerpt":"Tir\u00e9e du marathon pianistique de 2005, voici la vid\u00e9o de Writing love letters from the sand. Lors de la 6\u00e8me heure de son marathon pianistique de 24h. Fabrice Eulry improvise sur Writing love letters from the sand. Apr\u00e8s un expos\u00e9, on entend une partie rapide en piano-stride, puis un retour\u2026","rel":"","context":"Dans &quot;Non class\u00e9&quot;","block_context":{"text":"Non class\u00e9","link":"http:\/\/www.fabriceeulry-laboutique.com\/blog\/?cat=1"},"img":{"alt_text":"","src":"https:\/\/i0.wp.com\/www.fabriceeulry-laboutique.com\/blog\/wp-content\/uploads\/2025\/11\/gospeulry-1.png?resize=350%2C200","width":350,"height":200,"srcset":"https:\/\/i0.wp.com\/www.fabriceeulry-laboutique.com\/blog\/wp-content\/uploads\/2025\/11\/gospeulry-1.png?resize=350%2C200 1x, https:\/\/i0.wp.com\/www.fabriceeulry-laboutique.com\/blog\/wp-content\/uploads\/2025\/11\/gospeulry-1.png?resize=525%2C300 1.5x, https:\/\/i0.wp.com\/www.fabriceeulry-laboutique.com\/blog\/wp-content\/uploads\/2025\/11\/gospeulry-1.png?resize=700%2C400 2x, https:\/\/i0.wp.com\/www.fabriceeulry-laboutique.com\/blog\/wp-content\/uploads\/2025\/11\/gospeulry-1.png?resize=1050%2C600 3x, https:\/\/i0.wp.com\/www.fabriceeulry-laboutique.com\/blog\/wp-content\/uploads\/2025\/11\/gospeulry-1.png?resize=1400%2C800 4x"},"classes":[]},{"id":12931,"url":"http:\/\/www.fabriceeulry-laboutique.com\/blog\/?p=12931","url_meta":{"origin":6138,"position":4},"title":"UNE BELLE ANN\u00c9E POUR R\u00c9SONNANCE FRANCE","author":"Le Canard du pianiste","date":"27 juin 2024","format":false,"excerpt":"La filiale fran\u00e7aise de la fondation d'Elizabeth Sombart avait surmont\u00e9 courageusement l'ignoble \u00e9pisode covidiste, puis est remont\u00e9 lentement \u00e0 son ancien niveau d'activit\u00e9. Les dons repartent et permettent d'offrir \u00e0 nouveau des concerts de solidarit\u00e9. Voici le dernier en date en ce mois de juin 2024 dans la Dr\u00f4me. L'\u00e9tablissement\u2026","rel":"","context":"Dans &quot;Non class\u00e9&quot;","block_context":{"text":"Non class\u00e9","link":"http:\/\/www.fabriceeulry-laboutique.com\/blog\/?cat=1"},"img":{"alt_text":"","src":"https:\/\/i0.wp.com\/www.fabriceeulry-laboutique.com\/blog\/wp-content\/uploads\/2024\/06\/Bouchet.png?resize=350%2C200","width":350,"height":200,"srcset":"https:\/\/i0.wp.com\/www.fabriceeulry-laboutique.com\/blog\/wp-content\/uploads\/2024\/06\/Bouchet.png?resize=350%2C200 1x, https:\/\/i0.wp.com\/www.fabriceeulry-laboutique.com\/blog\/wp-content\/uploads\/2024\/06\/Bouchet.png?resize=525%2C300 1.5x, https:\/\/i0.wp.com\/www.fabriceeulry-laboutique.com\/blog\/wp-content\/uploads\/2024\/06\/Bouchet.png?resize=700%2C400 2x, https:\/\/i0.wp.com\/www.fabriceeulry-laboutique.com\/blog\/wp-content\/uploads\/2024\/06\/Bouchet.png?resize=1050%2C600 3x, https:\/\/i0.wp.com\/www.fabriceeulry-laboutique.com\/blog\/wp-content\/uploads\/2024\/06\/Bouchet.png?resize=1400%2C800 4x"},"classes":[]},{"id":9586,"url":"http:\/\/www.fabriceeulry-laboutique.com\/blog\/?p=9586","url_meta":{"origin":6138,"position":5},"title":"EULRY 24 HEURES AU PIANO, MAIS DE FUN\u00c8S PLUSIEURS FOIS 12 HEURES !","author":"Le Canard du pianiste","date":"20 juillet 2017","format":false,"excerpt":"C'est aussi en jouant r\u00e9guli\u00e8rement 12 heures d'affil\u00e9e que Fabrice Eulry eu l'id\u00e9e en 2005 de proposer en solo un\u00a0marathon pianistique de 24 heures\u00a0(cliquez sur le lien pour visionner la folle minute finale)\u00a0 \u00c0 la sortie de \"L'aile ou la cuisse\", Louis de Fun\u00e8s nous confie certains souvenirs dont ceux\u2026","rel":"","context":"Dans &quot;Non class\u00e9&quot;","block_context":{"text":"Non class\u00e9","link":"http:\/\/www.fabriceeulry-laboutique.com\/blog\/?cat=1"},"img":{"alt_text":"Hanula1","src":"https:\/\/i0.wp.com\/www.fabriceeulry-laboutique.com\/blog\/wp-content\/uploads\/2017\/07\/Hanula1.jpg?resize=350%2C200","width":350,"height":200,"srcset":"https:\/\/i0.wp.com\/www.fabriceeulry-laboutique.com\/blog\/wp-content\/uploads\/2017\/07\/Hanula1.jpg?resize=350%2C200 1x, https:\/\/i0.wp.com\/www.fabriceeulry-laboutique.com\/blog\/wp-content\/uploads\/2017\/07\/Hanula1.jpg?resize=525%2C300 1.5x, https:\/\/i0.wp.com\/www.fabriceeulry-laboutique.com\/blog\/wp-content\/uploads\/2017\/07\/Hanula1.jpg?resize=700%2C400 2x"},"classes":[]}],"_links":{"self":[{"href":"http:\/\/www.fabriceeulry-laboutique.com\/blog\/index.php?rest_route=\/wp\/v2\/posts\/6138","targetHints":{"allow":["GET"]}}],"collection":[{"href":"http:\/\/www.fabriceeulry-laboutique.com\/blog\/index.php?rest_route=\/wp\/v2\/posts"}],"about":[{"href":"http:\/\/www.fabriceeulry-laboutique.com\/blog\/index.php?rest_route=\/wp\/v2\/types\/post"}],"author":[{"embeddable":true,"href":"http:\/\/www.fabriceeulry-laboutique.com\/blog\/index.php?rest_route=\/wp\/v2\/users\/2"}],"replies":[{"embeddable":true,"href":"http:\/\/www.fabriceeulry-laboutique.com\/blog\/index.php?rest_route=%2Fwp%2Fv2%2Fcomments&post=6138"}],"version-history":[{"count":5,"href":"http:\/\/www.fabriceeulry-laboutique.com\/blog\/index.php?rest_route=\/wp\/v2\/posts\/6138\/revisions"}],"predecessor-version":[{"id":7276,"href":"http:\/\/www.fabriceeulry-laboutique.com\/blog\/index.php?rest_route=\/wp\/v2\/posts\/6138\/revisions\/7276"}],"wp:attachment":[{"href":"http:\/\/www.fabriceeulry-laboutique.com\/blog\/index.php?rest_route=%2Fwp%2Fv2%2Fmedia&parent=6138"}],"wp:term":[{"taxonomy":"category","embeddable":true,"href":"http:\/\/www.fabriceeulry-laboutique.com\/blog\/index.php?rest_route=%2Fwp%2Fv2%2Fcategories&post=6138"},{"taxonomy":"post_tag","embeddable":true,"href":"http:\/\/www.fabriceeulry-laboutique.com\/blog\/index.php?rest_route=%2Fwp%2Fv2%2Ftags&post=6138"}],"curies":[{"name":"wp","href":"https:\/\/api.w.org\/{rel}","templated":true}]}}