{"id":6158,"date":"2015-01-02T01:51:34","date_gmt":"2015-01-02T01:51:34","guid":{"rendered":"http:\/\/www.fabriceeulry-laboutique.com\/blog\/?p=6158"},"modified":"2018-12-12T03:36:47","modified_gmt":"2018-12-12T03:36:47","slug":"norman-lebrecht-defend-la-salle-pleyel","status":"publish","type":"post","link":"http:\/\/www.fabriceeulry-laboutique.com\/blog\/?p=6158","title":{"rendered":"NORMAN LEBRECHT DEFEND LA SALLE PLEYEL"},"content":{"rendered":"<h2><strong>\u00a0 \u00a0 \u00a0 Norman Lebrecht, le plus c\u00e9l\u00e8bre \u00e9ditorialiste de musique classique dans le monde, d\u00e9fend la Salle Pleyel\u00a0<a href=\"http:\/\/slippedisc.com\/2014\/12\/thousands-mobilise-to-save-classical-music-at-salle-pleyel\/\" target=\"_blank\">dans un texte qui rappelle le succ\u00e8s de la p\u00e9tition<\/a>. Cet intervention confirme que l&rsquo;interdiction de jouer de la musique classique constitue r\u00e9ellement un scandale international. <a href=\"http:\/\/http:\/\/pourleclassiqueapleyel.blogspot.fr\/\">Lire la suite<\/a>\u00a0&#8230;<\/strong><\/h2>\n<h2 style=\"text-align: center;\"><strong>Donn\u00e9 \u00e0 la salle Cortot en 2011 et conduit par Jean-Luc Tingaud chef d&rsquo;orchestre \u00e0 l&rsquo;op\u00e9ra comique :<\/strong><\/h2>\n<h2 style=\"text-align: center;\"><strong>Concerto en DO# mineur &#8211; Fabrice Eulry<\/strong><\/h2>\n<div>\n<p style=\"text-align: center;\"><a href=\"http:\/\/www.fabriceeulry.com\/discographie.html\"><img data-recalc-dims=\"1\" decoding=\"async\" src=\"https:\/\/i0.wp.com\/www.fabriceeulry.com\/images\/cd\/pochette-concerto.png?w=640\" alt=\"Concerto en DO di\u00e8se mineur\" \/><\/a>\u00a0<em>cliquez sur l&rsquo;image pour le commander<\/em><\/p>\n<\/div>\n<h2><span style=\"font-size: 13px; font-weight: normal;\">\u00a0<\/span><\/h2>\n","protected":false},"excerpt":{"rendered":"<p>\u00a0 \u00a0 \u00a0 Norman Lebrecht, le plus c\u00e9l\u00e8bre \u00e9ditorialiste de musique classique dans le monde, d\u00e9fend la Salle Pleyel\u00a0dans un texte qui rappelle le succ\u00e8s de la p\u00e9tition. Cet intervention confirme que l&rsquo;interdiction de jouer de la musique classique constitue &hellip; <a href=\"http:\/\/www.fabriceeulry-laboutique.com\/blog\/?p=6158\">Continuer la lecture <span class=\"meta-nav\">&rarr;<\/span><\/a><\/p>\n","protected":false},"author":2,"featured_media":0,"comment_status":"open","ping_status":"open","sticky":false,"template":"","format":"standard","meta":{"jetpack_post_was_ever_published":false,"_jetpack_newsletter_access":"","_jetpack_dont_email_post_to_subs":true,"_jetpack_newsletter_tier_id":0,"_jetpack_memberships_contains_paywalled_content":false,"_jetpack_memberships_contains_paid_content":false,"footnotes":"","jetpack_publicize_message":"","jetpack_publicize_feature_enabled":true,"jetpack_social_post_already_shared":false,"jetpack_social_options":{"image_generator_settings":{"template":"highway","default_image_id":0,"font":"","enabled":false},"version":2}},"categories":[1],"tags":[29],"class_list":["post-6158","post","type-post","status-publish","format-standard","hentry","category-non-classe","tag-patrimoine"],"jetpack_publicize_connections":[],"jetpack_featured_media_url":"","jetpack_sharing_enabled":true,"jetpack_shortlink":"https:\/\/wp.me\/p2D6dI-1Bk","jetpack_likes_enabled":true,"jetpack-related-posts":[{"id":6752,"url":"http:\/\/www.fabriceeulry-laboutique.com\/blog\/?p=6752","url_meta":{"origin":6158,"position":0},"title":"\u00ab\u00a0IL N&rsquo;Y A PAS DE PETIT CONCERT\u00a0\u00bb","author":"Le Canard du pianiste","date":"17 avril 2015","format":false,"excerpt":"\u00a0 Un concert dans un lieu insolite... Mais qui ne devrait pas l'\u00eatre : un\u00a0\u00e9tablissement m\u00e9dical sp\u00e9cialis\u00e9\u00a0Une vid\u00e9o dans le 19\u00e8me arrondissement de Paris accueille un concert de la fondation R\u00e9sonnance donn\u00e9 par Elizabeth Sombart pour ses r\u00e9sidents handicap\u00e9s. La vid\u00e9o nous montre l'artiste jouant sur un piano droit, n'h\u00e9sitant\u2026","rel":"","context":"Dans &quot;Non class\u00e9&quot;","block_context":{"text":"Non class\u00e9","link":"http:\/\/www.fabriceeulry-laboutique.com\/blog\/?cat=1"},"img":{"alt_text":"","src":"https:\/\/i0.wp.com\/www.fabriceeulry-laboutique.com\/blog\/wp-content\/uploads\/2015\/04\/sombart-2-212x300.jpg?resize=350%2C200","width":350,"height":200},"classes":[]},{"id":11980,"url":"http:\/\/www.fabriceeulry-laboutique.com\/blog\/?p=11980","url_meta":{"origin":6158,"position":1},"title":"DEUX CONCERTS LE M\u00caME JOUR.","author":"Le Canard du pianiste","date":"10 juin 2019","format":false,"excerpt":"\"La musique c'est 10% d'inspiration et 90% de transpiration\". Pour ne pas d\u00e9mentir le dicton, Fabrice Eulry a d'abord franchi 400 kilom\u00e8tres en 6 heures (dont 2 heures de bouchons en arrivant en r\u00e9gion parisienne va sans dire)... ... Et apr\u00e8s avoir miraculeusement trouv\u00e9 une place pour se garer, il\u2026","rel":"","context":"Dans &quot;Non class\u00e9&quot;","block_context":{"text":"Non class\u00e9","link":"http:\/\/www.fabriceeulry-laboutique.com\/blog\/?cat=1"},"img":{"alt_text":"","src":"https:\/\/i0.wp.com\/www.fabriceeulry-laboutique.com\/blog\/wp-content\/uploads\/2019\/06\/montsouris.png?resize=350%2C200","width":350,"height":200},"classes":[]},{"id":3861,"url":"http:\/\/www.fabriceeulry-laboutique.com\/blog\/?p=3861","url_meta":{"origin":6158,"position":2},"title":"ELIZABETH SOMBART A LA SALLE CORTOT","author":"Le Canard du pianiste","date":"18 novembre 2013","format":false,"excerpt":"Ici dans une polonaise, (Cliquez sur la photo) Elizabeth Sombart a donn\u00e9 dimanche dernier 17 novembre un merveilleux concert des nocturnes de Chopin, comment\u00e9 par Jean-Marc Eymon, devant une salle Cortot bond\u00e9e mais tr\u00e8s recueillie tant le l'assistance fut \u00e9mue par le jeu sans emphase ni virtuosit\u00e9 gratuite de la\u2026","rel":"","context":"Dans &quot;Non class\u00e9&quot;","block_context":{"text":"Non class\u00e9","link":"http:\/\/www.fabriceeulry-laboutique.com\/blog\/?cat=1"},"img":{"alt_text":"","src":"https:\/\/i0.wp.com\/www.fabriceeulry-laboutique.com\/blog\/wp-content\/uploads\/2013\/11\/Capture-d%E2%80%99%C3%A9cran-2013-11-11-%C3%A0-19.26.222-300x72.jpg?resize=350%2C200","width":350,"height":200},"classes":[]},{"id":11823,"url":"http:\/\/www.fabriceeulry-laboutique.com\/blog\/?p=11823","url_meta":{"origin":6158,"position":3},"title":"CONF\u00c9RENCE SUR LE BLUES POUR 600 ENFANTS","author":"Le Canard du pianiste","date":"28 avril 2019","format":false,"excerpt":"La communaut\u00e9 de commune du Rignacois accueillait les \u00e9l\u00e8ves de plusieurs \u00e9coles dans la splendide salle de Rignac. La jeunesse de cette contr\u00e9e de l'Aveyron qui pr\u00e9sente quelques bijoux (comme le village et le ch\u00e2teau de Bel Castel)\u00a0va assister \u00e0 une conf\u00e9rence qui retrace la gen\u00e8se du blues mais explique\u2026","rel":"","context":"Dans &quot;Non class\u00e9&quot;","block_context":{"text":"Non class\u00e9","link":"http:\/\/www.fabriceeulry-laboutique.com\/blog\/?cat=1"},"img":{"alt_text":"","src":"https:\/\/i0.wp.com\/www.fabriceeulry-laboutique.com\/blog\/wp-content\/uploads\/2019\/04\/scorignac.jpg?resize=350%2C200","width":350,"height":200,"srcset":"https:\/\/i0.wp.com\/www.fabriceeulry-laboutique.com\/blog\/wp-content\/uploads\/2019\/04\/scorignac.jpg?resize=350%2C200 1x, https:\/\/i0.wp.com\/www.fabriceeulry-laboutique.com\/blog\/wp-content\/uploads\/2019\/04\/scorignac.jpg?resize=525%2C300 1.5x, https:\/\/i0.wp.com\/www.fabriceeulry-laboutique.com\/blog\/wp-content\/uploads\/2019\/04\/scorignac.jpg?resize=700%2C400 2x, https:\/\/i0.wp.com\/www.fabriceeulry-laboutique.com\/blog\/wp-content\/uploads\/2019\/04\/scorignac.jpg?resize=1050%2C600 3x, https:\/\/i0.wp.com\/www.fabriceeulry-laboutique.com\/blog\/wp-content\/uploads\/2019\/04\/scorignac.jpg?resize=1400%2C800 4x"},"classes":[]},{"id":6608,"url":"http:\/\/www.fabriceeulry-laboutique.com\/blog\/?p=6608","url_meta":{"origin":6158,"position":4},"title":"CONTRE-ATTAQUE DU GENIE FRANCAIS","author":"Le Canard du pianiste","date":"18 mars 2015","format":false,"excerpt":"\u00a0 Les pouvoirs publics ont eu beau liquider l'h\u00e9ritage, ils n'emp\u00eacheront pas le g\u00e9nie fran\u00e7ais de rena\u00eetre, ni le savoir faire se transmettre, comme pour donner le change au lamentable abandon de Pleyel il y a quelques mois (et du d\u00e9classement de la salle du m\u00eame nom) \u00a0 \u00a0 Paul-Etienne\u2026","rel":"","context":"Dans &quot;Non class\u00e9&quot;","block_context":{"text":"Non class\u00e9","link":"http:\/\/www.fabriceeulry-laboutique.com\/blog\/?cat=1"},"img":{"alt_text":"","src":"https:\/\/i0.wp.com\/www.fabriceeulry-laboutique.com\/blog\/wp-content\/uploads\/2015\/03\/pol2-2.jpg?resize=350%2C200","width":350,"height":200},"classes":[]},{"id":9166,"url":"http:\/\/www.fabriceeulry-laboutique.com\/blog\/?p=9166","url_meta":{"origin":6158,"position":5},"title":"UN SUCCES POUR RESONNANCE \u00c0 PARIS !","author":"Le Canard du pianiste","date":"1 f\u00e9vrier 2017","format":false,"excerpt":"Dimanche 22 janvier, les forces group\u00e9es de la Fondation R\u00e9sonnance de l'association Autour du piano, ont permis \u00e0 Fabrice Eulry de remplir la salle Cortot d'un public qui en amont en partageant sa ferveur sur l'internet,\u00a0a largement compens\u00e9 le d\u00e9sert m\u00e9diatique habituel pour toute la musique que Le Canard du\u2026","rel":"","context":"Dans &quot;Non class\u00e9&quot;","block_context":{"text":"Non class\u00e9","link":"http:\/\/www.fabriceeulry-laboutique.com\/blog\/?cat=1"},"img":{"alt_text":"","src":"https:\/\/i0.wp.com\/www.fabriceeulry-laboutique.com\/blog\/wp-content\/uploads\/2017\/02\/autour-du-piano.jpg?resize=350%2C200","width":350,"height":200},"classes":[]}],"_links":{"self":[{"href":"http:\/\/www.fabriceeulry-laboutique.com\/blog\/index.php?rest_route=\/wp\/v2\/posts\/6158","targetHints":{"allow":["GET"]}}],"collection":[{"href":"http:\/\/www.fabriceeulry-laboutique.com\/blog\/index.php?rest_route=\/wp\/v2\/posts"}],"about":[{"href":"http:\/\/www.fabriceeulry-laboutique.com\/blog\/index.php?rest_route=\/wp\/v2\/types\/post"}],"author":[{"embeddable":true,"href":"http:\/\/www.fabriceeulry-laboutique.com\/blog\/index.php?rest_route=\/wp\/v2\/users\/2"}],"replies":[{"embeddable":true,"href":"http:\/\/www.fabriceeulry-laboutique.com\/blog\/index.php?rest_route=%2Fwp%2Fv2%2Fcomments&post=6158"}],"version-history":[{"count":4,"href":"http:\/\/www.fabriceeulry-laboutique.com\/blog\/index.php?rest_route=\/wp\/v2\/posts\/6158\/revisions"}],"predecessor-version":[{"id":6161,"href":"http:\/\/www.fabriceeulry-laboutique.com\/blog\/index.php?rest_route=\/wp\/v2\/posts\/6158\/revisions\/6161"}],"wp:attachment":[{"href":"http:\/\/www.fabriceeulry-laboutique.com\/blog\/index.php?rest_route=%2Fwp%2Fv2%2Fmedia&parent=6158"}],"wp:term":[{"taxonomy":"category","embeddable":true,"href":"http:\/\/www.fabriceeulry-laboutique.com\/blog\/index.php?rest_route=%2Fwp%2Fv2%2Fcategories&post=6158"},{"taxonomy":"post_tag","embeddable":true,"href":"http:\/\/www.fabriceeulry-laboutique.com\/blog\/index.php?rest_route=%2Fwp%2Fv2%2Ftags&post=6158"}],"curies":[{"name":"wp","href":"https:\/\/api.w.org\/{rel}","templated":true}]}}