{"id":6315,"date":"2015-01-31T03:54:43","date_gmt":"2015-01-31T03:54:43","guid":{"rendered":"http:\/\/www.fabriceeulry-laboutique.com\/blog\/?p=6315"},"modified":"2024-02-19T15:36:20","modified_gmt":"2024-02-19T15:36:20","slug":"il-y-a-sept-ans-nous-quittait-jean-claude-naude","status":"publish","type":"post","link":"http:\/\/www.fabriceeulry-laboutique.com\/blog\/?p=6315","title":{"rendered":"EN 2008, JEAN-CLAUDE NAUDE NOUS QUITTAIT"},"content":{"rendered":"<h2 style=\"text-align: center;\"><strong> <a href=\"http:\/\/http:\/\/www.fabriceeulry-laboutique.com\/blog\/wp-admin\/post.php?post=312&amp;action=edit\">ELOGE FUNEBRE D&rsquo;UN GRAND MUSICIEN<\/a>\u00a0<\/strong><\/h2>\n\n\n<p><\/p>\n","protected":false},"excerpt":{"rendered":"<p>ELOGE FUNEBRE D&rsquo;UN GRAND MUSICIEN\u00a0<\/p>\n","protected":false},"author":2,"featured_media":0,"comment_status":"open","ping_status":"open","sticky":false,"template":"","format":"standard","meta":{"jetpack_post_was_ever_published":false,"_jetpack_newsletter_access":"","_jetpack_dont_email_post_to_subs":true,"_jetpack_newsletter_tier_id":0,"_jetpack_memberships_contains_paywalled_content":false,"_jetpack_memberships_contains_paid_content":false,"footnotes":"","jetpack_publicize_message":"","jetpack_publicize_feature_enabled":true,"jetpack_social_post_already_shared":false,"jetpack_social_options":{"image_generator_settings":{"template":"highway","default_image_id":0,"font":"","enabled":false},"version":2}},"categories":[1],"tags":[16],"class_list":["post-6315","post","type-post","status-publish","format-standard","hentry","category-non-classe","tag-hommages-aux-artistes"],"jetpack_publicize_connections":[],"jetpack_featured_media_url":"","jetpack_sharing_enabled":true,"jetpack_shortlink":"https:\/\/wp.me\/p2D6dI-1DR","jetpack_likes_enabled":true,"jetpack-related-posts":[{"id":312,"url":"http:\/\/www.fabriceeulry-laboutique.com\/blog\/?p=312","url_meta":{"origin":6315,"position":0},"title":"ELOGE FUNEBRE D&rsquo;UN GRAND MUSICIEN","author":"Le Canard du pianiste","date":"12 juillet 2009","format":false,"excerpt":"\u00a0La disparition\u00a0de Jean-Claude\u00a0Naude,\u00a0d\u00e9but 2008, fut douloureuse, et la c\u00e9r\u00e9monie pesante comme\u00a0les \u00e9preuves qui jusqu'au bout, marqu\u00e8rent sa vie.\u00a0Officier \u00e0 l'harmonium de l'\u00e9glise de Chalo St Mars avec Francis Darizcuren improvisant au violon, m'offrit un des seuls moments de r\u00e9pit dans cet accablement. Il y en eu un autre, lorsque\u00a0le batteur\u2026","rel":"","context":"Dans &quot;Non class\u00e9&quot;","block_context":{"text":"Non class\u00e9","link":"http:\/\/www.fabriceeulry-laboutique.com\/blog\/?cat=1"},"img":{"alt_text":"","src":"https:\/\/i0.wp.com\/www.fabriceeulry-laboutique.com\/blog\/wp-content\/uploads\/2009\/07\/NAUDE-.jpg?resize=350%2C200","width":350,"height":200,"srcset":"https:\/\/i0.wp.com\/www.fabriceeulry-laboutique.com\/blog\/wp-content\/uploads\/2009\/07\/NAUDE-.jpg?resize=350%2C200 1x, https:\/\/i0.wp.com\/www.fabriceeulry-laboutique.com\/blog\/wp-content\/uploads\/2009\/07\/NAUDE-.jpg?resize=525%2C300 1.5x"},"classes":[]},{"id":6776,"url":"http:\/\/www.fabriceeulry-laboutique.com\/blog\/?p=6776","url_meta":{"origin":6315,"position":1},"title":"FRANCIS DARIZCUREN NOUS PARLE DE RICHARD ANTHONY","author":"Le Canard du pianiste","date":"22 avril 2015","format":false,"excerpt":"\u00a0 \u00a0Vous ne connaissez pas tous son nom mais vous l'avez tous \u00a0entendu des dizaines de fois \u00a0: Francis Darizcuren, ce musicien que toutes les vedettes se sont arrach\u00e9es depuis plus de cinquante ans, ce virtuose pluri-instrumentiste \u00e0 la carri\u00e8re immense,\u00a0c'est lui qui imite le moteur de la Harley Davidson\u2026","rel":"","context":"Dans &quot;Non class\u00e9&quot;","block_context":{"text":"Non class\u00e9","link":"http:\/\/www.fabriceeulry-laboutique.com\/blog\/?cat=1"},"img":{"alt_text":"","src":"https:\/\/i0.wp.com\/www.fabriceeulry-laboutique.com\/blog\/wp-content\/uploads\/2015\/04\/dariz--209x300.jpg?resize=350%2C200","width":350,"height":200},"classes":[]},{"id":4585,"url":"http:\/\/www.fabriceeulry-laboutique.com\/blog\/?p=4585","url_meta":{"origin":6315,"position":2},"title":"TRISTESSE A SAINT-GERMAIN DES PRES","author":"Le Canard du pianiste","date":"2 mars 2014","format":false,"excerpt":"\u00a0 On me signale la disparition d'un grand m\u00e9lomane de Saint-Germain des pr\u00e8s \u00a0 Michel Bonnet pilote d'essai dans les ann\u00e9es soixante, fils de l'inventeur des voitures Ren\u00e9 Bonnet auxquelles Matra l'ingrate doit beaucoup ! ... (cliquez sur l'image de la Missile Ren\u00e9 Bonnet)\u00a0 \u00a0 ... Michel \u00e9tait un c\u00e9linien\u2026","rel":"","context":"Dans &quot;Non class\u00e9&quot;","block_context":{"text":"Non class\u00e9","link":"http:\/\/www.fabriceeulry-laboutique.com\/blog\/?cat=1"},"img":{"alt_text":"","src":"https:\/\/i0.wp.com\/www.fabriceeulry-laboutique.com\/blog\/wp-content\/uploads\/2014\/03\/Bonnet-png.jpg?resize=350%2C200","width":350,"height":200,"srcset":"https:\/\/i0.wp.com\/www.fabriceeulry-laboutique.com\/blog\/wp-content\/uploads\/2014\/03\/Bonnet-png.jpg?resize=350%2C200 1x, https:\/\/i0.wp.com\/www.fabriceeulry-laboutique.com\/blog\/wp-content\/uploads\/2014\/03\/Bonnet-png.jpg?resize=525%2C300 1.5x, https:\/\/i0.wp.com\/www.fabriceeulry-laboutique.com\/blog\/wp-content\/uploads\/2014\/03\/Bonnet-png.jpg?resize=700%2C400 2x"},"classes":[]},{"id":8202,"url":"http:\/\/www.fabriceeulry-laboutique.com\/blog\/?p=8202","url_meta":{"origin":6315,"position":3},"title":"LA CAUSE DE GUILLAUME PERROT EST EGALEMENT LA NOTRE","author":"Le Canard du pianiste","date":"5 mars 2016","format":false,"excerpt":"\"Gr\u00e2ce \u00e0 une mobilisation totale des associations organisatrices Infosarcomes\u00a0et Boogie-Wooguillaume\u00a0, des spectacles ont d\u00e9gag\u00e9 un b\u00e9n\u00e9fice pour\u00a0la recherche contre le sarcome, exau\u00e7ant par la m\u00eame le voeu de mon \u00e9l\u00e8ve et ami feu\u00a0Guillaume Perrot. Un nouveau concert, en piano solo sur\u00a0imp\u00e9rial \u00a0va de nouveau permettre de r\u00e9colter des fonds comme\u00a0en\u2026","rel":"","context":"Dans &quot;Non class\u00e9&quot;","block_context":{"text":"Non class\u00e9","link":"http:\/\/www.fabriceeulry-laboutique.com\/blog\/?cat=1"},"img":{"alt_text":"bosen","src":"https:\/\/i0.wp.com\/www.fabriceeulry-laboutique.com\/blog\/wp-content\/uploads\/2016\/03\/bosen-.jpg?resize=350%2C200","width":350,"height":200},"classes":[]},{"id":9630,"url":"http:\/\/www.fabriceeulry-laboutique.com\/blog\/?p=9630","url_meta":{"origin":6315,"position":4},"title":"D\u00c9PART D&rsquo;UN GRAND IMPR\u00c9SARIO","author":"Le Canard du pianiste","date":"30 juillet 2017","format":false,"excerpt":"Charley Marouani est d\u00e9c\u00e9d\u00e9 \u00e0 l'\u00e2ge de 90 ans. M\u00eame s'il existe encore de vrais producteurs, ceux de sa g\u00e9n\u00e9ration (comme son fr\u00e8re Eddy Marouani, ou Eddie Barclay) n'\u00e9taient pas des gestionnaires de carri\u00e8res d\u00e9j\u00e0 confirm\u00e9es, ou des exploiteurs de concepts jetables, mais tous de v\u00e9ritables cr\u00e9ateurs de valeur dans\u2026","rel":"","context":"Dans &quot;Non class\u00e9&quot;","block_context":{"text":"Non class\u00e9","link":"http:\/\/www.fabriceeulry-laboutique.com\/blog\/?cat=1"},"img":{"alt_text":"","src":"https:\/\/i0.wp.com\/img.youtube.com\/vi\/EXwOGPcgBYA\/0.jpg?resize=350%2C200","width":350,"height":200},"classes":[]},{"id":6497,"url":"http:\/\/www.fabriceeulry-laboutique.com\/blog\/?p=6497","url_meta":{"origin":6315,"position":5},"title":"TCHAIKOVSKY A BEYROUTH","author":"Le Canard du pianiste","date":"1 mars 2015","format":false,"excerpt":"\u00a0 \u00a0 \u00a0L\u2019Ambassade de Suisse au Liban a organis\u00e9 un concert avec mon coll\u00e8gue de la fondation R\u00e9sonnance le pianiste suisse Jean-Claude D\u00e9nervaud \u00a0et l\u2019Orchestre philharmonique du Liban sous la direction de Walid Moussallem. \u00a0 Le vendredi 27 f\u00e9vrier 2015 \u00e0 20h30 pr\u00e9cises \u00e0 l'\u00e9glise St. Joseph des P\u00e8res J\u00e9suites,\u2026","rel":"","context":"Dans &quot;Non class\u00e9&quot;","block_context":{"text":"Non class\u00e9","link":"http:\/\/www.fabriceeulry-laboutique.com\/blog\/?cat=1"},"img":{"alt_text":"","src":"https:\/\/i0.wp.com\/www.fabriceeulry-laboutique.com\/blog\/wp-content\/uploads\/2015\/03\/dener-.jpg?resize=350%2C200","width":350,"height":200,"srcset":"https:\/\/i0.wp.com\/www.fabriceeulry-laboutique.com\/blog\/wp-content\/uploads\/2015\/03\/dener-.jpg?resize=350%2C200 1x, https:\/\/i0.wp.com\/www.fabriceeulry-laboutique.com\/blog\/wp-content\/uploads\/2015\/03\/dener-.jpg?resize=525%2C300 1.5x"},"classes":[]}],"_links":{"self":[{"href":"http:\/\/www.fabriceeulry-laboutique.com\/blog\/index.php?rest_route=\/wp\/v2\/posts\/6315","targetHints":{"allow":["GET"]}}],"collection":[{"href":"http:\/\/www.fabriceeulry-laboutique.com\/blog\/index.php?rest_route=\/wp\/v2\/posts"}],"about":[{"href":"http:\/\/www.fabriceeulry-laboutique.com\/blog\/index.php?rest_route=\/wp\/v2\/types\/post"}],"author":[{"embeddable":true,"href":"http:\/\/www.fabriceeulry-laboutique.com\/blog\/index.php?rest_route=\/wp\/v2\/users\/2"}],"replies":[{"embeddable":true,"href":"http:\/\/www.fabriceeulry-laboutique.com\/blog\/index.php?rest_route=%2Fwp%2Fv2%2Fcomments&post=6315"}],"version-history":[{"count":4,"href":"http:\/\/www.fabriceeulry-laboutique.com\/blog\/index.php?rest_route=\/wp\/v2\/posts\/6315\/revisions"}],"predecessor-version":[{"id":12865,"href":"http:\/\/www.fabriceeulry-laboutique.com\/blog\/index.php?rest_route=\/wp\/v2\/posts\/6315\/revisions\/12865"}],"wp:attachment":[{"href":"http:\/\/www.fabriceeulry-laboutique.com\/blog\/index.php?rest_route=%2Fwp%2Fv2%2Fmedia&parent=6315"}],"wp:term":[{"taxonomy":"category","embeddable":true,"href":"http:\/\/www.fabriceeulry-laboutique.com\/blog\/index.php?rest_route=%2Fwp%2Fv2%2Fcategories&post=6315"},{"taxonomy":"post_tag","embeddable":true,"href":"http:\/\/www.fabriceeulry-laboutique.com\/blog\/index.php?rest_route=%2Fwp%2Fv2%2Ftags&post=6315"}],"curies":[{"name":"wp","href":"https:\/\/api.w.org\/{rel}","templated":true}]}}