{"id":6321,"date":"2015-02-03T17:09:26","date_gmt":"2015-02-03T17:09:26","guid":{"rendered":"http:\/\/www.fabriceeulry-laboutique.com\/blog\/?p=6321"},"modified":"2018-12-13T06:17:19","modified_gmt":"2018-12-13T06:17:19","slug":"ecoutez-la-marche-turque-ma-nouvelle-composition-suite","status":"publish","type":"post","link":"http:\/\/www.fabriceeulry-laboutique.com\/blog\/?p=6321","title":{"rendered":"ECOUTEZ LA MARCHE TURQUE DE MOZART MA NOUVELLE COMPOSITION (SUITE)"},"content":{"rendered":"<h2 style=\"text-align: center;\"><span style=\"color: #000000;\"><strong>* Conf\u00e9rence \u00ab\u00a0L&rsquo;arbre dans la peinture\u00a0\u00bb.<\/strong><\/span><\/h2>\n<h2 style=\"text-align: center;\"><span style=\"color: #000000;\"><strong>* Un plagiaire \u00e0 Beaubourg ?<\/strong><\/span><\/h2>\n<table id=\"yui_3_16_0_1_1422982559116_2742\" border=\"0\" width=\"100%\" cellspacing=\"0\" cellpadding=\"0\" align=\"left\">\n<tbody id=\"yui_3_16_0_1_1422982559116_2741\">\n<tr id=\"yui_3_16_0_1_1422982559116_2740\">\n<td id=\"yui_3_16_0_1_1422982559116_2739\" align=\"left\">\n<div id=\"yui_3_16_0_1_1422982559116_2738\">\n<h2 id=\"yui_3_16_0_1_1422982559116_2750\"><span style=\"color: #000000;\"><strong>\u2022\u00a0Conf\u00e9rence le 5 f\u00e9vrier sur \u00ab\u00a0L&rsquo;arbre dans la peinture, du jardin d&rsquo;Eden \u00e0 Barbizon\u00a0\u00bb\u00a0<a id=\"yui_3_16_0_1_1422982559116_2747\" style=\"color: #000000;\" href=\"http:\/\/www.sourgins.fr\/?email_id=24&amp;user_id=398&amp;urlpassed=aHR0cDovL3d3dy5zb3VyZ2lucy5mci9jb25mZXJlbmNlcy1kaGlzdG9pcmUtZGUtbGFydC9jb25mZXJlbmNlcy1nYWxlcmllLXBlaW50dXJlLWZyYWljaGUv&amp;controller=stats&amp;action=analyse&amp;wysija-page=1&amp;wysijap=subscriptions\" target=\"_blank\" rel=\"nofollow\"><em id=\"yui_3_16_0_1_1422982559116_2746\">plus d&rsquo;info, cliquez<\/em><\/a><\/strong><\/span><\/h2>\n<\/div>\n<\/td>\n<\/tr>\n<\/tbody>\n<\/table>\n<table class=\"aligncenter\" border=\"0\" width=\"100%\" cellspacing=\"0\" cellpadding=\"0\" align=\"left\">\n<tbody>\n<tr>\n<td align=\"left\">\n<table border=\"0\" width=\"361\" cellspacing=\"0\" cellpadding=\"0\" align=\"center\">\n<tbody>\n<tr>\n<td valign=\"top\" width=\"361\" height=\"295\"><span style=\"color: #000000;\"><a style=\"color: #000000;\" href=\"http:\/\/www.sourgins.fr\/?email_id=24&amp;user_id=398&amp;urlpassed=aHR0cDovL3d3dy5zb3VyZ2lucy5mci9jb25mZXJlbmNlcy1kaGlzdG9pcmUtZGUtbGFydC9jb25mZXJlbmNlcy1nYWxlcmllLXBlaW50dXJlLWZyYWljaGUv&amp;controller=stats&amp;action=analyse&amp;wysija-page=1&amp;wysijap=subscriptions\" target=\"_blank\" rel=\"nofollow\"><img data-recalc-dims=\"1\" loading=\"lazy\" decoding=\"async\" src=\"https:\/\/i0.wp.com\/www.sourgins.fr\/wp-content\/uploads\/2014\/08\/Friedrich-Larbre-aux-corbeaux-1822-.jpg?resize=361%2C295\" alt=\"\" width=\"361\" height=\"295\" border=\"0\" \/><\/a><\/span><\/td>\n<\/tr>\n<\/tbody>\n<\/table>\n<\/td>\n<\/tr>\n<\/tbody>\n<\/table>\n<table id=\"yui_3_16_0_1_1422982559116_2732\" border=\"0\" width=\"100%\" cellspacing=\"0\" cellpadding=\"0\" align=\"left\">\n<tbody id=\"yui_3_16_0_1_1422982559116_2731\">\n<tr id=\"yui_3_16_0_1_1422982559116_2730\">\n<td id=\"yui_3_16_0_1_1422982559116_2729\" align=\"left\">\n<div id=\"yui_3_16_0_1_1422982559116_2736\">\n<h2 id=\"yui_3_16_0_1_1422982559116_2735\" style=\"text-align: center;\"><span style=\"color: #000000;\"><strong>Un plagiaire \u00e0 Beaubourg\u00a0?<\/strong><\/span><\/h2>\n<h2 style=\"text-align: center;\"><span style=\"color: #000000;\"><strong>Avec une moyenne de 6 638 visiteurs par jour, alors que la direction du\u00a0centre Pompidou\u00a0tablait sur 4 500 personnes,\u00a0Koons\u00a0faisait la course en t\u00eate. Il \u00e9tait possible qu\u2019il batte le record de l&rsquo;exposition la plus visit\u00e9e, d\u00e9passant \u00a0Salvador Dali (840 000 visiteurs). Mais les attentats de janvier ont donn\u00e9 un coup de frein \u00e0 la fr\u00e9quentation des mus\u00e9es\u2026 Et d\u2019autres orages menacent \u00a0l\u2019exposition.<\/strong><\/span><\/h2>\n<h2 id=\"yui_3_16_0_1_1422982559116_2783\" style=\"text-align: center;\"><span style=\"color: #000000;\"><strong>Une \u0153uvre en porcelaine de Jeff Koons,\u00a0<em>Fait d&rsquo;hiver<\/em>, dat\u00e9e de 1988 fait l\u2019objet d&rsquo;accusations de contrefa\u00e7on. Le publicitaire \u00a0Franck Davidovici, auteur, dans les ann\u00e9es 80, des campagnes de la marque fran\u00e7aise de pr\u00eat-\u00e0-porter Naf-Naf ( dont le porcelet \u00e9tait l\u2019embl\u00e8me), a accus\u00e9 Koons de contrefaire son travail en \u00a0mettant en sc\u00e8ne un cochon, tonnelet autour du cou, venant au secours d&rsquo;une femme allong\u00e9e dans la neige. Koons, a transform\u00e9 la doudoune de la publicit\u00e9 en r\u00e9sille laissant appara\u00eetre la poitrine f\u00e9minine et ajout\u00e9 deux manchots \u00e0 la sc\u00e8ne. Il existe quatre exemplaires de\u00a0<em>Fait d&rsquo;hiver<\/em>\u00a0et celui expos\u00e9 au Centre Pompidou avait \u00e9t\u00e9 vendu environ trois millions d&rsquo;euros en 2007, chez Christie&rsquo;s \u00e0 New York. On comprend que ce soit le pr\u00eateur lui-m\u00eame qui, pour couper court au scandale, a demand\u00e9 \u00e0 ce que l\u2019\u0153uvre litigieuse soit retir\u00e9e de l\u2019exposition, redoutant que le bruit du scandale ne nuise, cette fois, \u00e0 la valeur financi\u00e8re\u00a0; la direction de Beaubourg a c\u00e9d\u00e9 \u2026mais elle a re\u00e7u quand m\u00eame la visite d\u2019un huissier, Franck Davidovici ayant\u00a0 engag\u00e9 une action judiciaire devant le tribunal de grande instance de Paris. Il demande\u00a0 la confiscation de l&rsquo;oeuvre &#8211; dont il souhaite faire donation \u00e0 l&rsquo;Etat fran\u00e7ais ( ce qui laisse dubitatif\u00a0?) &#8211; et des recettes r\u00e9alis\u00e9es par Koons avec cette pi\u00e8ce, plus 271.000 euros de dommages et int\u00e9r\u00eats.<\/strong><\/span><\/h2>\n<h2 id=\"yui_3_16_0_1_1422982559116_2782\" style=\"text-align: center;\"><span style=\"color: #000000;\"><strong>\u00a0Rebelote avec \u00a0<em>Naked<\/em>\u00a0(Nus), \u0153uvre appartenant &#8230; <a style=\"color: #000000;\" href=\"http:\/\/http:\/\/www.sourgins.fr\/un-plagiaire-a-beaubourg\/\">Lire la suite<\/a><\/strong><\/span><\/h2>\n<h2 style=\"text-align: center;\"><span style=\"color: #000000;\"><strong>dans le blog de Christine Sourgins, l&rsquo;auteur de<\/strong><\/span><\/h2>\n<h2 style=\"text-align: center;\"><span style=\"color: #000000;\"><strong><a style=\"color: #000000;\" href=\"http:\/\/www.sourgins.fr\/liberte-dexpression\/\"><img data-recalc-dims=\"1\" loading=\"lazy\" decoding=\"async\" title=\"sourgins\" src=\"https:\/\/i0.wp.com\/www.fabriceeulry-laboutique.com\/blog\/wp-content\/uploads\/2014\/10\/sourgins-.jpg?resize=207%2C300\" alt=\"\" width=\"207\" height=\"300\" \/><\/a><\/strong><\/span><\/h2>\n<h2 style=\"text-align: center;\"><span style=\"color: #000000;\">\u00a0<\/span><\/h2>\n<h2 style=\"text-align: center;\"><span style=\"color: #000000;\"><strong>Concerto en DO# mineur &#8211; Fabrice Eulry<\/strong><\/span><\/h2>\n<div style=\"text-align: center;\">\n<p><span style=\"color: #000000;\"><a style=\"color: #000000;\" href=\"http:\/\/www.fabriceeulry.com\/discographie.html\"><img data-recalc-dims=\"1\" decoding=\"async\" src=\"https:\/\/i0.wp.com\/www.fabriceeulry.com\/images\/cd\/pochette-concerto.png?w=640\" alt=\"Concerto en DO di\u00e8se mineur\" \/><\/a>\u00a0<em>cliquez sur l&rsquo;image pour le commander<\/em><\/span><\/p>\n<\/div>\n<p style=\"text-align: center;\"><span style=\"color: #000000;\">\u00a0<\/span><\/p>\n<\/div>\n<\/td>\n<\/tr>\n<\/tbody>\n<\/table>\n","protected":false},"excerpt":{"rendered":"<p>* Conf\u00e9rence \u00ab\u00a0L&rsquo;arbre dans la peinture\u00a0\u00bb. * Un plagiaire \u00e0 Beaubourg ? \u2022\u00a0Conf\u00e9rence le 5 f\u00e9vrier sur \u00ab\u00a0L&rsquo;arbre dans la peinture, du jardin d&rsquo;Eden \u00e0 Barbizon\u00a0\u00bb\u00a0plus d&rsquo;info, cliquez Un plagiaire \u00e0 Beaubourg\u00a0? Avec une moyenne de 6 638 visiteurs par &hellip; <a href=\"http:\/\/www.fabriceeulry-laboutique.com\/blog\/?p=6321\">Continuer la lecture <span class=\"meta-nav\">&rarr;<\/span><\/a><\/p>\n","protected":false},"author":2,"featured_media":0,"comment_status":"open","ping_status":"open","sticky":false,"template":"","format":"standard","meta":{"jetpack_post_was_ever_published":false,"_jetpack_newsletter_access":"","_jetpack_dont_email_post_to_subs":true,"_jetpack_newsletter_tier_id":0,"_jetpack_memberships_contains_paywalled_content":false,"_jetpack_memberships_contains_paid_content":false,"footnotes":"","jetpack_publicize_message":"","jetpack_publicize_feature_enabled":true,"jetpack_social_post_already_shared":false,"jetpack_social_options":{"image_generator_settings":{"template":"highway","default_image_id":0,"font":"","enabled":false},"version":2}},"categories":[1],"tags":[15],"class_list":["post-6321","post","type-post","status-publish","format-standard","hentry","category-non-classe","tag-art"],"jetpack_publicize_connections":[],"jetpack_featured_media_url":"","jetpack_sharing_enabled":true,"jetpack_shortlink":"https:\/\/wp.me\/p2D6dI-1DX","jetpack_likes_enabled":true,"jetpack-related-posts":[{"id":6926,"url":"http:\/\/www.fabriceeulry-laboutique.com\/blog\/?p=6926","url_meta":{"origin":6321,"position":0},"title":"ALTERNATIVE  A L&rsquo;ART COMPTANT POUR RIEN","author":"Le Canard du pianiste","date":"18 mai 2015","format":false,"excerpt":"\u00a0 \u00a0 \u00a0\u00a0\u00a0\u00a0\u00a0\u00a0\u00a0\u00a0\u00a0\u00a0\u00a0\u00a0\u00a0\u00a0\u00a0\u00a0\u00a0\u00a0\u00a0\u00a0\u00a0\u00a0\u00a0\u00a0\u00a0\u00a0\u00a0\u00a0\u00a0\u00a0\u00a0\u00a0\u00a0\u00a0\u00a0\u00a0\u00a0\u00a0\u00a0\u00a0\u00a0\u00a0\u00a0\u00a0\u00a0\u00a0\u00a0\u00a0\u00a0\u00a0\u00a0\u00a0\u00a0\u00a0\u00a0 mardi\u00a0 12 mai 2015 : \u2022\u00a0Prochaine conf\u00e9rence le 28 mai, 19h, \u00e0 Paris sur Hopper et Ceccotti\u00a0\u00a0plus d'info Montrer une alternative \u00e0 l'Art contemporain Martial Raysse\u00a0per\u00e7a dans les ann\u00e9es 60 avec le Nouveau R\u00e9alisme, puis revint \u00e0 une peinture figurative moins \u00ab pop \u00bb, dans les ann\u00e9es\u2026","rel":"","context":"Dans &quot;Non class\u00e9&quot;","block_context":{"text":"Non class\u00e9","link":"http:\/\/www.fabriceeulry-laboutique.com\/blog\/?cat=1"},"img":{"alt_text":"","src":"https:\/\/i0.wp.com\/www.sourgins.fr\/wp-content\/uploads\/2014\/08\/comic-maigre-1-sur-2-600x82.jpg?resize=350%2C200","width":350,"height":200,"srcset":"https:\/\/i0.wp.com\/www.sourgins.fr\/wp-content\/uploads\/2014\/08\/comic-maigre-1-sur-2-600x82.jpg?resize=350%2C200 1x, https:\/\/i0.wp.com\/www.sourgins.fr\/wp-content\/uploads\/2014\/08\/comic-maigre-1-sur-2-600x82.jpg?resize=525%2C300 1.5x"},"classes":[]},{"id":7316,"url":"http:\/\/www.fabriceeulry-laboutique.com\/blog\/?p=7316","url_meta":{"origin":6321,"position":1},"title":"LA PEINTURE ENTRE OMBRES ET LUMIERES","author":"Le Canard du pianiste","date":"12 juillet 2015","format":false,"excerpt":"PAR CHRISTINE SOURGINS mardi\u00a0 7 juillet 2015 : La Peinture entre ombres et lumi\u00e8res \u00ab Art Basel rend justice aux artistes oubli\u00e9s \u00bb (1), \u00ab ces douze derniers mois, les gens ont senti que cette sp\u00e9culation sur les jeunes artistes \u00e9tait dangereuse et pr\u00e9f\u00e8rent mettre leur argent sur des noms\u2026","rel":"","context":"Dans &quot;Non class\u00e9&quot;","block_context":{"text":"Non class\u00e9","link":"http:\/\/www.fabriceeulry-laboutique.com\/blog\/?cat=1"},"img":{"alt_text":"","src":"https:\/\/i0.wp.com\/www.sourgins.fr\/wp-content\/uploads\/2014\/08\/comic-maigre-1-sur-2-600x82.jpg?resize=350%2C200","width":350,"height":200,"srcset":"https:\/\/i0.wp.com\/www.sourgins.fr\/wp-content\/uploads\/2014\/08\/comic-maigre-1-sur-2-600x82.jpg?resize=350%2C200 1x, https:\/\/i0.wp.com\/www.sourgins.fr\/wp-content\/uploads\/2014\/08\/comic-maigre-1-sur-2-600x82.jpg?resize=525%2C300 1.5x"},"classes":[]},{"id":4371,"url":"http:\/\/www.fabriceeulry-laboutique.com\/blog\/?p=4371","url_meta":{"origin":6321,"position":2},"title":"MISE A MORT DE LA PEINTURE","author":"Le Canard du pianiste","date":"21 janvier 2014","format":false,"excerpt":"\u00a0 Dans le but de d\u00e9fendre l'Art Canard du pianiste propose de d\u00e9crypter l'imposture conceptuelle que les pouvoirs lui ont substitu\u00e9, et pour ce faire, accueillera toutes vos contributions. Source : Article r\u00e9dig\u00e9 par\u00a0Christine Sourgins, le\u00a013 d\u00e9cembre 2013 dans Libert\u00e9 politique.com Vient de para\u00eetre aux \u00e9ditions Pierre-Guillaume de Roux le\u2026","rel":"","context":"Dans &quot;Non class\u00e9&quot;","block_context":{"text":"Non class\u00e9","link":"http:\/\/www.fabriceeulry-laboutique.com\/blog\/?cat=1"},"img":{"alt_text":"","src":"https:\/\/i0.wp.com\/www.fabriceeulry-laboutique.com\/blog\/wp-content\/uploads\/2014\/01\/aude1.png?resize=350%2C200","width":350,"height":200,"srcset":"https:\/\/i0.wp.com\/www.fabriceeulry-laboutique.com\/blog\/wp-content\/uploads\/2014\/01\/aude1.png?resize=350%2C200 1x, https:\/\/i0.wp.com\/www.fabriceeulry-laboutique.com\/blog\/wp-content\/uploads\/2014\/01\/aude1.png?resize=525%2C300 1.5x"},"classes":[]},{"id":7215,"url":"http:\/\/www.fabriceeulry-laboutique.com\/blog\/?p=7215","url_meta":{"origin":6321,"position":3},"title":"LE CENTRE DE PARIS BIENTOT DEFIGURE","author":"Le Canard du pianiste","date":"24 juin 2015","format":false,"excerpt":"\u00a0 \u00a0Un cube de verre bien ignoble, bien pr\u00e9tentieux et d\u00e9j\u00e0 d\u00e9mod\u00e9 va peut-\u00eatre plastronner pour des d\u00e9cennies \u00e0 deux pas de Notre-dame, du Pont-neuf du Ch\u00e2telet, du Louvre... :\u00a0 \u00a0 \u00a0En d\u00e9pit de l'avis d\u00e9favorable des lois, de toutes les instances juridiques, des associations et surtout des Parisiens, les\u2026","rel":"","context":"Dans &quot;Non class\u00e9&quot;","block_context":{"text":"Non class\u00e9","link":"http:\/\/www.fabriceeulry-laboutique.com\/blog\/?cat=1"},"img":{"alt_text":"","src":"https:\/\/i0.wp.com\/www.sourgins.fr\/wp-content\/uploads\/2014\/08\/comic-maigre-1-sur-2-600x82.jpg?resize=350%2C200","width":350,"height":200,"srcset":"https:\/\/i0.wp.com\/www.sourgins.fr\/wp-content\/uploads\/2014\/08\/comic-maigre-1-sur-2-600x82.jpg?resize=350%2C200 1x, https:\/\/i0.wp.com\/www.sourgins.fr\/wp-content\/uploads\/2014\/08\/comic-maigre-1-sur-2-600x82.jpg?resize=525%2C300 1.5x"},"classes":[]},{"id":11426,"url":"http:\/\/www.fabriceeulry-laboutique.com\/blog\/?p=11426","url_meta":{"origin":6321,"position":4},"title":"UN NOUVEAU GRAIN DE SEL","author":"Le Canard du pianiste","date":"2 janvier 2019","format":false,"excerpt":"DE CHRISTINE SOURGINS\u00a0 Le Canard du pianiste relaie r\u00e9guli\u00e8rement le blogue de Christine Sourgins qui nous propose un propos exempt de toute id\u00e9ologie. Pas de conservatisme frileux ni de modernisme b\u00e9at, mais un \u00e9clairage toujours inattendu et pertinent rendu possible par un sens des r\u00e9alit\u00e9s \u00e9conomiques (qui lib\u00e8re la pens\u00e9e\u2026","rel":"","context":"Dans &quot;Non class\u00e9&quot;","block_context":{"text":"Non class\u00e9","link":"http:\/\/www.fabriceeulry-laboutique.com\/blog\/?cat=1"},"img":{"alt_text":"","src":"","width":0,"height":0},"classes":[]},{"id":5955,"url":"http:\/\/www.fabriceeulry-laboutique.com\/blog\/?p=5955","url_meta":{"origin":6321,"position":5},"title":"UN MUSEE IMAGINAIRE POUR ARTISTES HORS MUSEE","author":"Le Canard du pianiste","date":"18 novembre 2014","format":false,"excerpt":"mardi 18 novembre 2014 : Un mus\u00e9e imaginaire pour artistes hors mus\u00e9es \u2022\u00a0Conf\u00e9rence sur Vermeer \u00e0 Paris, jeudi 20 novembre \u00e0 19h :\u00a0plus d'infos... Hier, 17 novembre 2014,\u00a0 a \u00e9t\u00e9 lanc\u00e9 un site auquel j\u2019ai eu le plaisir de collaborer\u00a0: Le mus\u00e9e imaginaire de Patagonie http:\/\/www.musee-imaginaire-patagonie.fr Ce\u00a0mus\u00e9e imaginaire\u00a0est un projet\u2026","rel":"","context":"Dans &quot;Non class\u00e9&quot;","block_context":{"text":"Non class\u00e9","link":"http:\/\/www.fabriceeulry-laboutique.com\/blog\/?cat=1"},"img":{"alt_text":"","src":"https:\/\/i0.wp.com\/www.sourgins.fr\/wp-content\/uploads\/2014\/08\/0-comic-maigre.beige_-600x82.jpg?resize=350%2C200","width":350,"height":200,"srcset":"https:\/\/i0.wp.com\/www.sourgins.fr\/wp-content\/uploads\/2014\/08\/0-comic-maigre.beige_-600x82.jpg?resize=350%2C200 1x, https:\/\/i0.wp.com\/www.sourgins.fr\/wp-content\/uploads\/2014\/08\/0-comic-maigre.beige_-600x82.jpg?resize=525%2C300 1.5x"},"classes":[]}],"_links":{"self":[{"href":"http:\/\/www.fabriceeulry-laboutique.com\/blog\/index.php?rest_route=\/wp\/v2\/posts\/6321","targetHints":{"allow":["GET"]}}],"collection":[{"href":"http:\/\/www.fabriceeulry-laboutique.com\/blog\/index.php?rest_route=\/wp\/v2\/posts"}],"about":[{"href":"http:\/\/www.fabriceeulry-laboutique.com\/blog\/index.php?rest_route=\/wp\/v2\/types\/post"}],"author":[{"embeddable":true,"href":"http:\/\/www.fabriceeulry-laboutique.com\/blog\/index.php?rest_route=\/wp\/v2\/users\/2"}],"replies":[{"embeddable":true,"href":"http:\/\/www.fabriceeulry-laboutique.com\/blog\/index.php?rest_route=%2Fwp%2Fv2%2Fcomments&post=6321"}],"version-history":[{"count":5,"href":"http:\/\/www.fabriceeulry-laboutique.com\/blog\/index.php?rest_route=\/wp\/v2\/posts\/6321\/revisions"}],"predecessor-version":[{"id":7224,"href":"http:\/\/www.fabriceeulry-laboutique.com\/blog\/index.php?rest_route=\/wp\/v2\/posts\/6321\/revisions\/7224"}],"wp:attachment":[{"href":"http:\/\/www.fabriceeulry-laboutique.com\/blog\/index.php?rest_route=%2Fwp%2Fv2%2Fmedia&parent=6321"}],"wp:term":[{"taxonomy":"category","embeddable":true,"href":"http:\/\/www.fabriceeulry-laboutique.com\/blog\/index.php?rest_route=%2Fwp%2Fv2%2Fcategories&post=6321"},{"taxonomy":"post_tag","embeddable":true,"href":"http:\/\/www.fabriceeulry-laboutique.com\/blog\/index.php?rest_route=%2Fwp%2Fv2%2Ftags&post=6321"}],"curies":[{"name":"wp","href":"https:\/\/api.w.org\/{rel}","templated":true}]}}