{"id":6327,"date":"2015-02-04T00:26:06","date_gmt":"2015-02-04T00:26:06","guid":{"rendered":"http:\/\/www.fabriceeulry-laboutique.com\/blog\/?p=6327"},"modified":"2018-12-12T03:39:47","modified_gmt":"2018-12-12T03:39:47","slug":"1-de-territoire-reconquis","status":"publish","type":"post","link":"http:\/\/www.fabriceeulry-laboutique.com\/blog\/?p=6327","title":{"rendered":"1 % DE TERRITOIRE RECONQUIS"},"content":{"rendered":"<h2 style=\"text-align: center;\"><span style=\"color: #000000;\"><strong>&#8230; C&rsquo;est le pourcentage acquis par la contre-offensive de l&rsquo;improbable coalition (forces gouvernementales libanaises, syriennes ou irakiennes, milices kurdes, chr\u00e9tiennes, yazidis &#8230;) contre Daesh l&rsquo;\u00e9tat islamique.<\/strong><\/span><\/h2>\n<h2 style=\"text-align: center;\"><span style=\"color: #000000;\"><strong>Le site <a style=\"color: #000000;\" href=\"http:\/\/http:\/\/theatrum-belli.org\/irak-seulement-un-petit-pourcentage-du-territoire-reconquis-par-la-coalition\/\">th\u00e9atrum-belli.org<\/a> nous explique en quoi ce faible pourcentage cache l&rsquo;importance de cette reconqu\u00eate.<\/strong><\/span><\/h2>\n<h2 style=\"text-align: center;\"><span style=\"color: #000000;\"><strong>Pour les r\u00e9fugi\u00e9s de cette guerre, <a style=\"color: #000000;\" href=\"http:\/\/http:\/\/www.resonnance.org\/filiales\/resonnance-liban\/presentation-liban\">R\u00e9sonnance Liban<\/a>\u00a0\u00a0dont LE CANARD DU PIANISTE a relay\u00e9 les activit\u00e9s <a style=\"color: #000000;\" href=\"http:\/\/www.fabriceeulry-laboutique.com\/blog\/?p=5524\"><img data-recalc-dims=\"1\" decoding=\"async\" id=\"ctl00_ContentPlaceHolder4_imgItem\" src=\"https:\/\/i0.wp.com\/www.agendaculturel.com\/menuimages\/MaryseKaram230_0.jpg?w=200\" alt=\"\"  \/><\/a>\u00a0(<em>cliquez sur son portait \u00a0pour acc\u00e9der \u00e0 cet article<\/em>) \u00e0 travers les concerts de Maryse <a style=\"color: #000000;\" href=\"http:\/\/https:\/\/www.facebook.com\/maryse.karam.1\">Karam<\/a>,\u00a0tente d&rsquo;organiser un concert qui aura lieu sur place d\u00e9but mai avec <a style=\"color: #000000;\" href=\"http:\/\/http:\/\/www.elizabethsombart.com\/\">Elizabeth Sombart<\/a> et <a style=\"color: #000000;\" href=\"http:\/\/http:\/\/www.fabriceeulry.com\/\">Fabrice Eulry<\/a>. A SUIVRE !<\/strong><\/span><\/h2>\n<p>&nbsp;<\/p>\n","protected":false},"excerpt":{"rendered":"<p>&#8230; C&rsquo;est le pourcentage acquis par la contre-offensive de l&rsquo;improbable coalition (forces gouvernementales libanaises, syriennes ou irakiennes, milices kurdes, chr\u00e9tiennes, yazidis &#8230;) contre Daesh l&rsquo;\u00e9tat islamique. Le site th\u00e9atrum-belli.org nous explique en quoi ce faible pourcentage cache l&rsquo;importance de cette &hellip; <a href=\"http:\/\/www.fabriceeulry-laboutique.com\/blog\/?p=6327\">Continuer la lecture <span class=\"meta-nav\">&rarr;<\/span><\/a><\/p>\n","protected":false},"author":2,"featured_media":0,"comment_status":"open","ping_status":"open","sticky":false,"template":"","format":"standard","meta":{"jetpack_post_was_ever_published":false,"_jetpack_newsletter_access":"","_jetpack_dont_email_post_to_subs":true,"_jetpack_newsletter_tier_id":0,"_jetpack_memberships_contains_paywalled_content":false,"_jetpack_memberships_contains_paid_content":false,"footnotes":"","jetpack_publicize_message":"","jetpack_publicize_feature_enabled":true,"jetpack_social_post_already_shared":false,"jetpack_social_options":{"image_generator_settings":{"template":"highway","default_image_id":0,"font":"","enabled":false},"version":2}},"categories":[1],"tags":[50],"class_list":["post-6327","post","type-post","status-publish","format-standard","hentry","category-non-classe","tag-geopolitique"],"jetpack_publicize_connections":[],"jetpack_featured_media_url":"","jetpack_sharing_enabled":true,"jetpack_shortlink":"https:\/\/wp.me\/p2D6dI-1E3","jetpack_likes_enabled":true,"jetpack-related-posts":[{"id":3009,"url":"http:\/\/www.fabriceeulry-laboutique.com\/blog\/?p=3009","url_meta":{"origin":6327,"position":0},"title":"MISE AU POINT SUR LA MARSEILLAISE","author":"Le Canard du pianiste","date":"15 mai 2014","format":false,"excerpt":"\u00a0 \u00a0 \u00a0Suite \u00e0 de nouvelles tentatives de d\u00e9sinformation sur l'hymne national nous r\u00e9\u00e9ditons cette article : \u00a0 \u00a0 \u00a0 \u00a0La Marseillaise a \u00e9t\u00e9 cr\u00e9\u00e9e en 1792 pour\u00a0galvaniser le peuple contre les arm\u00e9es coalis\u00e9es (Prusse Autriche Angleterre)\u00a0et les nobles \u00e9migr\u00e9s \u00a0d\u00e9sirant r\u00e9tablir l'ancien r\u00e9gime. Mais bien au-del\u00e0 de ce contexte\u2026","rel":"","context":"Dans &quot;Non class\u00e9&quot;","block_context":{"text":"Non class\u00e9","link":"http:\/\/www.fabriceeulry-laboutique.com\/blog\/?cat=1"},"img":{"alt_text":"","src":"https:\/\/i0.wp.com\/www.fabriceeulry-laboutique.com\/blog\/wp-content\/uploads\/2013\/06\/Capture-d%E2%80%99%C3%A9cran-2001-01-01-%C3%A0-03.54.05.png?resize=350%2C200","width":350,"height":200},"classes":[]},{"id":7370,"url":"http:\/\/www.fabriceeulry-laboutique.com\/blog\/?p=7370","url_meta":{"origin":6327,"position":1},"title":"GEOPOLITIQUE : LA LIBYE POINT CLE","author":"Le Canard du pianiste","date":"29 juillet 2015","format":false,"excerpt":"\"ALLONS-NOUS ETRE CONTRAINTS DE SOUTENIR AL-QUAIDA CONTRE DAESH ?\" Questionne l'\u00e9minent Bernard Lugan : En Libye, les interventions de l'Egypte, de l'Alg\u00e9rie et de la France, destin\u00e9es \u00e0 limiter les cons\u00e9quences devenues incontr\u00f4lables de la guerre insens\u00e9e d\u00e9clench\u00e9e contre le colonel Kadhafi, deviennent de plus en plus probl\u00e9matiques. Pour cinq\u2026","rel":"","context":"Dans &quot;Non class\u00e9&quot;","block_context":{"text":"Non class\u00e9","link":"http:\/\/www.fabriceeulry-laboutique.com\/blog\/?cat=1"},"img":{"alt_text":"","src":"https:\/\/i0.wp.com\/www.fabriceeulry-laboutique.com\/blog\/wp-content\/uploads\/2015\/07\/magr-.jpg?resize=350%2C200","width":350,"height":200,"srcset":"https:\/\/i0.wp.com\/www.fabriceeulry-laboutique.com\/blog\/wp-content\/uploads\/2015\/07\/magr-.jpg?resize=350%2C200 1x, https:\/\/i0.wp.com\/www.fabriceeulry-laboutique.com\/blog\/wp-content\/uploads\/2015\/07\/magr-.jpg?resize=525%2C300 1.5x"},"classes":[]},{"id":1954,"url":"http:\/\/www.fabriceeulry-laboutique.com\/blog\/?p=1954","url_meta":{"origin":6327,"position":2},"title":"BONNE ANNEE, BONNE SAN&#8230;","author":"Le Canard du pianiste","date":"29 janvier 2013","format":false,"excerpt":"D\u00e8s 2014,\u00a0vous devrez parcourir 10, 20, 50, 100 \u00a0km ou plus pour faire vos prises de sang, et ce au m\u00e9pris de plus de 500 000 signatures sur cette p\u00e9tition\u00a0:\u00a0http:\/\/www.touchepasamonlabo.com\u00a0. \u00a0En effet, c'est en 2013 que seront\u00a0FERM\u00c9S\u00a0l'immense majorit\u00e9 des laboratoires d'analyses m\u00e9dicales de proximit\u00e9 en France, \u00e0 l'instar des maternit\u00e9s\u2026","rel":"","context":"Dans &quot;Non class\u00e9&quot;","block_context":{"text":"Non class\u00e9","link":"http:\/\/www.fabriceeulry-laboutique.com\/blog\/?cat=1"},"img":{"alt_text":"","src":"","width":0,"height":0},"classes":[]},{"id":12940,"url":"http:\/\/www.fabriceeulry-laboutique.com\/blog\/?p=12940","url_meta":{"origin":6327,"position":3},"title":"CONCERT \u00c0 LA COMMANDERIE DES TEMPLIERS","author":"Le Canard du pianiste","date":"8 juillet 2024","format":false,"excerpt":"Le propri\u00e9taire vous certifie que le ch\u00e2teau est enchant\u00e9 par des fant\u00f4mes (gentils) En dessous de La Chapelle un cur\u00e9 du Moyen-\u00e2ge est enterr\u00e9 avec sa bonne. Contrairement \u00e0 la chanson d'Annie Cordy la bonne du cur\u00e9 ne r\u00eavait pas des \"gars du pays\" puisque c'est le cur\u00e9 lui-m\u00eame qui\u2026","rel":"","context":"Dans &quot;Non class\u00e9&quot;","block_context":{"text":"Non class\u00e9","link":"http:\/\/www.fabriceeulry-laboutique.com\/blog\/?cat=1"},"img":{"alt_text":"","src":"https:\/\/i0.wp.com\/img.youtube.com\/vi\/RqIzXNbqlqQ\/0.jpg?resize=350%2C200","width":350,"height":200},"classes":[]},{"id":5475,"url":"http:\/\/www.fabriceeulry-laboutique.com\/blog\/?p=5475","url_meta":{"origin":6327,"position":4},"title":"L&rsquo;EFFICACITE DES ELEPHANTS DE GUERRE","author":"Le Canard du pianiste","date":"6 ao\u00fbt 2014","format":false,"excerpt":"Aucune arme n'est absolue, voici donc expos\u00e9s les avantages \u00e0 utiliser les \u00e9l\u00e9phants sur un champ de bataille mais aussi les antidotes \u00e0 leur efficacit\u00e9, au cours des diff\u00e9rents conflits au cours desquels ils sont intervenus. On apprendra en outre, dans cette courte vid\u00e9o https:\/\/www.youtube.com\/watch?v=1DARJJ0LKpw qu'Hannibal ne fut pas le\u2026","rel":"","context":"Dans &quot;Non class\u00e9&quot;","block_context":{"text":"Non class\u00e9","link":"http:\/\/www.fabriceeulry-laboutique.com\/blog\/?cat=1"},"img":{"alt_text":"","src":"https:\/\/i0.wp.com\/www.fabriceeulry-laboutique.com\/blog\/wp-content\/uploads\/2014\/08\/elep-.jpg?resize=350%2C200","width":350,"height":200,"srcset":"https:\/\/i0.wp.com\/www.fabriceeulry-laboutique.com\/blog\/wp-content\/uploads\/2014\/08\/elep-.jpg?resize=350%2C200 1x, https:\/\/i0.wp.com\/www.fabriceeulry-laboutique.com\/blog\/wp-content\/uploads\/2014\/08\/elep-.jpg?resize=525%2C300 1.5x, https:\/\/i0.wp.com\/www.fabriceeulry-laboutique.com\/blog\/wp-content\/uploads\/2014\/08\/elep-.jpg?resize=700%2C400 2x"},"classes":[]},{"id":11049,"url":"http:\/\/www.fabriceeulry-laboutique.com\/blog\/?p=11049","url_meta":{"origin":6327,"position":5},"title":"CONCERTO N\u00b03 AU NAYRAC","author":"Le Canard du pianiste","date":"21 octobre 2018","format":false,"excerpt":"L'espace\u00a0multiculturel du Nayrac, contre toute attente a rendu une acoustique parfaite au son de l' orchestre philharmonique de Kharkiv (Kharkov) que pour la premi\u00e8re fois il recevait. Ici Fabrice Eulry saluant le premier violon quelques secondes apr\u00e8s la fin du concerto n\u00b03. C'est dans cette salle (comble) que fut donn\u00e9e\u2026","rel":"","context":"Dans &quot;Non class\u00e9&quot;","block_context":{"text":"Non class\u00e9","link":"http:\/\/www.fabriceeulry-laboutique.com\/blog\/?cat=1"},"img":{"alt_text":"","src":"https:\/\/i0.wp.com\/www.fabriceeulry-laboutique.com\/blog\/wp-content\/uploads\/2018\/10\/article-cp.png?resize=350%2C200","width":350,"height":200,"srcset":"https:\/\/i0.wp.com\/www.fabriceeulry-laboutique.com\/blog\/wp-content\/uploads\/2018\/10\/article-cp.png?resize=350%2C200 1x, https:\/\/i0.wp.com\/www.fabriceeulry-laboutique.com\/blog\/wp-content\/uploads\/2018\/10\/article-cp.png?resize=525%2C300 1.5x"},"classes":[]}],"_links":{"self":[{"href":"http:\/\/www.fabriceeulry-laboutique.com\/blog\/index.php?rest_route=\/wp\/v2\/posts\/6327","targetHints":{"allow":["GET"]}}],"collection":[{"href":"http:\/\/www.fabriceeulry-laboutique.com\/blog\/index.php?rest_route=\/wp\/v2\/posts"}],"about":[{"href":"http:\/\/www.fabriceeulry-laboutique.com\/blog\/index.php?rest_route=\/wp\/v2\/types\/post"}],"author":[{"embeddable":true,"href":"http:\/\/www.fabriceeulry-laboutique.com\/blog\/index.php?rest_route=\/wp\/v2\/users\/2"}],"replies":[{"embeddable":true,"href":"http:\/\/www.fabriceeulry-laboutique.com\/blog\/index.php?rest_route=%2Fwp%2Fv2%2Fcomments&post=6327"}],"version-history":[{"count":3,"href":"http:\/\/www.fabriceeulry-laboutique.com\/blog\/index.php?rest_route=\/wp\/v2\/posts\/6327\/revisions"}],"predecessor-version":[{"id":8357,"href":"http:\/\/www.fabriceeulry-laboutique.com\/blog\/index.php?rest_route=\/wp\/v2\/posts\/6327\/revisions\/8357"}],"wp:attachment":[{"href":"http:\/\/www.fabriceeulry-laboutique.com\/blog\/index.php?rest_route=%2Fwp%2Fv2%2Fmedia&parent=6327"}],"wp:term":[{"taxonomy":"category","embeddable":true,"href":"http:\/\/www.fabriceeulry-laboutique.com\/blog\/index.php?rest_route=%2Fwp%2Fv2%2Fcategories&post=6327"},{"taxonomy":"post_tag","embeddable":true,"href":"http:\/\/www.fabriceeulry-laboutique.com\/blog\/index.php?rest_route=%2Fwp%2Fv2%2Ftags&post=6327"}],"curies":[{"name":"wp","href":"https:\/\/api.w.org\/{rel}","templated":true}]}}