{"id":638,"date":"2012-10-22T15:35:35","date_gmt":"2012-10-22T15:35:35","guid":{"rendered":"http:\/\/www.fabriceeulry-laboutique.com\/blog\/?p=638"},"modified":"2018-12-13T05:14:25","modified_gmt":"2018-12-13T05:14:25","slug":"lettre-ouverte-a-mme-taubira","status":"publish","type":"post","link":"http:\/\/www.fabriceeulry-laboutique.com\/blog\/?p=638","title":{"rendered":"GARDEZ-MOI UNE PART DE CERVEAU DISPONIBLE ! (SUITE)"},"content":{"rendered":"<h2><strong>\u00a0\u00a0<span style=\"font-family: Verdana, Helvetica, Arial;\"><span style=\"font-size: large;\"><strong>Les m\u00e9dias s&rsquo;\u00e9taient \u00e9mus<span style=\"color: #ff0000;\"><span style=\"text-decoration: underline;\">,<\/span><\/span>\u00a0il y a deux ans, de ce que l&rsquo;honn\u00eate citoyen Fran\u00e7ois Vaillant\u00a0f\u00fbt pass\u00e9 au tribunal pour avoir refus\u00e9 de donner son A.D.N. alors qu&rsquo;il n&rsquo;avait fait que manifester pacifiquement son refus\u00a0de l&rsquo;agression publicitaire. Il fait part aujourd&rsquo;hui\u00a0d&rsquo;un sondage au Canard du pianiste, d\u00e9sireux de vous informer de l&rsquo;\u00e9volution du paysage urbain et\u00a0de ses messages dont l&rsquo;impact<span style=\"color: #ff0000;\"><span style=\"text-decoration: underline;\">,<\/span><\/span>nous le r\u00e9p\u00e9tons, influe directement sur le cerveau mais aussi sur l&rsquo;inspiration artistique et musicale en milieu urbain et p\u00e9ri-urbain :<br \/>\nGainsbourg ou Renaud auraient-ils compos\u00e9 comme ils le firent dans un univers urbain m\u00e9di\u00e9val ou un univers urbain visuel de r\u00e9clames peintes (avant 1950) ? Et qu&rsquo;en serait-il du rap sans tag ni pub, dans un univers sans signes\u00a0mercantiles\u00a0<\/strong><\/span><\/span><\/strong><strong><span style=\"font-family: Verdana, Helvetica, Arial;\"><strong><span style=\"font-family: Verdana, Helvetica, Arial;\"><span style=\"font-size: large;\"><strong>?\u00a0<\/strong><\/span><\/span><\/strong><\/span><\/strong><\/h2>\n<h2><strong><span style=\"font-family: Verdana, Helvetica, Arial;\"><strong><span style=\"font-family: Verdana, Helvetica, Arial;\"><strong><a href=\"http:\/\/www.fabriceeulry-laboutique.com\/blog\/wp-content\/uploads\/2012\/09\/satie1.tif\"><img decoding=\"async\" class=\"size-full wp-image-840 alignleft\" title=\"satie\" src=\"http:\/\/www.fabriceeulry-laboutique.com\/blog\/wp-content\/uploads\/2012\/09\/satie1.tif\" alt=\"\" \/><\/a>\u00a0\u00a0Satie aurait-il compos\u00e9 comme il l&rsquo;a fait dans l&rsquo;actuelle for\u00eat de 4 fois 3 et de panneaux d\u00e9roulants JCDecaux\u00a0plant\u00e9e dans toute l&rsquo;Ile de France ?<\/strong><\/span><\/strong><\/span><\/strong><\/h2>\n<h2><strong><span style=\"font-family: Verdana, Helvetica, Arial;\"><strong><span style=\"font-family: Verdana, Helvetica, Arial;\"><strong><span style=\"font-size: large;\">\u00a0<\/span><\/strong><\/span><\/strong><\/span><\/strong><\/h2>\n<h2><\/h2>\n<h2><\/h2>\n<h2><strong><span style=\"font-family: Verdana, Helvetica, Arial;\"><strong><span style=\"font-family: Verdana, Helvetica, Arial;\"><strong><span style=\"font-size: large;\">Comme s&rsquo;int\u00e9resser \u00e0 la musique<span style=\"color: #ff0000;\"><span style=\"text-decoration: underline;\">,<\/span><\/span>\u00a0c&rsquo;est aussi comprendre sa gen\u00e8se, et tenter de r\u00e9pondre \u00e0 ces questions, il faut se pencher sur ce sujet : voici la lettre de M. Fran\u00e7ois Vaillant :<br \/>\n<\/span><\/strong><\/span><\/strong><\/span><\/strong><\/h2>\n<blockquote>\n<blockquote>\n<h3><span class=\"Apple-style-span\" style=\"font-family: Verdana, Helvetica, Arial;\"><strong>L\u2019\u00e9v\u00e9nement : la majorit\u00e9 des Franciliens disent \u00ab \u00a0oui \u00bb au 50 x 70 cm dans m\u00e9tro, comme les Reposeurs le demandent !!!<\/strong><\/span><\/h3>\n<h3><span style=\"font-family: Verdana, Helvetica, Arial;\"><strong>R\u00e9sultats du sondage de l\u2019Institut CSA<br \/>\n\u00ab Les Franciliens et la publicit\u00e9 dans le m\u00e9\u0301tro parisien \u00bb<br \/>\n<\/strong>Tous les r\u00e9sultats de ce sondage &#8211; donn\u00e9s aux m\u00e9dias lors de la conf\u00e9rence de presse des Reposeurs, le jeudi 18 octobre -, sont accessibles gratuitement en allant sur le site du CSA\u00a0<a href=\"http:\/\/www.csa.eu\/fr\/s26\/nos-sondages-publies.aspx\" rel=\"nofollow\" target=\"_blank\">http:\/\/www.csa.eu\/fr\/s26\/nos-sondages-publies.aspx<\/a><br \/>\nLes r\u00e9sultats \u00e0 la 3i\u00e8me question donnent compl\u00e8tement \u00a0raison \u00e0 la revendication des Reposeurs !<br \/>\n<strong><em>QUESTION N\u00b0 3 \u2013 Seriez-vous favorable \u00e0 ce que les annonces publicitaires dans le m\u00e9tro parisien ne d\u00e9passent jamais 50 x 70 cm, ce qui correspond au format de l\u2019affichage associatif autoris\u00e9 \u00e0 Paris, et soient en nombre limit\u00e9 dans les stations et les couloirs ?<br \/>\n<\/em>4% r\u00e9pondent \u00ab pas du tout \u00bb<br \/>\n28% r\u00e9pondent \u00ab non, pas vraiment \u00bb<br \/>\nSous total \u00ab non \u00bb : 32 %<\/strong><\/span><\/h3>\n<p>34 % r\u00e9pondent \u00ab oui, plut\u00f4t \u00bb<br \/>\n23 % r\u00e9pondent \u00ab oui, tout \u00e0 fait \u00bb,<br \/>\nSous total \u00ab oui \u00bb : 57 % &#8211; les 18-25 ans r\u00e9pondent \u00ab oui \u00bb \u00e0 65 %<\/p>\n<h3><span style=\"font-family: Verdana, Helvetica, Arial;\"><strong><\/strong><br \/>\n<strong>11 % s\u2019abstiennent.<\/strong><\/span><\/h3>\n<p>Conclusion : Une large majorit\u00e9 de Franciliens sont favorables \u00e0 la revendication des Reposeurs. Seulement 4 % s\u2019y opposent, ce qui est vraiment tr\u00e8s peu ! Aux pouvoirs publics de maintenant tenir compte de l\u2019avis majoritaire des Franciliens !<br \/>\nLa p\u00e9tition des Reposeurs est toujours \u00e0 signer en ligne surwww.reposeurs.eu.org\u00a0<a href=\"http:\/\/www.reposeurs.eu.org\/\" rel=\"nofollow\" target=\"_blank\">&lt;http:\/\/www.reposeurs.eu.org\/&gt;<\/a>\u00a0\u00a0\u00a0\u00a0et les slogans des Reposeurs \u00e0 imprimer en ligne et \u00e0 poser sur les affiches du m\u00e9tro avec du ruban adh\u00e9sif non d\u00e9gradant, dit \u201c Magic invisible\u201d , aujourd\u2019hui et jusqu\u2019au 26 octobre.<\/p>\n<h3><span style=\"font-family: Verdana, Helvetica, Arial;\"><strong><\/strong>Les rendez-vous place de la Sorbonne se sont d\u00e9roul\u00e9s ces derniers jours sous la pluie, que 20 \u00e0 25 personnes chaque fois. Nous attendons le beau temps de ces vendredi, samedi et dimanche pour nous retrouver plus nombreux avec vous. De source bien inform\u00e9e, nous savons que bon nombre de Franciliens, des jeunes des vieux, vont poser des papiers dans le m\u00e9tro ces samedi et dimanche. Ce sont des milliers de papiers qui se pr\u00e9parent ! Tous \u00e0 l\u2019abordage ! \u00c0 noter qu\u2019aucun Reposeur n\u2019a \u00e9t\u00e9 encore interpel\u00e9 par la police dans le m\u00e9tro, et si c\u2019\u00e9tait le cas, notre civilit\u00e9 serait exemplaire. L\u2019avocat des Reposeurs, Ma\u00eetre Alexandre Faro, a rappel\u00e9 aux journalistes pr\u00e9sents \u00e0 la conf\u00e9rence de presse que la pose de papiers par les reposeurs est sans risque au p\u00e9nal. Les reposeurs ne commettent aucune d\u00e9gradation.<br \/>\nFran\u00e7ois Vaillant<\/span><\/h3>\n<\/blockquote>\n<\/blockquote>\n<blockquote>\n<blockquote><p><img data-recalc-dims=\"1\" loading=\"lazy\" decoding=\"async\" src=\"https:\/\/i0.wp.com\/antipub.org\/local\/cache-vignettes\/L200xH94\/arton256-156a3.jpg?resize=200%2C94\" alt=\"\" width=\"200\" height=\"94\" \/><img data-recalc-dims=\"1\" loading=\"lazy\" decoding=\"async\" src=\"https:\/\/i0.wp.com\/antipub.org\/local\/cache-vignettes\/L200xH94\/arton256-156a3.jpg?resize=200%2C94\" alt=\"\" width=\"200\" height=\"94\" \/><img data-recalc-dims=\"1\" loading=\"lazy\" decoding=\"async\" src=\"https:\/\/i0.wp.com\/antipub.org\/local\/cache-vignettes\/L200xH94\/arton256-156a3.jpg?resize=200%2C94\" alt=\"\" width=\"200\" height=\"94\" \/><\/p><\/blockquote>\n<\/blockquote>\n<div><strong><br \/>\n<\/strong><\/div>\n<div><\/div>\n<div><\/div>\n<div><\/div>\n<div><\/div>\n<div><\/div>\n<div><\/div>\n","protected":false},"excerpt":{"rendered":"<p>\u00a0\u00a0Les m\u00e9dias s&rsquo;\u00e9taient \u00e9mus,\u00a0il y a deux ans, de ce que l&rsquo;honn\u00eate citoyen Fran\u00e7ois Vaillant\u00a0f\u00fbt pass\u00e9 au tribunal pour avoir refus\u00e9 de donner son A.D.N. alors qu&rsquo;il n&rsquo;avait fait que manifester pacifiquement son refus\u00a0de l&rsquo;agression publicitaire. Il fait part aujourd&rsquo;hui\u00a0d&rsquo;un &hellip; <a href=\"http:\/\/www.fabriceeulry-laboutique.com\/blog\/?p=638\">Continuer la lecture <span class=\"meta-nav\">&rarr;<\/span><\/a><\/p>\n","protected":false},"author":2,"featured_media":0,"comment_status":"open","ping_status":"open","sticky":false,"template":"","format":"standard","meta":{"jetpack_post_was_ever_published":false,"_jetpack_newsletter_access":"","_jetpack_dont_email_post_to_subs":true,"_jetpack_newsletter_tier_id":0,"_jetpack_memberships_contains_paywalled_content":false,"_jetpack_memberships_contains_paid_content":false,"footnotes":"","jetpack_publicize_message":"","jetpack_publicize_feature_enabled":true,"jetpack_social_post_already_shared":false,"jetpack_social_options":{"image_generator_settings":{"template":"highway","default_image_id":0,"font":"","enabled":false},"version":2}},"categories":[1],"tags":[15],"class_list":["post-638","post","type-post","status-publish","format-standard","hentry","category-non-classe","tag-art"],"jetpack_publicize_connections":[],"jetpack_featured_media_url":"","jetpack_sharing_enabled":true,"jetpack_shortlink":"https:\/\/wp.me\/p2D6dI-ai","jetpack_likes_enabled":true,"jetpack-related-posts":[{"id":3220,"url":"http:\/\/www.fabriceeulry-laboutique.com\/blog\/?p=3220","url_meta":{"origin":638,"position":0},"title":"PHOTO ET INSPIRATION MUSICALE","author":"Le Canard du pianiste","date":"17 ao\u00fbt 2013","format":false,"excerpt":"N\u00e9 en 1942, fils et petit-fils de peintre, Jacques Perrodin est autodidacte. Il se rattache \u00e0 la tradition des paysagistes et portraitistes avec une pr\u00e9dilection pour ceux des origines de la peinture \u00e0 l'huile en occident. Mais il travaille aussi beaucoup sur le motif en plein air ou devant un\u2026","rel":"","context":"Dans &quot;Non class\u00e9&quot;","block_context":{"text":"Non class\u00e9","link":"http:\/\/www.fabriceeulry-laboutique.com\/blog\/?cat=1"},"img":{"alt_text":"","src":"","width":0,"height":0},"classes":[]},{"id":5138,"url":"http:\/\/www.fabriceeulry-laboutique.com\/blog\/?p=5138","url_meta":{"origin":638,"position":1},"title":"DISQUE DE GUILLAUME PERROT CONTRE L&rsquo;OSTEOSARCOME","author":"Le Canard du pianiste","date":"5 juillet 2014","format":false,"excerpt":"ENCORE UNE SURPRISE DE GUILLAUME ! \"En \u00e9coutant les bandes et les vid\u00e9os qu'il nous a laiss\u00e9es de ci de l\u00e0 avant de partir dans l'au-del\u00e0, je suis all\u00e9 vais de surprise en surprise : bien s\u00fbr je n'ai cess\u00e9 de clamer son talent mais je dois confier quelque chose\u2026","rel":"","context":"Dans &quot;Non class\u00e9&quot;","block_context":{"text":"Non class\u00e9","link":"http:\/\/www.fabriceeulry-laboutique.com\/blog\/?cat=1"},"img":{"alt_text":"","src":"https:\/\/i0.wp.com\/www.fabriceeulry-laboutique.com\/blog\/wp-content\/uploads\/2014\/06\/souririre.jpg?resize=350%2C200","width":350,"height":200,"srcset":"https:\/\/i0.wp.com\/www.fabriceeulry-laboutique.com\/blog\/wp-content\/uploads\/2014\/06\/souririre.jpg?resize=350%2C200 1x, https:\/\/i0.wp.com\/www.fabriceeulry-laboutique.com\/blog\/wp-content\/uploads\/2014\/06\/souririre.jpg?resize=525%2C300 1.5x"},"classes":[]},{"id":372,"url":"http:\/\/www.fabriceeulry-laboutique.com\/blog\/?p=372","url_meta":{"origin":638,"position":2},"title":"LE XX\u00e8me CINCY BLUES FEST","author":"Le Canard du pianiste","date":"16 ao\u00fbt 2012","format":false,"excerpt":"Nous nous succ\u00e9dons sous les arches de 15 heures \u00e0 23 heures. Je dois passer en dernier ce qui est tr\u00e8s intimidant quand je vois et \u00e9coute les exceptionnels artistes qui se succ\u00e8dent avant moi : Jimmy Rodgers, Todd Hepburn, Liz Pennock & Dr Blues, Ricky Nye qui m'invite ici\u2026","rel":"","context":"Dans &quot;Non class\u00e9&quot;","block_context":{"text":"Non class\u00e9","link":"http:\/\/www.fabriceeulry-laboutique.com\/blog\/?cat=1"},"img":{"alt_text":"","src":"https:\/\/i0.wp.com\/www.fabriceeulry-laboutique.com\/blog\/wp-content\/uploads\/2012\/08\/Cincy-8.jpg?resize=350%2C200","width":350,"height":200,"srcset":"https:\/\/i0.wp.com\/www.fabriceeulry-laboutique.com\/blog\/wp-content\/uploads\/2012\/08\/Cincy-8.jpg?resize=350%2C200 1x, https:\/\/i0.wp.com\/www.fabriceeulry-laboutique.com\/blog\/wp-content\/uploads\/2012\/08\/Cincy-8.jpg?resize=525%2C300 1.5x, https:\/\/i0.wp.com\/www.fabriceeulry-laboutique.com\/blog\/wp-content\/uploads\/2012\/08\/Cincy-8.jpg?resize=700%2C400 2x"},"classes":[]},{"id":7213,"url":"http:\/\/www.fabriceeulry-laboutique.com\/blog\/?p=7213","url_meta":{"origin":638,"position":3},"title":"L&rsquo;IPSN ECRIT AU CANARD","author":"Le Canard du pianiste","date":"24 juin 2015","format":false,"excerpt":"\u00a0 \u00a0 \u00a0 \u00a0 \u00a0 \u00a0 Avis aux Belges : il reste encore des places pour la conf\u00e9rence exceptionnelle sur la m\u00e9decine du chou donn\u00e9e par le Dr Avendano, chirurgien de Cuzco, ce 26 Juin (c'est vendredi ! ). La conf\u00e9rence a lieu \u00e0 19 heures au 5 Place Cockerill\u2026","rel":"","context":"Dans &quot;Non class\u00e9&quot;","block_context":{"text":"Non class\u00e9","link":"http:\/\/www.fabriceeulry-laboutique.com\/blog\/?cat=1"},"img":{"alt_text":"","src":"","width":0,"height":0},"classes":[]},{"id":3175,"url":"http:\/\/www.fabriceeulry-laboutique.com\/blog\/?p=3175","url_meta":{"origin":638,"position":4},"title":"VUS AU FESTIVAL D\u2019AVIGNON 2013 :","author":"Le Canard du pianiste","date":"4 ao\u00fbt 2013","format":false,"excerpt":"Tout d'abord le d\u00e9sopilant 2000 ans de mensonges : \u00ab Pour \u00eatre d'accord, il faut \u00eatre au minimum deux. Pour faire l'amour aussi.. pour faire la guerre \u00e9galement. \u00bb Cliquez sur l'image pour voir la vid\u00e9o de pr\u00e9sentation En exclusivit\u00e9 mondiale, d\u00e9couvrez la v\u00e9ritable histoire de J\u00e9sus et de Marie-Madeleine\u2026","rel":"","context":"Dans &quot;Non class\u00e9&quot;","block_context":{"text":"Non class\u00e9","link":"http:\/\/www.fabriceeulry-laboutique.com\/blog\/?cat=1"},"img":{"alt_text":"","src":"https:\/\/i0.wp.com\/www.fabriceeulry-laboutique.com\/blog\/wp-content\/uploads\/2013\/08\/2000-ans-de-mensonge.jpg?resize=350%2C200","width":350,"height":200,"srcset":"https:\/\/i0.wp.com\/www.fabriceeulry-laboutique.com\/blog\/wp-content\/uploads\/2013\/08\/2000-ans-de-mensonge.jpg?resize=350%2C200 1x, https:\/\/i0.wp.com\/www.fabriceeulry-laboutique.com\/blog\/wp-content\/uploads\/2013\/08\/2000-ans-de-mensonge.jpg?resize=525%2C300 1.5x, https:\/\/i0.wp.com\/www.fabriceeulry-laboutique.com\/blog\/wp-content\/uploads\/2013\/08\/2000-ans-de-mensonge.jpg?resize=700%2C400 2x"},"classes":[]},{"id":10564,"url":"http:\/\/www.fabriceeulry-laboutique.com\/blog\/?p=10564","url_meta":{"origin":638,"position":5},"title":"HIGELIN ET LANCELOT, CHEVALIERS DU PIANO STRIDE","author":"Le Canard du pianiste","date":"8 avril 2018","format":false,"excerpt":"Par Fabrice EULRY \u00a0 \u00a0Ce qui r\u00e9unit ces deux pianistes aux parcours si diff\u00e9rents, est moins leurs d\u00e9c\u00e8s rapproch\u00e9s ou leurs noms si d\u00e9licieusement m\u00e9di\u00e9vaux, mais le fait qu'ils aient \u00e9t\u00e9 parmi les rares pianistes fran\u00e7ais \u00e0 cultiver le piano stride. \u00a0 Cette forme pianistique venant d'Harlem, consistant \u00e0 s'accompagner\u2026","rel":"","context":"Dans &quot;Non class\u00e9&quot;","block_context":{"text":"Non class\u00e9","link":"http:\/\/www.fabriceeulry-laboutique.com\/blog\/?cat=1"},"img":{"alt_text":"","src":"https:\/\/i0.wp.com\/www.fabriceeulry-laboutique.com\/blog\/wp-content\/uploads\/2018\/04\/fats.png?resize=350%2C200","width":350,"height":200},"classes":[]}],"_links":{"self":[{"href":"http:\/\/www.fabriceeulry-laboutique.com\/blog\/index.php?rest_route=\/wp\/v2\/posts\/638","targetHints":{"allow":["GET"]}}],"collection":[{"href":"http:\/\/www.fabriceeulry-laboutique.com\/blog\/index.php?rest_route=\/wp\/v2\/posts"}],"about":[{"href":"http:\/\/www.fabriceeulry-laboutique.com\/blog\/index.php?rest_route=\/wp\/v2\/types\/post"}],"author":[{"embeddable":true,"href":"http:\/\/www.fabriceeulry-laboutique.com\/blog\/index.php?rest_route=\/wp\/v2\/users\/2"}],"replies":[{"embeddable":true,"href":"http:\/\/www.fabriceeulry-laboutique.com\/blog\/index.php?rest_route=%2Fwp%2Fv2%2Fcomments&post=638"}],"version-history":[{"count":20,"href":"http:\/\/www.fabriceeulry-laboutique.com\/blog\/index.php?rest_route=\/wp\/v2\/posts\/638\/revisions"}],"predecessor-version":[{"id":11301,"href":"http:\/\/www.fabriceeulry-laboutique.com\/blog\/index.php?rest_route=\/wp\/v2\/posts\/638\/revisions\/11301"}],"wp:attachment":[{"href":"http:\/\/www.fabriceeulry-laboutique.com\/blog\/index.php?rest_route=%2Fwp%2Fv2%2Fmedia&parent=638"}],"wp:term":[{"taxonomy":"category","embeddable":true,"href":"http:\/\/www.fabriceeulry-laboutique.com\/blog\/index.php?rest_route=%2Fwp%2Fv2%2Fcategories&post=638"},{"taxonomy":"post_tag","embeddable":true,"href":"http:\/\/www.fabriceeulry-laboutique.com\/blog\/index.php?rest_route=%2Fwp%2Fv2%2Ftags&post=638"}],"curies":[{"name":"wp","href":"https:\/\/api.w.org\/{rel}","templated":true}]}}