{"id":6557,"date":"2015-03-16T04:16:08","date_gmt":"2015-03-16T04:16:08","guid":{"rendered":"http:\/\/www.fabriceeulry-laboutique.com\/blog\/?p=6557"},"modified":"2016-03-28T17:24:53","modified_gmt":"2016-03-28T17:24:53","slug":"la-guerre","status":"publish","type":"post","link":"http:\/\/www.fabriceeulry-laboutique.com\/blog\/?p=6557","title":{"rendered":"LA GUERRE"},"content":{"rendered":"<h2 style=\"text-align: center;\"><span style=\"color: #000000;\"><a style=\"color: #000000;\" href=\"https:\/\/i0.wp.com\/www.fabriceeulry-laboutique.com\/blog\/wp-content\/uploads\/2015\/03\/la-guerre-.jpg\"><img data-recalc-dims=\"1\" loading=\"lazy\" decoding=\"async\" class=\"aligncenter size-full wp-image-6598\" title=\"la guerre\" src=\"https:\/\/i0.wp.com\/www.fabriceeulry-laboutique.com\/blog\/wp-content\/uploads\/2015\/03\/la-guerre-.jpg?resize=439%2C57\" alt=\"\" width=\"439\" height=\"57\" srcset=\"https:\/\/i0.wp.com\/www.fabriceeulry-laboutique.com\/blog\/wp-content\/uploads\/2015\/03\/la-guerre-.jpg?w=439 439w, https:\/\/i0.wp.com\/www.fabriceeulry-laboutique.com\/blog\/wp-content\/uploads\/2015\/03\/la-guerre-.jpg?resize=300%2C38 300w\" sizes=\"auto, (max-width: 439px) 100vw, 439px\" \/><\/a><\/span><\/h2>\n<h2 style=\"text-align: center;\"><span style=\"color: #000000;\"><strong>La situation en Syrie\u00a0par une personne qui est habilit\u00e9e \u00e0 en parler ! <\/strong><\/span><\/h2>\n<h2 style=\"text-align: center;\"><span style=\"color: #000000;\"><strong>La confe\u0301rence de Me\u0300re Agne\u0300s Mariam de la Croix\u00a0<\/strong><\/span><\/h2>\n<p style=\"text-align: center;\"><span style=\"color: #000000;\"><a style=\"color: #000000;\" href=\"https:\/\/www.youtube.com\/watch?v=vc4OBlX87Is\"><img data-recalc-dims=\"1\" loading=\"lazy\" decoding=\"async\" class=\"aligncenter size-full wp-image-6597\" title=\"media presse infos\" src=\"https:\/\/i0.wp.com\/www.fabriceeulry-laboutique.com\/blog\/wp-content\/uploads\/2015\/03\/media-presse-infos-.jpg?resize=640%2C352\" alt=\"\" width=\"640\" height=\"352\" srcset=\"https:\/\/i0.wp.com\/www.fabriceeulry-laboutique.com\/blog\/wp-content\/uploads\/2015\/03\/media-presse-infos-.jpg?w=948 948w, https:\/\/i0.wp.com\/www.fabriceeulry-laboutique.com\/blog\/wp-content\/uploads\/2015\/03\/media-presse-infos-.jpg?resize=300%2C165 300w\" sizes=\"auto, (max-width: 640px) 100vw, 640px\" \/><\/a><\/span><\/p>\n<h2 style=\"text-align: center;\"><span style=\"color: #000000;\"><strong>Du c\u00f4t\u00e9 de l&rsquo;Irak<\/strong><\/span><\/h2>\n<h2 style=\"text-align: center;\"><span style=\"color: #000000;\"><strong>Les probl\u00e8mes que posent la lib\u00e9ration de Tikrit<\/strong><\/span><\/h2>\n<p style=\"text-align: center;\"><span style=\"color: #000000;\">(<em>Cliquer sur la ville de Tikrit pour les conna\u00eetre)<\/em><\/span><\/p>\n<p style=\"text-align: center;\"><span style=\"color: #000000;\"><a style=\"color: #000000;\" href=\"https:\/\/fr.news.yahoo.com\/forces-irakiennes-entr%C3%A9es-tikrit-113502701.html\"><img data-recalc-dims=\"1\" loading=\"lazy\" decoding=\"async\" class=\"aligncenter size-full wp-image-6594\" title=\"carte\" src=\"https:\/\/i0.wp.com\/www.fabriceeulry-laboutique.com\/blog\/wp-content\/uploads\/2015\/03\/carte-.jpg?resize=640%2C496\" alt=\"\" width=\"640\" height=\"496\" srcset=\"https:\/\/i0.wp.com\/www.fabriceeulry-laboutique.com\/blog\/wp-content\/uploads\/2015\/03\/carte-.jpg?w=813 813w, https:\/\/i0.wp.com\/www.fabriceeulry-laboutique.com\/blog\/wp-content\/uploads\/2015\/03\/carte-.jpg?resize=300%2C232 300w\" sizes=\"auto, (max-width: 640px) 100vw, 640px\" \/><\/a><\/span><\/p>\n<h2 style=\"text-align: center;\"><span style=\"color: #000000;\"><strong>L&rsquo;assaut final pour la lib\u00e9ration de Tikrit du joug de l&rsquo;Etat islamique :<\/strong><\/span><\/h2>\n<h2 style=\"text-align: center;\"><span style=\"color: #000000;\"><strong>Des soldats de l&rsquo;EI (Etat islamique ou Daesh) sont encercl\u00e9s dans Tikrit qu&rsquo;ils avaient prise et ravag\u00e9e il y a quelques mois.<\/strong><\/span><\/h2>\n<h2 style=\"text-align: center;\"><span style=\"color: #000000;\"><strong>Beaucoup ont r\u00e9ussi \u00e0 fuir devant les forces gouvernementales irakiennes second\u00e9es par des milices chiites (soutenues par L&rsquo;Iran). Ceux qui tiennent encore la moiti\u00e9 de la ville r\u00e9pliquent encore, retranch\u00e9s comme sur cette image, ou plus sournoisement (tireurs embusqu\u00e9s, mines, pi\u00e8ges)<\/strong><\/span><\/h2>\n<p style=\"text-align: center;\"><span style=\"color: #000000;\"><em>Cliquer sur l&rsquo;image pour en savoir plus<\/em><\/span><\/p>\n<p style=\"text-align: center;\"><span style=\"color: #000000;\"><a style=\"color: #000000;\" href=\"http:\/\/www.ledevoir.com\/international\/actualites-internationales\/434501\/vers-un-assaut-final-sur-tikrit\"><img data-recalc-dims=\"1\" loading=\"lazy\" decoding=\"async\" class=\"aligncenter size-full wp-image-6595\" title=\"EI\" src=\"https:\/\/i0.wp.com\/www.fabriceeulry-laboutique.com\/blog\/wp-content\/uploads\/2015\/03\/EI-.jpg?resize=640%2C285\" alt=\"\" width=\"640\" height=\"285\" srcset=\"https:\/\/i0.wp.com\/www.fabriceeulry-laboutique.com\/blog\/wp-content\/uploads\/2015\/03\/EI-.jpg?w=903 903w, https:\/\/i0.wp.com\/www.fabriceeulry-laboutique.com\/blog\/wp-content\/uploads\/2015\/03\/EI-.jpg?resize=300%2C133 300w\" sizes=\"auto, (max-width: 640px) 100vw, 640px\" \/><\/a><\/span><\/p>\n<h2 style=\"text-align: center;\"><span style=\"color: #000000;\">Pour ceux qui persistent \u00e0 \u00e9couter les m\u00e9dia<\/span><\/h2>\n<h2><span style=\"color: #000000;\">partiaux et incomp\u00e9tents, voici pour rappel, o\u00f9 certains situent la Syrie sur une carte (\u00e0 la place de l&rsquo;Irak !) :<\/span><\/h2>\n<p style=\"text-align: center;\"><span style=\"color: #000000;\"><em>cliquez sur l&rsquo;image pour voir la vid\u00e9o :<\/em><\/span><\/p>\n<div><span style=\"color: #000000;\"><a style=\"color: #000000;\" href=\"http:\/\/www.egaliteetreconciliation.fr\/Incompetence-ou-sous-entendu-19820.html\"><img data-recalc-dims=\"1\" loading=\"lazy\" decoding=\"async\" title=\"Capture d\u2019\u00e9cran 2013-09-10 \u00e0 02.11.25\" src=\"https:\/\/i0.wp.com\/www.fabriceeulry-laboutique.com\/blog\/wp-content\/uploads\/2013\/09\/Capture-d%E2%80%99%C3%A9cran-2013-09-10-%C3%A0-02.11.25.jpg?resize=640%2C551\" alt=\"\" width=\"640\" height=\"551\" \/>\u00a0<\/a><\/span><\/div>\n<h2 style=\"text-align: center;\"><span style=\"color: #000000;\">Voici des sources plus fiables,parmi des milliers d&rsquo;autres, une source suisse :<\/span><\/h2>\n<h2 style=\"text-align: center;\"><span style=\"color: #000000;\">22 villages chr\u00e9tiens syriens attaqu\u00e9s par l\u2019Etat Islamique :<\/span><\/h2>\n<p><span style=\"color: #000000;\"><a style=\"color: #000000;\" title=\"Les Observateurs\" href=\"http:\/\/www.lesobservateurs.ch\/\" rel=\"home\"><img data-recalc-dims=\"1\" loading=\"lazy\" decoding=\"async\" class=\"aligncenter\" src=\"https:\/\/i0.wp.com\/www.lesobservateurs.ch\/wp-content\/themes\/observateurs\/images\/logo_observateurs.png?resize=503%2C80\" alt=\"Les Observateurs\" width=\"503\" height=\"80\" \/><\/a><\/span><\/p>\n<div><span style=\"color: #000000;\"><img data-recalc-dims=\"1\" loading=\"lazy\" decoding=\"async\" class=\"aligncenter\" src=\"https:\/\/i0.wp.com\/www.lesobservateurs.ch\/wp-content\/uploads\/2015\/03\/Islam-Chr%C3%A9tiens-2-448x293.jpg?resize=448%2C293\" alt=\"Islam-Chr\u00e9tiens-2\" width=\"448\" height=\"293\" \/><\/span><\/div>\n<h2 style=\"text-align: center;\"><span style=\"color: #000000;\"><strong>Ou encore celle-ci :\u00a0<a style=\"color: #000000;\" href=\"http:\/\/arretsurinfo.ch\/chretiens-de-syrie-le-mensonge-organise-des-medias-francais\/\">http:\/\/arretsurinfo.ch\/chretiens-de-syrie-le-mensonge-organise-des-medias-francais\/<\/a><\/strong><\/span><\/h2>\n<h2 style=\"text-align: center;\"><span style=\"color: #000000;\">Le mieux \u00e9tant d&rsquo;aller sur place pour appr\u00e9hender la r\u00e9alit\u00e9 :<\/span><\/h2>\n<h2 style=\"text-align: center;\"><span style=\"color: #000000;\"><strong>Elizabeth Sombart et Fabrice Eulry bient\u00f4t en concert au Liban souhaitent procurer un peu de joie aux populations sinistr\u00e9es, comme ce fut le cas \u00e0 No\u00ebl dernier pour Elizabeth Sombart <\/strong><em>(cliquer pour lire l&rsquo;article)<\/em><\/span><\/h2>\n<h2 style=\"text-align: center;\"><span style=\"color: #000000;\"><a style=\"color: #000000;\" href=\"http:\/\/www.fabriceeulry-laboutique.com\/blog\/?p=6080\"><img data-recalc-dims=\"1\" loading=\"lazy\" decoding=\"async\" title=\"lib\" src=\"https:\/\/i0.wp.com\/www.fabriceeulry-laboutique.com\/blog\/wp-content\/uploads\/2014\/12\/lib-1.jpg?resize=640%2C522\" alt=\"\" width=\"640\" height=\"522\" \/><\/a><\/span><\/h2>\n<h2 style=\"text-align: center;\"><span style=\"color: #000000;\">Le Liban est directement menac\u00e9 par ce conflit, et dixit moult g\u00e9o-politologues, et le d\u00e9put\u00e9 Jacques Myard qui en revient, tomberait comme un fruit m\u00fbr aux mains de Etat islamique sit\u00f4t qu&rsquo;Assad serait vaincu.<\/span><\/h2>\n<h2 style=\"text-align: center;\"><span style=\"color: #000000;\"><strong>Concerto en DO# mineur &#8211; Fabrice Eulry<\/strong><\/span><\/h2>\n<h2 style=\"text-align: center;\"><span style=\"color: #000000;\">\u00a0<\/span><\/h2>\n<div>\n<p style=\"text-align: center;\"><span style=\"color: #000000;\"><a style=\"color: #000000;\" href=\"http:\/\/www.fabriceeulry.com\/discographie.html\"><img data-recalc-dims=\"1\" decoding=\"async\" src=\"https:\/\/i0.wp.com\/www.fabriceeulry.com\/images\/cd\/pochette-concerto.png?w=640\" alt=\"Concerto en DO di\u00e8se mineur\" \/><\/a>\u00a0<em>cliquez sur l&rsquo;a pochette du disque pour le commander<\/em><\/span><\/p>\n<\/div>\n<h2><\/h2>\n","protected":false},"excerpt":{"rendered":"<p>La situation en Syrie\u00a0par une personne qui est habilit\u00e9e \u00e0 en parler ! La confe\u0301rence de Me\u0300re Agne\u0300s Mariam de la Croix\u00a0 Du c\u00f4t\u00e9 de l&rsquo;Irak Les probl\u00e8mes que posent la lib\u00e9ration de Tikrit (Cliquer sur la ville de Tikrit &hellip; <a href=\"http:\/\/www.fabriceeulry-laboutique.com\/blog\/?p=6557\">Continuer la lecture <span class=\"meta-nav\">&rarr;<\/span><\/a><\/p>\n","protected":false},"author":2,"featured_media":0,"comment_status":"open","ping_status":"open","sticky":false,"template":"","format":"standard","meta":{"jetpack_post_was_ever_published":false,"_jetpack_newsletter_access":"","_jetpack_dont_email_post_to_subs":false,"_jetpack_newsletter_tier_id":0,"_jetpack_memberships_contains_paywalled_content":false,"_jetpack_memberships_contains_paid_content":false,"footnotes":"","jetpack_publicize_message":"","jetpack_publicize_feature_enabled":true,"jetpack_social_post_already_shared":false,"jetpack_social_options":{"image_generator_settings":{"template":"highway","default_image_id":0,"font":"","enabled":false},"version":2}},"categories":[1],"tags":[],"class_list":["post-6557","post","type-post","status-publish","format-standard","hentry","category-non-classe"],"jetpack_publicize_connections":[],"jetpack_featured_media_url":"","jetpack_sharing_enabled":true,"jetpack_shortlink":"https:\/\/wp.me\/p2D6dI-1HL","jetpack_likes_enabled":true,"jetpack-related-posts":[],"_links":{"self":[{"href":"http:\/\/www.fabriceeulry-laboutique.com\/blog\/index.php?rest_route=\/wp\/v2\/posts\/6557","targetHints":{"allow":["GET"]}}],"collection":[{"href":"http:\/\/www.fabriceeulry-laboutique.com\/blog\/index.php?rest_route=\/wp\/v2\/posts"}],"about":[{"href":"http:\/\/www.fabriceeulry-laboutique.com\/blog\/index.php?rest_route=\/wp\/v2\/types\/post"}],"author":[{"embeddable":true,"href":"http:\/\/www.fabriceeulry-laboutique.com\/blog\/index.php?rest_route=\/wp\/v2\/users\/2"}],"replies":[{"embeddable":true,"href":"http:\/\/www.fabriceeulry-laboutique.com\/blog\/index.php?rest_route=%2Fwp%2Fv2%2Fcomments&post=6557"}],"version-history":[{"count":11,"href":"http:\/\/www.fabriceeulry-laboutique.com\/blog\/index.php?rest_route=\/wp\/v2\/posts\/6557\/revisions"}],"predecessor-version":[{"id":8356,"href":"http:\/\/www.fabriceeulry-laboutique.com\/blog\/index.php?rest_route=\/wp\/v2\/posts\/6557\/revisions\/8356"}],"wp:attachment":[{"href":"http:\/\/www.fabriceeulry-laboutique.com\/blog\/index.php?rest_route=%2Fwp%2Fv2%2Fmedia&parent=6557"}],"wp:term":[{"taxonomy":"category","embeddable":true,"href":"http:\/\/www.fabriceeulry-laboutique.com\/blog\/index.php?rest_route=%2Fwp%2Fv2%2Fcategories&post=6557"},{"taxonomy":"post_tag","embeddable":true,"href":"http:\/\/www.fabriceeulry-laboutique.com\/blog\/index.php?rest_route=%2Fwp%2Fv2%2Ftags&post=6557"}],"curies":[{"name":"wp","href":"https:\/\/api.w.org\/{rel}","templated":true}]}}