{"id":6591,"date":"2015-03-15T23:43:35","date_gmt":"2015-03-15T23:43:35","guid":{"rendered":"http:\/\/www.fabriceeulry-laboutique.com\/blog\/?p=6591"},"modified":"2018-12-12T03:34:29","modified_gmt":"2018-12-12T03:34:29","slug":"frelon-asiatique-sauvez-des-abeilles","status":"publish","type":"post","link":"http:\/\/www.fabriceeulry-laboutique.com\/blog\/?p=6591","title":{"rendered":"FRELON ASIATIQUE :  SAUVEZ DES ABEILLES !"},"content":{"rendered":"<h2 style=\"text-align: center;\"><span style=\"color: #000000;\"><strong>FABRIQUEZ VOTRE PIEGE !<\/strong><\/span><\/h2>\n<h2 style=\"text-align: center;\"><span style=\"color: #000000;\"><strong>C\u2019est en 2004, dans un chargement de poteries chinoises, qu\u2019aurait \u00e9t\u00e9 import\u00e9e en France la premi\u00e8re reine de frelon asiatique (<em>Vespa velutina<\/em>). Depuis, l\u2019insecte a prosp\u00e9r\u00e9 \u00e0 vitesse grand V sur notre territoire, dont le climat est comparable \u00e0 celui de sa terre d\u2019origine,\u00a0situ\u00e9e entre le Nord de l\u2019Inde et la Chine. En\u00a0seulement 10 ans, il a colonis\u00e9 70 % de la France.<\/strong><\/span><\/h2>\n<h2 style=\"text-align: center;\"><span style=\"color: #000000;\"><strong>Ce frelon fait festin des abeilles, d\u00e9j\u00e0 menac\u00e9es d\u2019extinction&#8230;<\/strong><\/span><\/h2>\n<h2 style=\"text-align: center;\"><span style=\"color: #000000;\"><strong><a style=\"color: #000000;\" href=\"http:\/\/fortune.fdesouche.com\/375913-frelon-asiatique-fabriquez-votre-piege-et-sauvez-les-abeilles\">Lire la suite<\/a><\/strong><\/span><\/h2>\n<h2 style=\"text-align: center;\"><span style=\"color: #000000;\">Un autre moyen d&rsquo;\u00e9radication du frelon asiatique (par un parasite) est mis en lumi\u00e8re par Science et avenir <a style=\"color: #000000;\" href=\"http:\/\/www.sciencesetavenir.fr\/sante\/20141006.OBS1240\/en-images-le-frelon-asiatique-bientot-eradique.html\">(Lire)<\/a><\/span><\/h2>\n<h2 style=\"text-align: center;\"><span style=\"color: #000000;\"><strong>&#8230; Le vol du bourdon en Boogie-woogie.<\/strong><\/span><\/h2>\n<h3 style=\"text-align: center;\"><span style=\"color: #000000;\"><em>Cliquez sur l&rsquo;image pour le visionner\u00a0<\/em><\/span><\/h3>\n<p style=\"text-align: center;\"><span style=\"color: #000000;\"><a style=\"color: #000000;\" href=\"https:\/\/www.youtube.com\/watch?v=x5OvdR6Xpwo\"><img data-recalc-dims=\"1\" loading=\"lazy\" decoding=\"async\" title=\"Bumbke\" src=\"https:\/\/i0.wp.com\/www.fabriceeulry-laboutique.com\/blog\/wp-content\/uploads\/2014\/02\/Bumbke.jpg?resize=640%2C398\" alt=\"\" width=\"640\" height=\"398\" \/><\/a><\/span><\/p>\n<h2 style=\"text-align: center;\"><span style=\"color: #000000;\"><strong><em><a style=\"color: #000000;\" href=\"http:\/\/www.fabriceeulry.com\/discographie.html\"><img data-recalc-dims=\"1\" loading=\"lazy\" decoding=\"async\" title=\"Ca\" src=\"https:\/\/i0.wp.com\/www.fabriceeulry-laboutique.com\/blog\/wp-content\/uploads\/2013\/06\/Ca.jpg?resize=130%2C194\" alt=\"\" width=\"130\" height=\"194\" \/><\/a>\u00a0La version compl\u00e8te en dvd avec tout le spectacle \u00e0 Bobino (cliquez sur l&rsquo;image pour le commander)<\/em><\/strong><\/span><\/h2>\n","protected":false},"excerpt":{"rendered":"<p>FABRIQUEZ VOTRE PIEGE ! C\u2019est en 2004, dans un chargement de poteries chinoises, qu\u2019aurait \u00e9t\u00e9 import\u00e9e en France la premi\u00e8re reine de frelon asiatique (Vespa velutina). Depuis, l\u2019insecte a prosp\u00e9r\u00e9 \u00e0 vitesse grand V sur notre territoire, dont le climat &hellip; <a href=\"http:\/\/www.fabriceeulry-laboutique.com\/blog\/?p=6591\">Continuer la lecture <span class=\"meta-nav\">&rarr;<\/span><\/a><\/p>\n","protected":false},"author":2,"featured_media":0,"comment_status":"open","ping_status":"open","sticky":false,"template":"","format":"standard","meta":{"jetpack_post_was_ever_published":false,"_jetpack_newsletter_access":"","_jetpack_dont_email_post_to_subs":true,"_jetpack_newsletter_tier_id":0,"_jetpack_memberships_contains_paywalled_content":false,"_jetpack_memberships_contains_paid_content":false,"footnotes":"","jetpack_publicize_message":"","jetpack_publicize_feature_enabled":true,"jetpack_social_post_already_shared":false,"jetpack_social_options":{"image_generator_settings":{"template":"highway","default_image_id":0,"font":"","enabled":false},"version":2}},"categories":[1],"tags":[29],"class_list":["post-6591","post","type-post","status-publish","format-standard","hentry","category-non-classe","tag-patrimoine"],"jetpack_publicize_connections":[],"jetpack_featured_media_url":"","jetpack_sharing_enabled":true,"jetpack_shortlink":"https:\/\/wp.me\/p2D6dI-1Ij","jetpack_likes_enabled":true,"jetpack-related-posts":[{"id":9371,"url":"http:\/\/www.fabriceeulry-laboutique.com\/blog\/?p=9371","url_meta":{"origin":6591,"position":0},"title":"FRELON ASIATIQUE CONTRE ABEILLES","author":"Le Canard du pianiste","date":"10 avril 2017","format":false,"excerpt":"UNE COMMUNICATION DE JEAN-CLAUDE BARDELLI SUIVI PAR LE RAPPEL D'UN ARTICLE DU CANARD DU PIANISTE : Tous concern\u00e9s par ce nouveau fl\u00e9au dont les victimes sont principalement les abeilles. Il n\u2019est pas prouv\u00e9 qu\u2019Albert Einstein ait dit en son temps \" Le jour o\u00f9 les abeilles dispara\u00eetrons, l'homme n'aura plus\u2026","rel":"","context":"Dans &quot;Non class\u00e9&quot;","block_context":{"text":"Non class\u00e9","link":"http:\/\/www.fabriceeulry-laboutique.com\/blog\/?cat=1"},"img":{"alt_text":"","src":"https:\/\/dl-mail.ymail.com\/ws\/download\/mailboxes\/@.id==VjJ-spSwwuuwt7tw6c7wv89ToqxgNxRMZZUNW83D5_H1kqtGVj0BqjvNP8YhfZ-qRJHOGH4nkLovJSeSm65J69qU1w\/messages\/@.id==AOZJyAoAABsCWNbBCQw1ALdvjnU\/content\/parts\/@.id==2.2\/raw?appid=YahooMailNeo&ymreqid=75946bd1-f6ea-c920-014d-060048010000&token=zitEzqOML3j84e6ealFTT5U7-km5qEQF52lp7AcCuBbEQ-oUiIOY-vg8FEWDYwutAMcf6V7e_ZVdafboCGQAzfutK69hUCeFyhzZ_EQWrIROG87BJ_cnZtxJMFC4LO1L","width":350,"height":200,"srcset":"https:\/\/dl-mail.ymail.com\/ws\/download\/mailboxes\/@.id==VjJ-spSwwuuwt7tw6c7wv89ToqxgNxRMZZUNW83D5_H1kqtGVj0BqjvNP8YhfZ-qRJHOGH4nkLovJSeSm65J69qU1w\/messages\/@.id==AOZJyAoAABsCWNbBCQw1ALdvjnU\/content\/parts\/@.id==2.2\/raw?appid=YahooMailNeo&ymreqid=75946bd1-f6ea-c920-014d-060048010000&token=zitEzqOML3j84e6ealFTT5U7-km5qEQF52lp7AcCuBbEQ-oUiIOY-vg8FEWDYwutAMcf6V7e_ZVdafboCGQAzfutK69hUCeFyhzZ_EQWrIROG87BJ_cnZtxJMFC4LO1L 1x, https:\/\/dl-mail.ymail.com\/ws\/download\/mailboxes\/@.id==VjJ-spSwwuuwt7tw6c7wv89ToqxgNxRMZZUNW83D5_H1kqtGVj0BqjvNP8YhfZ-qRJHOGH4nkLovJSeSm65J69qU1w\/messages\/@.id==AOZJyAoAABsCWNbBCQw1ALdvjnU\/content\/parts\/@.id==2.2\/raw?appid=YahooMailNeo&ymreqid=75946bd1-f6ea-c920-014d-060048010000&token=zitEzqOML3j84e6ealFTT5U7-km5qEQF52lp7AcCuBbEQ-oUiIOY-vg8FEWDYwutAMcf6V7e_ZVdafboCGQAzfutK69hUCeFyhzZ_EQWrIROG87BJ_cnZtxJMFC4LO1L 1.5x"},"classes":[]},{"id":9811,"url":"http:\/\/www.fabriceeulry-laboutique.com\/blog\/?p=9811","url_meta":{"origin":6591,"position":1},"title":"FRELON ASIATIQUES CONTRE ABEILLES : DU NOUVEAU !","author":"Le Canard du pianiste","date":"2 novembre 2017","format":false,"excerpt":"Avant de publier \u00e0 nouveau la\u00a0communication de Jean-Claude Bardelli suivi par le rappel d'un de ses articles, le Canard du pianiste d\u00e9sire relayer une information officieuse dont l'efficacit\u00e9 a \u00e9t\u00e9 v\u00e9rifi\u00e9e\u00a0:\u00a0 Des apiculteurs ont trouv\u00e9 la solution face aux frelons asiatiques pour d\u00e9fendre leurs ruches : la strat\u00e9gie de ces\u2026","rel":"","context":"Dans &quot;Non class\u00e9&quot;","block_context":{"text":"Non class\u00e9","link":"http:\/\/www.fabriceeulry-laboutique.com\/blog\/?cat=1"},"img":{"alt_text":"","src":"https:\/\/i0.wp.com\/www.fabriceeulry-laboutique.com\/blog\/wp-content\/uploads\/2014\/02\/Bumbke.jpg?resize=350%2C200","width":350,"height":200,"srcset":"https:\/\/i0.wp.com\/www.fabriceeulry-laboutique.com\/blog\/wp-content\/uploads\/2014\/02\/Bumbke.jpg?resize=350%2C200 1x, https:\/\/i0.wp.com\/www.fabriceeulry-laboutique.com\/blog\/wp-content\/uploads\/2014\/02\/Bumbke.jpg?resize=525%2C300 1.5x, https:\/\/i0.wp.com\/www.fabriceeulry-laboutique.com\/blog\/wp-content\/uploads\/2014\/02\/Bumbke.jpg?resize=700%2C400 2x"},"classes":[]},{"id":7956,"url":"http:\/\/www.fabriceeulry-laboutique.com\/blog\/?p=7956","url_meta":{"origin":6591,"position":2},"title":"LE GRAND NOEL DE LA PERLE DE L&rsquo;ANTIQUITE","author":"Le Canard du pianiste","date":"24 d\u00e9cembre 2015","format":false,"excerpt":"L'Ermitage pr\u00e9pare le restauration des monuments de Palmyre : Le Canard du pianiste a\u00a0alert\u00e9 plusieurs fois sur les destructions de cette merveilleuse capitale antique mais aussi de la tentative de destruction de ce qu'elle repr\u00e9sente. La fondation R\u00e9sonnance Rome est heureuse de compter son bienfaiteur comme partie prenante des projets\u2026","rel":"","context":"Dans &quot;Non class\u00e9&quot;","block_context":{"text":"Non class\u00e9","link":"http:\/\/www.fabriceeulry-laboutique.com\/blog\/?cat=1"},"img":{"alt_text":"bel","src":"https:\/\/i0.wp.com\/www.fabriceeulry-laboutique.com\/blog\/wp-content\/uploads\/2015\/08\/bel-.jpg?resize=350%2C200","width":350,"height":200,"srcset":"https:\/\/i0.wp.com\/www.fabriceeulry-laboutique.com\/blog\/wp-content\/uploads\/2015\/08\/bel-.jpg?resize=350%2C200 1x, https:\/\/i0.wp.com\/www.fabriceeulry-laboutique.com\/blog\/wp-content\/uploads\/2015\/08\/bel-.jpg?resize=525%2C300 1.5x, https:\/\/i0.wp.com\/www.fabriceeulry-laboutique.com\/blog\/wp-content\/uploads\/2015\/08\/bel-.jpg?resize=700%2C400 2x"},"classes":[]},{"id":7291,"url":"http:\/\/www.fabriceeulry-laboutique.com\/blog\/?p=7291","url_meta":{"origin":6591,"position":3},"title":"ANNIVERSAIRE : L&rsquo;ESCLAVAGE ABOLI DEPUIS 700 ANS EN FRANCE","author":"Le Canard du pianiste","date":"3 juillet 2015","format":false,"excerpt":"Il y a 700 ans le 3 juillet 1315 le roi de France abolissait le servage, comme on disait \u00e0 l'\u00e9poque , le mot serf venant du latin servus (esclave) Que l'\u00eatre humain ne soit pas une chose, fut traduit en ces jolis termes par Louis X le Hutin :\u2026","rel":"","context":"Dans &quot;Non class\u00e9&quot;","block_context":{"text":"Non class\u00e9","link":"http:\/\/www.fabriceeulry-laboutique.com\/blog\/?cat=1"},"img":{"alt_text":"","src":"https:\/\/i0.wp.com\/www.fabriceeulry-laboutique.com\/blog\/wp-content\/uploads\/2015\/07\/louis-X-.jpg?resize=350%2C200","width":350,"height":200},"classes":[]},{"id":12563,"url":"http:\/\/www.fabriceeulry-laboutique.com\/blog\/?p=12563","url_meta":{"origin":6591,"position":4},"title":"R\u00c9SONNANCE FRANCE TIENT BON","author":"Le Canard du pianiste","date":"28 novembre 2021","format":false,"excerpt":"\"Non, nous n'avons pas renonc\u00e9 \u00e0 apporter le r\u00e9confort, le sens, et la lumi\u00e8re que la musique apporte dans les lieux de solitude et de d\u00e9sespoir. Pourtant, le contexte n'est pas favorable : paSS, possibilit\u00e9 de confinement qui provoque un manque de visibilit\u00e9 pour dresser l'agenda, annulation des interventions au\u2026","rel":"","context":"Dans &quot;Non class\u00e9&quot;","block_context":{"text":"Non class\u00e9","link":"http:\/\/www.fabriceeulry-laboutique.com\/blog\/?cat=1"},"img":{"alt_text":"","src":"https:\/\/i0.wp.com\/www.fabriceeulry-laboutique.com\/blog\/wp-content\/uploads\/2021\/11\/res1.png?resize=350%2C200","width":350,"height":200},"classes":[]},{"id":7991,"url":"http:\/\/www.fabriceeulry-laboutique.com\/blog\/?p=7991","url_meta":{"origin":6591,"position":5},"title":"LES VITRAUX D&rsquo;ANZY LE DUC SONT SAUFS !","author":"Le Canard du pianiste","date":"4 janvier 2016","format":false,"excerpt":"Merci \u00e0 tous de votre mobilisation ! Laissons la parole \u00e0 l'association Terre et famille : \"Chers amis de Terre & Famille , \u00a0 Bonne et sainte ann\u00e9e \u00e0 tous ! \u00a0Merci pour votre soutien qui fut d\u00e9terminant dans l'affaire des vitraux d'Anzy le Duc. Nos efforts ont permis de\u2026","rel":"","context":"Dans &quot;Non class\u00e9&quot;","block_context":{"text":"Non class\u00e9","link":"http:\/\/www.fabriceeulry-laboutique.com\/blog\/?cat=1"},"img":{"alt_text":"anzy","src":"https:\/\/i0.wp.com\/www.fabriceeulry-laboutique.com\/blog\/wp-content\/uploads\/2015\/12\/anzy-.jpg?resize=350%2C200","width":350,"height":200,"srcset":"https:\/\/i0.wp.com\/www.fabriceeulry-laboutique.com\/blog\/wp-content\/uploads\/2015\/12\/anzy-.jpg?resize=350%2C200 1x, https:\/\/i0.wp.com\/www.fabriceeulry-laboutique.com\/blog\/wp-content\/uploads\/2015\/12\/anzy-.jpg?resize=525%2C300 1.5x, https:\/\/i0.wp.com\/www.fabriceeulry-laboutique.com\/blog\/wp-content\/uploads\/2015\/12\/anzy-.jpg?resize=700%2C400 2x"},"classes":[]}],"_links":{"self":[{"href":"http:\/\/www.fabriceeulry-laboutique.com\/blog\/index.php?rest_route=\/wp\/v2\/posts\/6591","targetHints":{"allow":["GET"]}}],"collection":[{"href":"http:\/\/www.fabriceeulry-laboutique.com\/blog\/index.php?rest_route=\/wp\/v2\/posts"}],"about":[{"href":"http:\/\/www.fabriceeulry-laboutique.com\/blog\/index.php?rest_route=\/wp\/v2\/types\/post"}],"author":[{"embeddable":true,"href":"http:\/\/www.fabriceeulry-laboutique.com\/blog\/index.php?rest_route=\/wp\/v2\/users\/2"}],"replies":[{"embeddable":true,"href":"http:\/\/www.fabriceeulry-laboutique.com\/blog\/index.php?rest_route=%2Fwp%2Fv2%2Fcomments&post=6591"}],"version-history":[{"count":2,"href":"http:\/\/www.fabriceeulry-laboutique.com\/blog\/index.php?rest_route=\/wp\/v2\/posts\/6591\/revisions"}],"predecessor-version":[{"id":7526,"href":"http:\/\/www.fabriceeulry-laboutique.com\/blog\/index.php?rest_route=\/wp\/v2\/posts\/6591\/revisions\/7526"}],"wp:attachment":[{"href":"http:\/\/www.fabriceeulry-laboutique.com\/blog\/index.php?rest_route=%2Fwp%2Fv2%2Fmedia&parent=6591"}],"wp:term":[{"taxonomy":"category","embeddable":true,"href":"http:\/\/www.fabriceeulry-laboutique.com\/blog\/index.php?rest_route=%2Fwp%2Fv2%2Fcategories&post=6591"},{"taxonomy":"post_tag","embeddable":true,"href":"http:\/\/www.fabriceeulry-laboutique.com\/blog\/index.php?rest_route=%2Fwp%2Fv2%2Ftags&post=6591"}],"curies":[{"name":"wp","href":"https:\/\/api.w.org\/{rel}","templated":true}]}}