{"id":6608,"date":"2015-03-18T21:05:56","date_gmt":"2015-03-18T21:05:56","guid":{"rendered":"http:\/\/www.fabriceeulry-laboutique.com\/blog\/?p=6608"},"modified":"2018-12-12T03:32:35","modified_gmt":"2018-12-12T03:32:35","slug":"contre-attaque-du-genie-francais","status":"publish","type":"post","link":"http:\/\/www.fabriceeulry-laboutique.com\/blog\/?p=6608","title":{"rendered":"CONTRE-ATTAQUE DU GENIE FRANCAIS"},"content":{"rendered":"<h2>\u00a0 <strong>Les pouvoirs publics ont eu beau liquider l&rsquo;h\u00e9ritage, ils n&#8217;emp\u00eacheront pas le g\u00e9nie fran\u00e7ais de rena\u00eetre, ni le savoir faire se transmettre, comme pour donner le change au lamentable abandon de <a href=\"http:\/\/www.fabriceeulry-laboutique.com\/blog\/?p=6041\">Pleyel<\/a> il y a quelques mois (et du d\u00e9classement de la <a href=\"http:\/\/www.fabriceeulry-laboutique.com\/blog\/?p=6158\">salle<\/a> du m\u00eame nom)<\/strong><\/h2>\n<p>&nbsp;<\/p>\n<h2><strong>\u00a0 Paul-Etienne BERLIOZ \u00e9crit au Canard du pianiste :<\/strong><\/h2>\n<p>&nbsp;<\/p>\n<h2 id=\"yui_3_16_0_1_1426712267146_3047\"><strong>\u00a0\u00ab\u00a0C\u2019est une p\u00e9riode particulier car je pr\u00e9sente le samedi 28 et dimanche 29 mon nouveau piano de concert St\u00e9phen Paulello au Th\u00e9\u00e2tre des Bains Douches du Havre.<\/strong><\/h2>\n<h2 id=\"yui_3_16_0_1_1426712267146_2983\"><strong>Si vous avez un moment le dimanche apr\u00e8s-midi pour venir l\u2019essayer, vous \u00eates le bien venu.<\/strong><\/h2>\n<h2 id=\"yui_3_16_0_1_1426712267146_3048\"><strong>Instrument exceptionnel et qui plus est Fran\u00e7ais , cocorico !!<\/strong><\/h2>\n<h2 id=\"yui_3_16_0_1_1426712267146_3049\"><strong>Je vous joint la fiche technique.\u00a0\u00bb<\/strong><\/h2>\n<h2><strong>\u00a0\u00a0Paul-Etienne BERLIOZ<\/strong><br \/>\n<strong>Ma\u00eetre Artisan en M\u00e9tiers d&rsquo;Art<\/strong><br \/>\n<strong>Accordeur Facteur de Pianos<\/strong><br \/>\n<strong>Accords &#8211; Restauration &#8211; Devis &#8211; Ventes &#8211; Locations<\/strong><br \/>\n<strong>Service Concert Steinway &amp; Sons<\/strong><br \/>\n<strong>84, rue Jules Siegfried<\/strong><br \/>\n<strong>76600 LE HAVRE<\/strong><br \/>\n<strong><a id=\"yui_3_16_0_1_1426712267146_6063\" href=\"mailto:info@berliozpianos.fr\" rel=\"nofollow\" target=\"_blank\">info@berliozpianos.fr<\/a><\/strong><br \/>\n<strong><a id=\"yui_3_16_0_1_1426712267146_6075\" href=\"http:\/\/www.berliozpianos.fr\/\" rel=\"nofollow\" target=\"_blank\">www.berliozpianos.fr<\/a><\/strong><br \/>\n<strong>02 35 22 68 89<\/strong><br \/>\n<strong>06 09 69 45 98<\/strong><\/h2>\n<p><a href=\"https:\/\/i0.wp.com\/www.fabriceeulry-laboutique.com\/blog\/wp-content\/uploads\/2015\/03\/pol-.jpg\"><img data-recalc-dims=\"1\" loading=\"lazy\" decoding=\"async\" class=\"aligncenter size-full wp-image-6609\" title=\"pol\" src=\"https:\/\/i0.wp.com\/www.fabriceeulry-laboutique.com\/blog\/wp-content\/uploads\/2015\/03\/pol-.jpg?resize=355%2C546\" alt=\"\" width=\"355\" height=\"546\" srcset=\"https:\/\/i0.wp.com\/www.fabriceeulry-laboutique.com\/blog\/wp-content\/uploads\/2015\/03\/pol-.jpg?w=355 355w, https:\/\/i0.wp.com\/www.fabriceeulry-laboutique.com\/blog\/wp-content\/uploads\/2015\/03\/pol-.jpg?resize=195%2C300 195w\" sizes=\"auto, (max-width: 355px) 100vw, 355px\" \/><\/a><\/p>\n<p><a href=\"https:\/\/i0.wp.com\/www.fabriceeulry-laboutique.com\/blog\/wp-content\/uploads\/2015\/03\/pol2-2.jpg\"><img data-recalc-dims=\"1\" loading=\"lazy\" decoding=\"async\" class=\"aligncenter size-full wp-image-6612\" title=\"pol2\" src=\"https:\/\/i0.wp.com\/www.fabriceeulry-laboutique.com\/blog\/wp-content\/uploads\/2015\/03\/pol2-2.jpg?resize=413%2C523\" alt=\"\" width=\"413\" height=\"523\" srcset=\"https:\/\/i0.wp.com\/www.fabriceeulry-laboutique.com\/blog\/wp-content\/uploads\/2015\/03\/pol2-2.jpg?w=413 413w, https:\/\/i0.wp.com\/www.fabriceeulry-laboutique.com\/blog\/wp-content\/uploads\/2015\/03\/pol2-2.jpg?resize=236%2C300 236w\" sizes=\"auto, (max-width: 413px) 100vw, 413px\" \/><\/a><\/p>\n<p>&nbsp;<\/p>\n<p>&nbsp;<\/p>\n<p>&nbsp;<\/p>\n","protected":false},"excerpt":{"rendered":"<p>\u00a0 Les pouvoirs publics ont eu beau liquider l&rsquo;h\u00e9ritage, ils n&#8217;emp\u00eacheront pas le g\u00e9nie fran\u00e7ais de rena\u00eetre, ni le savoir faire se transmettre, comme pour donner le change au lamentable abandon de Pleyel il y a quelques mois (et du &hellip; <a href=\"http:\/\/www.fabriceeulry-laboutique.com\/blog\/?p=6608\">Continuer la lecture <span class=\"meta-nav\">&rarr;<\/span><\/a><\/p>\n","protected":false},"author":2,"featured_media":0,"comment_status":"open","ping_status":"open","sticky":false,"template":"","format":"standard","meta":{"jetpack_post_was_ever_published":false,"_jetpack_newsletter_access":"","_jetpack_dont_email_post_to_subs":true,"_jetpack_newsletter_tier_id":0,"_jetpack_memberships_contains_paywalled_content":false,"_jetpack_memberships_contains_paid_content":false,"footnotes":"","jetpack_publicize_message":"","jetpack_publicize_feature_enabled":true,"jetpack_social_post_already_shared":false,"jetpack_social_options":{"image_generator_settings":{"template":"highway","default_image_id":0,"font":"","enabled":false},"version":2}},"categories":[1],"tags":[31],"class_list":["post-6608","post","type-post","status-publish","format-standard","hentry","category-non-classe","tag-piano"],"jetpack_publicize_connections":[],"jetpack_featured_media_url":"","jetpack_sharing_enabled":true,"jetpack_shortlink":"https:\/\/wp.me\/p2D6dI-1IA","jetpack_likes_enabled":true,"jetpack-related-posts":[{"id":6616,"url":"http:\/\/www.fabriceeulry-laboutique.com\/blog\/?p=6616","url_meta":{"origin":6608,"position":0},"title":"CONTRE-ATTAQUE DU GENIE FRANCAIS (SUITE)","author":"Le Canard du pianiste","date":"20 mars 2015","format":false,"excerpt":"\u00a0 \u00a0Paul-Etienne Berlioz \u00e9crit \u00e0 nouveau au Canard pour nous donner des pr\u00e9cisions : Chers clients, chers amis, C'est avec plaisir que je vous invite au\u00a0Th\u00e9\u00e2tre des Bains Douches\u00a0les 28 et 29 mars. Pour d\u00e9couvrir mon nouveau piano de concert Fran\u00e7ais Cocorico! Un aper\u00e7u du programme : Samedi 28 mars\u2026","rel":"","context":"Dans &quot;Non class\u00e9&quot;","block_context":{"text":"Non class\u00e9","link":"http:\/\/www.fabriceeulry-laboutique.com\/blog\/?cat=1"},"img":{"alt_text":"","src":"https:\/\/i0.wp.com\/berliozpianos.fr\/PEB\/wp-content\/uploads\/2015\/03\/WeekendPianoWeb-600x450.jpg?resize=350%2C200","width":350,"height":200,"srcset":"https:\/\/i0.wp.com\/berliozpianos.fr\/PEB\/wp-content\/uploads\/2015\/03\/WeekendPianoWeb-600x450.jpg?resize=350%2C200 1x, https:\/\/i0.wp.com\/berliozpianos.fr\/PEB\/wp-content\/uploads\/2015\/03\/WeekendPianoWeb-600x450.jpg?resize=525%2C300 1.5x"},"classes":[]},{"id":8059,"url":"http:\/\/www.fabriceeulry-laboutique.com\/blog\/?p=8059","url_meta":{"origin":6608,"position":1},"title":"ELIZABETH SOMBART A LA SALLE CORTOT","author":"Le Canard du pianiste","date":"28 janvier 2016","format":false,"excerpt":"Elizabeth Sombart est sp\u00e9cialement venue en France le 13 novembre 2015, pour donner ce concert deux jours plus tard le 15 novembre. Au moment o\u00f9 elle descendait \u00e0 la Gare de l'Est, les massacres venaient de commencer \u00e0 quelques centaines de m\u00e8tres de l\u00e0. Comme la plupart des salles parisiennes\u2026","rel":"","context":"Dans &quot;Non class\u00e9&quot;","block_context":{"text":"Non class\u00e9","link":"http:\/\/www.fabriceeulry-laboutique.com\/blog\/?cat=1"},"img":{"alt_text":"sombart","src":"https:\/\/i0.wp.com\/www.fabriceeulry-laboutique.com\/blog\/wp-content\/uploads\/2015\/10\/sombart-.jpg?resize=350%2C200","width":350,"height":200},"classes":[]},{"id":6817,"url":"http:\/\/www.fabriceeulry-laboutique.com\/blog\/?p=6817","url_meta":{"origin":6608,"position":2},"title":"VIDEO : LE WALKING BASS AU PIANO","author":"Le Canard du pianiste","date":"29 avril 2015","format":false,"excerpt":"\u00a0 Mast\u00e8re classe d'improvisation \u00e0 la fondation R\u00e9sonnance : Dans cette vid\u00e9o, apr\u00e8s quelques mesures du swing de Tony Kazima, Fabrice Eulry vous donne quelques tuyaux pour... jouer le walking bass* de la contrebasse au piano : Cliquez sur l'image pour acc\u00e9der \u00e0 la vid\u00e9o * Le ou la walking\u2026","rel":"","context":"Dans &quot;Non class\u00e9&quot;","block_context":{"text":"Non class\u00e9","link":"http:\/\/www.fabriceeulry-laboutique.com\/blog\/?cat=1"},"img":{"alt_text":"","src":"https:\/\/i0.wp.com\/www.fabriceeulry-laboutique.com\/blog\/wp-content\/uploads\/2015\/04\/fabmaster-.jpg?resize=350%2C200","width":350,"height":200,"srcset":"https:\/\/i0.wp.com\/www.fabriceeulry-laboutique.com\/blog\/wp-content\/uploads\/2015\/04\/fabmaster-.jpg?resize=350%2C200 1x, https:\/\/i0.wp.com\/www.fabriceeulry-laboutique.com\/blog\/wp-content\/uploads\/2015\/04\/fabmaster-.jpg?resize=525%2C300 1.5x"},"classes":[]},{"id":2019,"url":"http:\/\/www.fabriceeulry-laboutique.com\/blog\/?p=2019","url_meta":{"origin":6608,"position":3},"title":"L&rsquo;INVENTION DU SAXOPHONE.","author":"Le Canard du pianiste","date":"7 f\u00e9vrier 2013","format":false,"excerpt":"2014 : l'ann\u00e9e du Saxophone avec SAXOMANIA Saviez-vous que c'est\u00a0Antoine-Joseph Sax\u00a0mieux connu sous le nom d'Adolphe Sax qui inventa le saxophone ? N\u00e9 le 6 novembre 1814 (Dinant\/Belgique), il est tout d\u2019abord ma\u00eetre de clarinette \u00e0 tel point qu'il est interdit de concours dans son pays. Son saxophone sera brevet\u00e9\u2026","rel":"","context":"Dans &quot;Non class\u00e9&quot;","block_context":{"text":"Non class\u00e9","link":"http:\/\/www.fabriceeulry-laboutique.com\/blog\/?cat=1"},"img":{"alt_text":"backtolive.jpg","src":"https:\/\/i0.wp.com\/fabriceeulryunblogfr.unblog.fr\/files\/2010\/07\/backtolive.jpg?resize=350%2C200","width":350,"height":200},"classes":[]},{"id":12643,"url":"http:\/\/www.fabriceeulry-laboutique.com\/blog\/?p=12643","url_meta":{"origin":6608,"position":4},"title":"BLUES EN AVEYRON F\u00caTE SES 5 ANS","author":"Le Canard du pianiste","date":"17 septembre 2022","format":false,"excerpt":"Voici la billetterie en ligne : https:\/\/my.weezevent.com\/blues-en-aveyron-2022 Les billets seront \u00e9galement disponibles \u00e0 la librairie du Pont-virgule d'Espalion \u00e0 partir du samedi 24 septembre Du 20 au 23 octobre 2022, la sixi\u00e8me \u00e9dition du festival vous propose : Emilie Hedou et Fabrice Eulry : \"Emilie Hedou et Fabrice Eulry :\u2026","rel":"","context":"Dans &quot;Non class\u00e9&quot;","block_context":{"text":"Non class\u00e9","link":"http:\/\/www.fabriceeulry-laboutique.com\/blog\/?cat=1"},"img":{"alt_text":"","src":"https:\/\/i0.wp.com\/www.fabriceeulry-laboutique.com\/blog\/wp-content\/uploads\/2022\/09\/Emilie-Fab.png?resize=350%2C200","width":350,"height":200,"srcset":"https:\/\/i0.wp.com\/www.fabriceeulry-laboutique.com\/blog\/wp-content\/uploads\/2022\/09\/Emilie-Fab.png?resize=350%2C200 1x, https:\/\/i0.wp.com\/www.fabriceeulry-laboutique.com\/blog\/wp-content\/uploads\/2022\/09\/Emilie-Fab.png?resize=525%2C300 1.5x, https:\/\/i0.wp.com\/www.fabriceeulry-laboutique.com\/blog\/wp-content\/uploads\/2022\/09\/Emilie-Fab.png?resize=700%2C400 2x, https:\/\/i0.wp.com\/www.fabriceeulry-laboutique.com\/blog\/wp-content\/uploads\/2022\/09\/Emilie-Fab.png?resize=1050%2C600 3x, https:\/\/i0.wp.com\/www.fabriceeulry-laboutique.com\/blog\/wp-content\/uploads\/2022\/09\/Emilie-Fab.png?resize=1400%2C800 4x"},"classes":[]},{"id":8476,"url":"http:\/\/www.fabriceeulry-laboutique.com\/blog\/?p=8476","url_meta":{"origin":6608,"position":5},"title":"POURQUOI LE PROJET DE RAP A VERDUN ETAIT INDEFENDABLE","author":"Le Canard du pianiste","date":"1 juin 2016","format":false,"excerpt":"Comme beaucoup d'autres ce rappeur-l\u00e0, n'\u00e9tait pas \u00e0 une contradiction pr\u00e8s : Insulter son propre pays la France, dans ses textes, mais le faire en fran\u00e7ais, sa langue unique \u00e0 laquelle on doit tout. Avoir le soutien de presque toute la classe politico-m\u00e9diatique, pour se produire lors de comm\u00e9morations officielles\u2026","rel":"","context":"Dans &quot;Non class\u00e9&quot;","block_context":{"text":"Non class\u00e9","link":"http:\/\/www.fabriceeulry-laboutique.com\/blog\/?cat=1"},"img":{"alt_text":"","src":"https:\/\/i0.wp.com\/www.fabriceeulry-laboutique.com\/blog\/wp-content\/uploads\/2016\/06\/tirailleur.jpg?resize=350%2C200","width":350,"height":200,"srcset":"https:\/\/i0.wp.com\/www.fabriceeulry-laboutique.com\/blog\/wp-content\/uploads\/2016\/06\/tirailleur.jpg?resize=350%2C200 1x, https:\/\/i0.wp.com\/www.fabriceeulry-laboutique.com\/blog\/wp-content\/uploads\/2016\/06\/tirailleur.jpg?resize=525%2C300 1.5x"},"classes":[]}],"_links":{"self":[{"href":"http:\/\/www.fabriceeulry-laboutique.com\/blog\/index.php?rest_route=\/wp\/v2\/posts\/6608","targetHints":{"allow":["GET"]}}],"collection":[{"href":"http:\/\/www.fabriceeulry-laboutique.com\/blog\/index.php?rest_route=\/wp\/v2\/posts"}],"about":[{"href":"http:\/\/www.fabriceeulry-laboutique.com\/blog\/index.php?rest_route=\/wp\/v2\/types\/post"}],"author":[{"embeddable":true,"href":"http:\/\/www.fabriceeulry-laboutique.com\/blog\/index.php?rest_route=\/wp\/v2\/users\/2"}],"replies":[{"embeddable":true,"href":"http:\/\/www.fabriceeulry-laboutique.com\/blog\/index.php?rest_route=%2Fwp%2Fv2%2Fcomments&post=6608"}],"version-history":[{"count":2,"href":"http:\/\/www.fabriceeulry-laboutique.com\/blog\/index.php?rest_route=\/wp\/v2\/posts\/6608\/revisions"}],"predecessor-version":[{"id":11286,"href":"http:\/\/www.fabriceeulry-laboutique.com\/blog\/index.php?rest_route=\/wp\/v2\/posts\/6608\/revisions\/11286"}],"wp:attachment":[{"href":"http:\/\/www.fabriceeulry-laboutique.com\/blog\/index.php?rest_route=%2Fwp%2Fv2%2Fmedia&parent=6608"}],"wp:term":[{"taxonomy":"category","embeddable":true,"href":"http:\/\/www.fabriceeulry-laboutique.com\/blog\/index.php?rest_route=%2Fwp%2Fv2%2Fcategories&post=6608"},{"taxonomy":"post_tag","embeddable":true,"href":"http:\/\/www.fabriceeulry-laboutique.com\/blog\/index.php?rest_route=%2Fwp%2Fv2%2Ftags&post=6608"}],"curies":[{"name":"wp","href":"https:\/\/api.w.org\/{rel}","templated":true}]}}