{"id":6616,"date":"2015-03-20T16:56:01","date_gmt":"2015-03-20T16:56:01","guid":{"rendered":"http:\/\/www.fabriceeulry-laboutique.com\/blog\/?p=6616"},"modified":"2018-12-12T03:32:21","modified_gmt":"2018-12-12T03:32:21","slug":"conrte-attaque-du-genie-francais-suite","status":"publish","type":"post","link":"http:\/\/www.fabriceeulry-laboutique.com\/blog\/?p=6616","title":{"rendered":"CONTRE-ATTAQUE DU GENIE FRANCAIS (SUITE)"},"content":{"rendered":"<h2><strong>\u00a0 \u00a0Paul-Etienne Berlioz \u00e9crit \u00e0 nouveau au Canard pour nous donner des pr\u00e9cisions :<\/strong><\/h2>\n<table id=\"yui_3_16_0_1_1426866823795_12011\" width=\"100%\" border=\"0\" cellspacing=\"0\" cellpadding=\"0\" align=\"left\">\n<tbody id=\"yui_3_16_0_1_1426866823795_12010\">\n<tr id=\"yui_3_16_0_1_1426866823795_12009\">\n<td id=\"yui_3_16_0_1_1426866823795_12008\" align=\"left\">\n<table id=\"yui_3_16_0_1_1426866823795_12007\" width=\"562\" border=\"0\" cellspacing=\"0\" cellpadding=\"0\" align=\"center\">\n<tbody id=\"yui_3_16_0_1_1426866823795_12006\">\n<tr id=\"yui_3_16_0_1_1426866823795_12005\">\n<td id=\"yui_3_16_0_1_1426866823795_12004\" valign=\"top\" width=\"562\" height=\"421\"><img data-recalc-dims=\"1\" loading=\"lazy\" decoding=\"async\" id=\"yui_3_16_0_1_1426866823795_12003\" src=\"https:\/\/i0.wp.com\/berliozpianos.fr\/PEB\/wp-content\/uploads\/2015\/03\/WeekendPianoWeb-600x450.jpg?resize=562%2C421\" alt=\"\" width=\"562\" height=\"421\" border=\"0\" \/><\/td>\n<\/tr>\n<\/tbody>\n<\/table>\n<\/td>\n<\/tr>\n<\/tbody>\n<\/table>\n<table id=\"yui_3_16_0_1_1426866823795_12015\" width=\"100%\" border=\"0\" cellspacing=\"0\" cellpadding=\"0\" align=\"left\">\n<tbody id=\"yui_3_16_0_1_1426866823795_12014\">\n<tr id=\"yui_3_16_0_1_1426866823795_12013\">\n<td id=\"yui_3_16_0_1_1426866823795_12012\" align=\"left\">\n<div id=\"yui_3_16_0_1_1426866823795_12017\">\n<h2 id=\"yui_3_16_0_1_1426866823795_12021\" style=\"text-align: center;\"><strong>Chers clients, chers amis,<\/strong><\/h2>\n<h2 id=\"yui_3_16_0_1_1426866823795_12016\" style=\"text-align: center;\"><strong>C&rsquo;est avec plaisir que je vous invite au\u00a0<a href=\"http:\/\/berliozpianos.fr\/?email_id=16&amp;user_id=3017&amp;urlpassed=aHR0cDovL3d3dy50aGVhdHJlYmFpbnNkb3VjaGVzLmZy&amp;controller=stats&amp;action=analyse&amp;wysija-page=1&amp;wysijap=subscriptions-2\" rel=\"nofollow\" target=\"_blank\">Th\u00e9\u00e2tre des Bains Douches<\/a>\u00a0les 28 et 29 mars.<\/strong><\/h2>\n<h2 id=\"yui_3_16_0_1_1426866823795_12020\" style=\"text-align: center;\"><strong>Pour d\u00e9couvrir mon nouveau piano de concert Fran\u00e7ais Cocorico!<\/strong><\/h2>\n<h2 id=\"yui_3_16_0_1_1426866823795_12019\" style=\"text-align: center;\"><strong>Un aper\u00e7u du programme :<\/strong><\/h2>\n<h2 id=\"yui_3_16_0_1_1426866823795_12027\" style=\"text-align: center;\"><strong>Samedi 28 mars :<\/strong><br \/>\n<strong>15h\u00a0 : pr\u00e9sentation du nouveau\u00a0<a href=\"http:\/\/berliozpianos.fr\/?email_id=16&amp;user_id=3017&amp;urlpassed=aHR0cDovL2Jlcmxpb3pwaWFub3MuZnIvUEVCL3dwLWNvbnRlbnQvdXBsb2Fkcy8yMDE1LzAzL1NQLTIxNy5wZGY%3D&amp;controller=stats&amp;action=analyse&amp;wysija-page=1&amp;wysijap=subscriptions-2\" rel=\"nofollow\" target=\"_blank\">St\u00e9phen Paulello mod\u00e8le SP 217<\/a><\/strong><br \/>\n<strong>Innovations, nouvelles technologies<\/strong><\/h2>\n<h2 style=\"text-align: center;\"><strong>20h :\u00a0Concert Carte blanche \u00e0 Antoine Bouchaud<\/strong><\/h2>\n<h2 style=\"text-align: center;\"><strong>Dimanche 29 mars<\/strong><br \/>\n<strong>11h\u00a0 : Audition de piano<\/strong><br \/>\n<strong>Professeurs et \u00e9l\u00e8ves du Conservatoire Arthur Honegger<\/strong><\/h2>\n<h2 style=\"text-align: center;\"><strong>15h30\u00a0: R\u00e9cital piano\/voix<\/strong><br \/>\n<strong>Marie-Pascale Talbot-Hitier, piano<\/strong><br \/>\n<strong>Pascal Bourgeois, t\u00e9nor lyrique l\u00e9ger<\/strong><br \/>\n<strong>M\u00e9lodies de Duparc la vie ant\u00e9rieure<\/strong><br \/>\n<strong>Lied de Schubert Nachtst\u00fcck<\/strong><\/h2>\n<h2 id=\"yui_3_16_0_1_1426866823795_12053\" style=\"text-align: center;\"><strong>Pr\u00e9sentation du piano de concert<\/strong><\/h2>\n<h2 id=\"yui_3_16_0_1_1426866823795_12051\" style=\"text-align: center;\"><strong>\u00c0 tr\u00e8s bient\u00f4t.<\/strong><\/h2>\n<h2 id=\"yui_3_16_0_1_1426866823795_12050\" style=\"text-align: center;\"><strong><a id=\"yui_3_16_0_1_1426866823795_12049\" title=\"BerliozPianos.fr\" href=\"http:\/\/berliozpianos.fr\/?email_id=16&amp;user_id=3017&amp;urlpassed=aHR0cDovL2Jlcmxpb3pwaWFub3MuZnIv&amp;controller=stats&amp;action=analyse&amp;wysija-page=1&amp;wysijap=subscriptions-2\" rel=\"nofollow\" target=\"_blank\">Paul-Etienne Berlioz<\/a><\/strong><\/h2>\n<\/div>\n<\/td>\n<\/tr>\n<\/tbody>\n<\/table>\n<table id=\"yui_3_16_0_1_1426866823795_10808\" width=\"100%\" border=\"0\" cellspacing=\"0\" cellpadding=\"0\" align=\"left\">\n<tbody id=\"yui_3_16_0_1_1426866823795_10807\">\n<tr id=\"yui_3_16_0_1_1426866823795_10806\">\n<td id=\"yui_3_16_0_1_1426866823795_10805\" align=\"left\" valign=\"middle\" width=\"100%\"><\/td>\n<\/tr>\n<\/tbody>\n<\/table>\n<table id=\"yui_3_16_0_1_1426866823795_7992\" width=\"100%\" border=\"0\" cellspacing=\"0\" cellpadding=\"0\" align=\"left\">\n<tbody id=\"yui_3_16_0_1_1426866823795_7991\">\n<tr id=\"yui_3_16_0_1_1426866823795_7990\">\n<td id=\"yui_3_16_0_1_1426866823795_7989\" align=\"left\">\n<table id=\"yui_3_16_0_1_1426866823795_7988\" width=\"562\" border=\"0\" cellspacing=\"0\" cellpadding=\"0\" align=\"center\">\n<tbody id=\"yui_3_16_0_1_1426866823795_7987\">\n<tr id=\"yui_3_16_0_1_1426866823795_7986\">\n<td id=\"yui_3_16_0_1_1426866823795_7985\" valign=\"top\" width=\"562\" height=\"794\"><img data-recalc-dims=\"1\" loading=\"lazy\" decoding=\"async\" id=\"yui_3_16_0_1_1426866823795_7984\" src=\"https:\/\/i0.wp.com\/berliozpianos.fr\/PEB\/wp-content\/uploads\/2015\/03\/AfficheWeekendBD-600x848.jpg?resize=562%2C794\" alt=\"\" width=\"562\" height=\"794\" border=\"0\" \/><\/td>\n<\/tr>\n<\/tbody>\n<\/table>\n<\/td>\n<\/tr>\n<\/tbody>\n<\/table>\n<h2><strong>\u00a0 \u00a0Avant-gardistes par les recherches et l&rsquo;inventivit\u00e9 qu&rsquo;ils rec\u00e8lent, rares par leur niveau d&rsquo;accomplissement, prodigieux par l&rsquo;intensit\u00e9 musicale qu&rsquo;ils d\u00e9gagent, les pianos Stephen Paulello c\u00e9l\u00e8brent la musique et les musiciens.<\/strong><\/h2>\n<h2 id=\"yui_3_16_0_1_1426866823795_7999\"><strong>\u00a0 \u00a0Ils voient le jour dans l&rsquo;intimit\u00e9 d&rsquo;un atelier-laboratoire o\u00f9 tout est vou\u00e9 \u00e0 leur donner une \u00e2me. Ils prennent vie lorsqu&rsquo; un pianiste les explore. Ce dernier doit accepter, le temps de les apprivoiser, de se laisser surprendre par la richesse de leurs paysages int\u00e9rieurs. Ces pianos deviennent alors les compagnons les plus ob\u00e9issants et les amis les plus fid\u00e8les sur lesquels le musicien pourra compter sans d\u00e9tour pour transcender sa propre imagination.<\/strong><\/h2>\n<h2 id=\"yui_3_16_0_1_1426866823795_8000\"><strong>\u00ab\u00a0Des instruments exceptionnels !\u00a0\u00bb\u00a0Aldo Ciccolini<\/strong><\/h2>\n","protected":false},"excerpt":{"rendered":"<p>\u00a0 \u00a0Paul-Etienne Berlioz \u00e9crit \u00e0 nouveau au Canard pour nous donner des pr\u00e9cisions : Chers clients, chers amis, C&rsquo;est avec plaisir que je vous invite au\u00a0Th\u00e9\u00e2tre des Bains Douches\u00a0les 28 et 29 mars. Pour d\u00e9couvrir mon nouveau piano de concert &hellip; <a href=\"http:\/\/www.fabriceeulry-laboutique.com\/blog\/?p=6616\">Continuer la lecture <span class=\"meta-nav\">&rarr;<\/span><\/a><\/p>\n","protected":false},"author":2,"featured_media":0,"comment_status":"open","ping_status":"open","sticky":false,"template":"","format":"standard","meta":{"jetpack_post_was_ever_published":false,"_jetpack_newsletter_access":"","_jetpack_dont_email_post_to_subs":true,"_jetpack_newsletter_tier_id":0,"_jetpack_memberships_contains_paywalled_content":false,"_jetpack_memberships_contains_paid_content":false,"footnotes":"","jetpack_publicize_message":"","jetpack_publicize_feature_enabled":true,"jetpack_social_post_already_shared":false,"jetpack_social_options":{"image_generator_settings":{"template":"highway","default_image_id":0,"font":"","enabled":false},"version":2}},"categories":[1],"tags":[31],"class_list":["post-6616","post","type-post","status-publish","format-standard","hentry","category-non-classe","tag-piano"],"jetpack_publicize_connections":[],"jetpack_featured_media_url":"","jetpack_sharing_enabled":true,"jetpack_shortlink":"https:\/\/wp.me\/p2D6dI-1II","jetpack_likes_enabled":true,"jetpack-related-posts":[{"id":6608,"url":"http:\/\/www.fabriceeulry-laboutique.com\/blog\/?p=6608","url_meta":{"origin":6616,"position":0},"title":"CONTRE-ATTAQUE DU GENIE FRANCAIS","author":"Le Canard du pianiste","date":"18 mars 2015","format":false,"excerpt":"\u00a0 Les pouvoirs publics ont eu beau liquider l'h\u00e9ritage, ils n'emp\u00eacheront pas le g\u00e9nie fran\u00e7ais de rena\u00eetre, ni le savoir faire se transmettre, comme pour donner le change au lamentable abandon de Pleyel il y a quelques mois (et du d\u00e9classement de la salle du m\u00eame nom) \u00a0 \u00a0 Paul-Etienne\u2026","rel":"","context":"Dans &quot;Non class\u00e9&quot;","block_context":{"text":"Non class\u00e9","link":"http:\/\/www.fabriceeulry-laboutique.com\/blog\/?cat=1"},"img":{"alt_text":"","src":"https:\/\/i0.wp.com\/www.fabriceeulry-laboutique.com\/blog\/wp-content\/uploads\/2015\/03\/pol2-2.jpg?resize=350%2C200","width":350,"height":200},"classes":[]},{"id":6041,"url":"http:\/\/www.fabriceeulry-laboutique.com\/blog\/?p=6041","url_meta":{"origin":6616,"position":1},"title":"LA DERNIERE MANUFACTURE FRANCAISE DE PIANOS","author":"Le Canard du pianiste","date":"10 d\u00e9cembre 2014","format":false,"excerpt":"\u00a0 Ecrit au Canard du pianiste : Cher amis musiciens et chers clients, Pour cette premi\u00e8re lettre d'information, c'est avec un immense plaisir que je vous invite \u00e0 venir d\u00e9couvrir mon nouveau piano de concert Stephen Paulello SP217. Celui-ci sera livr\u00e9 et pr\u00e9sent\u00e9 par son concepteur lors des concerts du\u2026","rel":"","context":"Dans &quot;Non class\u00e9&quot;","block_context":{"text":"Non class\u00e9","link":"http:\/\/www.fabriceeulry-laboutique.com\/blog\/?cat=1"},"img":{"alt_text":"","src":"https:\/\/i0.wp.com\/berliozpianos.fr\/PEB\/wp-content\/uploads\/2013\/04\/logoPEB3.png?resize=350%2C200","width":350,"height":200},"classes":[]},{"id":6833,"url":"http:\/\/www.fabriceeulry-laboutique.com\/blog\/?p=6833","url_meta":{"origin":6616,"position":2},"title":"CONCERT EN MAISON DE RETRAITE","author":"Le Canard du pianiste","date":"2 mai 2015","format":false,"excerpt":"...Avec les \u00e9l\u00e8ves de la mast\u00e8re classe : Apr\u00e8s des heures de travail, sur les accords, d'encha\u00eenement des harmonies, mais surtout de jeu concret, nous nous rendons dans une maison de retraite o\u00f9 nous sommes attendus pour donner un concert. Apr\u00e8s quelques oeuvres de Bach, quelques valses parisiennes, et un\u2026","rel":"","context":"Dans &quot;Non class\u00e9&quot;","block_context":{"text":"Non class\u00e9","link":"http:\/\/www.fabriceeulry-laboutique.com\/blog\/?cat=1"},"img":{"alt_text":"","src":"https:\/\/i0.wp.com\/www.fabriceeulry-laboutique.com\/blog\/wp-content\/uploads\/2015\/05\/mast-.jpg?resize=350%2C200","width":350,"height":200,"srcset":"https:\/\/i0.wp.com\/www.fabriceeulry-laboutique.com\/blog\/wp-content\/uploads\/2015\/05\/mast-.jpg?resize=350%2C200 1x, https:\/\/i0.wp.com\/www.fabriceeulry-laboutique.com\/blog\/wp-content\/uploads\/2015\/05\/mast-.jpg?resize=525%2C300 1.5x, https:\/\/i0.wp.com\/www.fabriceeulry-laboutique.com\/blog\/wp-content\/uploads\/2015\/05\/mast-.jpg?resize=700%2C400 2x"},"classes":[]},{"id":7257,"url":"http:\/\/www.fabriceeulry-laboutique.com\/blog\/?p=7257","url_meta":{"origin":6616,"position":3},"title":"UN NOUVEAU SPECTACLE CONTRE L&rsquo;OSTEOSARCOME","author":"Le Canard du pianiste","date":"29 juin 2015","format":false,"excerpt":"\u00a9 Graphisme : Claudine Perrot \/ Photo : S\u00e8verine Croisiard Comme en 2014, avec l'association Boogie-WooGuillaume, nous rendrons hommage \u00e0 Guillaume Perrot, tout en continuant \u00e0 r\u00e9aliser son voeu : financer la recherche contre l'ost\u00e9osarcome au profit d'infosarcome. \u00a0Le tout gr\u00e2ce \u00e0 la recette du spectacle et \u00e0 la souscription\u2026","rel":"","context":"Dans &quot;Non class\u00e9&quot;","block_context":{"text":"Non class\u00e9","link":"http:\/\/www.fabriceeulry-laboutique.com\/blog\/?cat=1"},"img":{"alt_text":"ROANNE 2015","src":"https:\/\/i0.wp.com\/www.fabriceeulry-laboutique.com\/blog\/wp-content\/uploads\/2015\/06\/ROANNE-2015-.jpg?resize=350%2C200","width":350,"height":200,"srcset":"https:\/\/i0.wp.com\/www.fabriceeulry-laboutique.com\/blog\/wp-content\/uploads\/2015\/06\/ROANNE-2015-.jpg?resize=350%2C200 1x, https:\/\/i0.wp.com\/www.fabriceeulry-laboutique.com\/blog\/wp-content\/uploads\/2015\/06\/ROANNE-2015-.jpg?resize=525%2C300 1.5x"},"classes":[]},{"id":8206,"url":"http:\/\/www.fabriceeulry-laboutique.com\/blog\/?p=8206","url_meta":{"origin":6616,"position":4},"title":"BOSENDORFER IMPERIAL VERSUS CANCER","author":"Le Canard du pianiste","date":"5 mars 2016","format":false,"excerpt":"\"Gr\u00e2ce \u00e0 une mobilisation totale des associations organisatrices Infosarcomes\u00a0et Boogie-Wooguillaume\u00a0, des spectacles ont d\u00e9gag\u00e9 un b\u00e9n\u00e9fice pour\u00a0la recherche contre le sarcome, exau\u00e7ant par la m\u00eame le voeu de mon \u00e9l\u00e8ve et ami feu\u00a0Guillaume Perrot. Un nouveau concert en piano solo sur\u00a0imp\u00e9rial \u00a0va de nouveau permettre de r\u00e9colter des fonds comme\u00a0en\u2026","rel":"","context":"Dans &quot;Non class\u00e9&quot;","block_context":{"text":"Non class\u00e9","link":"http:\/\/www.fabriceeulry-laboutique.com\/blog\/?cat=1"},"img":{"alt_text":"bosen","src":"https:\/\/i0.wp.com\/www.fabriceeulry-laboutique.com\/blog\/wp-content\/uploads\/2016\/03\/bosen-.jpg?resize=350%2C200","width":350,"height":200},"classes":[]},{"id":8202,"url":"http:\/\/www.fabriceeulry-laboutique.com\/blog\/?p=8202","url_meta":{"origin":6616,"position":5},"title":"LA CAUSE DE GUILLAUME PERROT EST EGALEMENT LA NOTRE","author":"Le Canard du pianiste","date":"5 mars 2016","format":false,"excerpt":"\"Gr\u00e2ce \u00e0 une mobilisation totale des associations organisatrices Infosarcomes\u00a0et Boogie-Wooguillaume\u00a0, des spectacles ont d\u00e9gag\u00e9 un b\u00e9n\u00e9fice pour\u00a0la recherche contre le sarcome, exau\u00e7ant par la m\u00eame le voeu de mon \u00e9l\u00e8ve et ami feu\u00a0Guillaume Perrot. Un nouveau concert, en piano solo sur\u00a0imp\u00e9rial \u00a0va de nouveau permettre de r\u00e9colter des fonds comme\u00a0en\u2026","rel":"","context":"Dans &quot;Non class\u00e9&quot;","block_context":{"text":"Non class\u00e9","link":"http:\/\/www.fabriceeulry-laboutique.com\/blog\/?cat=1"},"img":{"alt_text":"bosen","src":"https:\/\/i0.wp.com\/www.fabriceeulry-laboutique.com\/blog\/wp-content\/uploads\/2016\/03\/bosen-.jpg?resize=350%2C200","width":350,"height":200},"classes":[]}],"_links":{"self":[{"href":"http:\/\/www.fabriceeulry-laboutique.com\/blog\/index.php?rest_route=\/wp\/v2\/posts\/6616","targetHints":{"allow":["GET"]}}],"collection":[{"href":"http:\/\/www.fabriceeulry-laboutique.com\/blog\/index.php?rest_route=\/wp\/v2\/posts"}],"about":[{"href":"http:\/\/www.fabriceeulry-laboutique.com\/blog\/index.php?rest_route=\/wp\/v2\/types\/post"}],"author":[{"embeddable":true,"href":"http:\/\/www.fabriceeulry-laboutique.com\/blog\/index.php?rest_route=\/wp\/v2\/users\/2"}],"replies":[{"embeddable":true,"href":"http:\/\/www.fabriceeulry-laboutique.com\/blog\/index.php?rest_route=%2Fwp%2Fv2%2Fcomments&post=6616"}],"version-history":[{"count":3,"href":"http:\/\/www.fabriceeulry-laboutique.com\/blog\/index.php?rest_route=\/wp\/v2\/posts\/6616\/revisions"}],"predecessor-version":[{"id":11285,"href":"http:\/\/www.fabriceeulry-laboutique.com\/blog\/index.php?rest_route=\/wp\/v2\/posts\/6616\/revisions\/11285"}],"wp:attachment":[{"href":"http:\/\/www.fabriceeulry-laboutique.com\/blog\/index.php?rest_route=%2Fwp%2Fv2%2Fmedia&parent=6616"}],"wp:term":[{"taxonomy":"category","embeddable":true,"href":"http:\/\/www.fabriceeulry-laboutique.com\/blog\/index.php?rest_route=%2Fwp%2Fv2%2Fcategories&post=6616"},{"taxonomy":"post_tag","embeddable":true,"href":"http:\/\/www.fabriceeulry-laboutique.com\/blog\/index.php?rest_route=%2Fwp%2Fv2%2Ftags&post=6616"}],"curies":[{"name":"wp","href":"https:\/\/api.w.org\/{rel}","templated":true}]}}