{"id":6620,"date":"2015-03-24T05:28:01","date_gmt":"2015-03-24T05:28:01","guid":{"rendered":"http:\/\/www.fabriceeulry-laboutique.com\/blog\/?p=6620"},"modified":"2018-12-12T03:24:05","modified_gmt":"2018-12-12T03:24:05","slug":"la-galante-des-rois","status":"publish","type":"post","link":"http:\/\/www.fabriceeulry-laboutique.com\/blog\/?p=6620","title":{"rendered":"LA GALANTE DES ROIS"},"content":{"rendered":"<h2 style=\"text-align: center;\"><span style=\"color: #000000;\"><strong><a href=\"https:\/\/i0.wp.com\/www.fabriceeulry-laboutique.com\/blog\/wp-content\/uploads\/2015\/03\/galante.jpg\"><img data-recalc-dims=\"1\" loading=\"lazy\" decoding=\"async\" class=\"alignright size-full wp-image-8823\" src=\"https:\/\/i0.wp.com\/www.fabriceeulry-laboutique.com\/blog\/wp-content\/uploads\/2015\/03\/galante.jpg?resize=170%2C168\" alt=\"galante\" width=\"170\" height=\"168\" \/><\/a>&#8230;est un album \u00e0 para\u00eetre dans quelques jours, avec des compositions de Sylvain Acher, guitariste et compositeur fran\u00e7ais ayant \u00e9migr\u00e9 aux Etats-unis dans les ann\u00e9es 1980, interpr\u00e9t\u00e9es par Fabrice Eulry au piano.<\/strong><\/span><\/h2>\n<h2 style=\"text-align: center;\"><span style=\"color: #000000;\"><strong>Des compositions tr\u00e8s m\u00e9lodiques empreintes d&rsquo;histoires fortes et v\u00e9cues.\u00a0<\/strong><\/span><\/h2>\n","protected":false},"excerpt":{"rendered":"<p>&#8230;est un album \u00e0 para\u00eetre dans quelques jours, avec des compositions de Sylvain Acher, guitariste et compositeur fran\u00e7ais ayant \u00e9migr\u00e9 aux Etats-unis dans les ann\u00e9es 1980, interpr\u00e9t\u00e9es par Fabrice Eulry au piano. Des compositions tr\u00e8s m\u00e9lodiques empreintes d&rsquo;histoires fortes et &hellip; <a href=\"http:\/\/www.fabriceeulry-laboutique.com\/blog\/?p=6620\">Continuer la lecture <span class=\"meta-nav\">&rarr;<\/span><\/a><\/p>\n","protected":false},"author":2,"featured_media":0,"comment_status":"open","ping_status":"open","sticky":false,"template":"","format":"standard","meta":{"jetpack_post_was_ever_published":false,"_jetpack_newsletter_access":"","_jetpack_dont_email_post_to_subs":true,"_jetpack_newsletter_tier_id":0,"_jetpack_memberships_contains_paywalled_content":false,"_jetpack_memberships_contains_paid_content":false,"footnotes":"","jetpack_publicize_message":"","jetpack_publicize_feature_enabled":true,"jetpack_social_post_already_shared":true,"jetpack_social_options":{"image_generator_settings":{"template":"highway","default_image_id":0,"font":"","enabled":false},"version":2}},"categories":[1],"tags":[43],"class_list":["post-6620","post","type-post","status-publish","format-standard","hentry","category-non-classe","tag-sortie-de-disques"],"jetpack_publicize_connections":[],"jetpack_featured_media_url":"","jetpack_sharing_enabled":true,"jetpack_shortlink":"https:\/\/wp.me\/p2D6dI-1IM","jetpack_likes_enabled":true,"jetpack-related-posts":[{"id":13062,"url":"http:\/\/www.fabriceeulry-laboutique.com\/blog\/?p=13062","url_meta":{"origin":6620,"position":0},"title":"D&rsquo;AUTRES PRECISIONS SUR BLUES EN AVEYRON","author":"Le Canard du pianiste","date":"7 septembre 2024","format":false,"excerpt":"Le 28 septembre au Prieur\u00e9 du sauvage, les duels de pianistes mettront \u00e0 l'honneur, outre les classiques du boogie et des reprises de Ray Charles, des blues et boogie issus d'improvisations et de compositions personnelles qui donnent lieu \u00e0 des 2, 4, ou 6 mains accompagn\u00e9s parfois \u00e0 la batterie,\u2026","rel":"","context":"Dans &quot;Non class\u00e9&quot;","block_context":{"text":"Non class\u00e9","link":"http:\/\/www.fabriceeulry-laboutique.com\/blog\/?cat=1"},"img":{"alt_text":"","src":"https:\/\/i0.wp.com\/www.fabriceeulry-laboutique.com\/blog\/wp-content\/uploads\/2024\/09\/Anne-Cadilhac.jpg?resize=350%2C200","width":350,"height":200,"srcset":"https:\/\/i0.wp.com\/www.fabriceeulry-laboutique.com\/blog\/wp-content\/uploads\/2024\/09\/Anne-Cadilhac.jpg?resize=350%2C200 1x, https:\/\/i0.wp.com\/www.fabriceeulry-laboutique.com\/blog\/wp-content\/uploads\/2024\/09\/Anne-Cadilhac.jpg?resize=525%2C300 1.5x, https:\/\/i0.wp.com\/www.fabriceeulry-laboutique.com\/blog\/wp-content\/uploads\/2024\/09\/Anne-Cadilhac.jpg?resize=700%2C400 2x"},"classes":[]},{"id":12773,"url":"http:\/\/www.fabriceeulry-laboutique.com\/blog\/?p=12773","url_meta":{"origin":6620,"position":1},"title":"TOUCH OF GROOVE CL\u00d4TURERA BLUES EN AVEYRON 2023 !","author":"Le Canard du pianiste","date":"1 septembre 2023","format":false,"excerpt":"Le timbre chaleureux de Letty M. teint\u00e9 d\u2019un grain particulier, combin\u00e9 \u00e0 l\u2019\u00e9nergie de sa voix, font de cette artiste une chanteuse de Soul Music remarquable. Auteur-compositeur de longue date sur des titres fran\u00e7ais et anglais dans plusieurs registres musicaux (Celtique, Pop-Rock, Country, France r\u00e9pertoire des ann\u00e9es 30-40), elle est\u2026","rel":"","context":"Dans &quot;Non class\u00e9&quot;","block_context":{"text":"Non class\u00e9","link":"http:\/\/www.fabriceeulry-laboutique.com\/blog\/?cat=1"},"img":{"alt_text":"","src":"https:\/\/i0.wp.com\/www.fabriceeulry-laboutique.com\/blog\/wp-content\/uploads\/2023\/09\/letty.png?resize=350%2C200","width":350,"height":200,"srcset":"https:\/\/i0.wp.com\/www.fabriceeulry-laboutique.com\/blog\/wp-content\/uploads\/2023\/09\/letty.png?resize=350%2C200 1x, https:\/\/i0.wp.com\/www.fabriceeulry-laboutique.com\/blog\/wp-content\/uploads\/2023\/09\/letty.png?resize=525%2C300 1.5x, https:\/\/i0.wp.com\/www.fabriceeulry-laboutique.com\/blog\/wp-content\/uploads\/2023\/09\/letty.png?resize=700%2C400 2x"},"classes":[]},{"id":8829,"url":"http:\/\/www.fabriceeulry-laboutique.com\/blog\/?p=8829","url_meta":{"origin":6620,"position":2},"title":"CISCO HERZHAFT INVITE FABRICE EULRY POUR SON NOUVEAU DISQUE","author":"Le Canard du pianiste","date":"24 septembre 2016","format":false,"excerpt":"Le guitariste et chanteur hante la sc\u00e8ne du blues depuis les ann\u00e9es soixante et, seul europ\u00e9en \u00e0 avoir enregistr\u00e9 avec John Lee Hooker, le voil\u00e0 dans un nouveau projet musical avec des compositions personnelles qui servent cet imitable son du delta. D\u00e9j\u00e0 deux titres en duo avec Fabrice Eulry enregistr\u00e9s\u2026","rel":"","context":"Dans &quot;Non class\u00e9&quot;","block_context":{"text":"Non class\u00e9","link":"http:\/\/www.fabriceeulry-laboutique.com\/blog\/?cat=1"},"img":{"alt_text":"","src":"https:\/\/i0.wp.com\/www.fabriceeulry-laboutique.com\/blog\/wp-content\/uploads\/2016\/09\/Darte.jpg?resize=350%2C200","width":350,"height":200},"classes":[]},{"id":4430,"url":"http:\/\/www.fabriceeulry-laboutique.com\/blog\/?p=4430","url_meta":{"origin":6620,"position":3},"title":"FINANCE ET RAGTIME","author":"Le Canard du pianiste","date":"6 f\u00e9vrier 2014","format":false,"excerpt":"\u00a0L\u2019Irlande en 2014, a jug\u00e9 les banquiers les plus d\u00e9test\u00e9s du pays \u00a0 Six ans apr\u00e8s la crise qui a mis l\u2019Irlande \u00e0 genoux, trois anciens responsables de l\u2019Anglo Irish Bank comparaissaient devant la justice. Un proc\u00e8s sans pr\u00e9c\u00e9dent dans un pays qui cherche encore \u00e0 comprendre ce qui lui\u2026","rel":"","context":"Dans &quot;Non class\u00e9&quot;","block_context":{"text":"Non class\u00e9","link":"http:\/\/www.fabriceeulry-laboutique.com\/blog\/?cat=1"},"img":{"alt_text":"","src":"https:\/\/i0.wp.com\/www.fabriceeulry-laboutique.com\/blog\/wp-content\/uploads\/2014\/02\/joplin.jpg?resize=350%2C200","width":350,"height":200},"classes":[]},{"id":4890,"url":"http:\/\/www.fabriceeulry-laboutique.com\/blog\/?p=4890","url_meta":{"origin":6620,"position":4},"title":"FABRICE EULRY A ANVERS","author":"Le Canard du pianiste","date":"26 avril 2014","format":false,"excerpt":"\u00a0 Ce vendredi 25 avril 2014, je donnais un concert en piano solo \u00e0 Anvers dans la fameuse \u00e9glise Saint-Augustin du XVII\u00e8me au profit d'un organisme luttant contre la pr\u00e9carit\u00e9. Dans ce lieu d\u00e9sacralis\u00e9 mais sous la bienveillance des ma\u00eetres Rubens et Jan Van Heyck et dont on ici voit\u2026","rel":"","context":"Dans &quot;Non class\u00e9&quot;","block_context":{"text":"Non class\u00e9","link":"http:\/\/www.fabriceeulry-laboutique.com\/blog\/?cat=1"},"img":{"alt_text":"","src":"https:\/\/i0.wp.com\/www.fabriceeulry-laboutique.com\/blog\/wp-content\/uploads\/2014\/04\/anvers2.jpg?resize=350%2C200","width":350,"height":200,"srcset":"https:\/\/i0.wp.com\/www.fabriceeulry-laboutique.com\/blog\/wp-content\/uploads\/2014\/04\/anvers2.jpg?resize=350%2C200 1x, https:\/\/i0.wp.com\/www.fabriceeulry-laboutique.com\/blog\/wp-content\/uploads\/2014\/04\/anvers2.jpg?resize=525%2C300 1.5x, https:\/\/i0.wp.com\/www.fabriceeulry-laboutique.com\/blog\/wp-content\/uploads\/2014\/04\/anvers2.jpg?resize=700%2C400 2x"},"classes":[]},{"id":5138,"url":"http:\/\/www.fabriceeulry-laboutique.com\/blog\/?p=5138","url_meta":{"origin":6620,"position":5},"title":"DISQUE DE GUILLAUME PERROT CONTRE L&rsquo;OSTEOSARCOME","author":"Le Canard du pianiste","date":"5 juillet 2014","format":false,"excerpt":"ENCORE UNE SURPRISE DE GUILLAUME ! \"En \u00e9coutant les bandes et les vid\u00e9os qu'il nous a laiss\u00e9es de ci de l\u00e0 avant de partir dans l'au-del\u00e0, je suis all\u00e9 vais de surprise en surprise : bien s\u00fbr je n'ai cess\u00e9 de clamer son talent mais je dois confier quelque chose\u2026","rel":"","context":"Dans &quot;Non class\u00e9&quot;","block_context":{"text":"Non class\u00e9","link":"http:\/\/www.fabriceeulry-laboutique.com\/blog\/?cat=1"},"img":{"alt_text":"","src":"https:\/\/i0.wp.com\/www.fabriceeulry-laboutique.com\/blog\/wp-content\/uploads\/2014\/06\/souririre.jpg?resize=350%2C200","width":350,"height":200,"srcset":"https:\/\/i0.wp.com\/www.fabriceeulry-laboutique.com\/blog\/wp-content\/uploads\/2014\/06\/souririre.jpg?resize=350%2C200 1x, https:\/\/i0.wp.com\/www.fabriceeulry-laboutique.com\/blog\/wp-content\/uploads\/2014\/06\/souririre.jpg?resize=525%2C300 1.5x"},"classes":[]}],"_links":{"self":[{"href":"http:\/\/www.fabriceeulry-laboutique.com\/blog\/index.php?rest_route=\/wp\/v2\/posts\/6620","targetHints":{"allow":["GET"]}}],"collection":[{"href":"http:\/\/www.fabriceeulry-laboutique.com\/blog\/index.php?rest_route=\/wp\/v2\/posts"}],"about":[{"href":"http:\/\/www.fabriceeulry-laboutique.com\/blog\/index.php?rest_route=\/wp\/v2\/types\/post"}],"author":[{"embeddable":true,"href":"http:\/\/www.fabriceeulry-laboutique.com\/blog\/index.php?rest_route=\/wp\/v2\/users\/2"}],"replies":[{"embeddable":true,"href":"http:\/\/www.fabriceeulry-laboutique.com\/blog\/index.php?rest_route=%2Fwp%2Fv2%2Fcomments&post=6620"}],"version-history":[{"count":5,"href":"http:\/\/www.fabriceeulry-laboutique.com\/blog\/index.php?rest_route=\/wp\/v2\/posts\/6620\/revisions"}],"predecessor-version":[{"id":8824,"href":"http:\/\/www.fabriceeulry-laboutique.com\/blog\/index.php?rest_route=\/wp\/v2\/posts\/6620\/revisions\/8824"}],"wp:attachment":[{"href":"http:\/\/www.fabriceeulry-laboutique.com\/blog\/index.php?rest_route=%2Fwp%2Fv2%2Fmedia&parent=6620"}],"wp:term":[{"taxonomy":"category","embeddable":true,"href":"http:\/\/www.fabriceeulry-laboutique.com\/blog\/index.php?rest_route=%2Fwp%2Fv2%2Fcategories&post=6620"},{"taxonomy":"post_tag","embeddable":true,"href":"http:\/\/www.fabriceeulry-laboutique.com\/blog\/index.php?rest_route=%2Fwp%2Fv2%2Ftags&post=6620"}],"curies":[{"name":"wp","href":"https:\/\/api.w.org\/{rel}","templated":true}]}}