{"id":6807,"date":"2015-04-29T03:52:28","date_gmt":"2015-04-29T03:52:28","guid":{"rendered":"http:\/\/www.fabriceeulry-laboutique.com\/blog\/?p=6807"},"modified":"2018-12-12T03:23:04","modified_gmt":"2018-12-12T03:23:04","slug":"conference-concert-sur-le-blues","status":"publish","type":"post","link":"http:\/\/www.fabriceeulry-laboutique.com\/blog\/?p=6807","title":{"rendered":"CONFERENCE-CONCERT SUR LE BLUES"},"content":{"rendered":"<h2 style=\"text-align: center;\"><span style=\"color: #000000;\"><strong>Le mardi 28 avril 2015, la Fondation <a style=\"color: #000000;\" href=\"http:\/\/www.resonnance.org\/resonnance\/presentation-resonnance\">R\u00e9sonnance<\/a> a pr\u00e9sent\u00e9 une conf\u00e9rence-concert-d\u00e9bat sur le blues donn\u00e9e par Jacky Milliet et Fabrice Eulry.<\/strong><\/span><\/h2>\n<h2 style=\"text-align: center;\"><span style=\"color: #000000;\"><strong>Jacky Milliet \u00e9voque le bouillon de culture louisianais et quelques anecdotes sur les pionniers du blues de la Nouvelle Orl\u00e9ans.\u00a0<\/strong><\/span><\/h2>\n<p><span style=\"color: #000000;\"><a style=\"color: #000000;\" href=\"https:\/\/i0.wp.com\/www.fabriceeulry-laboutique.com\/blog\/wp-content\/uploads\/2015\/04\/conf-5-.jpg\"><img data-recalc-dims=\"1\" loading=\"lazy\" decoding=\"async\" class=\"aligncenter size-full wp-image-6814\" title=\"conf 5\" src=\"https:\/\/i0.wp.com\/www.fabriceeulry-laboutique.com\/blog\/wp-content\/uploads\/2015\/04\/conf-5-.jpg?resize=407%2C666\" alt=\"\" width=\"407\" height=\"666\" srcset=\"https:\/\/i0.wp.com\/www.fabriceeulry-laboutique.com\/blog\/wp-content\/uploads\/2015\/04\/conf-5-.jpg?w=407 407w, https:\/\/i0.wp.com\/www.fabriceeulry-laboutique.com\/blog\/wp-content\/uploads\/2015\/04\/conf-5-.jpg?resize=183%2C300 183w\" sizes=\"auto, (max-width: 407px) 100vw, 407px\" \/><\/a><\/span><\/p>\n<p>&nbsp;<\/p>\n<h2 style=\"text-align: center;\"><span style=\"color: #000000;\"><strong>Le blues illustr\u00e9 en musique avec Tin roof blues que Jacky Milliet a aussi jou\u00e9 avec Mezz Mezzrow !<\/strong><\/span><\/h2>\n<p><span style=\"color: #000000;\"><a style=\"color: #000000;\" href=\"https:\/\/i0.wp.com\/www.fabriceeulry-laboutique.com\/blog\/wp-content\/uploads\/2015\/04\/conf-.3-1.jpg\"><img data-recalc-dims=\"1\" loading=\"lazy\" decoding=\"async\" class=\"aligncenter size-full wp-image-6809\" title=\"conf .3\" src=\"https:\/\/i0.wp.com\/www.fabriceeulry-laboutique.com\/blog\/wp-content\/uploads\/2015\/04\/conf-.3-1.jpg?resize=640%2C357\" alt=\"\" width=\"640\" height=\"357\" srcset=\"https:\/\/i0.wp.com\/www.fabriceeulry-laboutique.com\/blog\/wp-content\/uploads\/2015\/04\/conf-.3-1.jpg?w=1097 1097w, https:\/\/i0.wp.com\/www.fabriceeulry-laboutique.com\/blog\/wp-content\/uploads\/2015\/04\/conf-.3-1.jpg?resize=300%2C167 300w, https:\/\/i0.wp.com\/www.fabriceeulry-laboutique.com\/blog\/wp-content\/uploads\/2015\/04\/conf-.3-1.jpg?resize=1024%2C571 1024w\" sizes=\"auto, (max-width: 640px) 100vw, 640px\" \/><\/a><\/span><\/p>\n<h2 style=\"text-align: center;\"><span style=\"color: #000000;\"><strong>Un historique du blues dans ses aspects g\u00e9ographiques et \u00e9conomiques :<\/strong><\/span><\/h2>\n<h2 style=\"text-align: center;\"><span style=\"color: #000000;\"><strong>Entre deux morceaux Fabrice Eulry raconte les filiations avec l&rsquo;Afrique, le commerce triangulaire, l&rsquo;\u00e9conomie esclavagiste, les migrations \u00e9conomiques au gr\u00e9 des crises et de la chute des mafias faisant travailler les musiciens (Nouvelle-Orl\u00e9ans, Chicago,Kansas city), de l&rsquo;\u00e9volution de la lutherie et de l&rsquo;\u00e9lectrification, qui g\u00e9n\u00e8rent les identit\u00e9s r\u00e9gionales du blues ses mutations, son internationalisation&#8230;<\/strong><\/span><\/h2>\n<p><span style=\"color: #000000;\"><a style=\"color: #000000;\" href=\"https:\/\/i0.wp.com\/www.fabriceeulry-laboutique.com\/blog\/wp-content\/uploads\/2015\/04\/conf-2-1.jpg\"><img data-recalc-dims=\"1\" loading=\"lazy\" decoding=\"async\" title=\"conf 2\" src=\"https:\/\/i0.wp.com\/www.fabriceeulry-laboutique.com\/blog\/wp-content\/uploads\/2015\/04\/conf-2-1.jpg?resize=640%2C400\" alt=\"\" width=\"640\" height=\"400\" \/><\/a><\/span><\/p>\n<h3 style=\"text-align: center;\"><span style=\"color: #000000;\"><strong style=\"font-size: 1.5em;\">Photos Julie Traou\u00ebn<\/strong><\/span><\/h3>\n<p style=\"text-align: center;\"><span style=\"color: #000000;\"><a style=\"color: #000000;\" href=\"https:\/\/i0.wp.com\/www.fabriceeulry-laboutique.com\/blog\/wp-content\/uploads\/2014\/09\/ol-.jpg\"><img data-recalc-dims=\"1\" loading=\"lazy\" decoding=\"async\" title=\"ol\" src=\"https:\/\/i0.wp.com\/www.fabriceeulry-laboutique.com\/blog\/wp-content\/uploads\/2014\/09\/ol-.jpg?resize=452%2C93\" alt=\"\" width=\"452\" height=\"93\" \/><\/a><\/span><\/p>\n<h2 style=\"text-align: center;\"><span style=\"color: #000000;\">\u00a0LE 10 jeudi Septembre 2015<\/span><\/h2>\n<p style=\"text-align: center;\"><span style=\"color: #000000;\"><img data-recalc-dims=\"1\" loading=\"lazy\" decoding=\"async\" title=\"Eulry officielle\" src=\"https:\/\/i0.wp.com\/www.fabriceeulry-laboutique.com\/blog\/wp-content\/uploads\/2014\/06\/Eulry-officielle.jpg?resize=200%2C300\" alt=\"\" width=\"200\" height=\"300\" \/><\/span><\/p>\n<h2 style=\"text-align: center;\"><span style=\"color: #000000;\"><strong>D\u00e9p\u00eachez-vous \u00a0!<\/strong><\/span><\/h2>\n<h2 style=\"text-align: center;\"><span style=\"color: #000000;\">\u00a0<\/span><\/h2>\n<h2 style=\"text-align: center;\"><span style=\"color: #000000;\"><strong>Dans quelques jours il ne restera plus de place bien situ\u00e9e au tarif r\u00e9duit !\u00a0<\/strong><\/span><\/h2>\n<h2 style=\"text-align: center;\"><span style=\"color: #000000;\"><strong>R\u00e9servez d\u00e9sormais directement sur le site de l&rsquo;Olympia en cliquant sur l&rsquo;image :<\/strong><\/span><\/h2>\n<p style=\"text-align: center;\"><span style=\"color: #000000;\"><a style=\"color: #000000;\" href=\"http:\/\/www.olympiahall.com\/variete-francaise-disco\/fabrice-eulry.html\"><img data-recalc-dims=\"1\" loading=\"lazy\" decoding=\"async\" title=\"Billet\" src=\"https:\/\/i0.wp.com\/www.fabriceeulry-laboutique.com\/blog\/wp-content\/uploads\/2015\/03\/Billet--e1425669201652.jpg?resize=640%2C484\" alt=\"\" width=\"640\" height=\"484\" \/><\/a><\/span><\/p>\n<h2 style=\"text-align: center;\"><span style=\"color: #000000;\">En attendant l&rsquo;OLYMPIA, patientez avec le dvd de Fabrice Eulry \u00e0 BOBINO qui vient d&rsquo;\u00eatre r\u00e9\u00e9dit\u00e9\u00a0<em>(cliquez sur l&rsquo;image pour acc\u00e9der \u00e0 la boutique)<\/em><\/span><\/h2>\n<p><span style=\"color: #000000;\"><strong><em><a style=\"color: #000000;\" href=\"http:\/\/www.fabriceeulry.com\/discographie.html\"><img data-recalc-dims=\"1\" loading=\"lazy\" decoding=\"async\" class=\"aligncenter\" title=\"Ca\" src=\"https:\/\/i0.wp.com\/www.fabriceeulry-laboutique.com\/blog\/wp-content\/uploads\/2013\/06\/Ca.jpg?resize=130%2C194\" alt=\"\" width=\"130\" height=\"194\" \/><\/a><\/em><\/strong><\/span><\/p>\n<h2><span style=\"color: #000000;\">\u00a0<\/span><\/h2>\n","protected":false},"excerpt":{"rendered":"<p>Le mardi 28 avril 2015, la Fondation R\u00e9sonnance a pr\u00e9sent\u00e9 une conf\u00e9rence-concert-d\u00e9bat sur le blues donn\u00e9e par Jacky Milliet et Fabrice Eulry. Jacky Milliet \u00e9voque le bouillon de culture louisianais et quelques anecdotes sur les pionniers du blues de la &hellip; <a href=\"http:\/\/www.fabriceeulry-laboutique.com\/blog\/?p=6807\">Continuer la lecture <span class=\"meta-nav\">&rarr;<\/span><\/a><\/p>\n","protected":false},"author":2,"featured_media":0,"comment_status":"open","ping_status":"open","sticky":false,"template":"","format":"standard","meta":{"jetpack_post_was_ever_published":false,"_jetpack_newsletter_access":"","_jetpack_dont_email_post_to_subs":true,"_jetpack_newsletter_tier_id":0,"_jetpack_memberships_contains_paywalled_content":false,"_jetpack_memberships_contains_paid_content":false,"footnotes":"","jetpack_publicize_message":"","jetpack_publicize_feature_enabled":true,"jetpack_social_post_already_shared":false,"jetpack_social_options":{"image_generator_settings":{"template":"highway","default_image_id":0,"font":"","enabled":false},"version":2}},"categories":[1],"tags":[8],"class_list":["post-6807","post","type-post","status-publish","format-standard","hentry","category-non-classe","tag-blues"],"jetpack_publicize_connections":[],"jetpack_featured_media_url":"","jetpack_sharing_enabled":true,"jetpack_shortlink":"https:\/\/wp.me\/p2D6dI-1LN","jetpack_likes_enabled":true,"jetpack-related-posts":[{"id":2279,"url":"http:\/\/www.fabriceeulry-laboutique.com\/blog\/?p=2279","url_meta":{"origin":6807,"position":0},"title":"JACKY MILLIET ET FABRICE EULRY : CLARINETTE ET PIANO EN PLEIN AIR","author":"Le Canard du pianiste","date":"6 mars 2013","format":false,"excerpt":"Un article de Michel Bedin que nous remercions pour ses photos. Samedi 25 juin 2011 Le festival des Couleurs du jazz, \u00e0 Corbeil-Essonnes, qui se d\u00e9roule du 11 juin au 3 juillet (www.corbeilessonnesjazzfestival.com) est ... Reprise apr\u00e8s le repas (je vous conseille la pastilla du Ouarzazate, deux rues \u00e0 c\u00f4t\u00e9)\u2026","rel":"","context":"Dans &quot;Non class\u00e9&quot;","block_context":{"text":"Non class\u00e9","link":"http:\/\/www.fabriceeulry-laboutique.com\/blog\/?cat=1"},"img":{"alt_text":"corbeil-1","src":"https:\/\/i0.wp.com\/www.on-mag.fr\/images\/stories\/2011\/07\/corbeil-1.jpg?resize=350%2C200","width":350,"height":200,"srcset":"https:\/\/i0.wp.com\/www.on-mag.fr\/images\/stories\/2011\/07\/corbeil-1.jpg?resize=350%2C200 1x, https:\/\/i0.wp.com\/www.on-mag.fr\/images\/stories\/2011\/07\/corbeil-1.jpg?resize=525%2C300 1.5x"},"classes":[]},{"id":8881,"url":"http:\/\/www.fabriceeulry-laboutique.com\/blog\/?p=8881","url_meta":{"origin":6807,"position":1},"title":"CONF\u00c9RENCE-CONCERT SUR LE RAGTIME","author":"Le Canard du pianiste","date":"11 octobre 2016","format":false,"excerpt":"Tr\u00e8s prochainement le Canard du pianiste publiera la vid\u00e9o d'une conf\u00e9rence-concert qui a \u00e9t\u00e9 donn\u00e9e gracieusement \u00e0 la Fondation R\u00e9sonnance de Morges : Le 25 mai 2016 la Fondation R\u00e9sonnance\u00a0a pr\u00e9sent\u00e9 une conf\u00e9rence-concert sur le Ragtime anim\u00e9e par Jacky Milliet et Fabrice Eulry. Ils ont \u00e9voqu\u00e9 en musique et par\u2026","rel":"","context":"Dans &quot;Non class\u00e9&quot;","block_context":{"text":"Non class\u00e9","link":"http:\/\/www.fabriceeulry-laboutique.com\/blog\/?cat=1"},"img":{"alt_text":"","src":"https:\/\/i0.wp.com\/www.fabriceeulry-laboutique.com\/blog\/wp-content\/uploads\/2015\/04\/conf-.3-1.jpg?resize=350%2C200","width":350,"height":200,"srcset":"https:\/\/i0.wp.com\/www.fabriceeulry-laboutique.com\/blog\/wp-content\/uploads\/2015\/04\/conf-.3-1.jpg?resize=350%2C200 1x, https:\/\/i0.wp.com\/www.fabriceeulry-laboutique.com\/blog\/wp-content\/uploads\/2015\/04\/conf-.3-1.jpg?resize=525%2C300 1.5x, https:\/\/i0.wp.com\/www.fabriceeulry-laboutique.com\/blog\/wp-content\/uploads\/2015\/04\/conf-.3-1.jpg?resize=700%2C400 2x, https:\/\/i0.wp.com\/www.fabriceeulry-laboutique.com\/blog\/wp-content\/uploads\/2015\/04\/conf-.3-1.jpg?resize=1050%2C600 3x"},"classes":[]},{"id":7917,"url":"http:\/\/www.fabriceeulry-laboutique.com\/blog\/?p=7917","url_meta":{"origin":6807,"position":2},"title":"CONFERENCE-CONCERT","author":"Le Canard du pianiste","date":"11 d\u00e9cembre 2015","format":false,"excerpt":"Une conf\u00e9rence-concert sera donn\u00e9e gracieusement \u00e0 la Fondation R\u00e9sonnance de Morges : Le dimanche 13 d\u00e9cembre 2015 \u00e0 18h00 la Fondation R\u00e9sonnance\u00a0pr\u00e9sente une conf\u00e9rence-concert sur le swing anim\u00e9e par Jacky Milliet et Fabrice Eulry. Ils \u00e9voqueront en musique et par un expos\u00e9, l'histoire du swing, et sa nature rythmique, le\u2026","rel":"","context":"Dans &quot;Non class\u00e9&quot;","block_context":{"text":"Non class\u00e9","link":"http:\/\/www.fabriceeulry-laboutique.com\/blog\/?cat=1"},"img":{"alt_text":"","src":"https:\/\/i0.wp.com\/www.fabriceeulry-laboutique.com\/blog\/wp-content\/uploads\/2015\/04\/conf-5-.jpg?resize=350%2C200","width":350,"height":200},"classes":[]},{"id":8893,"url":"http:\/\/www.fabriceeulry-laboutique.com\/blog\/?p=8893","url_meta":{"origin":6807,"position":3},"title":"CONFERENCE CONCERT SUR LE SWING","author":"Le Canard du pianiste","date":"15 octobre 2016","format":false,"excerpt":"Le dimanche 13 d\u00e9cembre 2015 \u00e0 18h00 la Fondation R\u00e9sonnance\u00a0a pr\u00e9sent\u00e9 une conf\u00e9rence-concert sur le swing anim\u00e9e par Fabrice Eulry et Jacky Milliet. https:\/\/www.youtube.com\/watch?v=I_QVYaSTAdA Fabrice Eulry commence en donnant un descriptif du swing en temps que forme \u00a0rythmique, puis en temps que courant musical dans ses aspects historiques, \u00e9conomiques, et\u2026","rel":"","context":"Dans &quot;Non class\u00e9&quot;","block_context":{"text":"Non class\u00e9","link":"http:\/\/www.fabriceeulry-laboutique.com\/blog\/?cat=1"},"img":{"alt_text":"","src":"https:\/\/i0.wp.com\/fabriceeulryunblogfr.unblog.fr\/files\/2010\/09\/millietenfinesse.jpg?resize=350%2C200","width":350,"height":200,"srcset":"https:\/\/i0.wp.com\/fabriceeulryunblogfr.unblog.fr\/files\/2010\/09\/millietenfinesse.jpg?resize=350%2C200 1x, https:\/\/i0.wp.com\/fabriceeulryunblogfr.unblog.fr\/files\/2010\/09\/millietenfinesse.jpg?resize=525%2C300 1.5x"},"classes":[]},{"id":11666,"url":"http:\/\/www.fabriceeulry-laboutique.com\/blog\/?p=11666","url_meta":{"origin":6807,"position":4},"title":"L&rsquo;AGENDA DU FESTIVAL BLUES EN AVEYRON 2019","author":"Le Canard du pianiste","date":"4 mars 2019","format":false,"excerpt":"le Festival BLUES EN AVEYRON 2019 se d\u00e9roule sur 13 jours du 7 au 19 mai. L'association Blues en Aveyron vous propose aussi un PASSE de 39 \u20ac qui acc\u00e8s donne \u00e0\u00a0TOUS\u00a0les concerts du festival ! R\u00e9servez en ligne en cliquant sur ce lien https:\/\/www.weezevent.com\/blues-en-aveyron-2019 Autres points de vente \u00e0\u2026","rel":"","context":"Dans &quot;Non class\u00e9&quot;","block_context":{"text":"Non class\u00e9","link":"http:\/\/www.fabriceeulry-laboutique.com\/blog\/?cat=1"},"img":{"alt_text":"","src":"https:\/\/i0.wp.com\/www.fabriceeulry-laboutique.com\/blog\/wp-content\/uploads\/2019\/03\/Agenda-BenA-2019-2.png?resize=350%2C200","width":350,"height":200},"classes":[]},{"id":1330,"url":"http:\/\/www.fabriceeulry-laboutique.com\/blog\/?p=1330","url_meta":{"origin":6807,"position":5},"title":"PIANO BLUES BOOGIE EN ROMANDIE : 2\u00e8me EDITION !","author":"Le Canard du pianiste","date":"28 novembre 2012","format":false,"excerpt":"Le festival est recondit en deuxi\u00e8me ann\u00e9e ! Les dates : 8 et 9 novembre 2013 au casino de Montbenon \u00e0 Lausanne, salle Paderewsky. De \u00a0droite \u00e0 gauche : la pianiste Emmanuelle-Marie, talentueuse \u00e9l\u00e8ve \u00a0de la Fondation R\u00e9sonnance, Un ami de Jacky Milliet, Fabrice Eulry, et Jacky Milliet, derni\u00e8re mise\u2026","rel":"","context":"Dans &quot;Non class\u00e9&quot;","block_context":{"text":"Non class\u00e9","link":"http:\/\/www.fabriceeulry-laboutique.com\/blog\/?cat=1"},"img":{"alt_text":"","src":"https:\/\/i0.wp.com\/www.fabriceeulry-laboutique.com\/blog\/wp-content\/uploads\/2012\/11\/pader-4.jpg?resize=350%2C200","width":350,"height":200,"srcset":"https:\/\/i0.wp.com\/www.fabriceeulry-laboutique.com\/blog\/wp-content\/uploads\/2012\/11\/pader-4.jpg?resize=350%2C200 1x, https:\/\/i0.wp.com\/www.fabriceeulry-laboutique.com\/blog\/wp-content\/uploads\/2012\/11\/pader-4.jpg?resize=525%2C300 1.5x, https:\/\/i0.wp.com\/www.fabriceeulry-laboutique.com\/blog\/wp-content\/uploads\/2012\/11\/pader-4.jpg?resize=700%2C400 2x"},"classes":[]}],"_links":{"self":[{"href":"http:\/\/www.fabriceeulry-laboutique.com\/blog\/index.php?rest_route=\/wp\/v2\/posts\/6807","targetHints":{"allow":["GET"]}}],"collection":[{"href":"http:\/\/www.fabriceeulry-laboutique.com\/blog\/index.php?rest_route=\/wp\/v2\/posts"}],"about":[{"href":"http:\/\/www.fabriceeulry-laboutique.com\/blog\/index.php?rest_route=\/wp\/v2\/types\/post"}],"author":[{"embeddable":true,"href":"http:\/\/www.fabriceeulry-laboutique.com\/blog\/index.php?rest_route=\/wp\/v2\/users\/2"}],"replies":[{"embeddable":true,"href":"http:\/\/www.fabriceeulry-laboutique.com\/blog\/index.php?rest_route=%2Fwp%2Fv2%2Fcomments&post=6807"}],"version-history":[{"count":6,"href":"http:\/\/www.fabriceeulry-laboutique.com\/blog\/index.php?rest_route=\/wp\/v2\/posts\/6807\/revisions"}],"predecessor-version":[{"id":7207,"href":"http:\/\/www.fabriceeulry-laboutique.com\/blog\/index.php?rest_route=\/wp\/v2\/posts\/6807\/revisions\/7207"}],"wp:attachment":[{"href":"http:\/\/www.fabriceeulry-laboutique.com\/blog\/index.php?rest_route=%2Fwp%2Fv2%2Fmedia&parent=6807"}],"wp:term":[{"taxonomy":"category","embeddable":true,"href":"http:\/\/www.fabriceeulry-laboutique.com\/blog\/index.php?rest_route=%2Fwp%2Fv2%2Fcategories&post=6807"},{"taxonomy":"post_tag","embeddable":true,"href":"http:\/\/www.fabriceeulry-laboutique.com\/blog\/index.php?rest_route=%2Fwp%2Fv2%2Ftags&post=6807"}],"curies":[{"name":"wp","href":"https:\/\/api.w.org\/{rel}","templated":true}]}}