{"id":6855,"date":"2015-05-07T02:04:39","date_gmt":"2015-05-07T02:04:39","guid":{"rendered":"http:\/\/www.fabriceeulry-laboutique.com\/blog\/?p=6855"},"modified":"2015-06-20T17:11:52","modified_gmt":"2015-06-20T17:11:52","slug":"scenario-catastrophe-en-syrie","status":"publish","type":"post","link":"http:\/\/www.fabriceeulry-laboutique.com\/blog\/?p=6855","title":{"rendered":"SCENARIO CATASTROPHE EN SYRIE"},"content":{"rendered":"<h2 style=\"text-align: center;\"><span style=\"color: #000000;\"><strong>DAESH pr\u00e8s de l&#8217;emporter :<\/strong><\/span><\/h2>\n<p style=\"text-align: center;\"><span style=\"color: #000000;\"><a style=\"color: #000000;\" href=\"http:\/\/arretsurinfo.ch\/scenario-catastrophe-en-syrie\/\">http:\/\/arretsurinfo.ch\/scenario-catastrophe-en-syrie\/<\/a><\/span><\/p>\n<h2 style=\"text-align: center;\"><span style=\"color: #000000;\"><strong>Une d\u00e9put\u00e9 syrienne nous alerte sur la situation :<\/strong><\/span><\/h2>\n<p><span style=\"color: #000000;\"><a style=\"color: #000000;\" href=\"https:\/\/www.youtube.com\/watch?v=7FAustrfsjA\"><img data-recalc-dims=\"1\" loading=\"lazy\" decoding=\"async\" class=\"aligncenter size-full wp-image-6858\" title=\"syrienne\" src=\"https:\/\/i0.wp.com\/www.fabriceeulry-laboutique.com\/blog\/wp-content\/uploads\/2015\/05\/syrienne-.jpg?resize=570%2C506\" alt=\"\" width=\"570\" height=\"506\" srcset=\"https:\/\/i0.wp.com\/www.fabriceeulry-laboutique.com\/blog\/wp-content\/uploads\/2015\/05\/syrienne-.jpg?w=570 570w, https:\/\/i0.wp.com\/www.fabriceeulry-laboutique.com\/blog\/wp-content\/uploads\/2015\/05\/syrienne-.jpg?resize=300%2C266 300w\" sizes=\"auto, (max-width: 570px) 100vw, 570px\" \/><\/a><\/span><\/p>\n<h2 style=\"text-align: center;\"><span style=\"color: #000000;\"><em>Madame Maria SAADEH est d\u00e9put\u00e9 au Parlement syrien.<\/em> <em>Pr\u00e9sente \u00e0 Gen\u00e8ve \u00e0 l&rsquo;occasion de la conf\u00e9rence organis\u00e9e \u00e0 l&rsquo;ONU le 16 mars 2015 par l\u2019Union des Juristes Arabes (Dr. Elias KHOURI), dans le cadre de la XXXVIII\u00e8me Session du Conseil des Droits de l\u2019Homme (ONU) pour intervenir au sujet des rapports entre les dommages caus\u00e9s \u00e0 la Syrie par le terrorisme et par les sanctions \u00e9conomiques.<\/em><\/span><\/h2>\n<h2 style=\"text-align: center;\"><span style=\"color: #000000;\"><strong>Pr\u00e9c\u00e9dent article du Canard du pianiste sur ce sujet :<\/strong><\/span><\/h2>\n<p style=\"text-align: center;\"><span style=\"color: #000000;\"><a style=\"color: #000000;\" href=\"https:\/\/www.youtube.com\/watch?v=vc4OBlX87Is\"><img data-recalc-dims=\"1\" loading=\"lazy\" decoding=\"async\" title=\"media presse infos\" src=\"https:\/\/i0.wp.com\/www.fabriceeulry-laboutique.com\/blog\/wp-content\/uploads\/2015\/03\/media-presse-infos-.jpg?resize=640%2C352\" alt=\"\" width=\"640\" height=\"352\" \/><\/a><\/span><\/p>\n","protected":false},"excerpt":{"rendered":"<p>DAESH pr\u00e8s de l&#8217;emporter : http:\/\/arretsurinfo.ch\/scenario-catastrophe-en-syrie\/ Une d\u00e9put\u00e9 syrienne nous alerte sur la situation : Madame Maria SAADEH est d\u00e9put\u00e9 au Parlement syrien. Pr\u00e9sente \u00e0 Gen\u00e8ve \u00e0 l&rsquo;occasion de la conf\u00e9rence organis\u00e9e \u00e0 l&rsquo;ONU le 16 mars 2015 par l\u2019Union &hellip; <a href=\"http:\/\/www.fabriceeulry-laboutique.com\/blog\/?p=6855\">Continuer la lecture <span class=\"meta-nav\">&rarr;<\/span><\/a><\/p>\n","protected":false},"author":2,"featured_media":0,"comment_status":"open","ping_status":"open","sticky":false,"template":"","format":"standard","meta":{"jetpack_post_was_ever_published":false,"_jetpack_newsletter_access":"","_jetpack_dont_email_post_to_subs":false,"_jetpack_newsletter_tier_id":0,"_jetpack_memberships_contains_paywalled_content":false,"_jetpack_memberships_contains_paid_content":false,"footnotes":"","jetpack_publicize_message":"","jetpack_publicize_feature_enabled":true,"jetpack_social_post_already_shared":false,"jetpack_social_options":{"image_generator_settings":{"template":"highway","default_image_id":0,"font":"","enabled":false},"version":2}},"categories":[1],"tags":[],"class_list":["post-6855","post","type-post","status-publish","format-standard","hentry","category-non-classe"],"jetpack_publicize_connections":[],"jetpack_featured_media_url":"","jetpack_sharing_enabled":true,"jetpack_shortlink":"https:\/\/wp.me\/p2D6dI-1Mz","jetpack_likes_enabled":true,"jetpack-related-posts":[{"id":6557,"url":"http:\/\/www.fabriceeulry-laboutique.com\/blog\/?p=6557","url_meta":{"origin":6855,"position":0},"title":"LA GUERRE","author":"Le Canard du pianiste","date":"16 mars 2015","format":false,"excerpt":"La situation en Syrie\u00a0par une personne qui est habilit\u00e9e \u00e0 en parler ! La confe\u0301rence de Me\u0300re Agne\u0300s Mariam de la Croix\u00a0 Du c\u00f4t\u00e9 de l'Irak Les probl\u00e8mes que posent la lib\u00e9ration de Tikrit (Cliquer sur la ville de Tikrit pour les conna\u00eetre) L'assaut final pour la lib\u00e9ration de Tikrit\u2026","rel":"","context":"Dans &quot;Non class\u00e9&quot;","block_context":{"text":"Non class\u00e9","link":"http:\/\/www.fabriceeulry-laboutique.com\/blog\/?cat=1"},"img":{"alt_text":"","src":"https:\/\/i0.wp.com\/www.fabriceeulry-laboutique.com\/blog\/wp-content\/uploads\/2015\/03\/media-presse-infos-.jpg?resize=350%2C200","width":350,"height":200,"srcset":"https:\/\/i0.wp.com\/www.fabriceeulry-laboutique.com\/blog\/wp-content\/uploads\/2015\/03\/media-presse-infos-.jpg?resize=350%2C200 1x, https:\/\/i0.wp.com\/www.fabriceeulry-laboutique.com\/blog\/wp-content\/uploads\/2015\/03\/media-presse-infos-.jpg?resize=525%2C300 1.5x, https:\/\/i0.wp.com\/www.fabriceeulry-laboutique.com\/blog\/wp-content\/uploads\/2015\/03\/media-presse-infos-.jpg?resize=700%2C400 2x"},"classes":[]},{"id":8146,"url":"http:\/\/www.fabriceeulry-laboutique.com\/blog\/?p=8146","url_meta":{"origin":6855,"position":1},"title":"UN EXCELLENT ARTICLE SUR L&rsquo;ETAT DE LA SYRIE","author":"Le Canard du pianiste","date":"20 f\u00e9vrier 2016","format":false,"excerpt":"Quand je me suis rendu en Syrie en ao\u00fbt, je ne soup\u00e7onnais pas que l'histoire de ce malheureux pays se trouvait \u00e0 un tournant. Le spectacle des embouteillages de Damas, des restaurants de bord de mer pleins \u00e0 Lattaqui\u00e9, la visite du krak des Chevaliers aujourd'hui s\u00e9curis\u00e9, ne laissent pas\u2026","rel":"","context":"Dans &quot;Non class\u00e9&quot;","block_context":{"text":"Non class\u00e9","link":"http:\/\/www.fabriceeulry-laboutique.com\/blog\/?cat=1"},"img":{"alt_text":"","src":"https:\/\/i0.wp.com\/www.fabriceeulry-laboutique.com\/blog\/wp-content\/uploads\/2016\/02\/bougie-.jpg?resize=350%2C200","width":350,"height":200,"srcset":"https:\/\/i0.wp.com\/www.fabriceeulry-laboutique.com\/blog\/wp-content\/uploads\/2016\/02\/bougie-.jpg?resize=350%2C200 1x, https:\/\/i0.wp.com\/www.fabriceeulry-laboutique.com\/blog\/wp-content\/uploads\/2016\/02\/bougie-.jpg?resize=525%2C300 1.5x"},"classes":[]},{"id":6964,"url":"http:\/\/www.fabriceeulry-laboutique.com\/blog\/?p=6964","url_meta":{"origin":6855,"position":2},"title":"QUEL SCENARIO APRES LA PRISE DE PALMYRE PAR DAESH ?","author":"Le Canard du pianiste","date":"24 mai 2015","format":false,"excerpt":"\u00a0Daesh a pris le joyaux de l'humanit\u00e9 le jeudi 20 mai 2015. \u00a0L'ent\u00eatement des puissances (dont le gouvernement qui administre la France) \u00e0 ne pas reconna\u00eetre ses erreurs en ayant persist\u00e9 dans le refus d'aider la Syrie \u00e0 se d\u00e9fendre contre les Djihadistes, voire en ayant aid\u00e9 ceux-ci \u00e0 s'armer,\u2026","rel":"","context":"Dans &quot;Non class\u00e9&quot;","block_context":{"text":"Non class\u00e9","link":"http:\/\/www.fabriceeulry-laboutique.com\/blog\/?cat=1"},"img":{"alt_text":"","src":"https:\/\/i0.wp.com\/www.fabriceeulry-laboutique.com\/blog\/wp-content\/uploads\/2015\/05\/pal-.jpg?resize=350%2C200","width":350,"height":200,"srcset":"https:\/\/i0.wp.com\/www.fabriceeulry-laboutique.com\/blog\/wp-content\/uploads\/2015\/05\/pal-.jpg?resize=350%2C200 1x, https:\/\/i0.wp.com\/www.fabriceeulry-laboutique.com\/blog\/wp-content\/uploads\/2015\/05\/pal-.jpg?resize=525%2C300 1.5x"},"classes":[]},{"id":8359,"url":"http:\/\/www.fabriceeulry-laboutique.com\/blog\/?p=8359","url_meta":{"origin":6855,"position":3},"title":"LE DESTIN DE LA FRANCE SE JOUE BIEN A PALMYRE","author":"Le Canard du pianiste","date":"28 mars 2016","format":false,"excerpt":"Le destin de la France se joue loin, \u00e0 Palmyre, comme il s'est jou\u00e9 \u00e0 Stalingrad, Guadalcanal, El Alame\u00efn ou Bir Hake\u00efm voil\u00e0 74 ans. Cet \u00e9loignement rend inadapt\u00e9e la r\u00e9action de l'opinion,\u00a0\u00e0 la fois apeur\u00e9e par les attentats et indiff\u00e9rente \u00e0 leurs causes (l'hostilit\u00e9 de nos gouvernements aux ennemis\u2026","rel":"","context":"Dans &quot;Non class\u00e9&quot;","block_context":{"text":"Non class\u00e9","link":"http:\/\/www.fabriceeulry-laboutique.com\/blog\/?cat=1"},"img":{"alt_text":"citadelle","src":"https:\/\/i0.wp.com\/www.fabriceeulry-laboutique.com\/blog\/wp-content\/uploads\/2016\/03\/citadelle-.jpg?resize=350%2C200","width":350,"height":200,"srcset":"https:\/\/i0.wp.com\/www.fabriceeulry-laboutique.com\/blog\/wp-content\/uploads\/2016\/03\/citadelle-.jpg?resize=350%2C200 1x, https:\/\/i0.wp.com\/www.fabriceeulry-laboutique.com\/blog\/wp-content\/uploads\/2016\/03\/citadelle-.jpg?resize=525%2C300 1.5x"},"classes":[]},{"id":3270,"url":"http:\/\/www.fabriceeulry-laboutique.com\/blog\/?p=3270","url_meta":{"origin":6855,"position":4},"title":"FABRICE EULRY EN TOURNEE EN SYRIE !","author":"Le Canard du pianiste","date":"10 septembre 2013","format":false,"excerpt":"\u00a0 \"Nous arrivons du Liban et la route est longue : 16 contr\u00f4les entre Beyrouth et Baalbek. Autant que pendant les trois jours pass\u00e9s \u00e0 Beyrouth. l'arm\u00e9e libanaise \u00e9quip\u00e9e par la Syrie et l'arm\u00e9e syrienne ont le m\u00eame uniforme. Amine me montre comment les distinguer par un d\u00e9tail. Je m'amuse\u2026","rel":"","context":"Dans &quot;Non class\u00e9&quot;","block_context":{"text":"Non class\u00e9","link":"http:\/\/www.fabriceeulry-laboutique.com\/blog\/?cat=1"},"img":{"alt_text":"","src":"https:\/\/i0.wp.com\/www.fabriceeulry-laboutique.com\/blog\/wp-content\/uploads\/2013\/09\/Capture-d%E2%80%99%C3%A9cran-2013-09-10-%C3%A0-02.11.25.jpg?resize=350%2C200","width":350,"height":200,"srcset":"https:\/\/i0.wp.com\/www.fabriceeulry-laboutique.com\/blog\/wp-content\/uploads\/2013\/09\/Capture-d%E2%80%99%C3%A9cran-2013-09-10-%C3%A0-02.11.25.jpg?resize=350%2C200 1x, https:\/\/i0.wp.com\/www.fabriceeulry-laboutique.com\/blog\/wp-content\/uploads\/2013\/09\/Capture-d%E2%80%99%C3%A9cran-2013-09-10-%C3%A0-02.11.25.jpg?resize=525%2C300 1.5x"},"classes":[]},{"id":6096,"url":"http:\/\/www.fabriceeulry-laboutique.com\/blog\/?p=6096","url_meta":{"origin":6855,"position":5},"title":"LES MELOMANES PALESTINIENS POUR  ELIZABETH SOMBART !","author":"Le Canard du pianiste","date":"23 d\u00e9cembre 2014","format":false,"excerpt":"Enfants de Palestine r\u00e9fugi\u00e9s au Liban mais aussi jeunes Syriens ... Mais laissons la parole \u00e0 Elizabeth Sombart cr\u00e9atrice de la fondation R\u00e9sonnance\u00a0: \"L'H\u00f4pital Dat El Ajaza, musulman sunnite, \u00e0 c\u00f4t\u00e9 du camp palestinien de Sabra \u00e0 Beyrouth... Une \u00e9quipe fantastique de m\u00e9decins, mon public le plus silencieux, ils re\u00e7oivent\u2026","rel":"","context":"Dans &quot;Non class\u00e9&quot;","block_context":{"text":"Non class\u00e9","link":"http:\/\/www.fabriceeulry-laboutique.com\/blog\/?cat=1"},"img":{"alt_text":"","src":"https:\/\/i0.wp.com\/www.fabriceeulry-laboutique.com\/blog\/wp-content\/uploads\/2014\/12\/LIBR-.jpg?resize=350%2C200","width":350,"height":200,"srcset":"https:\/\/i0.wp.com\/www.fabriceeulry-laboutique.com\/blog\/wp-content\/uploads\/2014\/12\/LIBR-.jpg?resize=350%2C200 1x, https:\/\/i0.wp.com\/www.fabriceeulry-laboutique.com\/blog\/wp-content\/uploads\/2014\/12\/LIBR-.jpg?resize=525%2C300 1.5x, https:\/\/i0.wp.com\/www.fabriceeulry-laboutique.com\/blog\/wp-content\/uploads\/2014\/12\/LIBR-.jpg?resize=700%2C400 2x"},"classes":[]}],"_links":{"self":[{"href":"http:\/\/www.fabriceeulry-laboutique.com\/blog\/index.php?rest_route=\/wp\/v2\/posts\/6855","targetHints":{"allow":["GET"]}}],"collection":[{"href":"http:\/\/www.fabriceeulry-laboutique.com\/blog\/index.php?rest_route=\/wp\/v2\/posts"}],"about":[{"href":"http:\/\/www.fabriceeulry-laboutique.com\/blog\/index.php?rest_route=\/wp\/v2\/types\/post"}],"author":[{"embeddable":true,"href":"http:\/\/www.fabriceeulry-laboutique.com\/blog\/index.php?rest_route=\/wp\/v2\/users\/2"}],"replies":[{"embeddable":true,"href":"http:\/\/www.fabriceeulry-laboutique.com\/blog\/index.php?rest_route=%2Fwp%2Fv2%2Fcomments&post=6855"}],"version-history":[{"count":3,"href":"http:\/\/www.fabriceeulry-laboutique.com\/blog\/index.php?rest_route=\/wp\/v2\/posts\/6855\/revisions"}],"predecessor-version":[{"id":7183,"href":"http:\/\/www.fabriceeulry-laboutique.com\/blog\/index.php?rest_route=\/wp\/v2\/posts\/6855\/revisions\/7183"}],"wp:attachment":[{"href":"http:\/\/www.fabriceeulry-laboutique.com\/blog\/index.php?rest_route=%2Fwp%2Fv2%2Fmedia&parent=6855"}],"wp:term":[{"taxonomy":"category","embeddable":true,"href":"http:\/\/www.fabriceeulry-laboutique.com\/blog\/index.php?rest_route=%2Fwp%2Fv2%2Fcategories&post=6855"},{"taxonomy":"post_tag","embeddable":true,"href":"http:\/\/www.fabriceeulry-laboutique.com\/blog\/index.php?rest_route=%2Fwp%2Fv2%2Ftags&post=6855"}],"curies":[{"name":"wp","href":"https:\/\/api.w.org\/{rel}","templated":true}]}}