{"id":6867,"date":"2015-05-08T22:57:53","date_gmt":"2015-05-08T22:57:53","guid":{"rendered":"http:\/\/www.fabriceeulry-laboutique.com\/blog\/?p=6867"},"modified":"2015-06-30T21:10:27","modified_gmt":"2015-06-30T21:10:27","slug":"loi-renseignement-la-critique-des-herbergeurs","status":"publish","type":"post","link":"http:\/\/www.fabriceeulry-laboutique.com\/blog\/?p=6867","title":{"rendered":"LOI RENSEIGNEMENT : LA CRITIQUE DES HERBERGEURS"},"content":{"rendered":"<h2 style=\"text-align: center;\"><span style=\"color: #000000;\"><strong>Un des plus gros h\u00e9bergeurs de France, \u00e9galement h\u00e9bergeur de ce site nous donne son point de vue sur cette grossi\u00e8re intrusion dans notre vie priv\u00e9e, sous pr\u00e9texte de lutter contre le terrorisme \u00a0:<\/strong><\/span><\/h2>\n<h2 id=\"socialTitle\" style=\"text-align: center;\"><span style=\"color: #000000;\">Le point de vue d\u2019OVH.com sur la loi renseignement :<\/span><\/h2>\n<h2 id=\"socialDesc\" style=\"text-align: center;\"><span style=\"color: #000000;\">Hier mardi 5 mai, les d\u00e9put\u00e9s ont vot\u00e9 l\u2019adoption de la loi renseignement par 438 voix pour et 86 contre. En attendant la suite du processus l\u00e9gislatif, Octave Klaba, fondateur et Chairman d\u2019OVH, revient en d\u00e9tail sur les cons\u00e9quences r\u00e9elles de cette loi, pour les h\u00e9bergeurs, les FAI et leurs clients.<\/span><\/h2>\n<h2 style=\"text-align: center;\"><span style=\"color: #000000;\">OVH a menac\u00e9 de s\u2019exiler hors de France, si la loi renseignement \u00e9tait adopt\u00e9e. La loi vient d\u2019\u00eatre vot\u00e9e par l\u2019Assembl\u00e9e nationale. Qu\u2019allez-vous faire maintenant ?<\/span><\/h2>\n<h2 style=\"text-align: center;\"><span style=\"color: #000000;\">Je souhaite d\u2019abord m\u2019exprimer sur la loi elle-m\u00eame. Cette loi n\u2019est pas bonne pour notre pays. Pourquoi ?<\/span><br \/>\n<span style=\"color: #000000;\"> Parce qu\u2019elle va changer nos comportements, notre mani\u00e8re de vivre au quotidien, notamment lorsqu\u2019on utilise les t\u00e9l\u00e9phones et l\u2019Internet. Nous allons avoir le sentiment d\u2019\u00eatre sur \u00e9coute constamment et cela va cr\u00e9er une psychose dans la population. Manuel Valls le Premier ministre disait \u00ab\u00a0Nous sommes en guerre\u00a0\u00bb, et effectivement avec la loi renseignement, le stress vient d\u2019\u00eatre transmis \u00e0 l\u2019ensemble du pays. En bref, si le gouvernement voulait que la population se sente menac\u00e9e, c\u2019est r\u00e9ussi. Tr\u00e8s rapidement et automatiquement, nous allons int\u00e9grer les m\u00e9canismes de l\u2019autocensure.<\/span><br \/>\n<span style=\"color: #000000;\"> Je pense qu\u2019au contraire, le r\u00f4le du gouvernement est de g\u00e9rer le pays et ses probl\u00e9matiques sans que cela ait un impact sur la population, sans provoquer un changement de nos comportements, sans modifier les habitudes, sans modifier nos libert\u00e9s acquises ou notre mani\u00e8re de vivre au quotidien. Le gouvernement a d\u00e9cid\u00e9 de nous lier tous \u00e0 cet \u00e9tat d\u2019urgence terroriste. C\u2019est un fait. C\u2019est un choix. Personne ne peut plus dire \u00ab\u00a0moi dans mon village je me moque du terrorisme\u00a0\u00bb.<\/span><\/h2>\n<h2 style=\"text-align: center;\"><span style=\"color: #000000;\">Nous vivons en d\u00e9mocratie. Le plus grand nombre d\u00e9cide pour le pays, les lois sont vot\u00e9es de mani\u00e8re d\u00e9mocratique par des personnes qui ont \u00e9t\u00e9 \u00e9lues et auxquelles nous avons d\u00e9cid\u00e9 de donner le pouvoir. C\u2019est dans ce type de syst\u00e8me que nous avons choisi de vivre, il faut le respecter. Ceux qui veulent changer le syst\u00e8me peuvent s\u2019engager, cr\u00e9er de nouveaux partis politiques, participer \u00e0 la vie publique et faire en sorte que ce genre de loi ne passe pas.<\/span><\/h2>\n<h1 style=\"text-align: center;\"><span style=\"color: #000000;\">OVH avec d\u2019autres h\u00e9bergeurs (AFHADS, Gandi, IDS, Ikoula, Lomaco, Online) ont alert\u00e9 le gouvernement que si la loi renseignement passait telle quelle, elle serait extr\u00eamement n\u00e9faste pour l\u2019activit\u00e9 \u00e9conomique des datacentres en France. En effet, nous avons des clients qui ne sont pas uniquement fran\u00e7ais. Aussi notre activit\u00e9 se base sur la confiance que nos clients nous accordent en h\u00e9bergeant leurs donn\u00e9es dans nos datacentres&#8230;<\/span><\/h1>\n<h2 style=\"text-align: center;\"><span style=\"color: #000000;\"><strong>En conclusion, et parce que Big brother ne nous emp\u00eachera pas de rire de lui, le roman-photo qui a d\u00e9j\u00e0 fait le tour de la toile :<\/strong><\/span><\/h2>\n<h1 id=\"yiv7839169798ecxyiv8390303348yui_3_16_0_1_1429034190290_22738\" style=\"text-align: center;\"><span style=\"color: #000000;\"><a id=\"yiv7839169798ecxyui_3_16_0_1_1429141695486_19434\" style=\"color: #000000;\" href=\"https:\/\/i0.wp.com\/www.fabriceeulry-laboutique.com\/blog\/wp-content\/uploads\/2015\/04\/rens-.jpg\" target=\"_blank\" rel=\"nofollow\" shape=\"rect\"><img data-recalc-dims=\"1\" loading=\"lazy\" decoding=\"async\" id=\"yiv7839169798ecxyui_3_16_0_1_1429141695486_19433\" title=\"rens\" src=\"https:\/\/i0.wp.com\/www.fabriceeulry-laboutique.com\/blog\/wp-content\/uploads\/2015\/04\/rens-.jpg?resize=640%2C502\" alt=\"\" width=\"640\" height=\"502\" \/><\/a><\/span><\/h1>\n<div style=\"text-align: center;\"><span style=\"color: #000000;\">\u00a0<\/span><\/div>\n","protected":false},"excerpt":{"rendered":"<p>Un des plus gros h\u00e9bergeurs de France, \u00e9galement h\u00e9bergeur de ce site nous donne son point de vue sur cette grossi\u00e8re intrusion dans notre vie priv\u00e9e, sous pr\u00e9texte de lutter contre le terrorisme \u00a0: Le point de vue d\u2019OVH.com sur &hellip; <a href=\"http:\/\/www.fabriceeulry-laboutique.com\/blog\/?p=6867\">Continuer la lecture <span class=\"meta-nav\">&rarr;<\/span><\/a><\/p>\n","protected":false},"author":2,"featured_media":0,"comment_status":"open","ping_status":"open","sticky":false,"template":"","format":"standard","meta":{"jetpack_post_was_ever_published":false,"_jetpack_newsletter_access":"","_jetpack_dont_email_post_to_subs":false,"_jetpack_newsletter_tier_id":0,"_jetpack_memberships_contains_paywalled_content":false,"_jetpack_memberships_contains_paid_content":false,"footnotes":"","jetpack_publicize_message":"","jetpack_publicize_feature_enabled":true,"jetpack_social_post_already_shared":false,"jetpack_social_options":{"image_generator_settings":{"template":"highway","default_image_id":0,"font":"","enabled":false},"version":2}},"categories":[1],"tags":[],"class_list":["post-6867","post","type-post","status-publish","format-standard","hentry","category-non-classe"],"jetpack_publicize_connections":[],"jetpack_featured_media_url":"","jetpack_sharing_enabled":true,"jetpack_shortlink":"https:\/\/wp.me\/p2D6dI-1ML","jetpack_likes_enabled":true,"jetpack-related-posts":[{"id":1954,"url":"http:\/\/www.fabriceeulry-laboutique.com\/blog\/?p=1954","url_meta":{"origin":6867,"position":0},"title":"BONNE ANNEE, BONNE SAN&#8230;","author":"Le Canard du pianiste","date":"29 janvier 2013","format":false,"excerpt":"D\u00e8s 2014,\u00a0vous devrez parcourir 10, 20, 50, 100 \u00a0km ou plus pour faire vos prises de sang, et ce au m\u00e9pris de plus de 500 000 signatures sur cette p\u00e9tition\u00a0:\u00a0http:\/\/www.touchepasamonlabo.com\u00a0. \u00a0En effet, c'est en 2013 que seront\u00a0FERM\u00c9S\u00a0l'immense majorit\u00e9 des laboratoires d'analyses m\u00e9dicales de proximit\u00e9 en France, \u00e0 l'instar des maternit\u00e9s\u2026","rel":"","context":"Dans &quot;Non class\u00e9&quot;","block_context":{"text":"Non class\u00e9","link":"http:\/\/www.fabriceeulry-laboutique.com\/blog\/?cat=1"},"img":{"alt_text":"","src":"","width":0,"height":0},"classes":[]},{"id":13010,"url":"http:\/\/www.fabriceeulry-laboutique.com\/blog\/?p=13010","url_meta":{"origin":6867,"position":1},"title":"FESTIVAL BLUES EN AVEYRON 2024","author":"Le Canard du pianiste","date":"6 ao\u00fbt 2024","format":false,"excerpt":"Le 28 septembre 2024 vous assisterez \u00e0 des DUELS de PIANO-BOOGIE avec Michel Crosio, Anne Cadilhac, et Fabrice Eulry, au Prieur\u00e9 du Sauvage (Druelle, Balsac pr\u00e8s de l'a\u00e9roport de Rodez) - site \u00e9blouissant class\u00e9 et restaur\u00e9 gr\u00e2ce aux efforts titanesques de l'association Les Amis du Prieur\u00e9 de Sauvage (partenaire officiel\u2026","rel":"","context":"Dans &quot;Non class\u00e9&quot;","block_context":{"text":"Non class\u00e9","link":"http:\/\/www.fabriceeulry-laboutique.com\/blog\/?cat=1"},"img":{"alt_text":"","src":"https:\/\/i0.wp.com\/www.fabriceeulry-laboutique.com\/blog\/wp-content\/uploads\/2024\/09\/BenA-2024-6-1.png?resize=350%2C200","width":350,"height":200,"srcset":"https:\/\/i0.wp.com\/www.fabriceeulry-laboutique.com\/blog\/wp-content\/uploads\/2024\/09\/BenA-2024-6-1.png?resize=350%2C200 1x, https:\/\/i0.wp.com\/www.fabriceeulry-laboutique.com\/blog\/wp-content\/uploads\/2024\/09\/BenA-2024-6-1.png?resize=525%2C300 1.5x, https:\/\/i0.wp.com\/www.fabriceeulry-laboutique.com\/blog\/wp-content\/uploads\/2024\/09\/BenA-2024-6-1.png?resize=700%2C400 2x, https:\/\/i0.wp.com\/www.fabriceeulry-laboutique.com\/blog\/wp-content\/uploads\/2024\/09\/BenA-2024-6-1.png?resize=1050%2C600 3x, https:\/\/i0.wp.com\/www.fabriceeulry-laboutique.com\/blog\/wp-content\/uploads\/2024\/09\/BenA-2024-6-1.png?resize=1400%2C800 4x"},"classes":[]},{"id":6878,"url":"http:\/\/www.fabriceeulry-laboutique.com\/blog\/?p=6878","url_meta":{"origin":6867,"position":2},"title":"SUR LE SITE D&rsquo;HISTOIRE HERODOTE.COM","author":"Le Canard du pianiste","date":"12 mai 2015","format":false,"excerpt":"\u00a0 \"Le premier ministre de la France devrait \u00eatre en train de gouverner et de ne pas s'occuper du d\u00e9bat intellectuel en France.\"Emmanuel Todd. Apr\u00e8s les artistes et les philosophes, le pouvoir ex\u00e9cutif, s'en prend cette fois aux historiens, aux d\u00e9mographes. Cliquez sur la photo de l'historien d\u00e9mographe qui d\u00e8s\u2026","rel":"","context":"Dans &quot;Non class\u00e9&quot;","block_context":{"text":"Non class\u00e9","link":"http:\/\/www.fabriceeulry-laboutique.com\/blog\/?cat=1"},"img":{"alt_text":"L'histoire de france en chantant","src":"http:\/\/fabriceeulryunblogfr.unblog.fr\/files\/2009\/07\/cdcdcdgrand.bmp","width":350,"height":200},"classes":[]},{"id":2694,"url":"http:\/\/www.fabriceeulry-laboutique.com\/blog\/?p=2694","url_meta":{"origin":6867,"position":3},"title":"HAPPY THREE FRIENDS ET RESPECT DE LA LOI","author":"Le Canard du pianiste","date":"16 mai 2013","format":false,"excerpt":"\u00a0Une vid\u00e9o excellente dans la veine de l'humour noir des Happy three friends, \u00e0 regarder absolument avant de poster n'importe quoi sur Youtube. Cette vid\u00e9o intelligente \u00e0 but didactique \u00e9t\u00e9 visionn\u00e9e plus de trois millions de fois notamment parce que Youtube demande \u00e0 quiconque voulant mettre en ligne, de respecter\u2026","rel":"","context":"Dans &quot;Non class\u00e9&quot;","block_context":{"text":"Non class\u00e9","link":"http:\/\/www.fabriceeulry-laboutique.com\/blog\/?cat=1"},"img":{"alt_text":"","src":"https:\/\/i0.wp.com\/www.fabriceeulry-laboutique.com\/blog\/wp-content\/uploads\/2013\/05\/Pirate-300x163.png?resize=350%2C200","width":350,"height":200},"classes":[]},{"id":10987,"url":"http:\/\/www.fabriceeulry-laboutique.com\/blog\/?p=10987","url_meta":{"origin":6867,"position":4},"title":"LES JOURN\u00c9ES DU PATRIMOINE MENAC\u00c9","author":"Le Canard du pianiste","date":"13 septembre 2018","format":false,"excerpt":"Le Canard du pianiste relaie r\u00e9guli\u00e8rement le blogue de Christine Sourgins qui nous propose un propos exempt de toute id\u00e9ologie. Pas de conservatisme frileux ni de modernisme b\u00e9at, mais un \u00e9clairage toujours inattendu et pertinent rendu possible par un sens des r\u00e9alit\u00e9s \u00e9conomiques (qui lib\u00e8re la pens\u00e9e de l'abstraction id\u00e9ologique)\u2026","rel":"","context":"Dans &quot;Non class\u00e9&quot;","block_context":{"text":"Non class\u00e9","link":"http:\/\/www.fabriceeulry-laboutique.com\/blog\/?cat=1"},"img":{"alt_text":"","src":"https:\/\/i0.wp.com\/www.sourgins.fr\/wp-content\/uploads\/2014\/08\/comic-maigre-1-sur-2-600x82.jpg?resize=350%2C200","width":350,"height":200,"srcset":"https:\/\/i0.wp.com\/www.sourgins.fr\/wp-content\/uploads\/2014\/08\/comic-maigre-1-sur-2-600x82.jpg?resize=350%2C200 1x, https:\/\/i0.wp.com\/www.sourgins.fr\/wp-content\/uploads\/2014\/08\/comic-maigre-1-sur-2-600x82.jpg?resize=525%2C300 1.5x"},"classes":[]},{"id":3009,"url":"http:\/\/www.fabriceeulry-laboutique.com\/blog\/?p=3009","url_meta":{"origin":6867,"position":5},"title":"MISE AU POINT SUR LA MARSEILLAISE","author":"Le Canard du pianiste","date":"15 mai 2014","format":false,"excerpt":"\u00a0 \u00a0 \u00a0Suite \u00e0 de nouvelles tentatives de d\u00e9sinformation sur l'hymne national nous r\u00e9\u00e9ditons cette article : \u00a0 \u00a0 \u00a0 \u00a0La Marseillaise a \u00e9t\u00e9 cr\u00e9\u00e9e en 1792 pour\u00a0galvaniser le peuple contre les arm\u00e9es coalis\u00e9es (Prusse Autriche Angleterre)\u00a0et les nobles \u00e9migr\u00e9s \u00a0d\u00e9sirant r\u00e9tablir l'ancien r\u00e9gime. Mais bien au-del\u00e0 de ce contexte\u2026","rel":"","context":"Dans &quot;Non class\u00e9&quot;","block_context":{"text":"Non class\u00e9","link":"http:\/\/www.fabriceeulry-laboutique.com\/blog\/?cat=1"},"img":{"alt_text":"","src":"https:\/\/i0.wp.com\/www.fabriceeulry-laboutique.com\/blog\/wp-content\/uploads\/2013\/06\/Capture-d%E2%80%99%C3%A9cran-2001-01-01-%C3%A0-03.54.05.png?resize=350%2C200","width":350,"height":200},"classes":[]}],"_links":{"self":[{"href":"http:\/\/www.fabriceeulry-laboutique.com\/blog\/index.php?rest_route=\/wp\/v2\/posts\/6867","targetHints":{"allow":["GET"]}}],"collection":[{"href":"http:\/\/www.fabriceeulry-laboutique.com\/blog\/index.php?rest_route=\/wp\/v2\/posts"}],"about":[{"href":"http:\/\/www.fabriceeulry-laboutique.com\/blog\/index.php?rest_route=\/wp\/v2\/types\/post"}],"author":[{"embeddable":true,"href":"http:\/\/www.fabriceeulry-laboutique.com\/blog\/index.php?rest_route=\/wp\/v2\/users\/2"}],"replies":[{"embeddable":true,"href":"http:\/\/www.fabriceeulry-laboutique.com\/blog\/index.php?rest_route=%2Fwp%2Fv2%2Fcomments&post=6867"}],"version-history":[{"count":2,"href":"http:\/\/www.fabriceeulry-laboutique.com\/blog\/index.php?rest_route=\/wp\/v2\/posts\/6867\/revisions"}],"predecessor-version":[{"id":7278,"href":"http:\/\/www.fabriceeulry-laboutique.com\/blog\/index.php?rest_route=\/wp\/v2\/posts\/6867\/revisions\/7278"}],"wp:attachment":[{"href":"http:\/\/www.fabriceeulry-laboutique.com\/blog\/index.php?rest_route=%2Fwp%2Fv2%2Fmedia&parent=6867"}],"wp:term":[{"taxonomy":"category","embeddable":true,"href":"http:\/\/www.fabriceeulry-laboutique.com\/blog\/index.php?rest_route=%2Fwp%2Fv2%2Fcategories&post=6867"},{"taxonomy":"post_tag","embeddable":true,"href":"http:\/\/www.fabriceeulry-laboutique.com\/blog\/index.php?rest_route=%2Fwp%2Fv2%2Ftags&post=6867"}],"curies":[{"name":"wp","href":"https:\/\/api.w.org\/{rel}","templated":true}]}}