{"id":7213,"date":"2015-06-24T14:05:18","date_gmt":"2015-06-24T14:05:18","guid":{"rendered":"http:\/\/www.fabriceeulry-laboutique.com\/blog\/?p=7213"},"modified":"2015-06-25T00:33:38","modified_gmt":"2015-06-25T00:33:38","slug":"lipsn-ecrit-au-canard","status":"publish","type":"post","link":"http:\/\/www.fabriceeulry-laboutique.com\/blog\/?p=7213","title":{"rendered":"L&rsquo;IPSN ECRIT AU CANARD"},"content":{"rendered":"<table id=\"yui_3_16_0_1_1435141499022_30817\" border=\"0\" align=\"center\" bgcolor=\"#aecb57\">\n<tbody id=\"yui_3_16_0_1_1435141499022_30825\">\n<tr id=\"yui_3_16_0_1_1435141499022_30824\">\n<td width=\"10\"><span style=\"color: #000000;\">\u00a0<\/span><\/td>\n<td id=\"yui_3_16_0_1_1435141499022_30823\"><span style=\"color: #000000;\">\u00a0<\/span><\/td>\n<td width=\"10\"><span style=\"color: #000000;\">\u00a0<\/span><\/td>\n<\/tr>\n<tr id=\"yui_3_16_0_1_1435141499022_30828\">\n<td width=\"10\"><span style=\"color: #000000;\">\u00a0<\/span><\/td>\n<td id=\"yui_3_16_0_1_1435141499022_30827\" bgcolor=\"#FFFDF9\"><span style=\"color: #000000;\"><img data-recalc-dims=\"1\" decoding=\"async\" id=\"yui_3_16_0_1_1435141499022_30826\" src=\"https:\/\/i0.wp.com\/www.ipsn.eu\/impressions\/Logo_IPSN_FFFAF0_500_64.jpg?w=640\" alt=\"Institut pour la Protection de la Sante Naturelle\"  \/><\/span><\/td>\n<td width=\"10\"><span style=\"color: #000000;\">\u00a0<\/span><\/td>\n<\/tr>\n<tr id=\"yui_3_16_0_1_1435141499022_30830\">\n<td width=\"10\"><span style=\"color: #000000;\">\u00a0<\/span><\/td>\n<td id=\"yui_3_16_0_1_1435141499022_30829\" bgcolor=\"#FFFDF9\"><span style=\"color: #000000; font-family: Verdana, Arial, Helvetica, sans-serif;\"><span style=\"font-family: Verdana, Arial, Helvetica, sans-serif;\"><br \/>\n<\/span><\/span><\/p>\n<hr \/>\n<p><span style=\"color: #000000; font-family: Verdana, Arial, Helvetica, sans-serif;\"><span style=\"font-family: Verdana, Arial, Helvetica, sans-serif;\"><strong>Avis aux Belges<\/strong> : il reste encore des places pour la conf\u00e9rence exceptionnelle sur la m\u00e9decine du chou donn\u00e9e par le Dr Avendano, chirurgien de Cuzco, ce 26 Juin (c&rsquo;est vendredi ! ). La conf\u00e9rence a lieu \u00e0 19 heures au 5 Place Cockerill (Universit\u00e9 de Li\u00e8ge, Facult\u00e9 d&rsquo;arts et de Lettres). Venez nombreux! Plus d&rsquo;info ici :<a style=\"color: #000000;\" href=\"http:\/\/clic.institutprotectionsantenaturelle.eu\/t\/EQ\/7XE\/9w4\/AAjN0Q\/AAPZRg\/AAGG1Q\/AQ\/x4U7\" target=\"_blank\" rel=\"nofollow\"><strong>www.ipsn.eu\/actualites\/la-medecine-naturelle-au-perou<\/strong><\/a><\/span><\/span><\/p>\n<hr \/>\n<p><span style=\"color: #000000;\">\u00a0<\/span><\/p>\n<p><span style=\"color: #000000;\">Chers amis,<\/span><\/p>\n<p><span style=\"color: #000000;\">Je vous transf\u00e8re ce message poignant de Jean-Marc Dupuis.<\/span><\/p>\n<p><span style=\"color: #000000;\">Bonne lecture<\/span><\/p>\n<p><span style=\"color: #000000;\">Augustin de Livois<\/span><\/p>\n<p><span style=\"color: #000000;\">\u00a0<\/span><\/p>\n<h2><span style=\"color: #000000;\">Condol\u00e9ances extr\u00eames aux parents d&rsquo;Ayana<\/span><\/h2>\n<p><span style=\"color: #000000; font-family: Verdana, Arial, Helvetica, sans-serif;\"><span style=\"font-family: Verdana, Arial, Helvetica, sans-serif;\">Chers amis,<\/span><\/span><\/p>\n<p><span style=\"color: #000000;\">Excusez-moi d&rsquo;\u00eatre direct, surtout sur un sujet si douloureux.<\/span><\/p>\n<p><span style=\"color: #000000;\">Mais vous, pensez-vous que vous pourriez <u>trouver les mots justes<\/u> pour r\u00e9conforter deux jeunes parents qui se pr\u00e9parent \u00e0 la mort de leur b\u00e9b\u00e9 ?<\/span><\/p>\n<p><span style=\"color: #000000;\">C&rsquo;est ce qui est en train d&rsquo;arriver \u00e0 Julie Pitel et Jason Rivi\u00e8re, les parents de la petite Ayana. Leur b\u00e9b\u00e9 de sept mois est dans le coma depuis le 6 mai apr\u00e8s avoir \u00e9t\u00e9 vaccin\u00e9e \u00e0 l&rsquo;Infanrix Hexa et au Pr\u00e9venar [1].<\/span><\/p>\n<p><span style=\"color: #000000;\">Dimanche 21 juin, les m\u00e9decins leur ont annonc\u00e9 que le syst\u00e8me de respiration artificielle qui maintient Ayana en vie va devoir \u00eatre arr\u00eat\u00e9 \u00ab dans six ou huit jours \u00bb [2]. En effet, ils estiment que son cerveau est \u00ab irr\u00e9m\u00e9diablement d\u00e9truit \u00bb.<\/span><\/p>\n<p><span style=\"color: #000000;\">C&rsquo;est une \u00e9pouvantable trag\u00e9die.<\/span><\/p>\n<p><span style=\"color: #000000;\">Moi-m\u00eame qui ai perdu brutalement ma fille de 12 ans il y a peu, je me sentirais compl\u00e8tement d\u00e9muni si je me trouvais face \u00e0 ces jeunes parents.<\/span><\/p>\n<p><span style=\"color: #000000;\">Pourquoi ?<\/span><\/p>\n<p><span style=\"color: #000000;\">Parce que chaque cas est unique et je crois qu&rsquo;il est <u>impossible d&rsquo;imaginer<\/u> ce que ressentent des personnes dans un tel drame.<\/span><\/p>\n<p><span style=\"color: #000000;\">\u00ab <em>Condol\u00e9ances <\/em>\u00bb est un mot qui vient de l&rsquo;ancien fran\u00e7ais \u00ab <em>condouloir<\/em> \u00bb, s&rsquo;affliger avec quelqu&rsquo;un [3].<\/span><\/p>\n<p><span style=\"color: #000000;\">\u00ab <em>Je vous pr\u00e9sente mes condol\u00e9ances <\/em>\u00bb veut dire \u00ab <em>je souffre moi aussi avec vous du malheur qui vous afflige<\/em> \u00bb.<\/span><\/p>\n<p><span style=\"color: #000000;\">Mais dans ce cas, j&rsquo;aurais terriblement peur que mes paroles paraissent vaines, inutiles, et qu&rsquo;elles ne les r\u00e9confortent pas, au contraire m\u00eame : \u00ab <em>Vous pouvez toujours parler, rien ne nous rendra jamais notre enfant !<\/em> \u00bb, pourraient-ils me r\u00e9pondre, avec raison.<\/span><\/p>\n<p><span style=\"color: #000000;\">Et pourtant, m\u00eame si je suis maladroit, je voudrais vraiment dire \u00e0 Julie et Jason que je leur pr\u00e9sente, sinc\u00e8rement, mes <u>plus extr\u00eames condol\u00e9ances<\/u> et je sugg\u00e8re \u00e0 tous les lecteurs de <em>Sant\u00e9 Nature Innovation<\/em> qui le souhaitent de s\u2019associer en ajoutant un mot en commentaire de ce texte <a style=\"color: #000000;\" href=\"http:\/\/clic.institutprotectionsantenaturelle.eu\/t\/EQ\/7XE\/9w4\/AAjN0Q\/AAPZRg\/AAGFRg\/AQ\/RwRG\" target=\"_blank\" rel=\"nofollow\"><strong>ici<\/strong><\/a>.<\/span><\/p>\n<p><span style=\"color: #000000;\">Je voudrais qu&rsquo;ils sachent combien je souffre pour eux et pour leur b\u00e9b\u00e9. J&rsquo;ai \u00e9t\u00e9 boulevers\u00e9 par le courage qu&rsquo;ils ont montr\u00e9 \u00e0 la t\u00e9l\u00e9vision et depuis le d\u00e9but de cette affaire. Ils ont \u00e0 peine 21 et 22 ans ! (vous pouvez par exemple voir le reportage <a style=\"color: #000000;\" href=\"http:\/\/clic.institutprotectionsantenaturelle.eu\/t\/EQ\/7XE\/9w4\/AAjN0Q\/AAPZRg\/AAGFRw\/AQ\/N6-_\" target=\"_blank\" rel=\"nofollow\"><strong>ici<\/strong><\/a>)<\/span><\/p>\n<p><span style=\"color: #000000;\">Ce qu&rsquo;ils sont en train de vivre, ils ne l&rsquo;oublieront jamais. C&rsquo;est une \u00e9preuve qui marque pour toujours. Dans 20, 30 ou 50 ans, les larmes leur monteront aux yeux chaque fois qu&rsquo;ils repenseront \u00e0 leur petite ch\u00e9rie.<\/span><\/p>\n<p><span style=\"color: #000000;\">\u00a0<\/span><\/p>\n<h3><span style=\"color: #000000;\">Que faire maintenant ?<\/span><\/h3>\n<p><span style=\"color: #000000; font-family: Verdana, Arial, Helvetica, sans-serif;\"><span style=\"font-family: Verdana, Arial, Helvetica, sans-serif;\">Selon les articles que j&rsquo;ai pu lire dans les m\u00e9dias, Me Ludot, l&rsquo;avocat qui d\u00e9fend Julie et Jason, est \u00e9nergique et il les d\u00e9fend bien.<\/span><\/span><\/p>\n<p><span style=\"color: #000000;\">Il semble qu&rsquo;il y ait eu un probl\u00e8me avec le SAMU, qui n&rsquo;a pas voulu se d\u00e9placer alors que la petite avait 42,5\u00b0C de fi\u00e8vre apr\u00e8s sa vaccination. Elle aurait m\u00eame fait une convulsion, qui est une urgence m\u00e9dicale extr\u00eamement s\u00e9rieuse et fait partie des effets secondaires bien connus des vaccins. S&rsquo;ils avaient fait le minimum, ils auraient peut-\u00eatre pu la sauver.<\/span><\/p>\n<p><span style=\"color: #000000;\">Selon le journal <em>Le Parisien<\/em>, Me Ludot aurait d\u00e9clar\u00e9 :<\/span><\/p>\n<p><span style=\"color: #000000;\">Nous voulons<em> \u00ab tout savoir de ce qui s&rsquo;est pass\u00e9 \u00bb <\/em>et<em> \u00ab nous voulons que soit tenu aux parents un discours loyal et honn\u00eate, \u00e0 savoir que la nocivit\u00e9 des vaccins est \u00e0 l&rsquo;origine des 42\u00b0 de fi\u00e8vre (d&rsquo;Ayana) : c&rsquo;est l&rsquo;association criminog\u00e8ne des deux vaccins, Prevenar et Infanrix \u00bb<\/em> [4]<em>.<\/em><\/span><\/p>\n<p><span style=\"color: #000000;\">Cette demande para\u00eet d&rsquo;autant plus l\u00e9gitime que cette tragique affaire a eu lieu pr\u00e9cis\u00e9ment au moment o\u00f9 les pouvoirs publics et la plupart des m\u00e9dias essayaient de diaboliser l&rsquo;action du Pr Henri Joyeux pour la simple raison qu&rsquo;il demandait le retour du vaccin DT-Polio, plut\u00f4t que l&rsquo;obligation de fait impos\u00e9e aux parents de recourir aux supervaccins comme l&rsquo;<em>Infanrix<\/em>.<\/span><\/p>\n<p><span style=\"color: #000000;\">\u00a0<\/span><\/p>\n<h3><span style=\"color: #000000;\">Les m\u00e9dias bien ennuy\u00e9s<\/span><\/h3>\n<p><span style=\"color: #000000; font-family: Verdana, Arial, Helvetica, sans-serif;\"><span style=\"font-family: Verdana, Arial, Helvetica, sans-serif;\">Confront\u00e9s aujourd&rsquo;hui \u00e0 leurs contradictions, ces m\u00eames m\u00e9dias sont aujourd&rsquo;hui plus qu&rsquo;ennuy\u00e9s.<\/span><\/span><\/p>\n<p><span style=\"color: #000000;\">Ils sont en effet bien oblig\u00e9s de parler de l&rsquo;affaire d&rsquo;Ayana. Mais comment expliquer au public que l&rsquo;Infanrix, dont ils ont dit qu&rsquo;il n&rsquo;\u00e9tait pas du tout dangereux, soit impliqu\u00e9 dans la mort d&rsquo;un b\u00e9b\u00e9 qui \u00e9tait en parfaite sant\u00e9 avant les injections ?<\/span><\/p>\n<p><span style=\"color: #000000;\">La solution, assez piteuse, qu\u2019ils ont en g\u00e9n\u00e9ral choisie est de rester dans le vague.<\/span><\/p>\n<p><span style=\"color: #000000;\">La plupart, comme le journal <em>Le Monde<\/em> [5]<em>, L&rsquo;Express<\/em> [6]<em>, le Nouvel Observateur<\/em>[7]<em>,<\/em> reprenant l&rsquo;AFP, ont choisi le mensonge par omission, en parlant d&rsquo;un accident \u00ab suite \u00e0 deux vaccins \u00bb, sans pr\u00e9ciser lesquels.<\/span><\/p>\n<p><span style=\"color: #000000;\">D&rsquo;autres, et c&rsquo;est peut-\u00eatre pire encore, ont \u00e9crit que l&rsquo;accident s&rsquo;\u00e9tait produit apr\u00e8s une injection de DT-Polio, op\u00e9rant un amalgame aussi mensonger que dangereux entre le DT-Polio, qui est obligatoire, n\u00e9cessaire, et dont nous attendons tous le retour dans les pharmacies, et l&rsquo;Infanrix, qui n&rsquo;est pas obligatoire, pas n\u00e9cessaire, et que personne n&rsquo;utiliserait s&rsquo;il n&rsquo;y avait pas de p\u00e9nurie de DT-Polio, surtout qu&rsquo;il co\u00fbte sept fois plus cher.<\/span><\/p>\n<p><span style=\"color: #000000;\">\u00a0<\/span><\/p>\n<h3><span style=\"color: #000000;\">La ministre de la Sant\u00e9 Marisol Touraine garde le silence<\/span><\/h3>\n<p><span style=\"color: #000000; font-family: Verdana, Arial, Helvetica, sans-serif;\"><span style=\"font-family: Verdana, Arial, Helvetica, sans-serif;\">La ministre de la Sant\u00e9 Marisol Touraine, enfin, a choisi\u2026 le silence.<\/span><\/span><\/p>\n<p><span style=\"color: #000000;\">En un sens, elle est logique avec elle-m\u00eame puisqu&rsquo;elle avait eu le cran de d\u00e9clarer que \u00ab la vaccination, \u00e7a ne se discute pas \u00bb, alors m\u00eame que la petite Ayana venait de tomber dans le coma apr\u00e8s avoir re\u00e7u son vaccin.<\/span><\/p>\n<p><span style=\"color: #000000;\">\u00a0<\/span><\/p>\n<h3><span style=\"color: #000000;\">La mort d&rsquo;Ayana ne doit pas rester vaine<\/span><\/h3>\n<p><span style=\"color: #000000; font-family: Verdana, Arial, Helvetica, sans-serif;\"><span style=\"font-family: Verdana, Arial, Helvetica, sans-serif;\">Mais au fond, peu importe. Ce qu&rsquo;on esp\u00e8re aujourd&rsquo;hui, c&rsquo;est que les parents d&rsquo;Ayana parviendront \u00e0 surmonter cette \u00e9preuve aussi terrible qu&rsquo;injuste, et qu&rsquo;ils seront soutenus par le plus grand nombre possible de personnes.<\/span><\/span><\/p>\n<p><span style=\"color: #000000;\">Nous avons aussi l&rsquo;espoir que la mort de la petite Ayana ne restera pas vaine, et que le retour du simple vaccin DT-Polio sans aluminium dans les pharmacies de France permettra bient\u00f4t \u00e0 tous les b\u00e9b\u00e9s d&rsquo;\u00eatre vaccin\u00e9s dans les meilleures conditions de s\u00e9curit\u00e9.<\/span><\/p>\n<p><span style=\"color: #000000;\">\u00a0<\/span><\/p>\n<h3><span style=\"color: #000000;\">Comment se reconstruire<\/span><\/h3>\n<p><span id=\"yui_3_16_0_1_1435141499022_30831\" style=\"color: #000000; font-family: Verdana, Arial, Helvetica, sans-serif;\">La seule chose positive que l&rsquo;on peut essayer de dire aux parents d&rsquo;Ayana, c&rsquo;est que ce type d&rsquo;\u00e9preuve vous transforme de fa\u00e7on d\u00e9finitive, mais <u>pas forc\u00e9ment dans le mauvais sens<\/u>.<\/span><\/p>\n<p><span style=\"color: #000000;\">Si vous parvenez \u00e0 vous \u00ab reconstruire \u00bb apr\u00e8s cela, votre nouvelle vie, votre nouvelle fa\u00e7on de vivre et de voir le monde, en sont irr\u00e9m\u00e9diablement transform\u00e9es.<\/span><\/p>\n<p><span style=\"color: #000000;\">Mais cette <u>transformation<\/u> n&rsquo;est pas toujours uniquement une <u>destruction<\/u>. Il se peut aussi que la mort de votre enfant change votre regard sur la vie, sur les autres, sur vos autres enfants si vous en avez, sur votre conjoint et vos parents, en vous imposant un regard plus calme, compr\u00e9hensif, plus charg\u00e9 d&rsquo;amour et de sagesse.<\/span><\/p>\n<p><span style=\"color: #000000;\">Apr\u00e8s une temp\u00eate pareille, vous comprenez mieux les bornes de la vie sur terre, vous r\u00e9alisez de fa\u00e7on concr\u00e8te qu&rsquo;il y a des limites auxquelles personne n&rsquo;\u00e9chappe, des fronti\u00e8res d\u2019au-del\u00e0 desquelles personne ne revient. Cela peut vous donner plus de s\u00e9r\u00e9nit\u00e9 et une plus grande capacit\u00e9 \u00e0 appr\u00e9cier le moment pr\u00e9sent. Vous pouvez acqu\u00e9rir ce brin de fatalisme et de recul qui peuvent \u00eatre une bonne chose si vous aviez tendance \u00e0 \u00eatre trop angoiss\u00e9, trop impatient, trop press\u00e9 dans l&rsquo;existence.<\/span><\/p>\n<p><span style=\"color: #000000;\">Que vous le vouliez ou non, vous \u00eates <u>oblig\u00e9<\/u> de relativiser un certain nombre de choses. Beaucoup de risques ou d&rsquo;\u00e9preuves qui vous inqui\u00e9taient avant vous paraissent b\u00e9nins, par contraste avec ce que vous avez v\u00e9cu.<\/span><\/p>\n<p><span style=\"color: #000000;\">Vous n&rsquo;avez plus envie de vous \u00e9nerver parce qu&rsquo;on vous a \u00e9rafl\u00e9 votre voiture sur le parking du supermarch\u00e9. Rater vos vacances, perdre votre travail, vivre un chagrin d&rsquo;amour, recevoir une amende ou une facture sal\u00e9e inattendue ne sont plus des causes que vous prenez vraiment au s\u00e9rieux pour vous rendre malheureux.<\/span><\/p>\n<p><span style=\"color: #000000;\">\u00ab <em>Allez, c&rsquo;est la vie<\/em> \u00bb, vous dites-vous plus facilement. Vous apprenez \u00e0 faire contre mauvaise fortune bon c\u0153ur parce que vous savez maintenant que vous allez oublier tout \u00e7a bien vite, beaucoup plus vite que cette douleur qui, elle, est pour toujours dans votre c\u0153ur.<\/span><\/p>\n<p><span style=\"color: #000000;\">Bien \u00e0 vous,<\/span><\/p>\n<p><span style=\"color: #000000;\">Jean-Marc Dupuis<\/span><\/p>\n<p><span style=\"color: #000000;\">PS : Acc\u00e9dez ici \u00e0 la p\u00e9tition du Pr Joyeux, <a style=\"color: #000000;\" href=\"http:\/\/clic.institutprotectionsantenaturelle.eu\/t\/EQ\/7XE\/9w4\/AAjN0Q\/AAPZRg\/MTAwMDIzfGh0dHA6Ly9wZXRpdGlvbi5pcHNuLmV1L3BlbnVyaWUtdmFjY2luLWR0LXBvbGlvL21lc3NhZ2UucGhwP3V0bV9zb3VyY2U9U1RFRlImYW1wO3V0bV9tZWRpdW09cGV0aXRpb24mYW1wO3V0bV9jYW1wYWlnbj0yMDE1MDYtMjMtVkRU.\/AQ\/kPZl\" target=\"_blank\" rel=\"nofollow\"><em><strong>Vaccin DT-Polio : l&rsquo;appel urgent <\/strong><\/em><\/a><\/span><\/p>\n<p><span style=\"color: #000000;\"><strong>Sources :<\/strong><\/span><\/p>\n<p><span style=\"color: #000000;\">[1] <a style=\"color: #000000;\" href=\"http:\/\/clic.institutprotectionsantenaturelle.eu\/t\/EQ\/7XE\/9w4\/AAjN0Q\/AAPZRg\/AAGE6g\/AQ\/9OKZ\" target=\"_blank\" rel=\"nofollow\">Angers : ils refusent l&rsquo;arr\u00eat des soins pour Ayana, leur fillette de 7 mois dans le coma<\/a><\/span><\/p>\n<p><span style=\"color: #000000;\">[2] <a style=\"color: #000000;\" href=\"http:\/\/clic.institutprotectionsantenaturelle.eu\/t\/EQ\/7XE\/9w4\/AAjN0Q\/AAPZRg\/AAGE6w\/AQ\/nMKh\" target=\"_blank\" rel=\"nofollow\">Angers : les parents d&rsquo;Ayana consentent au d\u00e9c\u00e8s \u00abprogramm\u00e9\u00bb de leur b\u00e9b\u00e9<\/a><\/span><\/p>\n<p><span style=\"color: #000000;\">[3] <a style=\"color: #000000;\" href=\"http:\/\/clic.institutprotectionsantenaturelle.eu\/t\/EQ\/7XE\/9w4\/AAjN0Q\/AAPZRg\/AAGE7A\/AQ\/do3-\" target=\"_blank\" rel=\"nofollow\">Wiktionary, condol\u00e9ance<\/a><\/span><\/p>\n<p><span style=\"color: #000000;\">[4] <a style=\"color: #000000;\" href=\"http:\/\/clic.institutprotectionsantenaturelle.eu\/t\/EQ\/7XE\/9w4\/AAjN0Q\/AAPZRg\/AAGE6g\/Ag\/VvlK\" target=\"_blank\" rel=\"nofollow\">Angers : ils refusent l&rsquo;arr\u00eat des soins pour Ayana, leur fillette de 7 mois dans le coma<\/a><\/span><\/p>\n<p><span style=\"color: #000000;\">[5] <a style=\"color: #000000;\" href=\"http:\/\/clic.institutprotectionsantenaturelle.eu\/t\/EQ\/7XE\/9w4\/AAjN0Q\/AAPZRg\/AAGGoQ\/AQ\/eSmC\" target=\"_blank\" rel=\"nofollow\">Les parents d&rsquo;un b\u00e9b\u00e9 consentent \u00e0 sa mort \u00ab programm\u00e9e \u00bb<\/a><\/span><\/p>\n<p><span style=\"color: #000000;\">[6] <a style=\"color: #000000;\" href=\"http:\/\/clic.institutprotectionsantenaturelle.eu\/t\/EQ\/7XE\/9w4\/AAjN0Q\/AAPZRg\/AAGGvg\/AQ\/rwhm\" target=\"_blank\" rel=\"nofollow\">A Angers, les parents d&rsquo;Ayana se rangent finalement \u00e0 son d\u00e9c\u00e8s \u00ab\u00a0programm\u00e9\u00a0\u00bb<\/a><\/span><\/p>\n<p><span style=\"color: #000000;\">[7] <a style=\"color: #000000;\" href=\"http:\/\/clic.institutprotectionsantenaturelle.eu\/t\/EQ\/7XE\/9w4\/AAjN0Q\/AAPZRg\/AAGGvw\/AQ\/n1-x\" target=\"_blank\" rel=\"nofollow\">Les parents d&rsquo;Ayana, 7 mois, acceptent son d\u00e9c\u00e8s \u00ab\u00a0programm\u00e9\u00a0\u00bb<\/a><\/span><\/p>\n<p><span style=\"color: #000000;\">\u00a0<\/span><\/td>\n<td width=\"10\"><span style=\"color: #000000;\">\u00a0<\/span><\/td>\n<\/tr>\n<tr id=\"yui_3_16_0_1_1435141499022_30834\">\n<td width=\"10\"><span style=\"color: #000000;\">\u00a0<\/span><\/td>\n<td id=\"yui_3_16_0_1_1435141499022_30833\" bgcolor=\"#aecb57\">\n<h4><span style=\"color: #000000; font-family: Verdana, Arial, Helvetica, sans-serif; font-size: small;\"><br \/>\nSoutenez l&rsquo;IPSN<\/span><\/h4>\n<p><span style=\"color: #000000; font-family: Verdana, Arial, Helvetica, sans-serif; font-size: small;\"><span style=\"font-family: Verdana, Arial, Helvetica, sans-serif; font-size: small;\"><span style=\"font-family: Verdana, Arial, Helvetica, sans-serif; font-size: small;\">Vous souhaitez soutenir les actions de l&rsquo;IPSN et faire un don : <a style=\"color: #000000;\" href=\"http:\/\/clic.institutprotectionsantenaturelle.eu\/t\/EQ\/7XE\/9w4\/AAjN0Q\/AAPZRg\/MTA5fGh0dHBzOi8vd3d3LnBheXBhbC5jb20vY2dpLWJpbi93ZWJzY3I-Y21kPV9zLXhjbGljayZhbXA7aG9zdGVkX2J1dHRvbl9pZD0zWldEV1MyQUZWNFYy.\/AQ\/ULFC\" target=\"_blank\" rel=\"nofollow\"><strong>visitez la page ici<\/strong><\/a>.<\/span><\/span><\/span><\/p>\n<p><span style=\"color: #000000;\">\u00a0<\/span><\/p>\n<hr align=\"center\" size=\"2\" \/>\n<p><span style=\"color: #373737; font-family: Verdana, Arial, Helvetica, sans-serif; font-size: small;\"><span style=\"color: #373737; font-family: Verdana, Arial, Helvetica, sans-serif; font-size: small;\"><span style=\"color: #373737; font-family: Verdana, Arial, Helvetica, sans-serif; font-size: small;\"><br \/>\n<span id=\"yui_3_16_0_1_1435141499022_30838\" style=\"color: #373737; font-family: Verdana, Arial, Helvetica, sans-serif; font-size: small;\">Cette newsletter est publi\u00e9e par l&rsquo;<em>Institut pour la Protection de la Sant\u00e9 Naturelle<\/em>. Si vous souhaitez la recevoir, il vous suffit de <a href=\"http:\/\/clic.institutprotectionsantenaturelle.eu\/t\/EQ\/7XE\/9w4\/AAjN0Q\/AAPZRg\/MzE4NDZ8aHR0cDovL3d3dy5pcHNuLmV1L3J1YnJpcXVlL25ld3NsZXR0ZXI-dXRtX3NvdXJjZT0kJCRHT09HTEUtU09VUkNFJmFtcDt1dG1fbWVkaXVtPSQkJEdPT0dMRS1NRURJVU0mYW1wO3V0bV9jYW1wYWlnbj0kJCRHT09HTEUtQ0FNUEFJR04.\/AQ\/pIMH\" target=\"_blank\" rel=\"nofollow\"><strong>vous rendre \u00e0 la page qui se trouve ici<\/strong><\/a>. <\/span><\/span><\/span><\/span><\/p>\n<p><span id=\"yui_3_16_0_1_1435141499022_30837\" style=\"color: #373737; font-family: Verdana, Arial, Helvetica, sans-serif; font-size: small;\">Votre adresse ne sera jamais transmise \u00e0 aucun tiers et vous pourrez vous d\u00e9sinscrire gr\u00e2ce \u00e0 un lien se trouvant sur toutes nos newsletters, en fin de message.<\/span><\/p>\n<p>&nbsp;<\/p>\n<hr align=\"center\" size=\"2\" \/>\n<p><span id=\"yui_3_16_0_1_1435141499022_30836\" style=\"color: #373737; font-family: Verdana, Arial, Helvetica, sans-serif; font-size: small;\"><span id=\"yui_3_16_0_1_1435141499022_30835\" style=\"color: #373737; font-family: Verdana, Arial, Helvetica, sans-serif; font-size: small;\"><br \/>\nInstitut pour la Protection de la Sant\u00e9 Naturelle<br \/>\nAssociation sans but lucratif<br \/>\nRue du vieux March\u00e9 au grain, 48<br \/>\n1000 BRUXELLES<br \/>\n<a href=\"http:\/\/clic.institutprotectionsantenaturelle.eu\/t\/EQ\/7XE\/9w4\/AAjN0Q\/AAPZRg\/Tjc\/AQ\/fSOY\" target=\"_blank\" rel=\"nofollow\"><strong>IPSN<\/strong><\/a><\/span><\/span><\/p>\n<p>&nbsp;<\/td>\n<\/tr>\n<\/tbody>\n<\/table>\n<p>&nbsp;<\/p>\n","protected":false},"excerpt":{"rendered":"<p>\u00a0 \u00a0 \u00a0 \u00a0 \u00a0 \u00a0 Avis aux Belges : il reste encore des places pour la conf\u00e9rence exceptionnelle sur la m\u00e9decine du chou donn\u00e9e par le Dr Avendano, chirurgien de Cuzco, ce 26 Juin (c&rsquo;est vendredi ! ). La &hellip; <a href=\"http:\/\/www.fabriceeulry-laboutique.com\/blog\/?p=7213\">Continuer la lecture <span class=\"meta-nav\">&rarr;<\/span><\/a><\/p>\n","protected":false},"author":2,"featured_media":0,"comment_status":"open","ping_status":"open","sticky":false,"template":"","format":"standard","meta":{"jetpack_post_was_ever_published":false,"_jetpack_newsletter_access":"","_jetpack_dont_email_post_to_subs":false,"_jetpack_newsletter_tier_id":0,"_jetpack_memberships_contains_paywalled_content":false,"_jetpack_memberships_contains_paid_content":false,"footnotes":"","jetpack_publicize_message":"","jetpack_publicize_feature_enabled":true,"jetpack_social_post_already_shared":true,"jetpack_social_options":{"image_generator_settings":{"template":"highway","default_image_id":0,"font":"","enabled":false},"version":2}},"categories":[1],"tags":[],"class_list":["post-7213","post","type-post","status-publish","format-standard","hentry","category-non-classe"],"jetpack_publicize_connections":[],"jetpack_featured_media_url":"","jetpack_sharing_enabled":true,"jetpack_shortlink":"https:\/\/wp.me\/p2D6dI-1Sl","jetpack_likes_enabled":true,"jetpack-related-posts":[{"id":9446,"url":"http:\/\/www.fabriceeulry-laboutique.com\/blog\/?p=9446","url_meta":{"origin":7213,"position":0},"title":"BIENNALE DE VENISE","author":"Le Canard du pianiste","date":"20 mai 2017","format":false,"excerpt":"Le Canard du pianiste relaie r\u00e9guli\u00e8rement le blogue de Christine Sourgins qui nous propose un propos exempt de toute id\u00e9ologie. Pas de conservatisme frileux ni de modernisme b\u00e9at, mais un \u00e9clairage toujours inattendu et pertinent rendu possible par un sens des r\u00e9alit\u00e9s \u00e9conomiques (qui lib\u00e8re la pens\u00e9e de l'abstraction id\u00e9ologique)\u2026","rel":"","context":"Dans &quot;Non class\u00e9&quot;","block_context":{"text":"Non class\u00e9","link":"http:\/\/www.fabriceeulry-laboutique.com\/blog\/?cat=1"},"img":{"alt_text":"sourg","src":"https:\/\/i0.wp.com\/www.fabriceeulry-laboutique.com\/blog\/wp-content\/uploads\/2016\/12\/sourg.png?resize=350%2C200","width":350,"height":200},"classes":[]},{"id":6608,"url":"http:\/\/www.fabriceeulry-laboutique.com\/blog\/?p=6608","url_meta":{"origin":7213,"position":1},"title":"CONTRE-ATTAQUE DU GENIE FRANCAIS","author":"Le Canard du pianiste","date":"18 mars 2015","format":false,"excerpt":"\u00a0 Les pouvoirs publics ont eu beau liquider l'h\u00e9ritage, ils n'emp\u00eacheront pas le g\u00e9nie fran\u00e7ais de rena\u00eetre, ni le savoir faire se transmettre, comme pour donner le change au lamentable abandon de Pleyel il y a quelques mois (et du d\u00e9classement de la salle du m\u00eame nom) \u00a0 \u00a0 Paul-Etienne\u2026","rel":"","context":"Dans &quot;Non class\u00e9&quot;","block_context":{"text":"Non class\u00e9","link":"http:\/\/www.fabriceeulry-laboutique.com\/blog\/?cat=1"},"img":{"alt_text":"","src":"https:\/\/i0.wp.com\/www.fabriceeulry-laboutique.com\/blog\/wp-content\/uploads\/2015\/03\/pol2-2.jpg?resize=350%2C200","width":350,"height":200},"classes":[]},{"id":7054,"url":"http:\/\/www.fabriceeulry-laboutique.com\/blog\/?p=7054","url_meta":{"origin":7213,"position":2},"title":"VACCINEZ-VOUS CONTRE L&rsquo;ALUMINIUM !","author":"Le Canard du pianiste","date":"6 juin 2015","format":false,"excerpt":"L'IPSN \u00e9crit au Canard du pianiste... Et \u00e0 des millions de gens qui souhaitent s'informer pour leur sant\u00e9, sans \u00eatre pour autant de vilains complotistes (\"Han c'est m\u00e2\u00e2l !\"): \u00a0 \u00a0 \u00a0 \u00a0 \u00a0 \u00a0 \u00ab Madame la Ministre, pourquoi tant de violence\u00a0?\u00a0\u00bb\u00a0Chers amis, Jusqu'ici, nous avions d\u00e9cid\u00e9 de ne\u2026","rel":"","context":"Dans &quot;Non class\u00e9&quot;","block_context":{"text":"Non class\u00e9","link":"http:\/\/www.fabriceeulry-laboutique.com\/blog\/?cat=1"},"img":{"alt_text":"","src":"https:\/\/i0.wp.com\/petition.ipsn.eu\/img\/signer.png?resize=350%2C200","width":350,"height":200},"classes":[]},{"id":6041,"url":"http:\/\/www.fabriceeulry-laboutique.com\/blog\/?p=6041","url_meta":{"origin":7213,"position":3},"title":"LA DERNIERE MANUFACTURE FRANCAISE DE PIANOS","author":"Le Canard du pianiste","date":"10 d\u00e9cembre 2014","format":false,"excerpt":"\u00a0 Ecrit au Canard du pianiste : Cher amis musiciens et chers clients, Pour cette premi\u00e8re lettre d'information, c'est avec un immense plaisir que je vous invite \u00e0 venir d\u00e9couvrir mon nouveau piano de concert Stephen Paulello SP217. Celui-ci sera livr\u00e9 et pr\u00e9sent\u00e9 par son concepteur lors des concerts du\u2026","rel":"","context":"Dans &quot;Non class\u00e9&quot;","block_context":{"text":"Non class\u00e9","link":"http:\/\/www.fabriceeulry-laboutique.com\/blog\/?cat=1"},"img":{"alt_text":"","src":"https:\/\/i0.wp.com\/berliozpianos.fr\/PEB\/wp-content\/uploads\/2013\/04\/logoPEB3.png?resize=350%2C200","width":350,"height":200},"classes":[]},{"id":9361,"url":"http:\/\/www.fabriceeulry-laboutique.com\/blog\/?p=9361","url_meta":{"origin":7213,"position":4},"title":"FABRICE EULRY AU FESTIVAL D&rsquo;AVIGNON 2017","author":"Le Canard du pianiste","date":"10 avril 2017","format":false,"excerpt":"M\u00e9dia int\u00e8gre avec lequel vous ne risquez aucun enfumage, Le Canard du pianiste vous a annonc\u00e9 en exclusivit\u00e9 la pr\u00e9sence de Fabrice Eulry au festival d'Avignon 2017, il y a d\u00e9j\u00e0 plus d'un mois. En voici la confirmation officielle ! \u00a0 \u00a0Et non ce n'\u00e9tait donc ni une vilaine rumeur\u2026","rel":"","context":"Dans &quot;Non class\u00e9&quot;","block_context":{"text":"Non class\u00e9","link":"http:\/\/www.fabriceeulry-laboutique.com\/blog\/?cat=1"},"img":{"alt_text":"","src":"https:\/\/i0.wp.com\/www.fabriceeulry-laboutique.com\/blog\/wp-content\/uploads\/2017\/04\/avignon-2017.jpg?resize=350%2C200","width":350,"height":200},"classes":[]},{"id":6694,"url":"http:\/\/www.fabriceeulry-laboutique.com\/blog\/?p=6694","url_meta":{"origin":7213,"position":5},"title":"A QUELLES MALADIES RESISTEZ-VOUS ?","author":"Le Canard du pianiste","date":"10 avril 2015","format":false,"excerpt":"L'IPSN \u00e9crit au Canard du pianiste : A quelles maladies r\u00e9sistez-vous naturellement? Ch\u00e8re amie, cher ami, Tout le monde conna\u00eet ou devrait conna\u00eetre son groupe sanguin. A, B, AB, O (voire A+, A-, B+, B-\u00a0etc.). C'est tr\u00e8s utile en cas de transfusion sanguine par exemple car tous ne sont pas\u2026","rel":"","context":"Dans &quot;Non class\u00e9&quot;","block_context":{"text":"Non class\u00e9","link":"http:\/\/www.fabriceeulry-laboutique.com\/blog\/?cat=1"},"img":{"alt_text":"","src":"https:\/\/i0.wp.com\/www.fabriceeulry-laboutique.com\/blog\/wp-content\/uploads\/2013\/06\/Ca.jpg?resize=350%2C200","width":350,"height":200},"classes":[]}],"_links":{"self":[{"href":"http:\/\/www.fabriceeulry-laboutique.com\/blog\/index.php?rest_route=\/wp\/v2\/posts\/7213","targetHints":{"allow":["GET"]}}],"collection":[{"href":"http:\/\/www.fabriceeulry-laboutique.com\/blog\/index.php?rest_route=\/wp\/v2\/posts"}],"about":[{"href":"http:\/\/www.fabriceeulry-laboutique.com\/blog\/index.php?rest_route=\/wp\/v2\/types\/post"}],"author":[{"embeddable":true,"href":"http:\/\/www.fabriceeulry-laboutique.com\/blog\/index.php?rest_route=\/wp\/v2\/users\/2"}],"replies":[{"embeddable":true,"href":"http:\/\/www.fabriceeulry-laboutique.com\/blog\/index.php?rest_route=%2Fwp%2Fv2%2Fcomments&post=7213"}],"version-history":[{"count":2,"href":"http:\/\/www.fabriceeulry-laboutique.com\/blog\/index.php?rest_route=\/wp\/v2\/posts\/7213\/revisions"}],"predecessor-version":[{"id":7220,"href":"http:\/\/www.fabriceeulry-laboutique.com\/blog\/index.php?rest_route=\/wp\/v2\/posts\/7213\/revisions\/7220"}],"wp:attachment":[{"href":"http:\/\/www.fabriceeulry-laboutique.com\/blog\/index.php?rest_route=%2Fwp%2Fv2%2Fmedia&parent=7213"}],"wp:term":[{"taxonomy":"category","embeddable":true,"href":"http:\/\/www.fabriceeulry-laboutique.com\/blog\/index.php?rest_route=%2Fwp%2Fv2%2Fcategories&post=7213"},{"taxonomy":"post_tag","embeddable":true,"href":"http:\/\/www.fabriceeulry-laboutique.com\/blog\/index.php?rest_route=%2Fwp%2Fv2%2Ftags&post=7213"}],"curies":[{"name":"wp","href":"https:\/\/api.w.org\/{rel}","templated":true}]}}