{"id":7312,"date":"2015-07-12T03:24:05","date_gmt":"2015-07-12T03:24:05","guid":{"rendered":"http:\/\/www.fabriceeulry-laboutique.com\/blog\/?p=7312"},"modified":"2018-12-12T03:17:32","modified_gmt":"2018-12-12T03:17:32","slug":"leuro-en-question-sur-herodotenet","status":"publish","type":"post","link":"http:\/\/www.fabriceeulry-laboutique.com\/blog\/?p=7312","title":{"rendered":"L&rsquo;EURO EN QUESTION SUR HERODOTE.NET"},"content":{"rendered":"<h2 style=\"text-align: center;\"><span style=\"color: #000000;\"><strong>C&rsquo;est gr\u00e2ce \u00e0 une analyse historique que la fameux site explique les errements d&rsquo;une des plus grosses usines \u00e0 gaz \u00e9conomique de tous les temps.<\/strong><\/span><\/h2>\n<p>&nbsp;<\/p>\n<p><span style=\"color: #000000;\"><a style=\"color: #000000;\" href=\"http:\/\/www.herodote.net\/\"><img data-recalc-dims=\"1\" loading=\"lazy\" decoding=\"async\" class=\"aligncenter size-full wp-image-7313\" src=\"https:\/\/i0.wp.com\/www.fabriceeulry-laboutique.com\/blog\/wp-content\/uploads\/2015\/07\/eur-.jpg?resize=640%2C451\" alt=\"eur\" width=\"640\" height=\"451\" srcset=\"https:\/\/i0.wp.com\/www.fabriceeulry-laboutique.com\/blog\/wp-content\/uploads\/2015\/07\/eur-.jpg?w=823 823w, https:\/\/i0.wp.com\/www.fabriceeulry-laboutique.com\/blog\/wp-content\/uploads\/2015\/07\/eur-.jpg?resize=300%2C211 300w\" sizes=\"auto, (max-width: 640px) 100vw, 640px\" \/><\/a><\/span><\/p>\n<h2 style=\"text-align: center;\"><span style=\"color: #000000;\"><strong>Enseignez l&rsquo;histoire de France avec des chansons, de l&rsquo;humour et l&rsquo;esprit l\u00e9ger et positif :<\/strong><\/span><\/h2>\n<h2><span style=\"color: #000000;\"><a style=\"color: #000000;\" href=\"http:\/\/www.fabriceeulry.com\/discographie.html\"><img data-recalc-dims=\"1\" decoding=\"async\" class=\"aligncenter\" src=\"https:\/\/i0.wp.com\/www.fabriceeulry.com\/images\/livre_disque\/histoire_de_france.jpg?w=100\" alt=\"\"  \/><\/a><\/span><\/h2>\n<h2 style=\"text-align: center;\"><span style=\"color: #000000;\"><strong>Le livre-disque de Fabrice Eulry \u00a0: 1h.20 de r\u00e9cit et de chansons originales 50 pages illustr\u00e9es.<\/strong><\/span><\/h2>\n<h2><span style=\"color: #000000;\"><img data-recalc-dims=\"1\" decoding=\"async\" src=\"https:\/\/i0.wp.com\/www.fabriceeulry.com\/images\/livre_disque\/histoire_de_france.jpg?w=100\" alt=\"\"  \/>\u00a0On le trouve \u00e9galement \u00e0 la librairie Notre-dame de France, sur le site www.h\u00e9rodote.net.<\/span><\/h2>\n<p style=\"text-align: center;\"><span style=\"color: #000000;\"><strong><img data-recalc-dims=\"1\" decoding=\"async\" src=\"https:\/\/i0.wp.com\/saxonac.free.fr\/fabeulry4\/images\/cd\/l_entente.jpg?w=640\" alt=\"Ragtime\" \/><\/strong><\/span><\/p>\n<h2 style=\"text-align: center;\"><span style=\"color: #000000;\"><strong>Voici un po\u00e8me pianistique contant un si\u00e8cle d\u2019Entente franco-britannique sous la forme d\u2019une composition originale d\u00e9clin\u00e9e en seize variations illustrant chacune autant d\u2019\u00e9v\u00e9nements v\u00e9cus en commun avec nos cousins d\u2019outre-manche depuis 1904. Un livret est joint dans les deux langues.<\/strong><\/span><\/h2>\n<h2 style=\"text-align: center;\"><span style=\"color: #000000;\"><strong>Cette composition command\u00e9e par l&rsquo;ambassade de France \u00e0 Londres a \u00e9t\u00e9 donn\u00e9e en premi\u00e8re mondiale le 9 d\u00e9cembre 2004 par Fabrice Eulry dont on d\u00e9couvre ici une nouvelle facette.<\/strong><\/span><\/h2>\n","protected":false},"excerpt":{"rendered":"<p>C&rsquo;est gr\u00e2ce \u00e0 une analyse historique que la fameux site explique les errements d&rsquo;une des plus grosses usines \u00e0 gaz \u00e9conomique de tous les temps. &nbsp; Enseignez l&rsquo;histoire de France avec des chansons, de l&rsquo;humour et l&rsquo;esprit l\u00e9ger et positif &hellip; <a href=\"http:\/\/www.fabriceeulry-laboutique.com\/blog\/?p=7312\">Continuer la lecture <span class=\"meta-nav\">&rarr;<\/span><\/a><\/p>\n","protected":false},"author":2,"featured_media":0,"comment_status":"open","ping_status":"open","sticky":false,"template":"","format":"standard","meta":{"jetpack_post_was_ever_published":false,"_jetpack_newsletter_access":"","_jetpack_dont_email_post_to_subs":true,"_jetpack_newsletter_tier_id":0,"_jetpack_memberships_contains_paywalled_content":false,"_jetpack_memberships_contains_paid_content":false,"footnotes":"","jetpack_publicize_message":"","jetpack_publicize_feature_enabled":true,"jetpack_social_post_already_shared":true,"jetpack_social_options":{"image_generator_settings":{"template":"highway","default_image_id":0,"font":"","enabled":false},"version":2}},"categories":[1],"tags":[45],"class_list":["post-7312","post","type-post","status-publish","format-standard","hentry","category-non-classe","tag-economie"],"jetpack_publicize_connections":[],"jetpack_featured_media_url":"","jetpack_sharing_enabled":true,"jetpack_shortlink":"https:\/\/wp.me\/p2D6dI-1TW","jetpack_likes_enabled":true,"jetpack-related-posts":[{"id":7378,"url":"http:\/\/www.fabriceeulry-laboutique.com\/blog\/?p=7378","url_meta":{"origin":7312,"position":0},"title":"L&rsquo;IPSN ECRIT AU CANARD","author":"Le Canard du pianiste","date":"4 ao\u00fbt 2015","format":false,"excerpt":"Supermarch\u00e9 : cet ami qui vous envahit Ch\u00e8re amie, cher ami, Notre supermarch\u00e9 est un proche. C'est comme un ami. On va le voir souvent, surtout s'il nous manque quelque chose. Sa pr\u00e9sence nous rassure. S'il est \u00e0 court de produits, on r\u00e2le, s'il ferme c'est la panique. Et pourtant,\u2026","rel":"","context":"Dans &quot;Non class\u00e9&quot;","block_context":{"text":"Non class\u00e9","link":"http:\/\/www.fabriceeulry-laboutique.com\/blog\/?cat=1"},"img":{"alt_text":"","src":"","width":0,"height":0},"classes":[]},{"id":4746,"url":"http:\/\/www.fabriceeulry-laboutique.com\/blog\/?p=4746","url_meta":{"origin":7312,"position":1},"title":"PRENEZ UN AVOCAT !","author":"Le Canard du pianiste","date":"27 mars 2014","format":false,"excerpt":"Le fruit magique contre le vieillissement cellulaire Vous entendez beaucoup parler des \u00ab\u00a0radicaux libres\u00a0\u00bb, ces mol\u00e9cules agressives qui attaquent vos cellules, et m\u00eame votre ADN. Ils acc\u00e9l\u00e8rent le vieillissement et contribuent \u00e0 d\u00e9clencher de nombreuses maladies li\u00e9es \u00e0 l'\u00e2ge, comme l'ath\u00e9roscl\u00e9rose, les probl\u00e8mes de vue, les d\u00e9mences, et le cancer.\u00a0\u2026","rel":"","context":"Dans &quot;Non class\u00e9&quot;","block_context":{"text":"Non class\u00e9","link":"http:\/\/www.fabriceeulry-laboutique.com\/blog\/?cat=1"},"img":{"alt_text":"","src":"","width":0,"height":0},"classes":[]},{"id":11692,"url":"http:\/\/www.fabriceeulry-laboutique.com\/blog\/?p=11692","url_meta":{"origin":7312,"position":2},"title":"L&rsquo;HISTOIRE DU BLUES \u00c0 L&rsquo;\u00c9COLE","author":"Le Canard du pianiste","date":"16 mars 2019","format":false,"excerpt":"Le g\u00e9nial Buddy Guy Fabrice Eulry offrait ce 11 mars deux conf\u00e9rences-concerts \u00e0 l'\u00e9cole primaire Ars\u00e8ne Ratier de Bozouls : tout\u00a0d'abord\u00a0pour\u00a0les\u00a0\"grands\"\u00a0du\u00a0CM1\u00a0au\u00a0CM2\u00a0puis\u00a0pour\u00a0les\u00a0tout\u00a0petits\u00a0maternelle\u00a0CP\u00a0CE1 CE2\u00a0en\u00a0version\u00a0plus\u00a0courte\u00a0et\u00a0expurg\u00e9e.\u00a0 Mais, \u00e0 chaque fois, il raconte cette m\u00eame histoire en l'adaptant \u00e0 ses jeunes publics, cette m\u00eame histoire incroyable qui commence par la d\u00e9portation, le d\u00e9racinement, l'esclavage,\u00a0et\u00a0mute\u00a0dans\u00a0la\u00a0r\u00e9silience\u00a0qu'offre\u00a0la\u00a0musique. Des\u2026","rel":"","context":"Dans &quot;Non class\u00e9&quot;","block_context":{"text":"Non class\u00e9","link":"http:\/\/www.fabriceeulry-laboutique.com\/blog\/?cat=1"},"img":{"alt_text":"","src":"https:\/\/i0.wp.com\/www.fabriceeulry-laboutique.com\/blog\/wp-content\/uploads\/2019\/03\/Blues-%C3%A0-l%C3%A9cole-6.png?resize=350%2C200","width":350,"height":200},"classes":[]},{"id":6628,"url":"http:\/\/www.fabriceeulry-laboutique.com\/blog\/?p=6628","url_meta":{"origin":7312,"position":3},"title":"LE DEBIT DU LAIT EST-IL LAID ?","author":"Le Canard du pianiste","date":"25 mars 2015","format":false,"excerpt":"Devez-vous cesser d\u2019urgence de consommer du lait\u00a0? Ch\u00e8re amie, cher ami, Avant de vous parler du lait et des produits laitiers, sachez qu'il reste encore des places pour nos deux prochains \u00e9v\u00e9nements\u00a0: La conf\u00e9rence de Luc\u00a0Bodin le 28\u00a0mars 2015\u00a0: \u00ab\u00a0Soigner avec l'\u00e9nergie\u00a0\u00bb, \u00e0 Louvain-la-Neuve (Belgique).\u00a0Programme et inscriptions ici. Plus d'informations\u2026","rel":"","context":"Dans &quot;Non class\u00e9&quot;","block_context":{"text":"Non class\u00e9","link":"http:\/\/www.fabriceeulry-laboutique.com\/blog\/?cat=1"},"img":{"alt_text":"","src":"","width":0,"height":0},"classes":[]},{"id":7393,"url":"http:\/\/www.fabriceeulry-laboutique.com\/blog\/?p=7393","url_meta":{"origin":7312,"position":4},"title":"L&rsquo;AME D&rsquo;UN FESTIVAL (TAILLE CRITIQUE ET EVOLUTION)","author":"Le Canard du pianiste","date":"14 ao\u00fbt 2015","format":false,"excerpt":"Un article de La D\u00e9p\u00eache du midi essaie de r\u00e9sumer l'\u00e9volution de ce genre de manifestation.\u00a0 Les premi\u00e8res impressions ne sont pas toujours trompeuses : la premi\u00e8re semaine avait sonn\u00e9 relativement creux \u00e0 Marciac. La suite est venue confirmer cette tendance. Certains soirs \u2013 on pense notamment au 1er et\u2026","rel":"","context":"Dans &quot;Non class\u00e9&quot;","block_context":{"text":"Non class\u00e9","link":"http:\/\/www.fabriceeulry-laboutique.com\/blog\/?cat=1"},"img":{"alt_text":"","src":"https:\/\/i0.wp.com\/www.fabriceeulry-laboutique.com\/blog\/wp-content\/uploads\/2015\/08\/tri-.jpg?resize=350%2C200","width":350,"height":200},"classes":[]},{"id":638,"url":"http:\/\/www.fabriceeulry-laboutique.com\/blog\/?p=638","url_meta":{"origin":7312,"position":5},"title":"GARDEZ-MOI UNE PART DE CERVEAU DISPONIBLE ! (SUITE)","author":"Le Canard du pianiste","date":"22 octobre 2012","format":false,"excerpt":"\u00a0\u00a0Les m\u00e9dias s'\u00e9taient \u00e9mus,\u00a0il y a deux ans, de ce que l'honn\u00eate citoyen Fran\u00e7ois Vaillant\u00a0f\u00fbt pass\u00e9 au tribunal pour avoir refus\u00e9 de donner son A.D.N. alors qu'il n'avait fait que manifester pacifiquement son refus\u00a0de l'agression publicitaire. Il fait part aujourd'hui\u00a0d'un sondage au Canard du pianiste, d\u00e9sireux de vous informer de\u2026","rel":"","context":"Dans &quot;Non class\u00e9&quot;","block_context":{"text":"Non class\u00e9","link":"http:\/\/www.fabriceeulry-laboutique.com\/blog\/?cat=1"},"img":{"alt_text":"","src":"https:\/\/i0.wp.com\/antipub.org\/local\/cache-vignettes\/L200xH94\/arton256-156a3.jpg?resize=350%2C200","width":350,"height":200},"classes":[]}],"_links":{"self":[{"href":"http:\/\/www.fabriceeulry-laboutique.com\/blog\/index.php?rest_route=\/wp\/v2\/posts\/7312","targetHints":{"allow":["GET"]}}],"collection":[{"href":"http:\/\/www.fabriceeulry-laboutique.com\/blog\/index.php?rest_route=\/wp\/v2\/posts"}],"about":[{"href":"http:\/\/www.fabriceeulry-laboutique.com\/blog\/index.php?rest_route=\/wp\/v2\/types\/post"}],"author":[{"embeddable":true,"href":"http:\/\/www.fabriceeulry-laboutique.com\/blog\/index.php?rest_route=\/wp\/v2\/users\/2"}],"replies":[{"embeddable":true,"href":"http:\/\/www.fabriceeulry-laboutique.com\/blog\/index.php?rest_route=%2Fwp%2Fv2%2Fcomments&post=7312"}],"version-history":[{"count":6,"href":"http:\/\/www.fabriceeulry-laboutique.com\/blog\/index.php?rest_route=\/wp\/v2\/posts\/7312\/revisions"}],"predecessor-version":[{"id":7470,"href":"http:\/\/www.fabriceeulry-laboutique.com\/blog\/index.php?rest_route=\/wp\/v2\/posts\/7312\/revisions\/7470"}],"wp:attachment":[{"href":"http:\/\/www.fabriceeulry-laboutique.com\/blog\/index.php?rest_route=%2Fwp%2Fv2%2Fmedia&parent=7312"}],"wp:term":[{"taxonomy":"category","embeddable":true,"href":"http:\/\/www.fabriceeulry-laboutique.com\/blog\/index.php?rest_route=%2Fwp%2Fv2%2Fcategories&post=7312"},{"taxonomy":"post_tag","embeddable":true,"href":"http:\/\/www.fabriceeulry-laboutique.com\/blog\/index.php?rest_route=%2Fwp%2Fv2%2Ftags&post=7312"}],"curies":[{"name":"wp","href":"https:\/\/api.w.org\/{rel}","templated":true}]}}