{"id":7402,"date":"2015-08-19T04:53:05","date_gmt":"2015-08-19T04:53:05","guid":{"rendered":"http:\/\/www.fabriceeulry-laboutique.com\/blog\/?p=7402"},"modified":"2018-12-12T03:09:40","modified_gmt":"2018-12-12T03:09:40","slug":"lappel-du-18-aout","status":"publish","type":"post","link":"http:\/\/www.fabriceeulry-laboutique.com\/blog\/?p=7402","title":{"rendered":"L&rsquo;APPEL DU 18 AOUT"},"content":{"rendered":"<div id=\"yui_3_16_0_1_1439868078261_2104\" class=\"base-card-header\"><span style=\"color: #000000;\">\u00a0<\/span><\/div>\n<div id=\"yui_3_16_0_1_1439868078261_2080\" class=\"base-card-body\">\n<div id=\"yui_3_16_0_1_1439868078261_1992\" class=\"msg-body inner  undoreset\" tabindex=\"0\">\n<div id=\"email-wrapped\">\n<div id=\"yiv1308776742\">\n<div id=\"yui_3_16_0_1_1439868078261_2079\">\n<div id=\"yui_3_16_0_1_1439868078261_2078\">\n<div id=\"yiv1308776742yui_3_16_0_1_1439261746961_13811\" class=\"yiv1308776742\">\n<div id=\"yiv1308776742contentContainer\" class=\"yiv1308776742\">\n<table id=\"yiv1308776742contentContainerTable\" class=\"yiv1308776742\">\n<tbody id=\"yiv1308776742yui_3_16_0_1_1439261746961_13817\" class=\"yiv1308776742\">\n<tr id=\"yiv1308776742yui_3_16_0_1_1439261746961_13816\" class=\"yiv1308776742\">\n<td id=\"yiv1308776742dossierscontent\" class=\"yiv1308776742\" width=\"100%\">\n<table id=\"yiv1308776742yui_3_16_0_1_1439261746961_13815\" class=\"yiv1308776742\">\n<tbody id=\"yiv1308776742yui_3_16_0_1_1439261746961_13814\" class=\"yiv1308776742\">\n<tr id=\"yiv1308776742yui_3_16_0_1_1439261746961_13813\" class=\"yiv1308776742\">\n<td id=\"yiv1308776742yui_3_16_0_1_1439261746961_13812\" class=\"yiv1308776742\" width=\"100%\">\n<div class=\"yiv1308776742\" style=\"text-align: center;\">\n<div class=\"yiv1308776742\" style=\"text-align: center;\">\n<div class=\"yiv1308776742\">\n<div class=\"yiv1308776742\">\n<h2 id=\"yiv1308776742yui_3_16_0_1_1439261746961_13818\" class=\"yiv1308776742\" style=\"text-align: center;\"><span style=\"color: #000000;\"><strong>L&rsquo;Appel du 18 ao\u00fbt<\/strong><\/span><\/h2>\n<h2 id=\"yiv1308776742yui_3_16_0_1_1439261746961_13834\" class=\"yiv1308776742\" style=\"text-align: center;\"><span style=\"color: #000000;\"><strong>\u00a0<\/strong><\/span><\/h2>\n<h2 id=\"yiv1308776742yui_3_16_0_1_1439261746961_13835\" class=\"yiv1308776742\" style=\"text-align: center;\"><span style=\"color: #000000;\"><strong>\u00ab\u00a0Les professionnels qui, depuis de nombreuses ann\u00e9es, sont \u00e0 la t\u00eate de l&rsquo;industrie musicale fran\u00e7aise , ont form\u00e9 un conglom\u00e9rat.<\/strong><\/span><\/h2>\n<h2 id=\"yiv1308776742yui_3_16_0_1_1439261746961_13850\" class=\"yiv1308776742\" style=\"text-align: center;\"><span style=\"color: #000000;\"><strong>\u00a0<\/strong><\/span><\/h2>\n<h2 id=\"yiv1308776742yui_3_16_0_1_1439261746961_13851\" class=\"yiv1308776742\" style=\"text-align: center;\"><span style=\"color: #000000;\"><strong>Ce conglom\u00e9rat, all\u00e9guant la d\u00e9faite du bon go\u00fbt,, s&rsquo;est mis en rapport avec la robotisation de la musique pour cesser la cr\u00e9ation.\u00a0<\/strong><\/span><\/h2>\n<table id=\"yiv1308776742yui_3_16_0_1_1439261746961_14170\" class=\"yiv1308776742 aligncenter\">\n<tbody id=\"yiv1308776742yui_3_16_0_1_1439261746961_14169\" class=\"yiv1308776742\">\n<tr id=\"yiv1308776742yui_3_16_0_1_1439261746961_14781\" class=\"yiv1308776742\">\n<td id=\"yiv1308776742yui_3_16_0_1_1439261746961_14780\" class=\"yiv1308776742\"><span style=\"color: #000000;\"><strong>\u00a0<\/strong><\/span><\/td>\n<\/tr>\n<tr id=\"yiv1308776742yui_3_16_0_1_1439261746961_14168\" class=\"yiv1308776742\">\n<td id=\"yiv1308776742yui_3_16_0_1_1439261746961_14167\" class=\"yiv1308776742\"><span style=\"color: #000000;\"><strong>\u00a0<\/strong><\/span><\/td>\n<\/tr>\n<\/tbody>\n<\/table>\n<h2 id=\"yiv1308776742yui_3_16_0_1_1439261746961_13867\" class=\"yiv1308776742\" style=\"text-align: center;\"><span style=\"color: #000000;\"><strong>Certes, nous avons \u00e9t\u00e9, nous sommes, submerg\u00e9s par la surabondance d&rsquo;informations, radiophoniques t\u00e9l\u00e9visuelles et sur internet.<\/strong><\/span><\/h2>\n<h2 id=\"yiv1308776742yui_3_16_0_1_1439261746961_13868\" class=\"yiv1308776742\" style=\"text-align: center;\"><span style=\"color: #000000;\"><strong>\u00a0<\/strong><\/span><\/h2>\n<h2 id=\"yiv1308776742yui_3_16_0_1_1439261746961_13897\" class=\"yiv1308776742\" dir=\"ltr\" style=\"text-align: center;\"><span style=\"color: #000000;\"><strong>Infiniment plus que leur nombre, c&rsquo;est le mauvais go\u00fbt, le rap, le remix, la tactique mercantile des DJs qui nous ont fait reculer. Ce sont\u00a0<span id=\"yiv1308776742yui_3_16_0_1_1439261746961_14647\" class=\"yiv1308776742\">le mauvais go\u00fbt, le rap, le remix, la tactique mercantile des DJs<\/span><span id=\"yiv1308776742yui_3_16_0_1_1439261746961_14648\" class=\"yiv1308776742\">\u00a0qui ont surpris nos professionnels de l&rsquo;industrie musicale au point de les amener l\u00e0 o\u00f9 ils en sont aujourd&rsquo;hui.<\/span><\/strong><\/span><\/h2>\n<h2 id=\"yiv1308776742yui_3_16_0_1_1439261746961_13966\" class=\"yiv1308776742\" style=\"text-align: center;\"><span style=\"color: #000000;\"><strong>\u00a0<\/strong><\/span><\/h2>\n<h2 id=\"yiv1308776742yui_3_16_0_1_1439261746961_13920\" class=\"yiv1308776742\" style=\"text-align: center;\"><span style=\"color: #000000;\"><strong>Mais le dernier mot est-il dit ? L&rsquo;esp\u00e9rance doit-elle dispara\u00eetre ? La confidentialit\u00e9 est-elle d\u00e9finitive ? Non !<\/strong><\/span><\/h2>\n<p>&nbsp;<\/p>\n<\/div>\n<\/div>\n<\/div>\n<\/div>\n<div class=\"yiv1308776742\" style=\"text-align: center;\">\n<div class=\"yiv1308776742\">\n<div class=\"yiv1308776742\">\n<h3><strong style=\"font-size: 1.5em;\"><a href=\"https:\/\/i0.wp.com\/www.fabriceeulry-laboutique.com\/blog\/wp-content\/uploads\/2013\/10\/001-piano-guillaume.gif\"><img data-recalc-dims=\"1\" loading=\"lazy\" decoding=\"async\" title=\"001 piano guillaume\" src=\"https:\/\/i0.wp.com\/www.fabriceeulry-laboutique.com\/blog\/wp-content\/uploads\/2013\/10\/001-piano-guillaume.gif?resize=80%2C110\" alt=\"\" width=\"80\" height=\"110\" \/><\/a><\/strong><\/h3>\n<h2 id=\"yiv1308776742yui_3_16_0_1_1439261746961_13921\" class=\"yiv1308776742\" style=\"text-align: center;\"><span style=\"color: #000000;\"><strong>\u00a0<\/strong><\/span><\/h2>\n<h2 id=\"yiv1308776742yui_3_16_0_1_1439261746961_13922\" class=\"yiv1308776742\" style=\"text-align: center;\"><span style=\"color: #000000;\"><strong>Croyez-moi, moi qui vous parle en connaissance de cause et vous dis que rien n&rsquo;est perdu pour la musique, les m\u00eames moyens qui nous ont occult\u00e9s peuvent faire venir bient\u00f4t le succ\u00e8s.<\/strong><\/span><\/h2>\n<h2 id=\"yiv1308776742yui_3_16_0_1_1439261746961_13923\" class=\"yiv1308776742\" style=\"text-align: center;\"><span style=\"color: #000000;\"><strong>\u00a0<\/strong><\/span><\/h2>\n<h2 id=\"yiv1308776742yui_3_16_0_1_1439261746961_13967\" class=\"yiv1308776742\" dir=\"ltr\" style=\"text-align: center;\"><span style=\"color: #000000;\"><strong>Car ma musique n&rsquo;est pas seule ! Elle n&rsquo;est pas seule ! Elle n&rsquo;est pas seule ! Elle a un vaste public derri\u00e8re elle. Elle peut faire bloc avec celle d&rsquo;Elizabeth Sombart qui d\u00e9fend le r\u00e9pertoire de Chopin et continue la qu\u00eate de beaut\u00e9. Elle peut, comme elle, utiliser sans limites, votre immense go\u00fbt du partage.<\/strong><\/span><\/h2>\n<h2 id=\"yiv1308776742yui_3_16_0_1_1439261746961_14052\" class=\"yiv1308776742\" style=\"text-align: center;\"><span style=\"color: #000000;\"><strong>\u00a0<\/strong><\/span><\/h2>\n<h2 id=\"yiv1308776742yui_3_16_0_1_1439261746961_14053\" class=\"yiv1308776742\" style=\"text-align: center;\"><span style=\"color: #000000;\"><strong>Cette qu\u00eate n&rsquo;est pas limit\u00e9e \u00e0 une malheureuse soir\u00e9e. Cette qu\u00eate n&rsquo;est pas tranch\u00e9e par la soir\u00e9e du 10 septembre. Cette qu\u00eate est une qu\u00eate artistique globale. Toutes les fautes, tous les retards, toutes les frustrations, n&#8217;emp\u00eachent pas qu&rsquo;il y a, dans l&rsquo;univers, tous les moyens n\u00e9cessaires pour amener tout un chacun \u00e0 go\u00fbter un jour notre musique. Occult\u00e9s par la force m\u00e9diatique, nous pourrons toucher le public dans l&rsquo;avenir par une force m\u00e9diatique sup\u00e9rieure. Le destin de notre musique est l\u00e0.<\/strong><\/span><\/h2>\n<h2 id=\"yiv1308776742yui_3_16_0_1_1439261746961_14199\" class=\"yiv1308776742\" style=\"text-align: center;\"><span style=\"color: #000000;\"><strong>\u00a0<\/strong><\/span><\/h2>\n<h2 id=\"yiv1308776742yui_3_16_0_1_1439261746961_14200\" class=\"yiv1308776742\" style=\"text-align: center;\"><span style=\"color: #000000;\"><strong>Moi, Fabrice Eulry, actuellement en tourn\u00e9e estivale, j&rsquo;invite les m\u00e9lomanes et les fans de tous bords qui se trouveront \u00e0 Paris le 10 septembre ou qui viendraient \u00e0 s&rsquo;y trouver, avec leurs amis ou sans leurs amis, j&rsquo;invite les chefs d&rsquo;entreprises et les f\u00e9d\u00e9rateurs d&rsquo;\u00e9nergie des moyens de communication qui se trouvent en Ile de France ou qui viendraient \u00e0 s&rsquo;y trouver, \u00e0 se mettre en rapport avec moi.<\/strong><\/span><\/h2>\n<h2 id=\"yiv1308776742yui_3_16_0_1_1439261746961_14257\" class=\"yiv1308776742\" style=\"text-align: center;\"><span style=\"color: #000000;\"><strong>\u00a0<\/strong><\/span><\/h2>\n<h2 id=\"yiv1308776742yui_3_16_0_1_1439261746961_14342\" class=\"yiv1308776742\" style=\"text-align: center;\"><span style=\"color: #000000;\"><strong>Quoi qu&rsquo;il arrive, la flamme de la g\u00e9n\u00e9rosit\u00e9 musicale ne doit pas s&rsquo;\u00e9teindre et ne s&rsquo;\u00e9teindra pas.<\/strong><\/span><\/h2>\n<h2 id=\"yiv1308776742yui_3_16_0_1_1439261746961_14343\" class=\"yiv1308776742\" style=\"text-align: center;\"><span style=\"color: #000000;\"><strong>\u00a0<\/strong><\/span><\/h2>\n<h2 id=\"yiv1308776742yui_3_16_0_1_1439261746961_14344\" class=\"yiv1308776742\" style=\"text-align: center;\"><span style=\"color: #000000;\"><strong>Demain, comme aujourd&rsquo;hui, Je m&rsquo;exprimerai sur \u00ab\u00a0Le Canard du pianiste.\u00a0\u00bb<\/strong><\/span><\/h2>\n<p><span style=\"color: #000000;\"><strong>Fabrice Eulry<\/strong><\/span><\/p>\n<p>&nbsp;<\/p>\n<\/div>\n<\/div>\n<\/div>\n<div id=\"yiv1308776742content\" class=\"yiv1308776742\">\n<div id=\"yiv1308776742texte\" class=\"yiv1308776742\">\n<p style=\"text-align: center;\"><a href=\"https:\/\/i0.wp.com\/www.fabriceeulry-laboutique.com\/blog\/wp-content\/uploads\/2015\/08\/OLYMPIA-2015-ELIZABETH-.jpg\"><img data-recalc-dims=\"1\" loading=\"lazy\" decoding=\"async\" class=\"aligncenter size-full wp-image-7404\" src=\"https:\/\/i0.wp.com\/www.fabriceeulry-laboutique.com\/blog\/wp-content\/uploads\/2015\/08\/OLYMPIA-2015-ELIZABETH-.jpg?resize=407%2C573\" alt=\"OLYMPIA 2015 ELIZABETH\" width=\"407\" height=\"573\" srcset=\"https:\/\/i0.wp.com\/www.fabriceeulry-laboutique.com\/blog\/wp-content\/uploads\/2015\/08\/OLYMPIA-2015-ELIZABETH-.jpg?w=407 407w, https:\/\/i0.wp.com\/www.fabriceeulry-laboutique.com\/blog\/wp-content\/uploads\/2015\/08\/OLYMPIA-2015-ELIZABETH-.jpg?resize=213%2C300 213w, https:\/\/i0.wp.com\/www.fabriceeulry-laboutique.com\/blog\/wp-content\/uploads\/2015\/08\/OLYMPIA-2015-ELIZABETH-.jpg?resize=300%2C422 300w\" sizes=\"auto, (max-width: 407px) 100vw, 407px\" \/><\/a><\/p>\n<div id=\"yui_3_16_0_1_1411233096791_2560\" style=\"text-align: center;\"><span id=\"yui_3_16_0_1_1439959042949_5103\" style=\"color: #000000;\">Vous \u00eates d\u00e9j\u00e0 plus de <span id=\"yui_3_16_0_1_1439959042949_5102\">1223<\/span>\u00a0\u00e0 avoir r\u00e9serv\u00e9 \u00a0!<\/span><\/div>\n<div id=\"yui_3_16_0_1_1411233096791_3219\">\n<h2 id=\"yiv5462782478yui_3_16_0_7_1409864925270_4\" style=\"text-align: center;\"><span style=\"color: #000000;\">R\u00e9servez sur le site de l&rsquo;Olympia<\/span><\/h2>\n<div id=\"yui_3_16_0_1_1439959042949_5088\" style=\"text-align: center;\"><span id=\"yui_3_16_0_1_1439959042949_5090\" style=\"color: #000000;\"><a id=\"yui_3_16_0_1_1439959042949_5089\" style=\"color: #000000;\" href=\"http:\/\/www.olympiahall.com\/variete-francaise-disco\/fabrice-eulry.html\" target=\"_blank\" rel=\"nofollow\">http:\/\/www.olympiahall.com\/variete-francaise-disco\/fabrice-eulry.html<\/a><\/span><\/div>\n<\/div>\n<\/div>\n<\/div>\n<\/td>\n<\/tr>\n<\/tbody>\n<\/table>\n<\/td>\n<\/tr>\n<\/tbody>\n<\/table>\n<\/div>\n<\/div>\n<\/div>\n<\/div>\n<\/div>\n<\/div>\n<\/div>\n<\/div>\n","protected":false},"excerpt":{"rendered":"<p>\u00a0 L&rsquo;Appel du 18 ao\u00fbt \u00a0 \u00ab\u00a0Les professionnels qui, depuis de nombreuses ann\u00e9es, sont \u00e0 la t\u00eate de l&rsquo;industrie musicale fran\u00e7aise , ont form\u00e9 un conglom\u00e9rat. \u00a0 Ce conglom\u00e9rat, all\u00e9guant la d\u00e9faite du bon go\u00fbt,, s&rsquo;est mis en rapport avec &hellip; <a href=\"http:\/\/www.fabriceeulry-laboutique.com\/blog\/?p=7402\">Continuer la lecture <span class=\"meta-nav\">&rarr;<\/span><\/a><\/p>\n","protected":false},"author":2,"featured_media":0,"comment_status":"open","ping_status":"open","sticky":false,"template":"","format":"standard","meta":{"jetpack_post_was_ever_published":false,"_jetpack_newsletter_access":"","_jetpack_dont_email_post_to_subs":true,"_jetpack_newsletter_tier_id":0,"_jetpack_memberships_contains_paywalled_content":false,"_jetpack_memberships_contains_paid_content":false,"footnotes":"","jetpack_publicize_message":"","jetpack_publicize_feature_enabled":true,"jetpack_social_post_already_shared":true,"jetpack_social_options":{"image_generator_settings":{"template":"highway","default_image_id":0,"font":"","enabled":false},"version":2}},"categories":[1],"tags":[47],"class_list":["post-7402","post","type-post","status-publish","format-standard","hentry","category-non-classe","tag-olympia"],"jetpack_publicize_connections":[],"jetpack_featured_media_url":"","jetpack_sharing_enabled":true,"jetpack_shortlink":"https:\/\/wp.me\/p2D6dI-1Vo","jetpack_likes_enabled":true,"jetpack-related-posts":[{"id":9515,"url":"http:\/\/www.fabriceeulry-laboutique.com\/blog\/?p=9515","url_meta":{"origin":7402,"position":0},"title":"L&rsquo;APPEL DU 18 JUIN (CONS\u00c9QUENCES)","author":"Le Canard du pianiste","date":"19 juin 2017","format":false,"excerpt":"On parle de la r\u00e9sistance, mais l'arm\u00e9e des Fran\u00e7ais libres qui combattirent \u00e0 l'ext\u00e9rieur du territoire national de 1940 \u00e0 1944 a concern\u00e9 encore plus de combattants (jusqu'\u00e0 700 000 ! Sur les quatre ann\u00e9es) Voici un bref documentaire qui r\u00e9sume cette \u00e9norme \u00e9pop\u00e9e : https:\/\/www.youtube.com\/watch?v=LT4hiBZUM6o","rel":"","context":"Dans &quot;Non class\u00e9&quot;","block_context":{"text":"Non class\u00e9","link":"http:\/\/www.fabriceeulry-laboutique.com\/blog\/?cat=1"},"img":{"alt_text":"","src":"https:\/\/i0.wp.com\/img.youtube.com\/vi\/LT4hiBZUM6o\/0.jpg?resize=350%2C200","width":350,"height":200},"classes":[]},{"id":7486,"url":"http:\/\/www.fabriceeulry-laboutique.com\/blog\/?p=7486","url_meta":{"origin":7402,"position":1},"title":"J-1 : OLYMPIA. ORCHESTRE : COMPLET. MEZZANINE COMPLETE&#8230;","author":"Le Canard du pianiste","date":"9 septembre 2015","format":false,"excerpt":"Et quelques places au balcon qui vont s'arracher au guichet Vous \u00eates d\u00e9j\u00e0 plus de 1567 \u00e0 avoir r\u00e9serv\u00e9 \u00a0! R\u00e9servez sur le site de l'Olympia http:\/\/www.olympiahall.com\/variete-francaise-disco\/fabrice-eulry.html","rel":"","context":"Dans &quot;Non class\u00e9&quot;","block_context":{"text":"Non class\u00e9","link":"http:\/\/www.fabriceeulry-laboutique.com\/blog\/?cat=1"},"img":{"alt_text":"OLYMPIA 2015 ELIZABETH","src":"https:\/\/i0.wp.com\/www.fabriceeulry-laboutique.com\/blog\/wp-content\/uploads\/2015\/08\/OLYMPIA-2015-ELIZABETH-.jpg?resize=350%2C200","width":350,"height":200},"classes":[]},{"id":10992,"url":"http:\/\/www.fabriceeulry-laboutique.com\/blog\/?p=10992","url_meta":{"origin":7402,"position":2},"title":"RETOUR SUR UN FESTIVAL D&rsquo;\u00c9T\u00c9","author":"Le Canard du pianiste","date":"14 septembre 2018","format":false,"excerpt":"Un extrait du bulletin d'Espalion nous narre le r\u00e9cital du 15 ao\u00fbt dans ce clo\u00eetre merveilleux au bord du Lot :","rel":"","context":"Dans &quot;Non class\u00e9&quot;","block_context":{"text":"Non class\u00e9","link":"http:\/\/www.fabriceeulry-laboutique.com\/blog\/?cat=1"},"img":{"alt_text":"","src":"https:\/\/i0.wp.com\/www.fabriceeulry-laboutique.com\/blog\/wp-content\/uploads\/2018\/09\/st-geniez-2018.png?resize=350%2C200","width":350,"height":200,"srcset":"https:\/\/i0.wp.com\/www.fabriceeulry-laboutique.com\/blog\/wp-content\/uploads\/2018\/09\/st-geniez-2018.png?resize=350%2C200 1x, https:\/\/i0.wp.com\/www.fabriceeulry-laboutique.com\/blog\/wp-content\/uploads\/2018\/09\/st-geniez-2018.png?resize=525%2C300 1.5x"},"classes":[]},{"id":7822,"url":"http:\/\/www.fabriceeulry-laboutique.com\/blog\/?p=7822","url_meta":{"origin":7402,"position":3},"title":"OLYMPIA 2015 FABRICE EULRY (VERSION COURTE)","author":"Le Canard du pianiste","date":"7 novembre 2015","format":false,"excerpt":"Quelques secondes seulement, frustrantes comme, \u00e0 vos dires, le fut le spectacle, en attendant une version un peu plus longue : (Cliquez sur l'image pour les visionner) Ici quelques captures d'\u00e9cran de la r\u00e9p\u00e9tition (des variations sur Les copains d'abord) tir\u00e9es de... la version longue du reportage qui para\u00eetra bient\u00f4t.\u2026","rel":"","context":"Dans &quot;Non class\u00e9&quot;","block_context":{"text":"Non class\u00e9","link":"http:\/\/www.fabriceeulry-laboutique.com\/blog\/?cat=1"},"img":{"alt_text":"OLYMPIA CAPTURE 2","src":"https:\/\/i0.wp.com\/www.fabriceeulry-laboutique.com\/blog\/wp-content\/uploads\/2015\/11\/OLYMPIA-CAPTURE-2-.jpg?resize=350%2C200","width":350,"height":200,"srcset":"https:\/\/i0.wp.com\/www.fabriceeulry-laboutique.com\/blog\/wp-content\/uploads\/2015\/11\/OLYMPIA-CAPTURE-2-.jpg?resize=350%2C200 1x, https:\/\/i0.wp.com\/www.fabriceeulry-laboutique.com\/blog\/wp-content\/uploads\/2015\/11\/OLYMPIA-CAPTURE-2-.jpg?resize=525%2C300 1.5x, https:\/\/i0.wp.com\/www.fabriceeulry-laboutique.com\/blog\/wp-content\/uploads\/2015\/11\/OLYMPIA-CAPTURE-2-.jpg?resize=700%2C400 2x, https:\/\/i0.wp.com\/www.fabriceeulry-laboutique.com\/blog\/wp-content\/uploads\/2015\/11\/OLYMPIA-CAPTURE-2-.jpg?resize=1050%2C600 3x"},"classes":[]},{"id":7451,"url":"http:\/\/www.fabriceeulry-laboutique.com\/blog\/?p=7451","url_meta":{"origin":7402,"position":4},"title":"UNE BANDE-ANNONCE","author":"Le Canard du pianiste","date":"5 septembre 2015","format":false,"excerpt":"Sit\u00f4t mise en ligne par R\u00e9sonnance la fondation d'Elizabeth Sombart, cette bande-annonce a d\u00e9pass\u00e9 le millier de vues : (Cliquez sur l'image pour la visionner) Vous \u00eates d\u00e9j\u00e0 plus de 1288\u00a0\u00e0 avoir r\u00e9serv\u00e9 \u00a0! R\u00e9servez sur le site de l'Olympia http:\/\/www.olympiahall.com\/variete-francaise-disco\/fabrice-eulry.html","rel":"","context":"Dans &quot;Non class\u00e9&quot;","block_context":{"text":"Non class\u00e9","link":"http:\/\/www.fabriceeulry-laboutique.com\/blog\/?cat=1"},"img":{"alt_text":"","src":"https:\/\/i0.wp.com\/www.fabriceeulry-laboutique.com\/blog\/wp-content\/uploads\/2015\/09\/ban-.jpg?resize=350%2C200","width":350,"height":200,"srcset":"https:\/\/i0.wp.com\/www.fabriceeulry-laboutique.com\/blog\/wp-content\/uploads\/2015\/09\/ban-.jpg?resize=350%2C200 1x, https:\/\/i0.wp.com\/www.fabriceeulry-laboutique.com\/blog\/wp-content\/uploads\/2015\/09\/ban-.jpg?resize=525%2C300 1.5x, https:\/\/i0.wp.com\/www.fabriceeulry-laboutique.com\/blog\/wp-content\/uploads\/2015\/09\/ban-.jpg?resize=700%2C400 2x"},"classes":[]},{"id":7488,"url":"http:\/\/www.fabriceeulry-laboutique.com\/blog\/?p=7488","url_meta":{"origin":7402,"position":5},"title":"ECOUTEZ ELIZABETH SOMBART JUSTE AVANT L&rsquo;OLYMPIA","author":"Le Canard du pianiste","date":"10 septembre 2015","format":false,"excerpt":"\u00a0 Interview d\u2019Elizabeth Sombart :\u00a0Rencontres Chopin \u00e0 Saint-Avold: \u00ab Les ap\u00f4tres de la consolation \u00bb (Cliquez sur l'image) Avant que les derni\u00e8res places au balcon ne s'arrachent au guichet : R\u00e9servez sur le site de l'Olympia Vous \u00eates d\u00e9j\u00e0 1525 \u00e0 avoir r\u00e9serv\u00e9 \u00a0! http:\/\/www.olympiahall.com\/variete-francaise-disco\/fabrice-eulry.html","rel":"","context":"Dans &quot;Non class\u00e9&quot;","block_context":{"text":"Non class\u00e9","link":"http:\/\/www.fabriceeulry-laboutique.com\/blog\/?cat=1"},"img":{"alt_text":"","src":"https:\/\/i0.wp.com\/www.fabriceeulry-laboutique.com\/blog\/wp-content\/uploads\/2015\/09\/lor-.jpg?resize=350%2C200","width":350,"height":200,"srcset":"https:\/\/i0.wp.com\/www.fabriceeulry-laboutique.com\/blog\/wp-content\/uploads\/2015\/09\/lor-.jpg?resize=350%2C200 1x, https:\/\/i0.wp.com\/www.fabriceeulry-laboutique.com\/blog\/wp-content\/uploads\/2015\/09\/lor-.jpg?resize=525%2C300 1.5x"},"classes":[]}],"_links":{"self":[{"href":"http:\/\/www.fabriceeulry-laboutique.com\/blog\/index.php?rest_route=\/wp\/v2\/posts\/7402","targetHints":{"allow":["GET"]}}],"collection":[{"href":"http:\/\/www.fabriceeulry-laboutique.com\/blog\/index.php?rest_route=\/wp\/v2\/posts"}],"about":[{"href":"http:\/\/www.fabriceeulry-laboutique.com\/blog\/index.php?rest_route=\/wp\/v2\/types\/post"}],"author":[{"embeddable":true,"href":"http:\/\/www.fabriceeulry-laboutique.com\/blog\/index.php?rest_route=\/wp\/v2\/users\/2"}],"replies":[{"embeddable":true,"href":"http:\/\/www.fabriceeulry-laboutique.com\/blog\/index.php?rest_route=%2Fwp%2Fv2%2Fcomments&post=7402"}],"version-history":[{"count":3,"href":"http:\/\/www.fabriceeulry-laboutique.com\/blog\/index.php?rest_route=\/wp\/v2\/posts\/7402\/revisions"}],"predecessor-version":[{"id":7444,"href":"http:\/\/www.fabriceeulry-laboutique.com\/blog\/index.php?rest_route=\/wp\/v2\/posts\/7402\/revisions\/7444"}],"wp:attachment":[{"href":"http:\/\/www.fabriceeulry-laboutique.com\/blog\/index.php?rest_route=%2Fwp%2Fv2%2Fmedia&parent=7402"}],"wp:term":[{"taxonomy":"category","embeddable":true,"href":"http:\/\/www.fabriceeulry-laboutique.com\/blog\/index.php?rest_route=%2Fwp%2Fv2%2Fcategories&post=7402"},{"taxonomy":"post_tag","embeddable":true,"href":"http:\/\/www.fabriceeulry-laboutique.com\/blog\/index.php?rest_route=%2Fwp%2Fv2%2Ftags&post=7402"}],"curies":[{"name":"wp","href":"https:\/\/api.w.org\/{rel}","templated":true}]}}