{"id":7480,"date":"2015-09-06T10:09:06","date_gmt":"2015-09-06T10:09:06","guid":{"rendered":"http:\/\/www.fabriceeulry-laboutique.com\/blog\/?p=7480"},"modified":"2018-12-12T03:10:46","modified_gmt":"2018-12-12T03:10:46","slug":"jean-marie-rouart-et-fabrice-eulry-sur-kto","status":"publish","type":"post","link":"http:\/\/www.fabriceeulry-laboutique.com\/blog\/?p=7480","title":{"rendered":"JEAN-MARIE ROUART ET FABRICE EULRY SUR KTO"},"content":{"rendered":"<h2 style=\"text-align: center;\"><span style=\"color: #000000;\"><strong>Jean-Marie Rouart de l&rsquo;Acad\u00e9mie fran\u00e7aise et Fabrice Eulry \u00e9taient en septembre 2015, les invit\u00e9s d&rsquo;Emmanuelle Dancourt dans son emission V.I.P. (Visages Inattendus de Personnalit\u00e9s). Cette \u00e9mission abordait la parution du dernier livre (passionnant) de Jean-Marie Rouart et le passage \u00e0 l&rsquo;Olympia de son interlocuteur.<\/strong><\/span><\/h2>\n<p><a href=\"http:\/\/www.ktotv.com\/video\/00098085\/jean-marie-rouart-et-fabrice-eulry\"><img data-recalc-dims=\"1\" loading=\"lazy\" decoding=\"async\" class=\"aligncenter size-full wp-image-7477\" src=\"https:\/\/i0.wp.com\/www.fabriceeulry-laboutique.com\/blog\/wp-content\/uploads\/2015\/09\/KTO-.jpg?resize=640%2C415\" alt=\"KTO\" width=\"640\" height=\"415\" srcset=\"https:\/\/i0.wp.com\/www.fabriceeulry-laboutique.com\/blog\/wp-content\/uploads\/2015\/09\/KTO-.jpg?w=714 714w, https:\/\/i0.wp.com\/www.fabriceeulry-laboutique.com\/blog\/wp-content\/uploads\/2015\/09\/KTO-.jpg?resize=300%2C195 300w\" sizes=\"auto, (max-width: 640px) 100vw, 640px\" \/><\/a><\/p>\n","protected":false},"excerpt":{"rendered":"<p>Jean-Marie Rouart de l&rsquo;Acad\u00e9mie fran\u00e7aise et Fabrice Eulry \u00e9taient en septembre 2015, les invit\u00e9s d&rsquo;Emmanuelle Dancourt dans son emission V.I.P. (Visages Inattendus de Personnalit\u00e9s). Cette \u00e9mission abordait la parution du dernier livre (passionnant) de Jean-Marie Rouart et le passage \u00e0 &hellip; <a href=\"http:\/\/www.fabriceeulry-laboutique.com\/blog\/?p=7480\">Continuer la lecture <span class=\"meta-nav\">&rarr;<\/span><\/a><\/p>\n","protected":false},"author":2,"featured_media":0,"comment_status":"open","ping_status":"open","sticky":false,"template":"","format":"standard","meta":{"jetpack_post_was_ever_published":false,"_jetpack_newsletter_access":"","_jetpack_dont_email_post_to_subs":true,"_jetpack_newsletter_tier_id":0,"_jetpack_memberships_contains_paywalled_content":false,"_jetpack_memberships_contains_paid_content":false,"footnotes":"","jetpack_publicize_message":"","jetpack_publicize_feature_enabled":true,"jetpack_social_post_already_shared":true,"jetpack_social_options":{"image_generator_settings":{"template":"highway","default_image_id":0,"font":"","enabled":false},"version":2}},"categories":[1],"tags":[26],"class_list":["post-7480","post","type-post","status-publish","format-standard","hentry","category-non-classe","tag-televisions"],"jetpack_publicize_connections":[],"jetpack_featured_media_url":"","jetpack_sharing_enabled":true,"jetpack_shortlink":"https:\/\/wp.me\/p2D6dI-1WE","jetpack_likes_enabled":true,"jetpack-related-posts":[{"id":1669,"url":"http:\/\/www.fabriceeulry-laboutique.com\/blog\/?p=1669","url_meta":{"origin":7480,"position":0},"title":"UN BON VIEUX ROCKER ALCOOLIQUE EN BOURGOGNE (CHRONIQUE)","author":"Le Canard du pianiste","date":"5 janvier 2013","format":false,"excerpt":"C'\u00e9tait le 5 d\u00e9cembre 2012 \u00e0 Beaune. Juste apr\u00e8s le glissando qui termine le premier mouvement du boogie-expiatoire. Il s'agissait pour Philippe L\u00e9glise que nous remercions au passage pour la photo, d'\u00eatre sur le qui-vive : en effet, cette s\u00e9quence dure le temps d'un demi-soupir, contrairement \u00e0 ce que sugg\u00e8re\u2026","rel":"","context":"Dans &quot;Non class\u00e9&quot;","block_context":{"text":"Non class\u00e9","link":"http:\/\/www.fabriceeulry-laboutique.com\/blog\/?cat=1"},"img":{"alt_text":"","src":"https:\/\/i0.wp.com\/www.fabriceeulry-laboutique.com\/blog\/wp-content\/uploads\/2013\/01\/rocker-alcoolique-DSC_1570-1024x678.jpg?resize=350%2C200","width":350,"height":200,"srcset":"https:\/\/i0.wp.com\/www.fabriceeulry-laboutique.com\/blog\/wp-content\/uploads\/2013\/01\/rocker-alcoolique-DSC_1570-1024x678.jpg?resize=350%2C200 1x, https:\/\/i0.wp.com\/www.fabriceeulry-laboutique.com\/blog\/wp-content\/uploads\/2013\/01\/rocker-alcoolique-DSC_1570-1024x678.jpg?resize=525%2C300 1.5x"},"classes":[]},{"id":7636,"url":"http:\/\/www.fabriceeulry-laboutique.com\/blog\/?p=7636","url_meta":{"origin":7480,"position":1},"title":"RAPPEL POUR LES PIANISTES (MOTIVES !)","author":"Le Canard du pianiste","date":"1 octobre 2015","format":false,"excerpt":"Les partitions suivantes en\u00a0pdf : \u00a0LE PRELUDE II DE J.S.BACH EN BOOGIE-WOOGIE\u00a0 \u00a0 Cette partition est l'adaptation de Fabrice Eulry que vous l'entendez jouer souvent en concert et que beaucoup ont r\u00e9clam\u00e9e LA MARSEILLAISE Version de Fabrice Eulry du dvd\u00a0A BOBINO\u00a0et du disque\u00a0EL BOOGIE-WOOGIE LO MAS RAPIDO PRELUDE EN FA\u2026","rel":"","context":"Dans &quot;Non class\u00e9&quot;","block_context":{"text":"Non class\u00e9","link":"http:\/\/www.fabriceeulry-laboutique.com\/blog\/?cat=1"},"img":{"alt_text":"","src":"https:\/\/i0.wp.com\/fabriceeulryunblogfr.unblog.fr\/files\/2012\/06\/bach_shades-225x300.jpg?resize=350%2C200","width":350,"height":200},"classes":[]},{"id":1485,"url":"http:\/\/www.fabriceeulry-laboutique.com\/blog\/?p=1485","url_meta":{"origin":7480,"position":2},"title":"PUISQUE VOUS AVEZ ECHAPPE A LA FIN DU MONDE !","author":"Le Canard du pianiste","date":"10 d\u00e9cembre 2012","format":false,"excerpt":"\u00a0\u00a0Faites-vous plaisir et faites plaisir, en commandant quelques albums : \u00a0\u00a0Pour les plus press\u00e9s, le d\u00e9lai sera d'autant plus court qu'ils peuvent m\u00eame d\u00e9sormais acheter les disques en version num\u00e9rique par t\u00e9l\u00e9chargement. \u00a0\u00a0Ces albums\u00a0sont t\u00e9l\u00e9chargeables sur ce site. Le son du mp3 est moins riche que celui du disque laser.\u2026","rel":"","context":"Dans &quot;Non class\u00e9&quot;","block_context":{"text":"Non class\u00e9","link":"http:\/\/www.fabriceeulry-laboutique.com\/blog\/?cat=1"},"img":{"alt_text":"","src":"https:\/\/i0.wp.com\/fabriceeulryunblogfr.unblog.fr\/files\/2011\/12\/boogiepassavant.png?resize=350%2C200","width":350,"height":200},"classes":[]},{"id":5801,"url":"http:\/\/www.fabriceeulry-laboutique.com\/blog\/?p=5801","url_meta":{"origin":7480,"position":3},"title":"FABRICE EULRY A LAUSANNE","author":"Le Canard du pianiste","date":"16 novembre 2014","format":false,"excerpt":"\u00a0 \u00a0 \u00a0 \u00a0Merci aux m\u00e9lomanes de Suisse (et les autres !) pour leur pr\u00e9sence \u00e0 ces deux concerts en solo dans la merveilleuse salle Paderewski, avec des invit\u00e9s surprises Jacky Milliet\u00a0le samedi (clarinette) et les pianistes Emmanuelle-Marie Beno\u00eet Moreau et Anthony Kazima le dimanche. \u00a0 \u00a0 \u00a0 \u00a0Un beau\u2026","rel":"","context":"Dans &quot;Non class\u00e9&quot;","block_context":{"text":"Non class\u00e9","link":"http:\/\/www.fabriceeulry-laboutique.com\/blog\/?cat=1"},"img":{"alt_text":"","src":"https:\/\/i0.wp.com\/www.fabriceeulry-laboutique.com\/blog\/wp-content\/uploads\/2014\/11\/Pade-.jpg?resize=350%2C200","width":350,"height":200,"srcset":"https:\/\/i0.wp.com\/www.fabriceeulry-laboutique.com\/blog\/wp-content\/uploads\/2014\/11\/Pade-.jpg?resize=350%2C200 1x, https:\/\/i0.wp.com\/www.fabriceeulry-laboutique.com\/blog\/wp-content\/uploads\/2014\/11\/Pade-.jpg?resize=525%2C300 1.5x, https:\/\/i0.wp.com\/www.fabriceeulry-laboutique.com\/blog\/wp-content\/uploads\/2014\/11\/Pade-.jpg?resize=700%2C400 2x"},"classes":[]},{"id":6497,"url":"http:\/\/www.fabriceeulry-laboutique.com\/blog\/?p=6497","url_meta":{"origin":7480,"position":4},"title":"TCHAIKOVSKY A BEYROUTH","author":"Le Canard du pianiste","date":"1 mars 2015","format":false,"excerpt":"\u00a0 \u00a0 \u00a0L\u2019Ambassade de Suisse au Liban a organis\u00e9 un concert avec mon coll\u00e8gue de la fondation R\u00e9sonnance le pianiste suisse Jean-Claude D\u00e9nervaud \u00a0et l\u2019Orchestre philharmonique du Liban sous la direction de Walid Moussallem. \u00a0 Le vendredi 27 f\u00e9vrier 2015 \u00e0 20h30 pr\u00e9cises \u00e0 l'\u00e9glise St. Joseph des P\u00e8res J\u00e9suites,\u2026","rel":"","context":"Dans &quot;Non class\u00e9&quot;","block_context":{"text":"Non class\u00e9","link":"http:\/\/www.fabriceeulry-laboutique.com\/blog\/?cat=1"},"img":{"alt_text":"","src":"https:\/\/i0.wp.com\/www.fabriceeulry-laboutique.com\/blog\/wp-content\/uploads\/2015\/03\/dener-.jpg?resize=350%2C200","width":350,"height":200,"srcset":"https:\/\/i0.wp.com\/www.fabriceeulry-laboutique.com\/blog\/wp-content\/uploads\/2015\/03\/dener-.jpg?resize=350%2C200 1x, https:\/\/i0.wp.com\/www.fabriceeulry-laboutique.com\/blog\/wp-content\/uploads\/2015\/03\/dener-.jpg?resize=525%2C300 1.5x"},"classes":[]},{"id":7734,"url":"http:\/\/www.fabriceeulry-laboutique.com\/blog\/?p=7734","url_meta":{"origin":7480,"position":5},"title":"VOS COMMENTAIRES SUR L&rsquo;OLYMPIA","author":"Le Canard du pianiste","date":"1 novembre 2015","format":false,"excerpt":"C'\u00e9tait un concert de rentr\u00e9e tr\u00e8s difficile \u00e0 promouvoir \u00e0 la t\u00e9l\u00e9vision par exemple, dans la mesure o\u00f9 les grilles de rentr\u00e9es n'\u00e9taient pas encore \u00e9tablies dans la p\u00e9riode qui le pr\u00e9c\u00e9dait, les animateurs n'\u00e9tant m\u00eame pas encore s\u00fbrs d'\u00eatre reconduits. Dans cette configuration, que l'Olympia eut \u00e9t\u00e9 plein d'un\u2026","rel":"","context":"Dans &quot;Non class\u00e9&quot;","block_context":{"text":"Non class\u00e9","link":"http:\/\/www.fabriceeulry-laboutique.com\/blog\/?cat=1"},"img":{"alt_text":"","src":"https:\/\/i0.wp.com\/www.fabriceeulry-laboutique.com\/blog\/wp-content\/uploads\/2015\/11\/OLYMPIA-CAPTURE-2-.jpg?resize=350%2C200","width":350,"height":200,"srcset":"https:\/\/i0.wp.com\/www.fabriceeulry-laboutique.com\/blog\/wp-content\/uploads\/2015\/11\/OLYMPIA-CAPTURE-2-.jpg?resize=350%2C200 1x, https:\/\/i0.wp.com\/www.fabriceeulry-laboutique.com\/blog\/wp-content\/uploads\/2015\/11\/OLYMPIA-CAPTURE-2-.jpg?resize=525%2C300 1.5x, https:\/\/i0.wp.com\/www.fabriceeulry-laboutique.com\/blog\/wp-content\/uploads\/2015\/11\/OLYMPIA-CAPTURE-2-.jpg?resize=700%2C400 2x, https:\/\/i0.wp.com\/www.fabriceeulry-laboutique.com\/blog\/wp-content\/uploads\/2015\/11\/OLYMPIA-CAPTURE-2-.jpg?resize=1050%2C600 3x"},"classes":[]}],"_links":{"self":[{"href":"http:\/\/www.fabriceeulry-laboutique.com\/blog\/index.php?rest_route=\/wp\/v2\/posts\/7480","targetHints":{"allow":["GET"]}}],"collection":[{"href":"http:\/\/www.fabriceeulry-laboutique.com\/blog\/index.php?rest_route=\/wp\/v2\/posts"}],"about":[{"href":"http:\/\/www.fabriceeulry-laboutique.com\/blog\/index.php?rest_route=\/wp\/v2\/types\/post"}],"author":[{"embeddable":true,"href":"http:\/\/www.fabriceeulry-laboutique.com\/blog\/index.php?rest_route=\/wp\/v2\/users\/2"}],"replies":[{"embeddable":true,"href":"http:\/\/www.fabriceeulry-laboutique.com\/blog\/index.php?rest_route=%2Fwp%2Fv2%2Fcomments&post=7480"}],"version-history":[{"count":6,"href":"http:\/\/www.fabriceeulry-laboutique.com\/blog\/index.php?rest_route=\/wp\/v2\/posts\/7480\/revisions"}],"predecessor-version":[{"id":10055,"href":"http:\/\/www.fabriceeulry-laboutique.com\/blog\/index.php?rest_route=\/wp\/v2\/posts\/7480\/revisions\/10055"}],"wp:attachment":[{"href":"http:\/\/www.fabriceeulry-laboutique.com\/blog\/index.php?rest_route=%2Fwp%2Fv2%2Fmedia&parent=7480"}],"wp:term":[{"taxonomy":"category","embeddable":true,"href":"http:\/\/www.fabriceeulry-laboutique.com\/blog\/index.php?rest_route=%2Fwp%2Fv2%2Fcategories&post=7480"},{"taxonomy":"post_tag","embeddable":true,"href":"http:\/\/www.fabriceeulry-laboutique.com\/blog\/index.php?rest_route=%2Fwp%2Fv2%2Ftags&post=7480"}],"curies":[{"name":"wp","href":"https:\/\/api.w.org\/{rel}","templated":true}]}}