{"id":7486,"date":"2015-09-09T18:47:40","date_gmt":"2015-09-09T18:47:40","guid":{"rendered":"http:\/\/www.fabriceeulry-laboutique.com\/blog\/?p=7486"},"modified":"2018-12-12T03:11:03","modified_gmt":"2018-12-12T03:11:03","slug":"j-1-olympia-orchestre-complet-mezzanine-complete","status":"publish","type":"post","link":"http:\/\/www.fabriceeulry-laboutique.com\/blog\/?p=7486","title":{"rendered":"J-1 : OLYMPIA. ORCHESTRE : COMPLET. MEZZANINE COMPLETE&#8230;"},"content":{"rendered":"<h2 style=\"text-align: center;\"><span style=\"color: #000000;\"><strong>Et quelques places au balcon qui vont s&rsquo;arracher au guichet<\/strong><a style=\"color: #000000;\" href=\"https:\/\/i0.wp.com\/www.fabriceeulry-laboutique.com\/blog\/wp-content\/uploads\/2015\/08\/OLYMPIA-2015-ELIZABETH-.jpg\"><img data-recalc-dims=\"1\" loading=\"lazy\" decoding=\"async\" class=\"aligncenter size-full wp-image-7404\" src=\"https:\/\/i0.wp.com\/www.fabriceeulry-laboutique.com\/blog\/wp-content\/uploads\/2015\/08\/OLYMPIA-2015-ELIZABETH-.jpg?resize=407%2C573\" alt=\"OLYMPIA 2015 ELIZABETH\" width=\"407\" height=\"573\" srcset=\"https:\/\/i0.wp.com\/www.fabriceeulry-laboutique.com\/blog\/wp-content\/uploads\/2015\/08\/OLYMPIA-2015-ELIZABETH-.jpg?w=407 407w, https:\/\/i0.wp.com\/www.fabriceeulry-laboutique.com\/blog\/wp-content\/uploads\/2015\/08\/OLYMPIA-2015-ELIZABETH-.jpg?resize=213%2C300 213w, https:\/\/i0.wp.com\/www.fabriceeulry-laboutique.com\/blog\/wp-content\/uploads\/2015\/08\/OLYMPIA-2015-ELIZABETH-.jpg?resize=300%2C422 300w\" sizes=\"auto, (max-width: 407px) 100vw, 407px\" \/><\/a><\/span><\/h2>\n<h2 id=\"yui_3_16_0_1_1411233096791_2560\" style=\"text-align: center;\"><span style=\"color: #000000;\"><strong><span id=\"yui_3_16_0_1_1439959042949_5103\">Vous \u00eates d\u00e9j\u00e0 plus de 1567 \u00e0 avoir r\u00e9serv\u00e9 \u00a0!<\/span><\/strong><\/span><\/h2>\n<div id=\"yui_3_16_0_1_1411233096791_3219\">\n<h2 id=\"yiv5462782478yui_3_16_0_7_1409864925270_4\" style=\"text-align: center;\"><span style=\"color: #000000;\"><strong>R\u00e9servez sur le site de l&rsquo;Olympia<\/strong><\/span><\/h2>\n<div id=\"yui_3_16_0_1_1439959042949_5088\" style=\"text-align: center;\"><span style=\"color: #000000;\"><strong><span id=\"yui_3_16_0_1_1439959042949_5090\"><a id=\"yui_3_16_0_1_1439959042949_5089\" style=\"color: #000000;\" href=\"http:\/\/www.olympiahall.com\/variete-francaise-disco\/fabrice-eulry.html\" target=\"_blank\" rel=\"nofollow\">http:\/\/www.olympiahall.com\/variete-francaise-disco\/fabrice-eulry.html<\/a><\/span><\/strong><\/span><\/div>\n<\/div>\n","protected":false},"excerpt":{"rendered":"<p>Et quelques places au balcon qui vont s&rsquo;arracher au guichet Vous \u00eates d\u00e9j\u00e0 plus de 1567 \u00e0 avoir r\u00e9serv\u00e9 \u00a0! R\u00e9servez sur le site de l&rsquo;Olympia http:\/\/www.olympiahall.com\/variete-francaise-disco\/fabrice-eulry.html<\/p>\n","protected":false},"author":2,"featured_media":0,"comment_status":"open","ping_status":"open","sticky":false,"template":"","format":"standard","meta":{"jetpack_post_was_ever_published":false,"_jetpack_newsletter_access":"","_jetpack_dont_email_post_to_subs":true,"_jetpack_newsletter_tier_id":0,"_jetpack_memberships_contains_paywalled_content":false,"_jetpack_memberships_contains_paid_content":false,"footnotes":"","jetpack_publicize_message":"","jetpack_publicize_feature_enabled":true,"jetpack_social_post_already_shared":true,"jetpack_social_options":{"image_generator_settings":{"template":"highway","default_image_id":0,"font":"","enabled":false},"version":2}},"categories":[1],"tags":[47],"class_list":["post-7486","post","type-post","status-publish","format-standard","hentry","category-non-classe","tag-olympia"],"jetpack_publicize_connections":[],"jetpack_featured_media_url":"","jetpack_sharing_enabled":true,"jetpack_shortlink":"https:\/\/wp.me\/p2D6dI-1WK","jetpack_likes_enabled":true,"jetpack-related-posts":[{"id":7488,"url":"http:\/\/www.fabriceeulry-laboutique.com\/blog\/?p=7488","url_meta":{"origin":7486,"position":0},"title":"ECOUTEZ ELIZABETH SOMBART JUSTE AVANT L&rsquo;OLYMPIA","author":"Le Canard du pianiste","date":"10 septembre 2015","format":false,"excerpt":"\u00a0 Interview d\u2019Elizabeth Sombart :\u00a0Rencontres Chopin \u00e0 Saint-Avold: \u00ab Les ap\u00f4tres de la consolation \u00bb (Cliquez sur l'image) Avant que les derni\u00e8res places au balcon ne s'arrachent au guichet : R\u00e9servez sur le site de l'Olympia Vous \u00eates d\u00e9j\u00e0 1525 \u00e0 avoir r\u00e9serv\u00e9 \u00a0! http:\/\/www.olympiahall.com\/variete-francaise-disco\/fabrice-eulry.html","rel":"","context":"Dans &quot;Non class\u00e9&quot;","block_context":{"text":"Non class\u00e9","link":"http:\/\/www.fabriceeulry-laboutique.com\/blog\/?cat=1"},"img":{"alt_text":"","src":"https:\/\/i0.wp.com\/www.fabriceeulry-laboutique.com\/blog\/wp-content\/uploads\/2015\/09\/lor-.jpg?resize=350%2C200","width":350,"height":200,"srcset":"https:\/\/i0.wp.com\/www.fabriceeulry-laboutique.com\/blog\/wp-content\/uploads\/2015\/09\/lor-.jpg?resize=350%2C200 1x, https:\/\/i0.wp.com\/www.fabriceeulry-laboutique.com\/blog\/wp-content\/uploads\/2015\/09\/lor-.jpg?resize=525%2C300 1.5x"},"classes":[]},{"id":6934,"url":"http:\/\/www.fabriceeulry-laboutique.com\/blog\/?p=6934","url_meta":{"origin":7486,"position":1},"title":"FABRICE EULRY A L&rsquo;OLYMPIA (L&rsquo;AFFICHE)","author":"Le Canard du pianiste","date":"20 mai 2015","format":false,"excerpt":"Vous \u00eates \u00e0 pr\u00e9sent plus de 1000 \u00e0 avoir r\u00e9serv\u00e9 ! Commandez d\u00e9j\u00e0 le dvd de la soir\u00e9e en \u00e9crivant \u00e0 :\u00a0contact@fabriceeulry.com\u00a0et b\u00e9n\u00e9ficiez de 50% de remise (10\u20ac au lieu de 20\u20ac) sur pr\u00e9sentation de votre billet pour l'OLYMPIA !","rel":"","context":"Dans &quot;Non class\u00e9&quot;","block_context":{"text":"Non class\u00e9","link":"http:\/\/www.fabriceeulry-laboutique.com\/blog\/?cat=1"},"img":{"alt_text":"","src":"https:\/\/i0.wp.com\/www.fabriceeulry-laboutique.com\/blog\/wp-content\/uploads\/2015\/05\/OLYMPIA-2015-ELIZABETH-.jpg?resize=350%2C200","width":350,"height":200},"classes":[]},{"id":7822,"url":"http:\/\/www.fabriceeulry-laboutique.com\/blog\/?p=7822","url_meta":{"origin":7486,"position":2},"title":"OLYMPIA 2015 FABRICE EULRY (VERSION COURTE)","author":"Le Canard du pianiste","date":"7 novembre 2015","format":false,"excerpt":"Quelques secondes seulement, frustrantes comme, \u00e0 vos dires, le fut le spectacle, en attendant une version un peu plus longue : (Cliquez sur l'image pour les visionner) Ici quelques captures d'\u00e9cran de la r\u00e9p\u00e9tition (des variations sur Les copains d'abord) tir\u00e9es de... la version longue du reportage qui para\u00eetra bient\u00f4t.\u2026","rel":"","context":"Dans &quot;Non class\u00e9&quot;","block_context":{"text":"Non class\u00e9","link":"http:\/\/www.fabriceeulry-laboutique.com\/blog\/?cat=1"},"img":{"alt_text":"OLYMPIA CAPTURE 2","src":"https:\/\/i0.wp.com\/www.fabriceeulry-laboutique.com\/blog\/wp-content\/uploads\/2015\/11\/OLYMPIA-CAPTURE-2-.jpg?resize=350%2C200","width":350,"height":200,"srcset":"https:\/\/i0.wp.com\/www.fabriceeulry-laboutique.com\/blog\/wp-content\/uploads\/2015\/11\/OLYMPIA-CAPTURE-2-.jpg?resize=350%2C200 1x, https:\/\/i0.wp.com\/www.fabriceeulry-laboutique.com\/blog\/wp-content\/uploads\/2015\/11\/OLYMPIA-CAPTURE-2-.jpg?resize=525%2C300 1.5x, https:\/\/i0.wp.com\/www.fabriceeulry-laboutique.com\/blog\/wp-content\/uploads\/2015\/11\/OLYMPIA-CAPTURE-2-.jpg?resize=700%2C400 2x, https:\/\/i0.wp.com\/www.fabriceeulry-laboutique.com\/blog\/wp-content\/uploads\/2015\/11\/OLYMPIA-CAPTURE-2-.jpg?resize=1050%2C600 3x"},"classes":[]},{"id":7451,"url":"http:\/\/www.fabriceeulry-laboutique.com\/blog\/?p=7451","url_meta":{"origin":7486,"position":3},"title":"UNE BANDE-ANNONCE","author":"Le Canard du pianiste","date":"5 septembre 2015","format":false,"excerpt":"Sit\u00f4t mise en ligne par R\u00e9sonnance la fondation d'Elizabeth Sombart, cette bande-annonce a d\u00e9pass\u00e9 le millier de vues : (Cliquez sur l'image pour la visionner) Vous \u00eates d\u00e9j\u00e0 plus de 1288\u00a0\u00e0 avoir r\u00e9serv\u00e9 \u00a0! R\u00e9servez sur le site de l'Olympia http:\/\/www.olympiahall.com\/variete-francaise-disco\/fabrice-eulry.html","rel":"","context":"Dans &quot;Non class\u00e9&quot;","block_context":{"text":"Non class\u00e9","link":"http:\/\/www.fabriceeulry-laboutique.com\/blog\/?cat=1"},"img":{"alt_text":"","src":"https:\/\/i0.wp.com\/www.fabriceeulry-laboutique.com\/blog\/wp-content\/uploads\/2015\/09\/ban-.jpg?resize=350%2C200","width":350,"height":200,"srcset":"https:\/\/i0.wp.com\/www.fabriceeulry-laboutique.com\/blog\/wp-content\/uploads\/2015\/09\/ban-.jpg?resize=350%2C200 1x, https:\/\/i0.wp.com\/www.fabriceeulry-laboutique.com\/blog\/wp-content\/uploads\/2015\/09\/ban-.jpg?resize=525%2C300 1.5x, https:\/\/i0.wp.com\/www.fabriceeulry-laboutique.com\/blog\/wp-content\/uploads\/2015\/09\/ban-.jpg?resize=700%2C400 2x"},"classes":[]},{"id":7620,"url":"http:\/\/www.fabriceeulry-laboutique.com\/blog\/?p=7620","url_meta":{"origin":7486,"position":4},"title":"ELIZABETH SOMBART A PARIS","author":"Le Canard du pianiste","date":"30 septembre 2015","format":false,"excerpt":"\u00a0 Ses passages y sont rares et brefs, alors avis aux pianistes tout d'abord : Ensuite pour tous les m\u00e9lomanes, ne manquez son passage \u00e0 la salle Cortot, avec le m\u00eame programme qu'\u00e0 l'Olympia il y a trois semaines : mais avec l'acoustique naturelle du lieu : Cliquez sur l'image\u2026","rel":"","context":"Dans &quot;Non class\u00e9&quot;","block_context":{"text":"Non class\u00e9","link":"http:\/\/www.fabriceeulry-laboutique.com\/blog\/?cat=1"},"img":{"alt_text":"","src":"https:\/\/i0.wp.com\/www.fabriceeulry-laboutique.com\/blog\/wp-content\/uploads\/2015\/09\/elizabethres-.jpg?resize=350%2C200","width":350,"height":200,"srcset":"https:\/\/i0.wp.com\/www.fabriceeulry-laboutique.com\/blog\/wp-content\/uploads\/2015\/09\/elizabethres-.jpg?resize=350%2C200 1x, https:\/\/i0.wp.com\/www.fabriceeulry-laboutique.com\/blog\/wp-content\/uploads\/2015\/09\/elizabethres-.jpg?resize=525%2C300 1.5x, https:\/\/i0.wp.com\/www.fabriceeulry-laboutique.com\/blog\/wp-content\/uploads\/2015\/09\/elizabethres-.jpg?resize=700%2C400 2x, https:\/\/i0.wp.com\/www.fabriceeulry-laboutique.com\/blog\/wp-content\/uploads\/2015\/09\/elizabethres-.jpg?resize=1050%2C600 3x"},"classes":[]},{"id":6719,"url":"http:\/\/www.fabriceeulry-laboutique.com\/blog\/?p=6719","url_meta":{"origin":7486,"position":5},"title":"1\u00e8re Partie \u00e0 L&rsquo;OLYMPIA : LA  REPONSE :","author":"Le Canard du pianiste","date":"13 avril 2015","format":false,"excerpt":"ELIZABETH SOMBART (cliquez sur son portrait pour acc\u00e9der \u00e0 son site) L'heureux\u00a0gagnant du concours est : Alain C... (Templeuve) ! Et dans quelques heures en exclusivit\u00e9 sur Le Canard du pianiste, des pr\u00e9cisions sur la prestation d'Elizabeth Sombart \u00e0 L'Olympia... \u00a0LE 10 SEPTEMBRE 2015 D\u00e9p\u00eachez-vous \u00a0! La souscription est termin\u00e9e\u2026","rel":"","context":"Dans &quot;Non class\u00e9&quot;","block_context":{"text":"Non class\u00e9","link":"http:\/\/www.fabriceeulry-laboutique.com\/blog\/?cat=1"},"img":{"alt_text":"","src":"https:\/\/i0.wp.com\/www.fabriceeulry-laboutique.com\/blog\/wp-content\/uploads\/2015\/04\/elizabeth-portrait-.jpg?resize=350%2C200","width":350,"height":200,"srcset":"https:\/\/i0.wp.com\/www.fabriceeulry-laboutique.com\/blog\/wp-content\/uploads\/2015\/04\/elizabeth-portrait-.jpg?resize=350%2C200 1x, https:\/\/i0.wp.com\/www.fabriceeulry-laboutique.com\/blog\/wp-content\/uploads\/2015\/04\/elizabeth-portrait-.jpg?resize=525%2C300 1.5x"},"classes":[]}],"_links":{"self":[{"href":"http:\/\/www.fabriceeulry-laboutique.com\/blog\/index.php?rest_route=\/wp\/v2\/posts\/7486","targetHints":{"allow":["GET"]}}],"collection":[{"href":"http:\/\/www.fabriceeulry-laboutique.com\/blog\/index.php?rest_route=\/wp\/v2\/posts"}],"about":[{"href":"http:\/\/www.fabriceeulry-laboutique.com\/blog\/index.php?rest_route=\/wp\/v2\/types\/post"}],"author":[{"embeddable":true,"href":"http:\/\/www.fabriceeulry-laboutique.com\/blog\/index.php?rest_route=\/wp\/v2\/users\/2"}],"replies":[{"embeddable":true,"href":"http:\/\/www.fabriceeulry-laboutique.com\/blog\/index.php?rest_route=%2Fwp%2Fv2%2Fcomments&post=7486"}],"version-history":[{"count":2,"href":"http:\/\/www.fabriceeulry-laboutique.com\/blog\/index.php?rest_route=\/wp\/v2\/posts\/7486\/revisions"}],"predecessor-version":[{"id":7492,"href":"http:\/\/www.fabriceeulry-laboutique.com\/blog\/index.php?rest_route=\/wp\/v2\/posts\/7486\/revisions\/7492"}],"wp:attachment":[{"href":"http:\/\/www.fabriceeulry-laboutique.com\/blog\/index.php?rest_route=%2Fwp%2Fv2%2Fmedia&parent=7486"}],"wp:term":[{"taxonomy":"category","embeddable":true,"href":"http:\/\/www.fabriceeulry-laboutique.com\/blog\/index.php?rest_route=%2Fwp%2Fv2%2Fcategories&post=7486"},{"taxonomy":"post_tag","embeddable":true,"href":"http:\/\/www.fabriceeulry-laboutique.com\/blog\/index.php?rest_route=%2Fwp%2Fv2%2Ftags&post=7486"}],"curies":[{"name":"wp","href":"https:\/\/api.w.org\/{rel}","templated":true}]}}