{"id":7496,"date":"2015-09-12T03:45:21","date_gmt":"2015-09-12T03:45:21","guid":{"rendered":"http:\/\/www.fabriceeulry-laboutique.com\/blog\/?p=7496"},"modified":"2018-12-12T03:13:44","modified_gmt":"2018-12-12T03:13:44","slug":"apres-lolympia","status":"publish","type":"post","link":"http:\/\/www.fabriceeulry-laboutique.com\/blog\/?p=7496","title":{"rendered":"APRES L&rsquo;OLYMPIA"},"content":{"rendered":"<h2 style=\"text-align: center;\"><span style=\"color: #000000;\"><strong>Merci \u00e0 tous, de votre soutien, et de votre retour ! La salle fut comble (1800 personnes) non seulement de votre nombre, <\/strong><\/span><\/h2>\n<h2 style=\"text-align: center;\"><span style=\"color: #000000;\"><strong><a href=\"https:\/\/i0.wp.com\/www.fabriceeulry-laboutique.com\/blog\/wp-content\/uploads\/2015\/09\/SALUT-2.jpg\"><img data-recalc-dims=\"1\" loading=\"lazy\" decoding=\"async\" class=\"aligncenter size-full wp-image-7505\" src=\"https:\/\/i0.wp.com\/www.fabriceeulry-laboutique.com\/blog\/wp-content\/uploads\/2015\/09\/SALUT-2.jpg?resize=640%2C388\" alt=\"SALUT 2\" width=\"640\" height=\"388\" srcset=\"https:\/\/i0.wp.com\/www.fabriceeulry-laboutique.com\/blog\/wp-content\/uploads\/2015\/09\/SALUT-2.jpg?w=763 763w, https:\/\/i0.wp.com\/www.fabriceeulry-laboutique.com\/blog\/wp-content\/uploads\/2015\/09\/SALUT-2.jpg?resize=300%2C182 300w\" sizes=\"auto, (max-width: 640px) 100vw, 640px\" \/><\/a><em>\u00a9Photo Julie Traou\u00ebn<\/em><a href=\"http:\/\/www.fabriceeulry-laboutique.com\/blog\/wp-content\/uploads\/2015\/09\/SALUT-OLYMPIA-.jpg\"><br \/>\n<\/a>mais de votre enthousiasme et de votre \u00e9nergie qui m&rsquo;ont d\u00e9j\u00e0 procur\u00e9 la force de marcher de Notre dame de Paris \u00e0 Gif sur Yvette d\u00e8s le lendemain de ce concert !<\/strong><\/span><\/h2>\n<p>&nbsp;<\/p>\n<p><a href=\"https:\/\/i0.wp.com\/www.fabriceeulry-laboutique.com\/blog\/wp-content\/uploads\/2015\/09\/Apr%C3%A8s-lolympia-.jpg\"><img data-recalc-dims=\"1\" loading=\"lazy\" decoding=\"async\" class=\"aligncenter size-full wp-image-7497\" src=\"https:\/\/i0.wp.com\/www.fabriceeulry-laboutique.com\/blog\/wp-content\/uploads\/2015\/09\/Apr%C3%A8s-lolympia-.jpg?resize=490%2C621\" alt=\"Apr\u00e8s l'olympia\" width=\"490\" height=\"621\" srcset=\"https:\/\/i0.wp.com\/www.fabriceeulry-laboutique.com\/blog\/wp-content\/uploads\/2015\/09\/Apr%C3%A8s-lolympia-.jpg?w=490 490w, https:\/\/i0.wp.com\/www.fabriceeulry-laboutique.com\/blog\/wp-content\/uploads\/2015\/09\/Apr%C3%A8s-lolympia-.jpg?resize=237%2C300 237w, https:\/\/i0.wp.com\/www.fabriceeulry-laboutique.com\/blog\/wp-content\/uploads\/2015\/09\/Apr%C3%A8s-lolympia-.jpg?resize=300%2C380 300w\" sizes=\"auto, (max-width: 490px) 100vw, 490px\" \/><\/a><\/p>\n<h2 style=\"text-align: center;\"><strong><span style=\"color: #000000;\">Mais je ne fus pas seul : suite \u00e0 ma proposition publique de marcher avec moi, \u00a0la m\u00e9lomane Adela\u00efde vint partager ces heures de bucolisation progressive entre le parvis de la cath\u00e9drale bond\u00e9 et le silence de la vall\u00e9e de Chevreuse.<\/span><\/strong><\/h2>\n<h2 style=\"text-align: center;\"><span style=\"color: #000000;\"><strong>De plus une surprise m&rsquo;attendait \u00e0 l&rsquo;arriv\u00e9e de cette premi\u00e8re \u00e9tape, au Canap\u00e9, <\/strong><\/span><\/h2>\n<h2 style=\"text-align: center;\"><span style=\"color: #000000;\"><strong><a href=\"https:\/\/i0.wp.com\/www.fabriceeulry-laboutique.com\/blog\/wp-content\/uploads\/2015\/09\/canap%C3%A9-.jpg\"><img data-recalc-dims=\"1\" loading=\"lazy\" decoding=\"async\" class=\"aligncenter size-full wp-image-7508\" src=\"https:\/\/i0.wp.com\/www.fabriceeulry-laboutique.com\/blog\/wp-content\/uploads\/2015\/09\/canap%C3%A9-.jpg?resize=640%2C228\" alt=\"canap\u00e9\" width=\"640\" height=\"228\" srcset=\"https:\/\/i0.wp.com\/www.fabriceeulry-laboutique.com\/blog\/wp-content\/uploads\/2015\/09\/canap%C3%A9-.jpg?w=667 667w, https:\/\/i0.wp.com\/www.fabriceeulry-laboutique.com\/blog\/wp-content\/uploads\/2015\/09\/canap%C3%A9-.jpg?resize=300%2C107 300w\" sizes=\"auto, (max-width: 640px) 100vw, 640px\" \/><\/a>\u00a0fameux restaurant musica<\/strong>l dont Le Canard du pianiste relaye souvent le programme :<\/span><\/h2>\n<h2 style=\"text-align: center;\"><span style=\"color: #000000;\"><strong>Nous f\u00fbmes accueillis en musique par Tony Kazima !\u00a0<\/strong><\/span><\/h2>\n<p><a style=\"color: #000000;\" href=\"http:\/\/www.fabriceeulry-laboutique.com\/blog\/?p=7006\"><img data-recalc-dims=\"1\" loading=\"lazy\" decoding=\"async\" class=\"aligncenter size-full wp-image-7007\" title=\"kaz\" src=\"https:\/\/i0.wp.com\/www.fabriceeulry-laboutique.com\/blog\/wp-content\/uploads\/2015\/05\/kaz-.jpg?resize=503%2C501\" alt=\"\" width=\"503\" height=\"501\" srcset=\"https:\/\/i0.wp.com\/www.fabriceeulry-laboutique.com\/blog\/wp-content\/uploads\/2015\/05\/kaz-.jpg?w=503 503w, https:\/\/i0.wp.com\/www.fabriceeulry-laboutique.com\/blog\/wp-content\/uploads\/2015\/05\/kaz-.jpg?resize=150%2C150 150w, https:\/\/i0.wp.com\/www.fabriceeulry-laboutique.com\/blog\/wp-content\/uploads\/2015\/05\/kaz-.jpg?resize=300%2C298 300w\" sizes=\"auto, (max-width: 503px) 100vw, 503px\" \/><\/a><\/p>\n<p style=\"text-align: center;\"><span style=\"color: #000000;\"><em><strong>(cliquez sur sa photo pour lire son actualit\u00e9)<\/strong><\/em><\/span><\/p>\n<h2 style=\"text-align: center;\"><span style=\"color: #000000;\"><strong>Prochaine \u00e9tape vers Roanne et le concert du 27 septembre : Etampes !<\/strong><\/span><\/h2>\n<p><span style=\"color: #000000;\">Fabrice Eulry<\/span><\/p>\n","protected":false},"excerpt":{"rendered":"<p>Merci \u00e0 tous, de votre soutien, et de votre retour ! La salle fut comble (1800 personnes) non seulement de votre nombre, \u00a9Photo Julie Traou\u00ebn mais de votre enthousiasme et de votre \u00e9nergie qui m&rsquo;ont d\u00e9j\u00e0 procur\u00e9 la force de &hellip; <a href=\"http:\/\/www.fabriceeulry-laboutique.com\/blog\/?p=7496\">Continuer la lecture <span class=\"meta-nav\">&rarr;<\/span><\/a><\/p>\n","protected":false},"author":2,"featured_media":0,"comment_status":"open","ping_status":"open","sticky":false,"template":"","format":"standard","meta":{"jetpack_post_was_ever_published":false,"_jetpack_newsletter_access":"","_jetpack_dont_email_post_to_subs":true,"_jetpack_newsletter_tier_id":0,"_jetpack_memberships_contains_paywalled_content":false,"_jetpack_memberships_contains_paid_content":false,"footnotes":"","jetpack_publicize_message":"","jetpack_publicize_feature_enabled":true,"jetpack_social_post_already_shared":true,"jetpack_social_options":{"image_generator_settings":{"template":"highway","default_image_id":0,"font":"","enabled":false},"version":2}},"categories":[1],"tags":[47],"class_list":["post-7496","post","type-post","status-publish","format-standard","hentry","category-non-classe","tag-olympia"],"jetpack_publicize_connections":[],"jetpack_featured_media_url":"","jetpack_sharing_enabled":true,"jetpack_shortlink":"https:\/\/wp.me\/p2D6dI-1WU","jetpack_likes_enabled":true,"jetpack-related-posts":[{"id":7242,"url":"http:\/\/www.fabriceeulry-laboutique.com\/blog\/?p=7242","url_meta":{"origin":7496,"position":0},"title":"UN CONSEIL AUX AUTOMOBILISTES","author":"Le Canard du pianiste","date":"27 juin 2015","format":false,"excerpt":"Gardez votre ancien permis carton !\u00a0\u00a0\u00a0\u00a0 Surtout, gardez votre permis rose (papier cartonn\u00e9) ! \u00a0\u00a0Les permis datant d'avant 2013 resteront valables jusqu'en 2033. Ne demandez surtout pas, ou n'acceptez \u00a0surtout pas leur remplacement. En effet, les nouveaux auront une limite de validit\u00e9 : 15 ans pour les permis A et\u2026","rel":"","context":"Dans &quot;Non class\u00e9&quot;","block_context":{"text":"Non class\u00e9","link":"http:\/\/www.fabriceeulry-laboutique.com\/blog\/?cat=1"},"img":{"alt_text":"","src":"","width":0,"height":0},"classes":[]},{"id":4270,"url":"http:\/\/www.fabriceeulry-laboutique.com\/blog\/?p=4270","url_meta":{"origin":7496,"position":1},"title":"2014","author":"Le Canard du pianiste","date":"1 janvier 2014","format":false,"excerpt":"A vous je souhaiterai l'ann\u00e9e belle et paisible Si chacun garde raison sans se tromper de cible Souhaitant que les Beauvau et les ministres \u00e2nes Ne Cachent point faillite sous quenelles et bananes Jetez votre t\u00e9l\u00e9 et vos accoutumances Adoptez la musique comme cure de jouvence Retournez aux valeurs les\u2026","rel":"","context":"Dans &quot;Non class\u00e9&quot;","block_context":{"text":"Non class\u00e9","link":"http:\/\/www.fabriceeulry-laboutique.com\/blog\/?cat=1"},"img":{"alt_text":"","src":"","width":0,"height":0},"classes":[]},{"id":9959,"url":"http:\/\/www.fabriceeulry-laboutique.com\/blog\/?p=9959","url_meta":{"origin":7496,"position":2},"title":"CONCERT DE NO\u00cbL : OBJECTIF ATTEINT POUR LA RESTAURATION DE L&rsquo;\u00c9GLISE ROMANE","author":"Le Canard du pianiste","date":"17 d\u00e9cembre 2017","format":false,"excerpt":"Merci d'\u00eatre venus nombreux nous aider \u00e0 restaurer son toit en \u00e9coutant les classiques de No\u00ebl dans l'atmosph\u00e8re chaleureuse de cette petite \u00e9glise romane de l'an Mille, construite \u00e0 mi-chemin entre nous et l'\u00e9v\u00e8nement que sa cr\u00e8che c\u00e9l\u00e8bre.\u00a0 Gr\u00e2ce \u00e0 votre pr\u00e9sence et \u00e0 votre contribution, la somme qui manquait\u2026","rel":"","context":"Dans &quot;Non class\u00e9&quot;","block_context":{"text":"Non class\u00e9","link":"http:\/\/www.fabriceeulry-laboutique.com\/blog\/?cat=1"},"img":{"alt_text":"roman","src":"https:\/\/i0.wp.com\/www.fabriceeulry-laboutique.com\/blog\/wp-content\/uploads\/2017\/01\/roman.png?resize=350%2C200","width":350,"height":200},"classes":[]},{"id":10899,"url":"http:\/\/www.fabriceeulry-laboutique.com\/blog\/?p=10899","url_meta":{"origin":7496,"position":3},"title":"FABRICE EULRY AU LIBAN","author":"Le Canard du pianiste","date":"28 ao\u00fbt 2018","format":false,"excerpt":"...Pour R\u00e9sonnance Liban en concert \u00e0 Beyrouth, du 28 ao\u00fbt au 3 septembre. Laissons la parole \u00e0 Mme Menassa, la directrice de R\u00e9sonnance Liban pour nous d\u00e9crire le programme de cette tourn\u00e9e : \"Cher Fabrice, \u00a0Vous allez voire la diversit\u00e9 de votre public : il y aura un concert pour\u2026","rel":"","context":"Dans &quot;Non class\u00e9&quot;","block_context":{"text":"Non class\u00e9","link":"http:\/\/www.fabriceeulry-laboutique.com\/blog\/?cat=1"},"img":{"alt_text":"VIN LIBAN","src":"https:\/\/i0.wp.com\/www.fabriceeulry-laboutique.com\/blog\/wp-content\/uploads\/2016\/06\/VIN-LIBAN.jpg?resize=350%2C200","width":350,"height":200,"srcset":"https:\/\/i0.wp.com\/www.fabriceeulry-laboutique.com\/blog\/wp-content\/uploads\/2016\/06\/VIN-LIBAN.jpg?resize=350%2C200 1x, https:\/\/i0.wp.com\/www.fabriceeulry-laboutique.com\/blog\/wp-content\/uploads\/2016\/06\/VIN-LIBAN.jpg?resize=525%2C300 1.5x"},"classes":[]},{"id":10578,"url":"http:\/\/www.fabriceeulry-laboutique.com\/blog\/?p=10578","url_meta":{"origin":7496,"position":4},"title":"M\u00caME SI VOUS N&rsquo;HABITEZ PAS L&rsquo;AVEYRON&#8230;","author":"Le Canard du pianiste","date":"10 avril 2018","format":false,"excerpt":"...Vous pouvez r\u00e9server en laissant un commentaire sur Le Canard du pianiste avec votre adresse courriel (vous pouvez aussi vous abonner au Canard c'est gratuit) nous vous r\u00e9pondrons imm\u00e9diatement. BLUES EN AVEYRON vous propose un tarif unique \u00e0 10\u20ac pour cette \u00e9dition du festival 2018 un tarif qui vous permettra\u2026","rel":"","context":"Dans &quot;Non class\u00e9&quot;","block_context":{"text":"Non class\u00e9","link":"http:\/\/www.fabriceeulry-laboutique.com\/blog\/?cat=1"},"img":{"alt_text":"","src":"https:\/\/i0.wp.com\/www.fabriceeulry-laboutique.com\/blog\/wp-content\/uploads\/2018\/04\/BenA-VILLEVILLE-2018.png?resize=350%2C200","width":350,"height":200},"classes":[]},{"id":12427,"url":"http:\/\/www.fabriceeulry-laboutique.com\/blog\/?p=12427","url_meta":{"origin":7496,"position":5},"title":"LE CANARD DU PIANISTE A FAILLI FINIR EN MAGRET","author":"Le Canard du pianiste","date":"26 septembre 2020","format":false,"excerpt":"Chers lecteurs, Les pirates du net ont cherch\u00e9 \u00e0 m'abattre en plein vol. Ils auraient tir\u00e9 un bien maigre b\u00e9n\u00e9fice de cette capture, car en r\u00e9alit\u00e9 leur but \u00e9tait de profiter de la na\u00efvet\u00e9 du r\u00e9dacteur en chef pour qu'il donne ses coordonn\u00e9es bancaires en lui faisant croire que le\u2026","rel":"","context":"Dans &quot;Non class\u00e9&quot;","block_context":{"text":"Non class\u00e9","link":"http:\/\/www.fabriceeulry-laboutique.com\/blog\/?cat=1"},"img":{"alt_text":"","src":"https:\/\/i0.wp.com\/www.fabriceeulry-laboutique.com\/blog\/wp-content\/uploads\/2019\/10\/rel.png?resize=350%2C200","width":350,"height":200,"srcset":"https:\/\/i0.wp.com\/www.fabriceeulry-laboutique.com\/blog\/wp-content\/uploads\/2019\/10\/rel.png?resize=350%2C200 1x, https:\/\/i0.wp.com\/www.fabriceeulry-laboutique.com\/blog\/wp-content\/uploads\/2019\/10\/rel.png?resize=525%2C300 1.5x, https:\/\/i0.wp.com\/www.fabriceeulry-laboutique.com\/blog\/wp-content\/uploads\/2019\/10\/rel.png?resize=700%2C400 2x"},"classes":[]}],"_links":{"self":[{"href":"http:\/\/www.fabriceeulry-laboutique.com\/blog\/index.php?rest_route=\/wp\/v2\/posts\/7496","targetHints":{"allow":["GET"]}}],"collection":[{"href":"http:\/\/www.fabriceeulry-laboutique.com\/blog\/index.php?rest_route=\/wp\/v2\/posts"}],"about":[{"href":"http:\/\/www.fabriceeulry-laboutique.com\/blog\/index.php?rest_route=\/wp\/v2\/types\/post"}],"author":[{"embeddable":true,"href":"http:\/\/www.fabriceeulry-laboutique.com\/blog\/index.php?rest_route=\/wp\/v2\/users\/2"}],"replies":[{"embeddable":true,"href":"http:\/\/www.fabriceeulry-laboutique.com\/blog\/index.php?rest_route=%2Fwp%2Fv2%2Fcomments&post=7496"}],"version-history":[{"count":9,"href":"http:\/\/www.fabriceeulry-laboutique.com\/blog\/index.php?rest_route=\/wp\/v2\/posts\/7496\/revisions"}],"predecessor-version":[{"id":7509,"href":"http:\/\/www.fabriceeulry-laboutique.com\/blog\/index.php?rest_route=\/wp\/v2\/posts\/7496\/revisions\/7509"}],"wp:attachment":[{"href":"http:\/\/www.fabriceeulry-laboutique.com\/blog\/index.php?rest_route=%2Fwp%2Fv2%2Fmedia&parent=7496"}],"wp:term":[{"taxonomy":"category","embeddable":true,"href":"http:\/\/www.fabriceeulry-laboutique.com\/blog\/index.php?rest_route=%2Fwp%2Fv2%2Fcategories&post=7496"},{"taxonomy":"post_tag","embeddable":true,"href":"http:\/\/www.fabriceeulry-laboutique.com\/blog\/index.php?rest_route=%2Fwp%2Fv2%2Ftags&post=7496"}],"curies":[{"name":"wp","href":"https:\/\/api.w.org\/{rel}","templated":true}]}}