{"id":7511,"date":"2015-09-14T13:42:42","date_gmt":"2015-09-14T13:42:42","guid":{"rendered":"http:\/\/www.fabriceeulry-laboutique.com\/blog\/?p=7511"},"modified":"2018-12-12T03:11:31","modified_gmt":"2018-12-12T03:11:31","slug":"dialoguez-avec-jehanne","status":"publish","type":"post","link":"http:\/\/www.fabriceeulry-laboutique.com\/blog\/?p=7511","title":{"rendered":"DIALOGUEZ AVEC JEHANNE"},"content":{"rendered":"<h2 style=\"text-align: center;\"><span style=\"color: #000000;\"><strong>A Vaucouleurs les vendredi 18 et samedi 19 <span style=\"color: #000000;\">septembre 2015 avait lieu un spectacle qui est le premier \u00e0 faire appara\u00eetre Jehanne en trois dimensions et \u00e0 vous permettre de dialoguer avec elle.<\/span><\/strong><\/span><\/h2>\n<h2 style=\"text-align: center;\"><span style=\"color: #000000;\"><strong>Cliquez sur l&rsquo;image de Jehanne d&rsquo;Arc pour visionner les \u00e9l\u00e9ments du spectacle et le reportage du 13h de F2\u00a0<\/strong><\/span><\/h2>\n<p><a href=\"http:\/\/doublesprit.com\/jeanne-darc-2015-show-historique-mapping-show-interactif-new\/\"><img data-recalc-dims=\"1\" loading=\"lazy\" decoding=\"async\" class=\"aligncenter size-full wp-image-7512\" src=\"https:\/\/i0.wp.com\/www.fabriceeulry-laboutique.com\/blog\/wp-content\/uploads\/2015\/09\/jehanne-.jpg?resize=640%2C207\" alt=\"jehanne\" width=\"640\" height=\"207\" srcset=\"https:\/\/i0.wp.com\/www.fabriceeulry-laboutique.com\/blog\/wp-content\/uploads\/2015\/09\/jehanne-.jpg?w=949 949w, https:\/\/i0.wp.com\/www.fabriceeulry-laboutique.com\/blog\/wp-content\/uploads\/2015\/09\/jehanne-.jpg?resize=300%2C97 300w\" sizes=\"auto, (max-width: 640px) 100vw, 640px\" \/><\/a><\/p>\n<h2 style=\"text-align: center;\"><span style=\"color: #000000;\">Le contenu du spectacle est authentifi\u00e9 par les historiens de Nancy.<\/span><\/h2>\n<h2 style=\"text-align: center;\"><\/h2>\n<h2 style=\"text-align: center;\"><span style=\"color: #000000;\">Leur r\u00e9f\u00e9rence : Philippe Contamine et Olivier Bouzy auteurs de Jehanne d&rsquo;Arc histoire et dictionnaire (chez Laffont 2012) ont dissip\u00e9 les doutes sur l&rsquo;histoire de Jehanne en \u00e9tant les premiers \u00e0 travailler sur les archives du second proc\u00e8s (le proc\u00e8s en r\u00e9habilitation).<\/span><\/h2>\n<h2 style=\"text-align: center;\"><span style=\"color: #000000;\">Enseignez l&rsquo;histoire de France avec des chansons, de l&rsquo;humour et l&rsquo;esprit l\u00e9ger et positif !<\/span><\/h2>\n<h2 style=\"text-align: center;\"><span style=\"color: #000000;\"><a style=\"color: #000000;\" href=\"http:\/\/www.fabriceeulry.com\/discographie.html\"><img data-recalc-dims=\"1\" decoding=\"async\" src=\"https:\/\/i0.wp.com\/www.fabriceeulry.com\/images\/livre_disque\/histoire_de_france.jpg?w=100\" alt=\"\"  \/><\/a>\u00a0Un livre illustr\u00e9 cousu-coll\u00e9 et avec un disque d&rsquo;une heure vingt.<\/span><\/h2>\n","protected":false},"excerpt":{"rendered":"<p>A Vaucouleurs les vendredi 18 et samedi 19 septembre 2015 avait lieu un spectacle qui est le premier \u00e0 faire appara\u00eetre Jehanne en trois dimensions et \u00e0 vous permettre de dialoguer avec elle. Cliquez sur l&rsquo;image de Jehanne d&rsquo;Arc pour &hellip; <a href=\"http:\/\/www.fabriceeulry-laboutique.com\/blog\/?p=7511\">Continuer la lecture <span class=\"meta-nav\">&rarr;<\/span><\/a><\/p>\n","protected":false},"author":2,"featured_media":0,"comment_status":"open","ping_status":"open","sticky":false,"template":"","format":"standard","meta":{"jetpack_post_was_ever_published":false,"_jetpack_newsletter_access":"","_jetpack_dont_email_post_to_subs":true,"_jetpack_newsletter_tier_id":0,"_jetpack_memberships_contains_paywalled_content":false,"_jetpack_memberships_contains_paid_content":false,"footnotes":"","jetpack_publicize_message":"","jetpack_publicize_feature_enabled":true,"jetpack_social_post_already_shared":true,"jetpack_social_options":{"image_generator_settings":{"template":"highway","default_image_id":0,"font":"","enabled":false},"version":2}},"categories":[1],"tags":[34],"class_list":["post-7511","post","type-post","status-publish","format-standard","hentry","category-non-classe","tag-histoire"],"jetpack_publicize_connections":[],"jetpack_featured_media_url":"","jetpack_sharing_enabled":true,"jetpack_shortlink":"https:\/\/wp.me\/p2D6dI-1X9","jetpack_likes_enabled":true,"jetpack-related-posts":[{"id":8753,"url":"http:\/\/www.fabriceeulry-laboutique.com\/blog\/?p=8753","url_meta":{"origin":7511,"position":0},"title":"NOTES EN TRANSE : PREPARATION","author":"Le Canard du pianiste","date":"3 septembre 2016","format":false,"excerpt":"jeudi 1er septembre \u00a022h00 : R\u00e9p\u00e9tition au piano pour rester en doigts malgr\u00e9 l'humidit\u00e9 qui tombe pendant que la sc\u00e8ne est install\u00e9e. 23h00 1h00 : Filage complet du spectacle avec la bande -son du dvd de Bobino ou de Boogie-wooguillaume et la mise en sc\u00e8ne images : le pianiste doit\u2026","rel":"","context":"Dans &quot;Non class\u00e9&quot;","block_context":{"text":"Non class\u00e9","link":"http:\/\/www.fabriceeulry-laboutique.com\/blog\/?cat=1"},"img":{"alt_text":"","src":"https:\/\/i0.wp.com\/www.fabriceeulry-laboutique.com\/blog\/wp-content\/uploads\/2016\/09\/not-7.jpg?resize=350%2C200","width":350,"height":200,"srcset":"https:\/\/i0.wp.com\/www.fabriceeulry-laboutique.com\/blog\/wp-content\/uploads\/2016\/09\/not-7.jpg?resize=350%2C200 1x, https:\/\/i0.wp.com\/www.fabriceeulry-laboutique.com\/blog\/wp-content\/uploads\/2016\/09\/not-7.jpg?resize=525%2C300 1.5x, https:\/\/i0.wp.com\/www.fabriceeulry-laboutique.com\/blog\/wp-content\/uploads\/2016\/09\/not-7.jpg?resize=700%2C400 2x"},"classes":[]},{"id":2225,"url":"http:\/\/www.fabriceeulry-laboutique.com\/blog\/?p=2225","url_meta":{"origin":7511,"position":1},"title":"QUELQUES CRITIQUES DE F.E. ET SON PIANO FOU","author":"Le Canard du pianiste","date":"28 f\u00e9vrier 2013","format":false,"excerpt":"Artistes :\u00a0Fabrice Eulry Quelques critiques de spectateurs : Note des internautes : 9\/10 avec\u00a030\u00a0critiques 97% \u00a0Bien 3% \u00a0\u00a0Moyen 0% \u00a0\u00a0D\u00e9cu \u00bb \u00a0 fragar\u00a0Inscrit Il y a 10 ans14 critiques Utile: -Royal, Imp\u00e9rial !!! 10\/10 Dionxu rend un v\u00e9ritable hommage \u00e0 Fabrice Eulry, et comme je partage son opinion !! Fabrice\u2026","rel":"","context":"Dans &quot;Non class\u00e9&quot;","block_context":{"text":"Non class\u00e9","link":"http:\/\/www.fabriceeulry-laboutique.com\/blog\/?cat=1"},"img":{"alt_text":"","src":"","width":0,"height":0},"classes":[]},{"id":12969,"url":"http:\/\/www.fabriceeulry-laboutique.com\/blog\/?p=12969","url_meta":{"origin":7511,"position":2},"title":"FESTIVAL D&rsquo;AVIGNON SUR L&rsquo;EAU","author":"Le Canard du pianiste","date":"20 juillet 2024","format":false,"excerpt":"Cette \u00e9dition 2024 du festival d'Avignon a vu une formule tr\u00e8s originale : le festival d\u00e9borde des remparts et embarque sur le Rh\u00f4ne pour une croisi\u00e8re de quelques heures qui enjambe le cr\u00e9puscule et permet de retrouver l'autre Ville \u00e9ternelle sous ses illuminations nocturnes. La p\u00e9niche LE MIRIEO vous donne\u2026","rel":"","context":"Dans &quot;Non class\u00e9&quot;","block_context":{"text":"Non class\u00e9","link":"http:\/\/www.fabriceeulry-laboutique.com\/blog\/?cat=1"},"img":{"alt_text":"","src":"https:\/\/i0.wp.com\/www.fabriceeulry-laboutique.com\/blog\/wp-content\/uploads\/2024\/07\/1000002220-scaled.jpg?resize=350%2C200","width":350,"height":200,"srcset":"https:\/\/i0.wp.com\/www.fabriceeulry-laboutique.com\/blog\/wp-content\/uploads\/2024\/07\/1000002220-scaled.jpg?resize=350%2C200 1x, https:\/\/i0.wp.com\/www.fabriceeulry-laboutique.com\/blog\/wp-content\/uploads\/2024\/07\/1000002220-scaled.jpg?resize=525%2C300 1.5x, https:\/\/i0.wp.com\/www.fabriceeulry-laboutique.com\/blog\/wp-content\/uploads\/2024\/07\/1000002220-scaled.jpg?resize=700%2C400 2x, https:\/\/i0.wp.com\/www.fabriceeulry-laboutique.com\/blog\/wp-content\/uploads\/2024\/07\/1000002220-scaled.jpg?resize=1050%2C600 3x, https:\/\/i0.wp.com\/www.fabriceeulry-laboutique.com\/blog\/wp-content\/uploads\/2024\/07\/1000002220-scaled.jpg?resize=1400%2C800 4x"},"classes":[]},{"id":12848,"url":"http:\/\/www.fabriceeulry-laboutique.com\/blog\/?p=12848","url_meta":{"origin":7511,"position":3},"title":"ALICE EULRY DANS \u00ab\u00a0BACK TO THE 80&rsquo;s\u00a0\u00bb","author":"Le Canard du pianiste","date":"3 f\u00e9vrier 2024","format":false,"excerpt":"Back to the 80's est un spectacle qui retrace le r\u00e9pertoire international des ann\u00e9es 1980. Avec humour et l\u00e9g\u00e8ret\u00e9, Alice Eulry com\u00e9dienne et chanteuse, reprend aussi bien les tubes fran\u00e7ais de Balavoine ou France Gall que ceux de Diana Ross ou George Michael, accompagn\u00e9e par Fabrice Eulry au piano et\u2026","rel":"","context":"Dans &quot;Non class\u00e9&quot;","block_context":{"text":"Non class\u00e9","link":"http:\/\/www.fabriceeulry-laboutique.com\/blog\/?cat=1"},"img":{"alt_text":"","src":"https:\/\/i0.wp.com\/www.fabriceeulry-laboutique.com\/blog\/wp-content\/uploads\/2024\/02\/Capture-decran-2024-02-04-a-00.51.58.png?resize=350%2C200","width":350,"height":200,"srcset":"https:\/\/i0.wp.com\/www.fabriceeulry-laboutique.com\/blog\/wp-content\/uploads\/2024\/02\/Capture-decran-2024-02-04-a-00.51.58.png?resize=350%2C200 1x, https:\/\/i0.wp.com\/www.fabriceeulry-laboutique.com\/blog\/wp-content\/uploads\/2024\/02\/Capture-decran-2024-02-04-a-00.51.58.png?resize=525%2C300 1.5x, https:\/\/i0.wp.com\/www.fabriceeulry-laboutique.com\/blog\/wp-content\/uploads\/2024\/02\/Capture-decran-2024-02-04-a-00.51.58.png?resize=700%2C400 2x, https:\/\/i0.wp.com\/www.fabriceeulry-laboutique.com\/blog\/wp-content\/uploads\/2024\/02\/Capture-decran-2024-02-04-a-00.51.58.png?resize=1050%2C600 3x"},"classes":[]},{"id":8613,"url":"http:\/\/www.fabriceeulry-laboutique.com\/blog\/?p=8613","url_meta":{"origin":7511,"position":4},"title":"LE DECONCERTO A L&rsquo;ASSAUT DU REMPART","author":"Le Canard du pianiste","date":"5 juillet 2016","format":false,"excerpt":"Lors d'une conf\u00e9rence de presse o\u00f9 chacun a offert 3 minutes trente de son spectacle, l'affiche de DECONCERTO POUR UN SEUL HOMME est mont\u00e9e \u00e0 l'assaut des remparts d'Avignon en rang serr\u00e9s avec les autres spectacles du th\u00e9\u00e2tre du Rempart dont celui de REMI LE ROI DES COMPTINES, pour les\u2026","rel":"","context":"Dans &quot;Non class\u00e9&quot;","block_context":{"text":"Non class\u00e9","link":"http:\/\/www.fabriceeulry-laboutique.com\/blog\/?cat=1"},"img":{"alt_text":"AVI 3","src":"https:\/\/i0.wp.com\/www.fabriceeulry-laboutique.com\/blog\/wp-content\/uploads\/2016\/07\/AVI-3-275x300.jpg?resize=350%2C200","width":350,"height":200},"classes":[]},{"id":7679,"url":"http:\/\/www.fabriceeulry-laboutique.com\/blog\/?p=7679","url_meta":{"origin":7511,"position":5},"title":"QUELQUES PHOTOS DE L&rsquo;OLYMPIA","author":"Le Canard du pianiste","date":"13 octobre 2015","format":false,"excerpt":"Pour patienter en attendant le documentaire... R\u00e9p\u00e9tition in situ pendant l'apr\u00e8s-midi pour les \u00e9clairages : Ici la r\u00e9p\u00e9tition des variations sur Les yeux noirs pr\u00e9par\u00e9 depuis deux mois et pr\u00e9vu pour le premier rappel qui sera annul\u00e9 faute de temps : Naissance du spectacle dans l'obscurit\u00e9 puis la lumi\u00e8re noire,\u2026","rel":"","context":"Dans &quot;Non class\u00e9&quot;","block_context":{"text":"Non class\u00e9","link":"http:\/\/www.fabriceeulry-laboutique.com\/blog\/?cat=1"},"img":{"alt_text":"","src":"https:\/\/i0.wp.com\/www.fabriceeulry-laboutique.com\/blog\/wp-content\/uploads\/2015\/10\/R%C3%A9p%C3%A9tition-1-.jpg?resize=350%2C200","width":350,"height":200,"srcset":"https:\/\/i0.wp.com\/www.fabriceeulry-laboutique.com\/blog\/wp-content\/uploads\/2015\/10\/R%C3%A9p%C3%A9tition-1-.jpg?resize=350%2C200 1x, https:\/\/i0.wp.com\/www.fabriceeulry-laboutique.com\/blog\/wp-content\/uploads\/2015\/10\/R%C3%A9p%C3%A9tition-1-.jpg?resize=525%2C300 1.5x, https:\/\/i0.wp.com\/www.fabriceeulry-laboutique.com\/blog\/wp-content\/uploads\/2015\/10\/R%C3%A9p%C3%A9tition-1-.jpg?resize=700%2C400 2x, https:\/\/i0.wp.com\/www.fabriceeulry-laboutique.com\/blog\/wp-content\/uploads\/2015\/10\/R%C3%A9p%C3%A9tition-1-.jpg?resize=1050%2C600 3x"},"classes":[]}],"_links":{"self":[{"href":"http:\/\/www.fabriceeulry-laboutique.com\/blog\/index.php?rest_route=\/wp\/v2\/posts\/7511","targetHints":{"allow":["GET"]}}],"collection":[{"href":"http:\/\/www.fabriceeulry-laboutique.com\/blog\/index.php?rest_route=\/wp\/v2\/posts"}],"about":[{"href":"http:\/\/www.fabriceeulry-laboutique.com\/blog\/index.php?rest_route=\/wp\/v2\/types\/post"}],"author":[{"embeddable":true,"href":"http:\/\/www.fabriceeulry-laboutique.com\/blog\/index.php?rest_route=\/wp\/v2\/users\/2"}],"replies":[{"embeddable":true,"href":"http:\/\/www.fabriceeulry-laboutique.com\/blog\/index.php?rest_route=%2Fwp%2Fv2%2Fcomments&post=7511"}],"version-history":[{"count":4,"href":"http:\/\/www.fabriceeulry-laboutique.com\/blog\/index.php?rest_route=\/wp\/v2\/posts\/7511\/revisions"}],"predecessor-version":[{"id":8112,"href":"http:\/\/www.fabriceeulry-laboutique.com\/blog\/index.php?rest_route=\/wp\/v2\/posts\/7511\/revisions\/8112"}],"wp:attachment":[{"href":"http:\/\/www.fabriceeulry-laboutique.com\/blog\/index.php?rest_route=%2Fwp%2Fv2%2Fmedia&parent=7511"}],"wp:term":[{"taxonomy":"category","embeddable":true,"href":"http:\/\/www.fabriceeulry-laboutique.com\/blog\/index.php?rest_route=%2Fwp%2Fv2%2Fcategories&post=7511"},{"taxonomy":"post_tag","embeddable":true,"href":"http:\/\/www.fabriceeulry-laboutique.com\/blog\/index.php?rest_route=%2Fwp%2Fv2%2Ftags&post=7511"}],"curies":[{"name":"wp","href":"https:\/\/api.w.org\/{rel}","templated":true}]}}