{"id":7531,"date":"2015-09-21T00:11:12","date_gmt":"2015-09-21T00:11:12","guid":{"rendered":"http:\/\/www.fabriceeulry-laboutique.com\/blog\/?p=7531"},"modified":"2018-12-12T03:07:34","modified_gmt":"2018-12-12T03:07:34","slug":"le-ragtime-de-fabrice-eulry-dynamite-la-mairie","status":"publish","type":"post","link":"http:\/\/www.fabriceeulry-laboutique.com\/blog\/?p=7531","title":{"rendered":"LE RAGTIME DE FABRICE EULRY DYNAMITE LA MAIRIE"},"content":{"rendered":"<h2 style=\"text-align: center;\"><span style=\"color: #000000;\"><strong>C&rsquo;est ce que titra l&rsquo;Yonne r\u00e9publicaine (ou Le journal du centre ?) \u00e0 la fin du si\u00e8cle dernier en parlant de l&rsquo;h\u00f4tel de ville :<\/strong><\/span><\/h2>\n<h2 style=\"text-align: center;\"><a href=\"https:\/\/i0.wp.com\/www.fabriceeulry-laboutique.com\/blog\/wp-content\/uploads\/2015\/09\/clam-1-.jpg\"><img data-recalc-dims=\"1\" loading=\"lazy\" decoding=\"async\" class=\"aligncenter size-full wp-image-7534\" src=\"https:\/\/i0.wp.com\/www.fabriceeulry-laboutique.com\/blog\/wp-content\/uploads\/2015\/09\/clam-1-.jpg?resize=234%2C137\" alt=\"clam 1\" width=\"234\" height=\"137\" \/><\/a><\/h2>\n<h2 style=\"text-align: center;\"><span style=\"color: #000000;\"><strong>de la belle ville de Clamecy.<\/strong><\/span><\/h2>\n<p><img data-recalc-dims=\"1\" loading=\"lazy\" decoding=\"async\" class=\"aligncenter size-full wp-image-7532\" src=\"https:\/\/i0.wp.com\/www.fabriceeulry-laboutique.com\/blog\/wp-content\/uploads\/2015\/09\/Clamecy-.jpg?resize=275%2C184\" alt=\"Clamecy\" width=\"275\" height=\"184\" \/><\/p>\n<h2 style=\"text-align: center;\"><strong><span style=\"color: #000000;\">Mais ce dimanche<\/span><\/strong><span style=\"color: #000000;\">\u00a020 septembre 2015 c&rsquo;est la pianiste Anne-Lise Hemery qui a offici\u00e9 pour musique en Vaux d&rsquo;Yonne, la m\u00eame association culturelle. En duo piano violon avec un r\u00e9pertoire allant de C\u00e9sar Franck \u00e0 Debussy.<\/span><\/h2>\n<p><a href=\"https:\/\/i0.wp.com\/www.fabriceeulry-laboutique.com\/blog\/wp-content\/uploads\/2015\/09\/anne-lise-.jpg\"><img data-recalc-dims=\"1\" loading=\"lazy\" decoding=\"async\" class=\"aligncenter size-full wp-image-7535\" src=\"https:\/\/i0.wp.com\/www.fabriceeulry-laboutique.com\/blog\/wp-content\/uploads\/2015\/09\/anne-lise-.jpg?resize=289%2C157\" alt=\"anne-lise\" width=\"289\" height=\"157\" \/><\/a><\/p>\n<h2 style=\"text-align: center;\"><span style=\"color: #000000;\">Passionn\u00e9e de th\u00e9\u00e2tre musical, elle a particip\u00e9 \u00e0 des spectacles de Vincent Roca, Manu Kroupit et des com\u00e9diens de la Maison de la Culture de Nevers.<\/span><\/h2>\n<p><a href=\"https:\/\/i0.wp.com\/www.fabriceeulry-laboutique.com\/blog\/wp-content\/uploads\/2015\/09\/ann-1-.jpg\"><img data-recalc-dims=\"1\" loading=\"lazy\" decoding=\"async\" class=\"aligncenter size-full wp-image-7536\" src=\"https:\/\/i0.wp.com\/www.fabriceeulry-laboutique.com\/blog\/wp-content\/uploads\/2015\/09\/ann-1-.jpg?resize=154%2C140\" alt=\"ann 1\" width=\"154\" height=\"140\" \/><\/a><\/p>\n<h2 style=\"text-align: center;\"><span style=\"color: #000000;\">Un concert que j&rsquo;ai eu la peine de rater puisque j&rsquo;ai fait connaissance avec la pianiste \u00e0 la sortie, en demandant mon chemin, tout \u00e0 fait par \u00ab\u00a0hasard\u00a0\u00bb comme on dit b\u00eatement. F.E.<\/span><\/h2>\n<h2 style=\"text-align: center;\"><span style=\"color: #000000;\"><strong>Mais n&rsquo;oublions pas le concert du dimanche 27 septembre qui cl\u00f4turera ce beau p\u00e8lerinage de Paris \u00e0 Roanne, ville qui nous l&rsquo;esp\u00e9rons viendra en nombre tout comme ici le 5 octobre 2014 :<\/strong><\/span><\/h2>\n<h2 style=\"text-align: center;\"><a href=\"http:\/\/www.fabriceeulry-laboutique.com\/blog\/?p=3416\"><img data-recalc-dims=\"1\" loading=\"lazy\" decoding=\"async\" class=\"aligncenter size-full wp-image-7538\" src=\"https:\/\/i0.wp.com\/www.fabriceeulry-laboutique.com\/blog\/wp-content\/uploads\/2015\/09\/roro-1.jpg?resize=640%2C388\" alt=\"roro\" width=\"640\" height=\"388\" srcset=\"https:\/\/i0.wp.com\/www.fabriceeulry-laboutique.com\/blog\/wp-content\/uploads\/2015\/09\/roro-1.jpg?w=875 875w, https:\/\/i0.wp.com\/www.fabriceeulry-laboutique.com\/blog\/wp-content\/uploads\/2015\/09\/roro-1.jpg?resize=300%2C182 300w\" sizes=\"auto, (max-width: 640px) 100vw, 640px\" \/><\/a><\/h2>\n<h2 style=\"text-align: center;\"><span style=\"color: #000000;\"><strong> toujours en hommage \u00e0 <a href=\"http:\/\/www.fabriceeulry-laboutique.com\/blog\/?p=3416\">Guillaume<\/a> Perrot<\/strong><\/span><\/h2>\n<h2 style=\"text-align: center;\"><span style=\"color: #000000;\"><strong><em>(je joue ici avec ses parents)<\/em><\/strong><\/span><\/h2>\n<p><a href=\"http:\/\/lessor.fr\/le-grand-pianiste-fabrice-eulry-a-roanne-11142.html\"><img data-recalc-dims=\"1\" loading=\"lazy\" decoding=\"async\" class=\"aligncenter size-full wp-image-7537\" src=\"https:\/\/i0.wp.com\/www.fabriceeulry-laboutique.com\/blog\/wp-content\/uploads\/2015\/09\/bonn-.jpg?resize=507%2C336\" alt=\"bonn\" width=\"507\" height=\"336\" srcset=\"https:\/\/i0.wp.com\/www.fabriceeulry-laboutique.com\/blog\/wp-content\/uploads\/2015\/09\/bonn-.jpg?w=507 507w, https:\/\/i0.wp.com\/www.fabriceeulry-laboutique.com\/blog\/wp-content\/uploads\/2015\/09\/bonn-.jpg?resize=300%2C199 300w\" sizes=\"auto, (max-width: 507px) 100vw, 507px\" \/><\/a><\/p>\n<h2 style=\"text-align: center;\"><span style=\"color: #000000;\">\u00a9B\u00e9atrice Bonnamour (cliquez sur l&rsquo;image pour lire son article).<\/span><\/h2>\n<h2 style=\"text-align: center;\"><span style=\"color: #000000;\"><strong>pour nous permettre de r\u00e9colter au moins la m\u00eame somme que l&rsquo;ann\u00e9e derni\u00e8re au profit d&rsquo;<a href=\"http:\/\/www.infosarcomes.org\/actualites\/boogie-wooguillaume-remet-9000-info-sarcomes-pour-financer-la-recherche-sur-les-osteosarc\">infosarcome<\/a>\u00a0 (la recherche contre l&rsquo;ost\u00e9osarcome).<\/strong><\/span><\/h2>\n<h2 style=\"text-align: center;\"><span style=\"color: #000000;\">Serez-vous donc aussi nombreux \u00a0?<\/span><\/h2>\n<h2 style=\"text-align: center;\"><span style=\"color: #000000;\">Voici l&rsquo;affiche de 2014 :<\/span><\/h2>\n<h2 style=\"text-align: center;\"><span style=\"color: #000000;\"><a href=\"http:\/\/www.fabriceeulry-laboutique.com\/blog\/?p=3416\"><img data-recalc-dims=\"1\" loading=\"lazy\" decoding=\"async\" class=\"aligncenter size-full wp-image-7539\" src=\"https:\/\/i0.wp.com\/www.fabriceeulry-laboutique.com\/blog\/wp-content\/uploads\/2015\/09\/5-oct-.jpg?resize=205%2C279\" alt=\"5 oct\" width=\"205\" height=\"279\" \/><\/a><\/span><\/h2>\n<h2 style=\"text-align: center;\"><span style=\"color: #000000;\">A vous de faire en sorte que celle de 2015 affiche \u00e9galement complet :<\/span><\/h2>\n<h2 style=\"text-align: center;\"><a href=\"https:\/\/i0.wp.com\/www.fabriceeulry-laboutique.com\/blog\/wp-content\/uploads\/2015\/09\/27-septembre-.jpg\"><img data-recalc-dims=\"1\" loading=\"lazy\" decoding=\"async\" class=\"aligncenter size-full wp-image-7541\" src=\"https:\/\/i0.wp.com\/www.fabriceeulry-laboutique.com\/blog\/wp-content\/uploads\/2015\/09\/27-septembre-.jpg?resize=420%2C577\" alt=\"27 septembre\" width=\"420\" height=\"577\" srcset=\"https:\/\/i0.wp.com\/www.fabriceeulry-laboutique.com\/blog\/wp-content\/uploads\/2015\/09\/27-septembre-.jpg?w=420 420w, https:\/\/i0.wp.com\/www.fabriceeulry-laboutique.com\/blog\/wp-content\/uploads\/2015\/09\/27-septembre-.jpg?resize=218%2C300 218w, https:\/\/i0.wp.com\/www.fabriceeulry-laboutique.com\/blog\/wp-content\/uploads\/2015\/09\/27-septembre-.jpg?resize=300%2C412 300w\" sizes=\"auto, (max-width: 420px) 100vw, 420px\" \/><\/a><\/h2>\n<h2 style=\"text-align: center;\"><\/h2>\n<h2 style=\"text-align: center;\"><span style=\"color: #000000;\">Mais faites vite ! Sur 500 places d\u00e9j\u00e0 plus de 300 sont r\u00e9serv\u00e9es !\u00a0<\/span><\/h2>\n","protected":false},"excerpt":{"rendered":"<p>C&rsquo;est ce que titra l&rsquo;Yonne r\u00e9publicaine (ou Le journal du centre ?) \u00e0 la fin du si\u00e8cle dernier en parlant de l&rsquo;h\u00f4tel de ville : de la belle ville de Clamecy. Mais ce dimanche\u00a020 septembre 2015 c&rsquo;est la pianiste Anne-Lise &hellip; <a href=\"http:\/\/www.fabriceeulry-laboutique.com\/blog\/?p=7531\">Continuer la lecture <span class=\"meta-nav\">&rarr;<\/span><\/a><\/p>\n","protected":false},"author":2,"featured_media":0,"comment_status":"open","ping_status":"open","sticky":false,"template":"","format":"standard","meta":{"jetpack_post_was_ever_published":false,"_jetpack_newsletter_access":"","_jetpack_dont_email_post_to_subs":true,"_jetpack_newsletter_tier_id":0,"_jetpack_memberships_contains_paywalled_content":false,"_jetpack_memberships_contains_paid_content":false,"footnotes":"","jetpack_publicize_message":"","jetpack_publicize_feature_enabled":true,"jetpack_social_post_already_shared":true,"jetpack_social_options":{"image_generator_settings":{"template":"highway","default_image_id":0,"font":"","enabled":false},"version":2}},"categories":[1],"tags":[41],"class_list":["post-7531","post","type-post","status-publish","format-standard","hentry","category-non-classe","tag-ragtime"],"jetpack_publicize_connections":[],"jetpack_featured_media_url":"","jetpack_sharing_enabled":true,"jetpack_shortlink":"https:\/\/wp.me\/p2D6dI-1Xt","jetpack_likes_enabled":true,"jetpack-related-posts":[{"id":4430,"url":"http:\/\/www.fabriceeulry-laboutique.com\/blog\/?p=4430","url_meta":{"origin":7531,"position":0},"title":"FINANCE ET RAGTIME","author":"Le Canard du pianiste","date":"6 f\u00e9vrier 2014","format":false,"excerpt":"\u00a0L\u2019Irlande en 2014, a jug\u00e9 les banquiers les plus d\u00e9test\u00e9s du pays \u00a0 Six ans apr\u00e8s la crise qui a mis l\u2019Irlande \u00e0 genoux, trois anciens responsables de l\u2019Anglo Irish Bank comparaissaient devant la justice. Un proc\u00e8s sans pr\u00e9c\u00e9dent dans un pays qui cherche encore \u00e0 comprendre ce qui lui\u2026","rel":"","context":"Dans &quot;Non class\u00e9&quot;","block_context":{"text":"Non class\u00e9","link":"http:\/\/www.fabriceeulry-laboutique.com\/blog\/?cat=1"},"img":{"alt_text":"","src":"https:\/\/i0.wp.com\/www.fabriceeulry-laboutique.com\/blog\/wp-content\/uploads\/2014\/02\/joplin.jpg?resize=350%2C200","width":350,"height":200},"classes":[]},{"id":4703,"url":"http:\/\/www.fabriceeulry-laboutique.com\/blog\/?p=4703","url_meta":{"origin":7531,"position":1},"title":"L&rsquo;ETERNEL RETOUR DU RAGTIME","author":"Le Canard du pianiste","date":"20 mars 2014","format":false,"excerpt":"\u00a0 Le Canard du pianiste a le plaisir d'annoncer la r\u00e9activation, par le coll\u00e8gue pianiste et organiste Benjamin Intartaglia, de son double site consacr\u00e9 au ragtime et \u00e0 ses activit\u00e9s musicales\u00a0 http:\/\/www.ragtime-france.fr\/ \u00a0 \u00a0\u00a0 \u00a0Cliquez sur la pochette du disque et commandez l'album RAGTIME de Fabrice Eulry Avec outre les\u2026","rel":"","context":"Dans &quot;Non class\u00e9&quot;","block_context":{"text":"Non class\u00e9","link":"http:\/\/www.fabriceeulry-laboutique.com\/blog\/?cat=1"},"img":{"alt_text":"","src":"https:\/\/i0.wp.com\/www.fabriceeulry-laboutique.com\/blog\/wp-content\/uploads\/2014\/03\/rag2.jpg?resize=350%2C200","width":350,"height":200},"classes":[]},{"id":4890,"url":"http:\/\/www.fabriceeulry-laboutique.com\/blog\/?p=4890","url_meta":{"origin":7531,"position":2},"title":"FABRICE EULRY A ANVERS","author":"Le Canard du pianiste","date":"26 avril 2014","format":false,"excerpt":"\u00a0 Ce vendredi 25 avril 2014, je donnais un concert en piano solo \u00e0 Anvers dans la fameuse \u00e9glise Saint-Augustin du XVII\u00e8me au profit d'un organisme luttant contre la pr\u00e9carit\u00e9. Dans ce lieu d\u00e9sacralis\u00e9 mais sous la bienveillance des ma\u00eetres Rubens et Jan Van Heyck et dont on ici voit\u2026","rel":"","context":"Dans &quot;Non class\u00e9&quot;","block_context":{"text":"Non class\u00e9","link":"http:\/\/www.fabriceeulry-laboutique.com\/blog\/?cat=1"},"img":{"alt_text":"","src":"https:\/\/i0.wp.com\/www.fabriceeulry-laboutique.com\/blog\/wp-content\/uploads\/2014\/04\/anvers2.jpg?resize=350%2C200","width":350,"height":200,"srcset":"https:\/\/i0.wp.com\/www.fabriceeulry-laboutique.com\/blog\/wp-content\/uploads\/2014\/04\/anvers2.jpg?resize=350%2C200 1x, https:\/\/i0.wp.com\/www.fabriceeulry-laboutique.com\/blog\/wp-content\/uploads\/2014\/04\/anvers2.jpg?resize=525%2C300 1.5x, https:\/\/i0.wp.com\/www.fabriceeulry-laboutique.com\/blog\/wp-content\/uploads\/2014\/04\/anvers2.jpg?resize=700%2C400 2x"},"classes":[]},{"id":8881,"url":"http:\/\/www.fabriceeulry-laboutique.com\/blog\/?p=8881","url_meta":{"origin":7531,"position":3},"title":"CONF\u00c9RENCE-CONCERT SUR LE RAGTIME","author":"Le Canard du pianiste","date":"11 octobre 2016","format":false,"excerpt":"Tr\u00e8s prochainement le Canard du pianiste publiera la vid\u00e9o d'une conf\u00e9rence-concert qui a \u00e9t\u00e9 donn\u00e9e gracieusement \u00e0 la Fondation R\u00e9sonnance de Morges : Le 25 mai 2016 la Fondation R\u00e9sonnance\u00a0a pr\u00e9sent\u00e9 une conf\u00e9rence-concert sur le Ragtime anim\u00e9e par Jacky Milliet et Fabrice Eulry. Ils ont \u00e9voqu\u00e9 en musique et par\u2026","rel":"","context":"Dans &quot;Non class\u00e9&quot;","block_context":{"text":"Non class\u00e9","link":"http:\/\/www.fabriceeulry-laboutique.com\/blog\/?cat=1"},"img":{"alt_text":"","src":"https:\/\/i0.wp.com\/www.fabriceeulry-laboutique.com\/blog\/wp-content\/uploads\/2015\/04\/conf-.3-1.jpg?resize=350%2C200","width":350,"height":200,"srcset":"https:\/\/i0.wp.com\/www.fabriceeulry-laboutique.com\/blog\/wp-content\/uploads\/2015\/04\/conf-.3-1.jpg?resize=350%2C200 1x, https:\/\/i0.wp.com\/www.fabriceeulry-laboutique.com\/blog\/wp-content\/uploads\/2015\/04\/conf-.3-1.jpg?resize=525%2C300 1.5x, https:\/\/i0.wp.com\/www.fabriceeulry-laboutique.com\/blog\/wp-content\/uploads\/2015\/04\/conf-.3-1.jpg?resize=700%2C400 2x, https:\/\/i0.wp.com\/www.fabriceeulry-laboutique.com\/blog\/wp-content\/uploads\/2015\/04\/conf-.3-1.jpg?resize=1050%2C600 3x"},"classes":[]},{"id":12509,"url":"http:\/\/www.fabriceeulry-laboutique.com\/blog\/?p=12509","url_meta":{"origin":7531,"position":4},"title":"L&rsquo;OEUVRE DE CLAUDE BOLLING","author":"Le Canard du pianiste","date":"9 f\u00e9vrier 2021","format":false,"excerpt":"Fabrice Eulry nous parle bri\u00e8vement de l'oeuvre Claude Bolling et de sa collaboration avec le compositeur de Borsalino : On pose souvent cette question : Les grands compositeurs, Mozart, Beethoven, Chopin, Tcha\u00efkovsky, ceux qui sont les plus jou\u00e9s, les plus appr\u00e9ci\u00e9s, ont v\u00e9cu aux XVII, XVIII \u00e8me ou XIX si\u00e8cle.\u2026","rel":"","context":"Dans &quot;Non class\u00e9&quot;","block_context":{"text":"Non class\u00e9","link":"http:\/\/www.fabriceeulry-laboutique.com\/blog\/?cat=1"},"img":{"alt_text":"","src":"https:\/\/i0.wp.com\/www.fabriceeulry-laboutique.com\/blog\/wp-content\/uploads\/2021\/02\/mozartdixieland.png?resize=350%2C200","width":350,"height":200},"classes":[]},{"id":13440,"url":"http:\/\/www.fabriceeulry-laboutique.com\/blog\/?p=13440","url_meta":{"origin":7531,"position":5},"title":"CONCERT POUR LES PURISTES (MAIS PAS QUE&#8230;)","author":"Le Canard du pianiste","date":"23 d\u00e9cembre 2025","format":false,"excerpt":"Le terme de puriste \u00e9tant presque exclusivement employ\u00e9 par ceux qui ne le sont pas, il est aujourd'hui employ\u00e9 dans sa seule acception d'oeil ext\u00e9rieur : par \"puristes\" on d\u00e9signe donc surtout des personnes qui semblent tr\u00e8s \u00e9rudites sur un sujet au point d'\u00eatre pointilleuses sur ce qui semble en\u2026","rel":"","context":"Dans &quot;Non class\u00e9&quot;","block_context":{"text":"Non class\u00e9","link":"http:\/\/www.fabriceeulry-laboutique.com\/blog\/?cat=1"},"img":{"alt_text":"","src":"https:\/\/i0.wp.com\/www.fabriceeulry-laboutique.com\/blog\/wp-content\/uploads\/2025\/12\/PIANORAMA-1.png?resize=350%2C200","width":350,"height":200,"srcset":"https:\/\/i0.wp.com\/www.fabriceeulry-laboutique.com\/blog\/wp-content\/uploads\/2025\/12\/PIANORAMA-1.png?resize=350%2C200 1x, https:\/\/i0.wp.com\/www.fabriceeulry-laboutique.com\/blog\/wp-content\/uploads\/2025\/12\/PIANORAMA-1.png?resize=525%2C300 1.5x, https:\/\/i0.wp.com\/www.fabriceeulry-laboutique.com\/blog\/wp-content\/uploads\/2025\/12\/PIANORAMA-1.png?resize=700%2C400 2x, https:\/\/i0.wp.com\/www.fabriceeulry-laboutique.com\/blog\/wp-content\/uploads\/2025\/12\/PIANORAMA-1.png?resize=1050%2C600 3x"},"classes":[]}],"_links":{"self":[{"href":"http:\/\/www.fabriceeulry-laboutique.com\/blog\/index.php?rest_route=\/wp\/v2\/posts\/7531","targetHints":{"allow":["GET"]}}],"collection":[{"href":"http:\/\/www.fabriceeulry-laboutique.com\/blog\/index.php?rest_route=\/wp\/v2\/posts"}],"about":[{"href":"http:\/\/www.fabriceeulry-laboutique.com\/blog\/index.php?rest_route=\/wp\/v2\/types\/post"}],"author":[{"embeddable":true,"href":"http:\/\/www.fabriceeulry-laboutique.com\/blog\/index.php?rest_route=\/wp\/v2\/users\/2"}],"replies":[{"embeddable":true,"href":"http:\/\/www.fabriceeulry-laboutique.com\/blog\/index.php?rest_route=%2Fwp%2Fv2%2Fcomments&post=7531"}],"version-history":[{"count":2,"href":"http:\/\/www.fabriceeulry-laboutique.com\/blog\/index.php?rest_route=\/wp\/v2\/posts\/7531\/revisions"}],"predecessor-version":[{"id":7543,"href":"http:\/\/www.fabriceeulry-laboutique.com\/blog\/index.php?rest_route=\/wp\/v2\/posts\/7531\/revisions\/7543"}],"wp:attachment":[{"href":"http:\/\/www.fabriceeulry-laboutique.com\/blog\/index.php?rest_route=%2Fwp%2Fv2%2Fmedia&parent=7531"}],"wp:term":[{"taxonomy":"category","embeddable":true,"href":"http:\/\/www.fabriceeulry-laboutique.com\/blog\/index.php?rest_route=%2Fwp%2Fv2%2Fcategories&post=7531"},{"taxonomy":"post_tag","embeddable":true,"href":"http:\/\/www.fabriceeulry-laboutique.com\/blog\/index.php?rest_route=%2Fwp%2Fv2%2Ftags&post=7531"}],"curies":[{"name":"wp","href":"https:\/\/api.w.org\/{rel}","templated":true}]}}