{"id":7545,"date":"2015-09-23T15:53:50","date_gmt":"2015-09-23T15:53:50","guid":{"rendered":"http:\/\/www.fabriceeulry-laboutique.com\/blog\/?p=7545"},"modified":"2018-12-12T03:02:32","modified_gmt":"2018-12-12T03:02:32","slug":"un-beau-coin-de-france-oublie","status":"publish","type":"post","link":"http:\/\/www.fabriceeulry-laboutique.com\/blog\/?p=7545","title":{"rendered":"UN BEAU COIN DE FRANCE OUBLIE"},"content":{"rendered":"<h2 style=\"text-align: center;\"><span style=\"color: #000000;\">Oubli\u00e9 pour le meilleur par les rocades, les rond-points, les grandes surfaces, les tags, les turbulences de la mondialisation&#8230;<\/span><\/h2>\n<h2 style=\"text-align: center;\"><span style=\"color: #000000;\">Oubli\u00e9 pour le pire par les pr\u00e9jug\u00e9s ou l&rsquo;indiff\u00e9rence \u00e0 l&rsquo;\u00e9gard d&rsquo;un art de vivre charmant et d\u00e9suet, issu d&rsquo;un pass\u00e9 encore si proche que l&rsquo;on peut encore s&rsquo;en laisser caresser par les derniers souffles doux et apaisants, fussent-ils phtisiques&#8230;<\/span><\/h2>\n<h2 style=\"text-align: center;\"><span style=\"color: #000000;\"><strong>Voici la romantique Saint-Honor\u00e9 les bains, hors \u00a0du temps, proche des chemins de p\u00e8lerinage et loin des axes-balafres.<\/strong><\/span><\/h2>\n<h2 style=\"text-align: center;\"><span style=\"color: #000000;\"><a style=\"color: #000000;\" href=\"https:\/\/i0.wp.com\/www.fabriceeulry-laboutique.com\/blog\/wp-content\/uploads\/2015\/09\/rand-.-19-.jpg\"><img data-recalc-dims=\"1\" loading=\"lazy\" decoding=\"async\" class=\"aligncenter size-full wp-image-7553\" src=\"https:\/\/i0.wp.com\/www.fabriceeulry-laboutique.com\/blog\/wp-content\/uploads\/2015\/09\/rand-12-.jpg?resize=640%2C425\" alt=\"rand 12\" width=\"640\" height=\"425\" srcset=\"https:\/\/i0.wp.com\/www.fabriceeulry-laboutique.com\/blog\/wp-content\/uploads\/2015\/09\/rand-12-.jpg?w=868 868w, https:\/\/i0.wp.com\/www.fabriceeulry-laboutique.com\/blog\/wp-content\/uploads\/2015\/09\/rand-12-.jpg?resize=300%2C199 300w\" sizes=\"auto, (max-width: 640px) 100vw, 640px\" \/><br \/>\n<\/a><strong>Ses termes dernier secteur d\u00e9cr\u00e9t\u00e9 comme ayant un rapport \u00e0 court terme par les financiers incultes et frileux qui poss\u00e8dent la ville tous en refusant d&rsquo;y investir le moindre sous. Y sont-ils m\u00eame venus se rendre compte du potentiel exceptionnel de Saint-Honor\u00e9 les bains ? Les terrains de tennis sont envahis par les plantes et la moiti\u00e9 des h\u00f4tels pourtant merveilleux,<\/strong><a style=\"color: #000000;\" href=\"https:\/\/i0.wp.com\/www.fabriceeulry-laboutique.com\/blog\/wp-content\/uploads\/2015\/09\/mor-.jpg\"><img data-recalc-dims=\"1\" loading=\"lazy\" decoding=\"async\" class=\"aligncenter size-full wp-image-7564\" src=\"https:\/\/i0.wp.com\/www.fabriceeulry-laboutique.com\/blog\/wp-content\/uploads\/2015\/09\/mor-.jpg?resize=577%2C365\" alt=\"mor\" width=\"577\" height=\"365\" srcset=\"https:\/\/i0.wp.com\/www.fabriceeulry-laboutique.com\/blog\/wp-content\/uploads\/2015\/09\/mor-.jpg?w=577 577w, https:\/\/i0.wp.com\/www.fabriceeulry-laboutique.com\/blog\/wp-content\/uploads\/2015\/09\/mor-.jpg?resize=300%2C190 300w\" sizes=\"auto, (max-width: 577px) 100vw, 577px\" \/><\/a><\/span><\/h2>\n<h2 style=\"text-align: center;\"><span style=\"color: #000000;\"><strong>comme ici le Morvan dont seule une petite partie a \u00e9t\u00e9 transform\u00e9 en casino, sont abandonn\u00e9s.<\/strong><a style=\"color: #000000;\" href=\"http:\/\/www.fabriceeulry-laboutique.com\/blog\/wp-content\/uploads\/2015\/09\/rand-.jpg\"><br \/>\n<\/a><a style=\"color: #000000;\" href=\"https:\/\/i0.wp.com\/www.fabriceeulry-laboutique.com\/blog\/wp-content\/uploads\/2015\/09\/rand-14-.jpg\"><img data-recalc-dims=\"1\" loading=\"lazy\" decoding=\"async\" class=\"aligncenter size-full wp-image-7552\" src=\"https:\/\/i0.wp.com\/www.fabriceeulry-laboutique.com\/blog\/wp-content\/uploads\/2015\/09\/rand-14-.jpg?resize=640%2C432\" alt=\"rand 14\" width=\"640\" height=\"432\" srcset=\"https:\/\/i0.wp.com\/www.fabriceeulry-laboutique.com\/blog\/wp-content\/uploads\/2015\/09\/rand-14-.jpg?w=872 872w, https:\/\/i0.wp.com\/www.fabriceeulry-laboutique.com\/blog\/wp-content\/uploads\/2015\/09\/rand-14-.jpg?resize=300%2C203 300w\" sizes=\"auto, (max-width: 640px) 100vw, 640px\" \/><\/a>Que leur importe, les frais de destruction de l&rsquo;H\u00f4tel du parc dont la partie centrale visible ici s&rsquo;est effondr\u00e9e, et qui jadis<\/span><\/h2>\n<h2 style=\"text-align: center;\"><span style=\"color: #000000;\"><img data-recalc-dims=\"1\" loading=\"lazy\" decoding=\"async\" class=\"aligncenter size-full wp-image-7563\" src=\"https:\/\/i0.wp.com\/www.fabriceeulry-laboutique.com\/blog\/wp-content\/uploads\/2015\/09\/parc-.jpg?resize=640%2C448\" alt=\"parc\" width=\"640\" height=\"448\" srcset=\"https:\/\/i0.wp.com\/www.fabriceeulry-laboutique.com\/blog\/wp-content\/uploads\/2015\/09\/parc-.jpg?w=683 683w, https:\/\/i0.wp.com\/www.fabriceeulry-laboutique.com\/blog\/wp-content\/uploads\/2015\/09\/parc-.jpg?resize=300%2C210 300w\" sizes=\"auto, (max-width: 640px) 100vw, 640px\" \/>proposait une femme de chambre par chambre,<\/span><\/h2>\n<p><span style=\"color: #000000;\"><a style=\"color: #000000;\" href=\"https:\/\/i0.wp.com\/www.fabriceeulry-laboutique.com\/blog\/wp-content\/uploads\/2015\/09\/rand-8-.jpg\"><img data-recalc-dims=\"1\" loading=\"lazy\" decoding=\"async\" class=\"aligncenter size-full wp-image-7556\" src=\"https:\/\/i0.wp.com\/www.fabriceeulry-laboutique.com\/blog\/wp-content\/uploads\/2015\/09\/rand-8-.jpg?resize=640%2C478\" alt=\"rand 8\" width=\"640\" height=\"478\" srcset=\"https:\/\/i0.wp.com\/www.fabriceeulry-laboutique.com\/blog\/wp-content\/uploads\/2015\/09\/rand-8-.jpg?w=777 777w, https:\/\/i0.wp.com\/www.fabriceeulry-laboutique.com\/blog\/wp-content\/uploads\/2015\/09\/rand-8-.jpg?resize=300%2C224 300w\" sizes=\"auto, (max-width: 640px) 100vw, 640px\" \/><\/a><\/span><\/p>\n<h2 style=\"text-align: center;\"><span style=\"color: #000000;\">seront pay\u00e9s par le <a style=\"color: #000000;\" href=\"http:\/\/www.lejdc.fr\/nievre\/actualite\/pays\/morvan\/2015\/09\/16\/l-hotel-du-parc-a-saint-honore-les-bains-sera-demoli_11587193-commentaire.html#comment\">contribuable<\/a> local.<\/span><\/h2>\n<h2 style=\"text-align: center;\"><span style=\"color: #000000;\"><img data-recalc-dims=\"1\" loading=\"lazy\" decoding=\"async\" class=\"aligncenter size-full wp-image-7558\" src=\"https:\/\/i0.wp.com\/www.fabriceeulry-laboutique.com\/blog\/wp-content\/uploads\/2015\/09\/rand-4-.jpg?resize=628%2C648\" alt=\"rand 4\" width=\"628\" height=\"648\" srcset=\"https:\/\/i0.wp.com\/www.fabriceeulry-laboutique.com\/blog\/wp-content\/uploads\/2015\/09\/rand-4-.jpg?w=628 628w, https:\/\/i0.wp.com\/www.fabriceeulry-laboutique.com\/blog\/wp-content\/uploads\/2015\/09\/rand-4-.jpg?resize=291%2C300 291w, https:\/\/i0.wp.com\/www.fabriceeulry-laboutique.com\/blog\/wp-content\/uploads\/2015\/09\/rand-4-.jpg?resize=300%2C310 300w\" sizes=\"auto, (max-width: 628px) 100vw, 628px\" \/> L&rsquo;abandon depuis 1974 provoquant la v\u00e9tust\u00e9, qui justifie \u00e0 son tour la d\u00e9molition,<img data-recalc-dims=\"1\" loading=\"lazy\" decoding=\"async\" class=\"aligncenter size-full wp-image-7557\" src=\"https:\/\/i0.wp.com\/www.fabriceeulry-laboutique.com\/blog\/wp-content\/uploads\/2015\/09\/rand-7-.jpg?resize=640%2C450\" alt=\"rand 7\" width=\"640\" height=\"450\" srcset=\"https:\/\/i0.wp.com\/www.fabriceeulry-laboutique.com\/blog\/wp-content\/uploads\/2015\/09\/rand-7-.jpg?w=820 820w, https:\/\/i0.wp.com\/www.fabriceeulry-laboutique.com\/blog\/wp-content\/uploads\/2015\/09\/rand-7-.jpg?resize=300%2C211 300w\" sizes=\"auto, (max-width: 640px) 100vw, 640px\" \/>pr\u00e9vue pour novembre 2015.<a style=\"color: #000000;\" href=\"https:\/\/i0.wp.com\/www.fabriceeulry-laboutique.com\/blog\/wp-content\/uploads\/2015\/09\/rand-10-.jpg\"><br \/>\n<img data-recalc-dims=\"1\" loading=\"lazy\" decoding=\"async\" class=\"aligncenter size-full wp-image-7555\" src=\"https:\/\/i0.wp.com\/www.fabriceeulry-laboutique.com\/blog\/wp-content\/uploads\/2015\/09\/rand-10-.jpg?resize=640%2C427\" alt=\"rand 10\" width=\"640\" height=\"427\" srcset=\"https:\/\/i0.wp.com\/www.fabriceeulry-laboutique.com\/blog\/wp-content\/uploads\/2015\/09\/rand-10-.jpg?w=873 873w, https:\/\/i0.wp.com\/www.fabriceeulry-laboutique.com\/blog\/wp-content\/uploads\/2015\/09\/rand-10-.jpg?resize=300%2C200 300w\" sizes=\"auto, (max-width: 640px) 100vw, 640px\" \/><\/a><\/span><\/h2>\n<h2 style=\"text-align: center;\"><span style=\"color: #000000;\"> La girouette et le paratonnerre se prosternent devant la lune, le cr\u00e9pi craque, mais les briques verniss\u00e9es qui habillent fi\u00e8rement de nombreuses maisons du terroir tiennent encore.<a style=\"color: #000000;\" href=\"https:\/\/i0.wp.com\/www.fabriceeulry-laboutique.com\/blog\/wp-content\/uploads\/2015\/09\/rand-12-.jpg\"><img data-recalc-dims=\"1\" loading=\"lazy\" decoding=\"async\" class=\"aligncenter size-full wp-image-7554\" src=\"https:\/\/i0.wp.com\/www.fabriceeulry-laboutique.com\/blog\/wp-content\/uploads\/2015\/09\/rand-11-.jpg?resize=640%2C428\" alt=\"rand 11\" width=\"640\" height=\"428\" srcset=\"https:\/\/i0.wp.com\/www.fabriceeulry-laboutique.com\/blog\/wp-content\/uploads\/2015\/09\/rand-11-.jpg?w=869 869w, https:\/\/i0.wp.com\/www.fabriceeulry-laboutique.com\/blog\/wp-content\/uploads\/2015\/09\/rand-11-.jpg?resize=300%2C201 300w\" sizes=\"auto, (max-width: 640px) 100vw, 640px\" \/><\/a><\/span><\/h2>\n<h2 style=\"text-align: center;\"><span style=\"color: #000000;\">\u00a0<strong>Un riche Italien avait eu le coup de foudre en 2012 mais n&rsquo;ayant pu obtenir le fond,<\/strong><img data-recalc-dims=\"1\" loading=\"lazy\" decoding=\"async\" class=\"aligncenter size-full wp-image-7559\" src=\"https:\/\/i0.wp.com\/www.fabriceeulry-laboutique.com\/blog\/wp-content\/uploads\/2015\/09\/rand-21-.jpg?resize=640%2C429\" alt=\"rand 21\" width=\"640\" height=\"429\" srcset=\"https:\/\/i0.wp.com\/www.fabriceeulry-laboutique.com\/blog\/wp-content\/uploads\/2015\/09\/rand-21-.jpg?w=869 869w, https:\/\/i0.wp.com\/www.fabriceeulry-laboutique.com\/blog\/wp-content\/uploads\/2015\/09\/rand-21-.jpg?resize=300%2C201 300w\" sizes=\"auto, (max-width: 640px) 100vw, 640px\" \/>il renon\u00e7a \u00e0 restaurer les murs, un g\u00e2chis de plus !<\/span><\/h2>\n<h2 style=\"text-align: center;\"><span style=\"color: #000000;\"><a style=\"color: #000000;\" href=\"https:\/\/i0.wp.com\/www.fabriceeulry-laboutique.com\/blog\/wp-content\/uploads\/2015\/09\/rand-20-.jpg\"><img data-recalc-dims=\"1\" loading=\"lazy\" decoding=\"async\" class=\"aligncenter size-full wp-image-7560\" src=\"https:\/\/i0.wp.com\/www.fabriceeulry-laboutique.com\/blog\/wp-content\/uploads\/2015\/09\/rand-20-.jpg?resize=640%2C428\" alt=\"rand 20\" width=\"640\" height=\"428\" srcset=\"https:\/\/i0.wp.com\/www.fabriceeulry-laboutique.com\/blog\/wp-content\/uploads\/2015\/09\/rand-20-.jpg?w=868 868w, https:\/\/i0.wp.com\/www.fabriceeulry-laboutique.com\/blog\/wp-content\/uploads\/2015\/09\/rand-20-.jpg?resize=300%2C200 300w\" sizes=\"auto, (max-width: 640px) 100vw, 640px\" \/><\/a><\/span><\/h2>\n<h2 style=\"text-align: center;\"><span style=\"color: #000000;\">Mais l&rsquo;orgueilleux Bristol r\u00e9siste dans la m\u00e9lancolie du gris de septembre<\/span><\/h2>\n<h2 style=\"text-align: center;\"><span style=\"color: #000000;\"><img data-recalc-dims=\"1\" loading=\"lazy\" decoding=\"async\" class=\"aligncenter size-full wp-image-7551\" src=\"https:\/\/i0.wp.com\/www.fabriceeulry-laboutique.com\/blog\/wp-content\/uploads\/2015\/09\/rand-15-.jpg?resize=640%2C362\" alt=\"rand 15\" width=\"640\" height=\"362\" srcset=\"https:\/\/i0.wp.com\/www.fabriceeulry-laboutique.com\/blog\/wp-content\/uploads\/2015\/09\/rand-15-.jpg?w=860 860w, https:\/\/i0.wp.com\/www.fabriceeulry-laboutique.com\/blog\/wp-content\/uploads\/2015\/09\/rand-15-.jpg?resize=300%2C170 300w\" sizes=\"auto, (max-width: 640px) 100vw, 640px\" \/>Il a re\u00e7u trois fois Sidney Bechet dans les ann\u00e9es cinquante et fait encore travailler des musiciens, tr\u00e8s bien tenu par un couple courageux (\u00ab\u00a0Regardez-nous bien nous sommes les derniers\u00a0\u00bb)<strong>\u00a0qui refuse de vulgariser le d\u00e9corum, pr\u00e9f\u00e9rant bloquer l&rsquo;ascenseur des ann\u00e9es trente en parfait \u00e9tat plut\u00f4t que de le remplacer par un hideux mod\u00e8le impos\u00e9 par l&#8217;empire de la norme.<\/strong>\u00a0<a style=\"color: #000000;\" href=\"https:\/\/i0.wp.com\/www.fabriceeulry-laboutique.com\/blog\/wp-content\/uploads\/2015\/09\/bristol-.jpg\"><img data-recalc-dims=\"1\" loading=\"lazy\" decoding=\"async\" class=\"aligncenter size-full wp-image-7565\" src=\"https:\/\/i0.wp.com\/www.fabriceeulry-laboutique.com\/blog\/wp-content\/uploads\/2015\/09\/bristol-.jpg?resize=640%2C442\" alt=\"bristol\" width=\"640\" height=\"442\" srcset=\"https:\/\/i0.wp.com\/www.fabriceeulry-laboutique.com\/blog\/wp-content\/uploads\/2015\/09\/bristol-.jpg?w=709 709w, https:\/\/i0.wp.com\/www.fabriceeulry-laboutique.com\/blog\/wp-content\/uploads\/2015\/09\/bristol-.jpg?resize=300%2C207 300w\" sizes=\"auto, (max-width: 640px) 100vw, 640px\" \/><\/a><\/span><\/h2>\n<h2 style=\"text-align: center;\"><span style=\"color: #000000;\">En dessous de son restaurant, une petite galerie marchande sans \u00e2ge, dont chaque boutique ressemble \u00e0 une maison de poup\u00e9e est l&rsquo;occasion de rencontrer de gentilles dames disponibles qui racontent le pass\u00e9 de la station, en vendant des produits du terroir. L&rsquo;une d&rsquo;elles a not\u00e9 fi\u00e8rement dans sa vitrine \u00ab\u00a01958-2015, ma 57 \u00e8me saison !\u00a0\u00bb<\/span><\/h2>\n<h2 style=\"text-align: center;\"><span style=\"color: #000000;\">Enseignez l&rsquo;histoire de France avec des chansons, de l&rsquo;humour et l&rsquo;esprit l\u00e9ger et positif !<\/span><\/h2>\n<h2 style=\"text-align: center;\"><span style=\"color: #000000;\"><a style=\"color: #000000;\" href=\"http:\/\/www.fabriceeulry.com\/discographie.html\"><img data-recalc-dims=\"1\" decoding=\"async\" src=\"https:\/\/i0.wp.com\/www.fabriceeulry.com\/images\/livre_disque\/histoire_de_france.jpg?w=100\" alt=\"\"  \/><\/a>\u00a0Un livre illustr\u00e9 cousu-coll\u00e9 et avec un disque d&rsquo;une heure vingt.<\/span><\/h2>\n<p style=\"text-align: center;\" align=\"center\"><span style=\"color: #000000;\"><strong>\u00a0DISPONIBLE EN LIBRAIRIES !<\/strong><\/span><\/p>\n<p style=\"text-align: center;\" align=\"center\"><span style=\"color: #000000;\"><strong>&#8211; Librairie Notre-Dame de France 21 rue Monge 75005 Paris. Ouverte de 15h \u00e0 19h. les lundi et de 10h.30 \u00e0 19h. du mardi\u00a0au samedi<\/strong><\/span><\/p>\n<p style=\"text-align: center;\" align=\"center\"><span style=\"color: #000000;\"><strong>&#8211; Librairie 38 rue Belgrand Paris XX \u00e8me<\/strong><\/span><\/p>\n<p style=\"text-align: center;\" align=\"center\"><span style=\"color: #000000;\"><strong>&#8211; Office du tourisme de Cluny, Sa\u00f4ne et Loire<\/strong><\/span><\/p>\n<p style=\"text-align: center;\" align=\"center\"><span style=\"color: #000000;\"><strong><a style=\"color: #000000;\" href=\"http:\/\/www.herodote.net\/\">www.herodote.net<\/a><\/strong><\/span><\/p>\n<p style=\"text-align: center;\" align=\"center\"><span style=\"color: #000000;\"><strong>Toute l&rsquo;histoire de France en 1h.20 en r\u00e9cit et chansons originales de Fabrice Eulry\u00a0<a style=\"color: #000000;\" title=\"L'histoire de france en chantant\" href=\"http:\/\/fabriceeulryunblogfr.unblog.fr\/files\/2009\/07\/cdcdcdgrand.bmp\"><img loading=\"lazy\" decoding=\"async\" src=\"http:\/\/fabriceeulryunblogfr.unblog.fr\/files\/2009\/07\/cdcdcdgrand.bmp\" alt=\"L'histoire de france en chantant\" width=\"128\" height=\"80\" \/><\/a>\u00a0<\/strong><\/span><\/p>\n<p style=\"text-align: center;\" align=\"center\"><span style=\"color: #000000;\"><strong>Et bien entendu sur le site\u00a0<\/strong><\/span><\/p>\n<p style=\"text-align: center;\" align=\"center\"><span style=\"color: #000000;\"><a style=\"color: #000000;\" href=\"http:\/\/www.fabriceeulry.com\/discographie.html#ld\">http:\/\/www.fabriceeulry.com\/discographie.html#ld<\/a><\/span><\/p>\n<p style=\"text-align: center;\"><span style=\"color: #000000;\">\u00a0<\/span><\/p>\n","protected":false},"excerpt":{"rendered":"<p>Oubli\u00e9 pour le meilleur par les rocades, les rond-points, les grandes surfaces, les tags, les turbulences de la mondialisation&#8230; Oubli\u00e9 pour le pire par les pr\u00e9jug\u00e9s ou l&rsquo;indiff\u00e9rence \u00e0 l&rsquo;\u00e9gard d&rsquo;un art de vivre charmant et d\u00e9suet, issu d&rsquo;un pass\u00e9 &hellip; <a href=\"http:\/\/www.fabriceeulry-laboutique.com\/blog\/?p=7545\">Continuer la lecture <span class=\"meta-nav\">&rarr;<\/span><\/a><\/p>\n","protected":false},"author":2,"featured_media":0,"comment_status":"open","ping_status":"open","sticky":false,"template":"","format":"standard","meta":{"jetpack_post_was_ever_published":false,"_jetpack_newsletter_access":"","_jetpack_dont_email_post_to_subs":true,"_jetpack_newsletter_tier_id":0,"_jetpack_memberships_contains_paywalled_content":false,"_jetpack_memberships_contains_paid_content":false,"footnotes":"","jetpack_publicize_message":"","jetpack_publicize_feature_enabled":true,"jetpack_social_post_already_shared":true,"jetpack_social_options":{"image_generator_settings":{"template":"highway","default_image_id":0,"font":"","enabled":false},"version":2}},"categories":[1],"tags":[29],"class_list":["post-7545","post","type-post","status-publish","format-standard","hentry","category-non-classe","tag-patrimoine"],"jetpack_publicize_connections":[],"jetpack_featured_media_url":"","jetpack_sharing_enabled":true,"jetpack_shortlink":"https:\/\/wp.me\/p2D6dI-1XH","jetpack_likes_enabled":true,"jetpack-related-posts":[{"id":10879,"url":"http:\/\/www.fabriceeulry-laboutique.com\/blog\/?p=10879","url_meta":{"origin":7545,"position":0},"title":"GUSTAVE PRATI COMPOSITEUR FRAN\u00c7AIS","author":"Le Canard du pianiste","date":"11 ao\u00fbt 2018","format":false,"excerpt":"En vue d'un disque qui sera enregistr\u00e9 par la philharmonie de Kharkiv (Ukraine), son fils Xavier Prati a propos\u00e9 \u00e0 Fabrice Eulry de num\u00e9riser les partitions manuscrites de cette oeuvre de 20 minutes \u00e9crite pour 88 musiciens, en respectant chaque annotation de ce minutieux et admirable travail effectu\u00e9 il y\u2026","rel":"","context":"Dans &quot;Non class\u00e9&quot;","block_context":{"text":"Non class\u00e9","link":"http:\/\/www.fabriceeulry-laboutique.com\/blog\/?cat=1"},"img":{"alt_text":"Richard Strauss","src":"https:\/\/i0.wp.com\/www.fabriceeulry-laboutique.com\/blog\/wp-content\/uploads\/2018\/08\/Richard-Strauss.png?resize=350%2C200","width":350,"height":200},"classes":[]},{"id":13010,"url":"http:\/\/www.fabriceeulry-laboutique.com\/blog\/?p=13010","url_meta":{"origin":7545,"position":1},"title":"FESTIVAL BLUES EN AVEYRON 2024","author":"Le Canard du pianiste","date":"6 ao\u00fbt 2024","format":false,"excerpt":"Le 28 septembre 2024 vous assisterez \u00e0 des DUELS de PIANO-BOOGIE avec Michel Crosio, Anne Cadilhac, et Fabrice Eulry, au Prieur\u00e9 du Sauvage (Druelle, Balsac pr\u00e8s de l'a\u00e9roport de Rodez) - site \u00e9blouissant class\u00e9 et restaur\u00e9 gr\u00e2ce aux efforts titanesques de l'association Les Amis du Prieur\u00e9 de Sauvage (partenaire officiel\u2026","rel":"","context":"Dans &quot;Non class\u00e9&quot;","block_context":{"text":"Non class\u00e9","link":"http:\/\/www.fabriceeulry-laboutique.com\/blog\/?cat=1"},"img":{"alt_text":"","src":"https:\/\/i0.wp.com\/www.fabriceeulry-laboutique.com\/blog\/wp-content\/uploads\/2024\/09\/BenA-2024-6-1.png?resize=350%2C200","width":350,"height":200,"srcset":"https:\/\/i0.wp.com\/www.fabriceeulry-laboutique.com\/blog\/wp-content\/uploads\/2024\/09\/BenA-2024-6-1.png?resize=350%2C200 1x, https:\/\/i0.wp.com\/www.fabriceeulry-laboutique.com\/blog\/wp-content\/uploads\/2024\/09\/BenA-2024-6-1.png?resize=525%2C300 1.5x, https:\/\/i0.wp.com\/www.fabriceeulry-laboutique.com\/blog\/wp-content\/uploads\/2024\/09\/BenA-2024-6-1.png?resize=700%2C400 2x, https:\/\/i0.wp.com\/www.fabriceeulry-laboutique.com\/blog\/wp-content\/uploads\/2024\/09\/BenA-2024-6-1.png?resize=1050%2C600 3x, https:\/\/i0.wp.com\/www.fabriceeulry-laboutique.com\/blog\/wp-content\/uploads\/2024\/09\/BenA-2024-6-1.png?resize=1400%2C800 4x"},"classes":[]},{"id":4746,"url":"http:\/\/www.fabriceeulry-laboutique.com\/blog\/?p=4746","url_meta":{"origin":7545,"position":2},"title":"PRENEZ UN AVOCAT !","author":"Le Canard du pianiste","date":"27 mars 2014","format":false,"excerpt":"Le fruit magique contre le vieillissement cellulaire Vous entendez beaucoup parler des \u00ab\u00a0radicaux libres\u00a0\u00bb, ces mol\u00e9cules agressives qui attaquent vos cellules, et m\u00eame votre ADN. Ils acc\u00e9l\u00e8rent le vieillissement et contribuent \u00e0 d\u00e9clencher de nombreuses maladies li\u00e9es \u00e0 l'\u00e2ge, comme l'ath\u00e9roscl\u00e9rose, les probl\u00e8mes de vue, les d\u00e9mences, et le cancer.\u00a0\u2026","rel":"","context":"Dans &quot;Non class\u00e9&quot;","block_context":{"text":"Non class\u00e9","link":"http:\/\/www.fabriceeulry-laboutique.com\/blog\/?cat=1"},"img":{"alt_text":"","src":"","width":0,"height":0},"classes":[]},{"id":5615,"url":"http:\/\/www.fabriceeulry-laboutique.com\/blog\/?p=5615","url_meta":{"origin":7545,"position":3},"title":"POUR NOS AMIS BELGES","author":"Le Canard du pianiste","date":"17 septembre 2014","format":false,"excerpt":"Prochains \u00e9v\u00e8nements de R\u00e9sonnance Belgique \u00a0 \u00a0 \u00a0 \u00a0 \u00a0 \u00a0 ELIZABETH SOMBART & FABRICE EULRY N'attendez pas la derni\u00e8re minute pour r\u00e9server vos places car il n'y en a que 100. ENCORE\u00a020 PLACES J'esp\u00e8re que vous pourrez nous y rejoindre ! A bient\u00f4t, LE VENDREDI 31 OCTOBRE 2014 \u2013\u2026","rel":"","context":"Dans &quot;Non class\u00e9&quot;","block_context":{"text":"Non class\u00e9","link":"http:\/\/www.fabriceeulry-laboutique.com\/blog\/?cat=1"},"img":{"alt_text":"","src":"https:\/\/i0.wp.com\/www.fabriceeulry-laboutique.com\/blog\/wp-content\/uploads\/2014\/09\/du-1.jpg?resize=350%2C200","width":350,"height":200,"srcset":"https:\/\/i0.wp.com\/www.fabriceeulry-laboutique.com\/blog\/wp-content\/uploads\/2014\/09\/du-1.jpg?resize=350%2C200 1x, https:\/\/i0.wp.com\/www.fabriceeulry-laboutique.com\/blog\/wp-content\/uploads\/2014\/09\/du-1.jpg?resize=525%2C300 1.5x"},"classes":[]},{"id":7661,"url":"http:\/\/www.fabriceeulry-laboutique.com\/blog\/?p=7661","url_meta":{"origin":7545,"position":4},"title":"UN COIN DE FRANCE OUBLIE (SUITE)","author":"Le Canard du pianiste","date":"6 octobre 2015","format":false,"excerpt":"Suite \u00e0 notre article sur Saint-Honor\u00e9\u00a0les bains\u00a0et l'h\u00f4tel du parc, nous avons re\u00e7u un t\u00e9moignage tr\u00e8s touchant qui propose d'agir : \"Bonjour et merci de relayer la pauvre situation de l\u2019H\u00f4tel du Parc de Saint-Honor\u00e9-les-Bains. Vous pouvez nous aider \u00e0 la sauver en signant la p\u00e9tition que nous avons lanc\u00e9e\u2026","rel":"","context":"Dans &quot;Non class\u00e9&quot;","block_context":{"text":"Non class\u00e9","link":"http:\/\/www.fabriceeulry-laboutique.com\/blog\/?cat=1"},"img":{"alt_text":"rand 8","src":"https:\/\/i0.wp.com\/www.fabriceeulry-laboutique.com\/blog\/wp-content\/uploads\/2015\/09\/rand-8-.jpg?resize=350%2C200","width":350,"height":200,"srcset":"https:\/\/i0.wp.com\/www.fabriceeulry-laboutique.com\/blog\/wp-content\/uploads\/2015\/09\/rand-8-.jpg?resize=350%2C200 1x, https:\/\/i0.wp.com\/www.fabriceeulry-laboutique.com\/blog\/wp-content\/uploads\/2015\/09\/rand-8-.jpg?resize=525%2C300 1.5x, https:\/\/i0.wp.com\/www.fabriceeulry-laboutique.com\/blog\/wp-content\/uploads\/2015\/09\/rand-8-.jpg?resize=700%2C400 2x"},"classes":[]},{"id":247,"url":"http:\/\/www.fabriceeulry-laboutique.com\/blog\/?p=247","url_meta":{"origin":7545,"position":5},"title":"ENTREVUE AVEC MARC LAFERRIERE","author":"Le Canard du pianiste","date":"1 f\u00e9vrier 2010","format":false,"excerpt":"\u00a0\u00a0En \u00e9coutant l'album de ton jubil\u00e9 (50 ans de carri\u00e8re musicale en 2006)\u00a0 je me r\u00e9gale autant que tu\u00a0as du le faire en s\u00e9lectionnant ces enregistrements qui retracent ton parcours. \u00a0\u00a0\u00a0Bien entendu, je n\u2019ai pas \u00e0 me plaindre\u00a0: 75 ans d\u2019\u00e2ge, et encore maintenant pr\u00e8s de soixante concerts par an\u2026","rel":"","context":"Dans &quot;Non class\u00e9&quot;","block_context":{"text":"Non class\u00e9","link":"http:\/\/www.fabriceeulry-laboutique.com\/blog\/?cat=1"},"img":{"alt_text":"eulry1.jpg","src":"https:\/\/i0.wp.com\/fabriceeulryunblogfr.unblog.fr\/files\/2010\/08\/eulry1.vignette.jpg?resize=350%2C200","width":350,"height":200},"classes":[]}],"_links":{"self":[{"href":"http:\/\/www.fabriceeulry-laboutique.com\/blog\/index.php?rest_route=\/wp\/v2\/posts\/7545","targetHints":{"allow":["GET"]}}],"collection":[{"href":"http:\/\/www.fabriceeulry-laboutique.com\/blog\/index.php?rest_route=\/wp\/v2\/posts"}],"about":[{"href":"http:\/\/www.fabriceeulry-laboutique.com\/blog\/index.php?rest_route=\/wp\/v2\/types\/post"}],"author":[{"embeddable":true,"href":"http:\/\/www.fabriceeulry-laboutique.com\/blog\/index.php?rest_route=\/wp\/v2\/users\/2"}],"replies":[{"embeddable":true,"href":"http:\/\/www.fabriceeulry-laboutique.com\/blog\/index.php?rest_route=%2Fwp%2Fv2%2Fcomments&post=7545"}],"version-history":[{"count":4,"href":"http:\/\/www.fabriceeulry-laboutique.com\/blog\/index.php?rest_route=\/wp\/v2\/posts\/7545\/revisions"}],"predecessor-version":[{"id":7569,"href":"http:\/\/www.fabriceeulry-laboutique.com\/blog\/index.php?rest_route=\/wp\/v2\/posts\/7545\/revisions\/7569"}],"wp:attachment":[{"href":"http:\/\/www.fabriceeulry-laboutique.com\/blog\/index.php?rest_route=%2Fwp%2Fv2%2Fmedia&parent=7545"}],"wp:term":[{"taxonomy":"category","embeddable":true,"href":"http:\/\/www.fabriceeulry-laboutique.com\/blog\/index.php?rest_route=%2Fwp%2Fv2%2Fcategories&post=7545"},{"taxonomy":"post_tag","embeddable":true,"href":"http:\/\/www.fabriceeulry-laboutique.com\/blog\/index.php?rest_route=%2Fwp%2Fv2%2Ftags&post=7545"}],"curies":[{"name":"wp","href":"https:\/\/api.w.org\/{rel}","templated":true}]}}