{"id":7570,"date":"2015-09-24T21:46:12","date_gmt":"2015-09-24T21:46:12","guid":{"rendered":"http:\/\/www.fabriceeulry-laboutique.com\/blog\/?p=7570"},"modified":"2018-12-12T03:05:13","modified_gmt":"2018-12-12T03:05:13","slug":"complet","status":"publish","type":"post","link":"http:\/\/www.fabriceeulry-laboutique.com\/blog\/?p=7570","title":{"rendered":"COMPLET"},"content":{"rendered":"<h2 style=\"text-align: center;\"><span style=\"color: #000000;\"><strong>Merci \u00e0 tous et \u00e0 dimanche !<\/strong><\/span><a href=\"https:\/\/i0.wp.com\/www.fabriceeulry-laboutique.com\/blog\/wp-content\/uploads\/2015\/09\/27-septembre-1.jpg\"><img data-recalc-dims=\"1\" loading=\"lazy\" decoding=\"async\" class=\"aligncenter size-full wp-image-7571\" src=\"https:\/\/i0.wp.com\/www.fabriceeulry-laboutique.com\/blog\/wp-content\/uploads\/2015\/09\/27-septembre-1.jpg?resize=420%2C577\" alt=\"27 septembre\" width=\"420\" height=\"577\" srcset=\"https:\/\/i0.wp.com\/www.fabriceeulry-laboutique.com\/blog\/wp-content\/uploads\/2015\/09\/27-septembre-1.jpg?w=420 420w, https:\/\/i0.wp.com\/www.fabriceeulry-laboutique.com\/blog\/wp-content\/uploads\/2015\/09\/27-septembre-1.jpg?resize=218%2C300 218w, https:\/\/i0.wp.com\/www.fabriceeulry-laboutique.com\/blog\/wp-content\/uploads\/2015\/09\/27-septembre-1.jpg?resize=300%2C412 300w\" sizes=\"auto, (max-width: 420px) 100vw, 420px\" \/><\/a><a href=\"http:\/\/www.fabriceeulry-laboutique.com\/blog\/wp-content\/uploads\/2015\/09\/complet-png.jpg\"><br \/>\n<\/a><br \/>\n<a href=\"https:\/\/i0.wp.com\/www.fabriceeulry-laboutique.com\/blog\/wp-content\/uploads\/2015\/08\/roa-.jpg\"><img data-recalc-dims=\"1\" loading=\"lazy\" decoding=\"async\" class=\"aligncenter size-full wp-image-7431\" src=\"https:\/\/i0.wp.com\/www.fabriceeulry-laboutique.com\/blog\/wp-content\/uploads\/2015\/08\/roa-.jpg?resize=640%2C348\" alt=\"roa\" width=\"640\" height=\"348\" srcset=\"https:\/\/i0.wp.com\/www.fabriceeulry-laboutique.com\/blog\/wp-content\/uploads\/2015\/08\/roa-.jpg?w=849 849w, https:\/\/i0.wp.com\/www.fabriceeulry-laboutique.com\/blog\/wp-content\/uploads\/2015\/08\/roa-.jpg?resize=300%2C163 300w\" sizes=\"auto, (max-width: 640px) 100vw, 640px\" \/><\/a><\/h2>\n<p style=\"text-align: center;\"><span style=\"color: #000000;\"><a style=\"color: #000000;\" href=\"http:\/\/www.leprogres.fr\/loire\/2015\/08\/23\/maurice-perrot-prepare-un-concert-pour-la-recherche-medicale\">Lire la suite sur Le Progr\u00e8s<\/a><\/span><\/p>\n<h2 style=\"text-align: center;\"><a href=\"https:\/\/i0.wp.com\/www.fabriceeulry-laboutique.com\/blog\/wp-content\/uploads\/2015\/09\/pro-.jpg\"><img data-recalc-dims=\"1\" loading=\"lazy\" decoding=\"async\" class=\"aligncenter size-full wp-image-7574\" src=\"https:\/\/i0.wp.com\/www.fabriceeulry-laboutique.com\/blog\/wp-content\/uploads\/2015\/09\/pro-.jpg?resize=640%2C269\" alt=\"pro\" width=\"640\" height=\"269\" srcset=\"https:\/\/i0.wp.com\/www.fabriceeulry-laboutique.com\/blog\/wp-content\/uploads\/2015\/09\/pro-.jpg?w=1114 1114w, https:\/\/i0.wp.com\/www.fabriceeulry-laboutique.com\/blog\/wp-content\/uploads\/2015\/09\/pro-.jpg?resize=300%2C126 300w, https:\/\/i0.wp.com\/www.fabriceeulry-laboutique.com\/blog\/wp-content\/uploads\/2015\/09\/pro-.jpg?resize=1024%2C431 1024w\" sizes=\"auto, (max-width: 640px) 100vw, 640px\" \/><\/a><\/h2>\n<h2 style=\"text-align: center;\"><span style=\"color: #000000;\">Lire aussi un article plus r\u00e9cent dans :<\/span><\/h2>\n<h2 style=\"text-align: center;\"><\/h2>\n<h2 style=\"text-align: center;\"><\/h2>\n<h2 style=\"text-align: center;\"><a href=\"http:\/\/www.leprogres.fr\/loire\/2015\/09\/22\/apres-l-olympia-le-pianiste-virtuose-fabrice-eulry-sera-au-theatre-roannais-le-27-septembre\"><img data-recalc-dims=\"1\" loading=\"lazy\" decoding=\"async\" class=\"aligncenter size-full wp-image-7575\" src=\"https:\/\/i0.wp.com\/www.fabriceeulry-laboutique.com\/blog\/wp-content\/uploads\/2015\/09\/pro-1-.jpg?resize=503%2C100\" alt=\"pro 1\" width=\"503\" height=\"100\" srcset=\"https:\/\/i0.wp.com\/www.fabriceeulry-laboutique.com\/blog\/wp-content\/uploads\/2015\/09\/pro-1-.jpg?w=503 503w, https:\/\/i0.wp.com\/www.fabriceeulry-laboutique.com\/blog\/wp-content\/uploads\/2015\/09\/pro-1-.jpg?resize=300%2C60 300w\" sizes=\"auto, (max-width: 503px) 100vw, 503px\" \/><\/a><\/h2>\n","protected":false},"excerpt":{"rendered":"<p>Merci \u00e0 tous et \u00e0 dimanche ! Lire la suite sur Le Progr\u00e8s Lire aussi un article plus r\u00e9cent dans :<\/p>\n","protected":false},"author":2,"featured_media":0,"comment_status":"open","ping_status":"open","sticky":false,"template":"","format":"standard","meta":{"jetpack_post_was_ever_published":false,"_jetpack_newsletter_access":"","_jetpack_dont_email_post_to_subs":true,"_jetpack_newsletter_tier_id":0,"_jetpack_memberships_contains_paywalled_content":false,"_jetpack_memberships_contains_paid_content":false,"footnotes":"","jetpack_publicize_message":"","jetpack_publicize_feature_enabled":true,"jetpack_social_post_already_shared":true,"jetpack_social_options":{"image_generator_settings":{"template":"highway","default_image_id":0,"font":"","enabled":false},"version":2}},"categories":[1],"tags":[16],"class_list":["post-7570","post","type-post","status-publish","format-standard","hentry","category-non-classe","tag-hommages-aux-artistes"],"jetpack_publicize_connections":[],"jetpack_featured_media_url":"","jetpack_sharing_enabled":true,"jetpack_shortlink":"https:\/\/wp.me\/s2D6dI-complet","jetpack_likes_enabled":true,"jetpack-related-posts":[{"id":7868,"url":"http:\/\/www.fabriceeulry-laboutique.com\/blog\/?p=7868","url_meta":{"origin":7570,"position":0},"title":"MARC THOMAS NOUS QUITTE","author":"Le Canard du pianiste","date":"25 novembre 2015","format":false,"excerpt":"Marc Thomas vient de nous quitter. J'avais beaucoup appris aupr\u00e8s de lui, lorsque nous servions dans le big band de Michel Pastre vers l'an 2000. Plus qu'un chanteur il emmenait tout l'orchestre avec lui dans ce r\u00e9pertoire qu'il ma\u00eetrisait parfaitement comme s'il l'e\u00fbt cr\u00e9\u00e9. Tout ce qu'il touchait se transformait\u2026","rel":"","context":"Dans &quot;Non class\u00e9&quot;","block_context":{"text":"Non class\u00e9","link":"http:\/\/www.fabriceeulry-laboutique.com\/blog\/?cat=1"},"img":{"alt_text":"","src":"https:\/\/i0.wp.com\/www.fabriceeulry-laboutique.com\/blog\/wp-content\/uploads\/2015\/11\/Marc-Thomas-.jpg?resize=350%2C200","width":350,"height":200,"srcset":"https:\/\/i0.wp.com\/www.fabriceeulry-laboutique.com\/blog\/wp-content\/uploads\/2015\/11\/Marc-Thomas-.jpg?resize=350%2C200 1x, https:\/\/i0.wp.com\/www.fabriceeulry-laboutique.com\/blog\/wp-content\/uploads\/2015\/11\/Marc-Thomas-.jpg?resize=525%2C300 1.5x"},"classes":[]},{"id":5915,"url":"http:\/\/www.fabriceeulry-laboutique.com\/blog\/?p=5915","url_meta":{"origin":7570,"position":1},"title":"CONCERT HOMMAGE A GUILLAUME PERROT (SUITE) ET NOUVELLES DU DVD","author":"Le Canard du pianiste","date":"10 novembre 2014","format":false,"excerpt":"Voici le texte de l'article sur le pays.fr\u00a0: C\u2019est une histoire \u00e0 la fois belle et tragique qui est \u00e0 l\u2019origine du concert qu\u2019accueillera le th\u00e9\u00e2tre dimanche. Guillaume Perrot, Roannais, jeune pianiste du conservatoire de Saint-Etienne, disparaissait \u00e0 l'\u00e2ge de 26 ans, atteint d'un ost\u00e9osarcome. N\u00e9 \u00e0 S\u00e9oul en 1987,\u2026","rel":"","context":"Dans &quot;Non class\u00e9&quot;","block_context":{"text":"Non class\u00e9","link":"http:\/\/www.fabriceeulry-laboutique.com\/blog\/?cat=1"},"img":{"alt_text":"","src":"https:\/\/i0.wp.com\/www.fabriceeulry-laboutique.com\/blog\/wp-content\/uploads\/2014\/11\/st-.jpg?resize=350%2C200","width":350,"height":200,"srcset":"https:\/\/i0.wp.com\/www.fabriceeulry-laboutique.com\/blog\/wp-content\/uploads\/2014\/11\/st-.jpg?resize=350%2C200 1x, https:\/\/i0.wp.com\/www.fabriceeulry-laboutique.com\/blog\/wp-content\/uploads\/2014\/11\/st-.jpg?resize=525%2C300 1.5x, https:\/\/i0.wp.com\/www.fabriceeulry-laboutique.com\/blog\/wp-content\/uploads\/2014\/11\/st-.jpg?resize=700%2C400 2x"},"classes":[]},{"id":7762,"url":"http:\/\/www.fabriceeulry-laboutique.com\/blog\/?p=7762","url_meta":{"origin":7570,"position":2},"title":"FABRICE EULRY JOUE EN BOURSE","author":"Le Canard du pianiste","date":"28 octobre 2015","format":false,"excerpt":"Un article de B\u00e9atrice Bonnamour dans l'Essor : Loire le 17 octobre 2015 - B\u00e9atrice Perrod-Bonnamour - Musique - article lu 73 fois \u00a9 Alice Eulry Pour la deuxi\u00e8me ann\u00e9e, le pianiste virtuose Fabrice Eulry s'est produit gracieusement \u00e0 Roanne, en faveur de la premi\u00e8re Bourse Guillaume-Perrot sur la recherche\u2026","rel":"","context":"Dans &quot;Non class\u00e9&quot;","block_context":{"text":"Non class\u00e9","link":"http:\/\/www.fabriceeulry-laboutique.com\/blog\/?cat=1"},"img":{"alt_text":"RO5","src":"https:\/\/i0.wp.com\/www.fabriceeulry-laboutique.com\/blog\/wp-content\/uploads\/2015\/09\/RO5-.png?resize=350%2C200","width":350,"height":200,"srcset":"https:\/\/i0.wp.com\/www.fabriceeulry-laboutique.com\/blog\/wp-content\/uploads\/2015\/09\/RO5-.png?resize=350%2C200 1x, https:\/\/i0.wp.com\/www.fabriceeulry-laboutique.com\/blog\/wp-content\/uploads\/2015\/09\/RO5-.png?resize=525%2C300 1.5x, https:\/\/i0.wp.com\/www.fabriceeulry-laboutique.com\/blog\/wp-content\/uploads\/2015\/09\/RO5-.png?resize=700%2C400 2x"},"classes":[]},{"id":9622,"url":"http:\/\/www.fabriceeulry-laboutique.com\/blog\/?p=9622","url_meta":{"origin":7570,"position":3},"title":"DERNI\u00c8RE DU FESTIVAL D&rsquo;AVIGNON CE SOIR","author":"Le Canard du pianiste","date":"29 juillet 2017","format":false,"excerpt":"C'est la derni\u00e8re du festival d'Avignon ce soir dimanche 30 juillet 2017 ! ET C'EST COMPLET !!! Sur-R\u00e9servez au 06 26 17 24 12 Th\u00e9\u00e2tre des vents 63 rue Guillaume Puy, AVIGNON \u00e0 18h30 Ce festival a cette ann\u00e9e rassembl\u00e9 plus de 1480 spectacles et dur\u00e9 trois semaines. Il faut\u2026","rel":"","context":"Dans &quot;Non class\u00e9&quot;","block_context":{"text":"Non class\u00e9","link":"http:\/\/www.fabriceeulry-laboutique.com\/blog\/?cat=1"},"img":{"alt_text":"Hanula1","src":"https:\/\/i0.wp.com\/www.fabriceeulry-laboutique.com\/blog\/wp-content\/uploads\/2017\/07\/Hanula1.jpg?resize=350%2C200","width":350,"height":200,"srcset":"https:\/\/i0.wp.com\/www.fabriceeulry-laboutique.com\/blog\/wp-content\/uploads\/2017\/07\/Hanula1.jpg?resize=350%2C200 1x, https:\/\/i0.wp.com\/www.fabriceeulry-laboutique.com\/blog\/wp-content\/uploads\/2017\/07\/Hanula1.jpg?resize=525%2C300 1.5x, https:\/\/i0.wp.com\/www.fabriceeulry-laboutique.com\/blog\/wp-content\/uploads\/2017\/07\/Hanula1.jpg?resize=700%2C400 2x"},"classes":[]},{"id":6300,"url":"http:\/\/www.fabriceeulry-laboutique.com\/blog\/?p=6300","url_meta":{"origin":7570,"position":4},"title":"UN NOUVEAU CONCERT CONTRE LE SARCOME !","author":"Le Canard du pianiste","date":"30 janvier 2015","format":false,"excerpt":"On se souvient du concert en hommage \u00e0 mon ami et jeune coll\u00e8gue Guillaume Perrot, du 5 octobre 2014 au th\u00e9\u00e2tre de Roanne : (cliquez sur la photo pour acc\u00e9der \u00e0 ce compte-rendu) L'association Boogie-wooguillaume a d\u00e9cid\u00e9 de remettre cela le dimanche 17 septembre 2015, \u00e9tant donn\u00e9 le succ\u00e8s de\u2026","rel":"","context":"Dans &quot;Non class\u00e9&quot;","block_context":{"text":"Non class\u00e9","link":"http:\/\/www.fabriceeulry-laboutique.com\/blog\/?cat=1"},"img":{"alt_text":"","src":"https:\/\/i0.wp.com\/www.fabriceeulry-laboutique.com\/blog\/wp-content\/uploads\/2015\/01\/conq-.jpg?resize=350%2C200","width":350,"height":200,"srcset":"https:\/\/i0.wp.com\/www.fabriceeulry-laboutique.com\/blog\/wp-content\/uploads\/2015\/01\/conq-.jpg?resize=350%2C200 1x, https:\/\/i0.wp.com\/www.fabriceeulry-laboutique.com\/blog\/wp-content\/uploads\/2015\/01\/conq-.jpg?resize=525%2C300 1.5x, https:\/\/i0.wp.com\/www.fabriceeulry-laboutique.com\/blog\/wp-content\/uploads\/2015\/01\/conq-.jpg?resize=700%2C400 2x"},"classes":[]},{"id":7316,"url":"http:\/\/www.fabriceeulry-laboutique.com\/blog\/?p=7316","url_meta":{"origin":7570,"position":5},"title":"LA PEINTURE ENTRE OMBRES ET LUMIERES","author":"Le Canard du pianiste","date":"12 juillet 2015","format":false,"excerpt":"PAR CHRISTINE SOURGINS mardi\u00a0 7 juillet 2015 : La Peinture entre ombres et lumi\u00e8res \u00ab Art Basel rend justice aux artistes oubli\u00e9s \u00bb (1), \u00ab ces douze derniers mois, les gens ont senti que cette sp\u00e9culation sur les jeunes artistes \u00e9tait dangereuse et pr\u00e9f\u00e8rent mettre leur argent sur des noms\u2026","rel":"","context":"Dans &quot;Non class\u00e9&quot;","block_context":{"text":"Non class\u00e9","link":"http:\/\/www.fabriceeulry-laboutique.com\/blog\/?cat=1"},"img":{"alt_text":"","src":"https:\/\/i0.wp.com\/www.sourgins.fr\/wp-content\/uploads\/2014\/08\/comic-maigre-1-sur-2-600x82.jpg?resize=350%2C200","width":350,"height":200,"srcset":"https:\/\/i0.wp.com\/www.sourgins.fr\/wp-content\/uploads\/2014\/08\/comic-maigre-1-sur-2-600x82.jpg?resize=350%2C200 1x, https:\/\/i0.wp.com\/www.sourgins.fr\/wp-content\/uploads\/2014\/08\/comic-maigre-1-sur-2-600x82.jpg?resize=525%2C300 1.5x"},"classes":[]}],"_links":{"self":[{"href":"http:\/\/www.fabriceeulry-laboutique.com\/blog\/index.php?rest_route=\/wp\/v2\/posts\/7570","targetHints":{"allow":["GET"]}}],"collection":[{"href":"http:\/\/www.fabriceeulry-laboutique.com\/blog\/index.php?rest_route=\/wp\/v2\/posts"}],"about":[{"href":"http:\/\/www.fabriceeulry-laboutique.com\/blog\/index.php?rest_route=\/wp\/v2\/types\/post"}],"author":[{"embeddable":true,"href":"http:\/\/www.fabriceeulry-laboutique.com\/blog\/index.php?rest_route=\/wp\/v2\/users\/2"}],"replies":[{"embeddable":true,"href":"http:\/\/www.fabriceeulry-laboutique.com\/blog\/index.php?rest_route=%2Fwp%2Fv2%2Fcomments&post=7570"}],"version-history":[{"count":3,"href":"http:\/\/www.fabriceeulry-laboutique.com\/blog\/index.php?rest_route=\/wp\/v2\/posts\/7570\/revisions"}],"predecessor-version":[{"id":7577,"href":"http:\/\/www.fabriceeulry-laboutique.com\/blog\/index.php?rest_route=\/wp\/v2\/posts\/7570\/revisions\/7577"}],"wp:attachment":[{"href":"http:\/\/www.fabriceeulry-laboutique.com\/blog\/index.php?rest_route=%2Fwp%2Fv2%2Fmedia&parent=7570"}],"wp:term":[{"taxonomy":"category","embeddable":true,"href":"http:\/\/www.fabriceeulry-laboutique.com\/blog\/index.php?rest_route=%2Fwp%2Fv2%2Fcategories&post=7570"},{"taxonomy":"post_tag","embeddable":true,"href":"http:\/\/www.fabriceeulry-laboutique.com\/blog\/index.php?rest_route=%2Fwp%2Fv2%2Ftags&post=7570"}],"curies":[{"name":"wp","href":"https:\/\/api.w.org\/{rel}","templated":true}]}}