{"id":7582,"date":"2015-09-28T01:40:33","date_gmt":"2015-09-28T01:40:33","guid":{"rendered":"http:\/\/www.fabriceeulry-laboutique.com\/blog\/?p=7582"},"modified":"2018-12-12T02:57:17","modified_gmt":"2018-12-12T02:57:17","slug":"le-tour-de-la-chanson-francaise-a-roanne","status":"publish","type":"post","link":"http:\/\/www.fabriceeulry-laboutique.com\/blog\/?p=7582","title":{"rendered":"LE TOUR DE LA CHANSON FRANCAISE A ROANNE"},"content":{"rendered":"<h2 style=\"text-align: center;\"><strong><span style=\"color: #000000;\">Complet !<\/span><\/strong><\/h2>\n<h2 style=\"text-align: center;\"><strong><span style=\"color: #000000;\"><a href=\"https:\/\/i0.wp.com\/www.fabriceeulry-laboutique.com\/blog\/wp-content\/uploads\/2015\/09\/roanne-20.jpg\"><img data-recalc-dims=\"1\" loading=\"lazy\" decoding=\"async\" class=\"aligncenter size-full wp-image-7607\" src=\"https:\/\/i0.wp.com\/www.fabriceeulry-laboutique.com\/blog\/wp-content\/uploads\/2015\/09\/roanne-20.jpg?resize=513%2C513\" alt=\"roanne 20\" width=\"513\" height=\"513\" srcset=\"https:\/\/i0.wp.com\/www.fabriceeulry-laboutique.com\/blog\/wp-content\/uploads\/2015\/09\/roanne-20.jpg?w=513 513w, https:\/\/i0.wp.com\/www.fabriceeulry-laboutique.com\/blog\/wp-content\/uploads\/2015\/09\/roanne-20.jpg?resize=150%2C150 150w, https:\/\/i0.wp.com\/www.fabriceeulry-laboutique.com\/blog\/wp-content\/uploads\/2015\/09\/roanne-20.jpg?resize=300%2C300 300w\" sizes=\"auto, (max-width: 513px) 100vw, 513px\" \/><\/a><\/span><\/strong><\/h2>\n<h2 style=\"text-align: center;\"><span style=\"color: #000000;\"><strong>&#8230; Gr\u00e2ce \u00e0 une mobilisation totale des associations organisatrices (<a href=\"http:\/\/www.infosarcomes.org\/\">Infosarcomes<\/a>\u00a0et Boogie-<a href=\"https:\/\/www.facebook.com\/boogiewooguillaume?fref=ts\">Wooguillaume<\/a>) et des m\u00e9dia r\u00e9gionaux il faut le noter, irresistiblement catalys\u00e9s par le dynamisme de la bien-nomm\u00e9e B\u00e9atrice Bonnamour.<\/strong><\/span><\/h2>\n<p><a href=\"https:\/\/i0.wp.com\/www.fabriceeulry-laboutique.com\/blog\/wp-content\/uploads\/2015\/09\/roanne-21-.jpg\"><img data-recalc-dims=\"1\" loading=\"lazy\" decoding=\"async\" class=\"aligncenter size-full wp-image-7609\" src=\"https:\/\/i0.wp.com\/www.fabriceeulry-laboutique.com\/blog\/wp-content\/uploads\/2015\/09\/roanne-21-.jpg?resize=349%2C433\" alt=\"roanne 21\" width=\"349\" height=\"433\" srcset=\"https:\/\/i0.wp.com\/www.fabriceeulry-laboutique.com\/blog\/wp-content\/uploads\/2015\/09\/roanne-21-.jpg?w=349 349w, https:\/\/i0.wp.com\/www.fabriceeulry-laboutique.com\/blog\/wp-content\/uploads\/2015\/09\/roanne-21-.jpg?resize=242%2C300 242w, https:\/\/i0.wp.com\/www.fabriceeulry-laboutique.com\/blog\/wp-content\/uploads\/2015\/09\/roanne-21-.jpg?resize=300%2C372 300w\" sizes=\"auto, (max-width: 349px) 100vw, 349px\" \/><\/a><\/p>\n<h2 style=\"text-align: center;\"><\/h2>\n<h2 style=\"text-align: center;\"><strong><span style=\"color: #000000;\">Quel bonheur de pouvoir contribuer \u00e0 la recherche contre la sarcome en jouant et par la m\u00eame d&rsquo;exaucer le voeu de Guillaume Perrot.<\/span><\/strong><\/h2>\n<h2 style=\"text-align: center;\"><span style=\"color: #000000;\"><strong>Nous voici donc comme en 2014 au th\u00e9\u00e2tre de Roanne pour ce faire. Et cette fois pour proposer mon second spectacle en piano solo :<\/strong><\/span><\/h2>\n<h2 style=\"text-align: center;\"><span style=\"color: #000000;\"><strong>Le tour de la chanson fran\u00e7aise en 80 minutes<\/strong><\/span><\/h2>\n<h2 style=\"text-align: center;\"><a href=\"https:\/\/i0.wp.com\/www.fabriceeulry-laboutique.com\/blog\/wp-content\/uploads\/2015\/09\/RO-6-.png\"><img data-recalc-dims=\"1\" loading=\"lazy\" decoding=\"async\" class=\"aligncenter size-full wp-image-7588\" src=\"https:\/\/i0.wp.com\/www.fabriceeulry-laboutique.com\/blog\/wp-content\/uploads\/2015\/09\/RO-6-.png?resize=640%2C548\" alt=\"RO 6\" width=\"640\" height=\"548\" srcset=\"https:\/\/i0.wp.com\/www.fabriceeulry-laboutique.com\/blog\/wp-content\/uploads\/2015\/09\/RO-6-.png?w=789 789w, https:\/\/i0.wp.com\/www.fabriceeulry-laboutique.com\/blog\/wp-content\/uploads\/2015\/09\/RO-6-.png?resize=300%2C257 300w\" sizes=\"auto, (max-width: 640px) 100vw, 640px\" \/><\/a><\/h2>\n<h2 style=\"text-align: center;\"><span style=\"color: #000000;\"><strong>Elodie, membre de l&rsquo;association Boogie-wooguillaume m&rsquo;entretient de la possibilit\u00e9 d&rsquo;annoncer les titres de la centaine de morceaux que je vais encha\u00eener sur l&rsquo;\u00e9cran qui est au fond de la sc\u00e8ne, et qui va servir en premi\u00e8re partie pour la pr\u00e9sentation de la cause de l&rsquo;association Infosarcome ainsi que pour la projection d&rsquo;un morceau in\u00e9dit de Guillaume Perrot au piano. <\/strong><\/span><\/h2>\n<h2 style=\"text-align: center;\"><img data-recalc-dims=\"1\" loading=\"lazy\" decoding=\"async\" class=\"aligncenter size-full wp-image-7593\" src=\"https:\/\/i0.wp.com\/www.fabriceeulry-laboutique.com\/blog\/wp-content\/uploads\/2015\/09\/RO4-.png?resize=640%2C538\" alt=\"RO4\" width=\"640\" height=\"538\" srcset=\"https:\/\/i0.wp.com\/www.fabriceeulry-laboutique.com\/blog\/wp-content\/uploads\/2015\/09\/RO4-.png?w=744 744w, https:\/\/i0.wp.com\/www.fabriceeulry-laboutique.com\/blog\/wp-content\/uploads\/2015\/09\/RO4-.png?resize=300%2C252 300w\" sizes=\"auto, (max-width: 640px) 100vw, 640px\" \/><\/h2>\n<h2 style=\"text-align: center;\"><span style=\"color: #000000;\"><strong>Quelques gammes avant l&rsquo;entr\u00e9e du public. Les deux micros vont servir \u00e0 la prise de son du dvd du spectacle qui sera vendu au profit de ladite cause.<\/strong><\/span><a href=\"http:\/\/www.fabriceeulry-laboutique.com\/blog\/wp-content\/uploads\/2015\/09\/RO-6-.png\"><br \/>\n<\/a><a href=\"https:\/\/i0.wp.com\/www.fabriceeulry-laboutique.com\/blog\/wp-content\/uploads\/2015\/09\/roa-.jpg\"><img data-recalc-dims=\"1\" loading=\"lazy\" decoding=\"async\" class=\"aligncenter size-full wp-image-7597\" src=\"https:\/\/i0.wp.com\/www.fabriceeulry-laboutique.com\/blog\/wp-content\/uploads\/2015\/09\/RO1-.png?resize=640%2C477\" alt=\"RO1\" width=\"640\" height=\"477\" srcset=\"https:\/\/i0.wp.com\/www.fabriceeulry-laboutique.com\/blog\/wp-content\/uploads\/2015\/09\/RO1-.png?w=901 901w, https:\/\/i0.wp.com\/www.fabriceeulry-laboutique.com\/blog\/wp-content\/uploads\/2015\/09\/RO1-.png?resize=300%2C223 300w\" sizes=\"auto, (max-width: 640px) 100vw, 640px\" \/><\/a><\/h2>\n<h2 style=\"text-align: center;\"><span style=\"color: #000000;\">Finalement l&rsquo;aide de l&rsquo;\u00e9cran est adopt\u00e9e. Le public qui conna\u00eet ou reconnait la plupart des airs qui vont du Moyen \u00e2ge \u00e0 nos jours n&rsquo;aura pas besoin de chuchoter (\u00ab\u00a0Ah oui celle-l\u00e0 c&rsquo;est Edith Piaf qui la chante !\u00a0\u00bb)<\/span><a href=\"http:\/\/www.fabriceeulry-laboutique.com\/blog\/wp-content\/uploads\/2015\/09\/roa-.jpg\"><br \/>\n<\/a> <a href=\"https:\/\/i0.wp.com\/www.fabriceeulry-laboutique.com\/blog\/wp-content\/uploads\/2015\/09\/RO-11.png\"><img data-recalc-dims=\"1\" loading=\"lazy\" decoding=\"async\" class=\"aligncenter size-full wp-image-7585\" src=\"https:\/\/i0.wp.com\/www.fabriceeulry-laboutique.com\/blog\/wp-content\/uploads\/2015\/09\/RO-11.png?resize=640%2C480\" alt=\"RO 11\" width=\"640\" height=\"480\" srcset=\"https:\/\/i0.wp.com\/www.fabriceeulry-laboutique.com\/blog\/wp-content\/uploads\/2015\/09\/RO-11.png?w=903 903w, https:\/\/i0.wp.com\/www.fabriceeulry-laboutique.com\/blog\/wp-content\/uploads\/2015\/09\/RO-11.png?resize=300%2C225 300w\" sizes=\"auto, (max-width: 640px) 100vw, 640px\" \/><\/a><\/h2>\n<h2 style=\"text-align: center;\"><strong><span style=\"color: #000000;\">En plus du titre de chaque air l&rsquo;\u00e9cran annonce son ann\u00e9e de cr\u00e9ation, les auteurs, les compositeurs et les interpr\u00e8tes notoires.<\/span><\/strong><\/h2>\n<h2 style=\"text-align: center;\"><a href=\"https:\/\/i0.wp.com\/www.fabriceeulry-laboutique.com\/blog\/wp-content\/uploads\/2015\/09\/RO-7.png\"><img data-recalc-dims=\"1\" loading=\"lazy\" decoding=\"async\" class=\"aligncenter size-full wp-image-7592\" src=\"https:\/\/i0.wp.com\/www.fabriceeulry-laboutique.com\/blog\/wp-content\/uploads\/2015\/09\/RO5-.png?resize=640%2C448\" alt=\"RO5\" width=\"640\" height=\"448\" srcset=\"https:\/\/i0.wp.com\/www.fabriceeulry-laboutique.com\/blog\/wp-content\/uploads\/2015\/09\/RO5-.png?w=898 898w, https:\/\/i0.wp.com\/www.fabriceeulry-laboutique.com\/blog\/wp-content\/uploads\/2015\/09\/RO5-.png?resize=300%2C210 300w\" sizes=\"auto, (max-width: 640px) 100vw, 640px\" \/><br \/>\n<\/a><span style=\"color: #000000;\"><strong>Sans doute de s&rsquo;\u00eatre retenu tant de temps, le public m&rsquo;offre une ovation debout apr\u00e8s une heure et demie d&rsquo;\u00e9coute active et interrompue.<\/strong><\/span><a href=\"http:\/\/www.fabriceeulry-laboutique.com\/blog\/wp-content\/uploads\/2015\/09\/RO4-.png\"><br \/>\n<\/a><a href=\"https:\/\/i0.wp.com\/www.fabriceeulry-laboutique.com\/blog\/wp-content\/uploads\/2015\/09\/RO3-.png\"><img data-recalc-dims=\"1\" loading=\"lazy\" decoding=\"async\" class=\"aligncenter size-full wp-image-7595\" src=\"https:\/\/i0.wp.com\/www.fabriceeulry-laboutique.com\/blog\/wp-content\/uploads\/2015\/09\/RO3-.png?resize=640%2C429\" alt=\"RO3\" width=\"640\" height=\"429\" srcset=\"https:\/\/i0.wp.com\/www.fabriceeulry-laboutique.com\/blog\/wp-content\/uploads\/2015\/09\/RO3-.png?w=902 902w, https:\/\/i0.wp.com\/www.fabriceeulry-laboutique.com\/blog\/wp-content\/uploads\/2015\/09\/RO3-.png?resize=300%2C201 300w\" sizes=\"auto, (max-width: 640px) 100vw, 640px\" \/><\/a><span style=\"color: #000000;\">&#8230; Qui ne cessera qu&rsquo;apr\u00e8s le troisi\u00e8me rappel.<\/span><a href=\"http:\/\/www.fabriceeulry-laboutique.com\/blog\/wp-content\/uploads\/2015\/09\/RO1-.png\"><br \/>\n<\/a><a href=\"http:\/\/www.fabriceeulry-laboutique.com\/blog\/wp-content\/uploads\/2015\/09\/Clamecy-.jpg\"><br \/>\n<\/a> <a href=\"https:\/\/i0.wp.com\/www.fabriceeulry-laboutique.com\/blog\/wp-content\/uploads\/2015\/09\/RO-9.png\"><img data-recalc-dims=\"1\" loading=\"lazy\" decoding=\"async\" class=\"aligncenter size-full wp-image-7591\" src=\"https:\/\/i0.wp.com\/www.fabriceeulry-laboutique.com\/blog\/wp-content\/uploads\/2015\/09\/RO-9.png?resize=640%2C480\" alt=\"RO 9\" width=\"640\" height=\"480\" srcset=\"https:\/\/i0.wp.com\/www.fabriceeulry-laboutique.com\/blog\/wp-content\/uploads\/2015\/09\/RO-9.png?w=896 896w, https:\/\/i0.wp.com\/www.fabriceeulry-laboutique.com\/blog\/wp-content\/uploads\/2015\/09\/RO-9.png?resize=300%2C225 300w\" sizes=\"auto, (max-width: 640px) 100vw, 640px\" \/><\/a><\/h2>\n<h2 style=\"text-align: center;\"><span style=\"color: #000000;\"><strong>A tous, les associations Infosarcome, Boogie-Wooguillaume et moi-m\u00eame vous disons, \u00e0 bient\u00f4t sur le dvd et \u00e0 l&rsquo;ann\u00e9e prochaine, tout sp\u00e9cialement \u00e0 la centaine de m\u00e9lomanes \u00e0 qui nous n&rsquo;avons pu trouver de place, le th\u00e9\u00e2tre de Roanne ayant \u00e9t\u00e9 \u00e9tant bond\u00e9.<\/strong><\/span><\/h2>\n<p><a href=\"https:\/\/i0.wp.com\/www.fabriceeulry-laboutique.com\/blog\/wp-content\/uploads\/2015\/09\/roanne-22.jpg\"><img data-recalc-dims=\"1\" loading=\"lazy\" decoding=\"async\" class=\"aligncenter size-full wp-image-7608\" src=\"https:\/\/i0.wp.com\/www.fabriceeulry-laboutique.com\/blog\/wp-content\/uploads\/2015\/09\/roanne-22.jpg?resize=492%2C513\" alt=\"roanne 22\" width=\"492\" height=\"513\" srcset=\"https:\/\/i0.wp.com\/www.fabriceeulry-laboutique.com\/blog\/wp-content\/uploads\/2015\/09\/roanne-22.jpg?w=492 492w, https:\/\/i0.wp.com\/www.fabriceeulry-laboutique.com\/blog\/wp-content\/uploads\/2015\/09\/roanne-22.jpg?resize=288%2C300 288w, https:\/\/i0.wp.com\/www.fabriceeulry-laboutique.com\/blog\/wp-content\/uploads\/2015\/09\/roanne-22.jpg?resize=300%2C313 300w\" sizes=\"auto, (max-width: 492px) 100vw, 492px\" \/><\/a><\/p>\n<p>&nbsp;<\/p>\n<h2 style=\"text-align: center;\"><span style=\"color: #000000;\"><a style=\"color: #000000;\" href=\"http:\/\/www.fabriceeulry.com\/discographie.html\"><img data-recalc-dims=\"1\" decoding=\"async\" src=\"https:\/\/i0.wp.com\/www.fabriceeulry.com\/images\/livre_disque\/histoire_de_france.jpg?w=100\" alt=\"\"  \/><\/a>\u00a0Un livre illustr\u00e9 cousu-coll\u00e9 et avec un disque d&rsquo;une heure vingt.<\/span><\/h2>\n<p style=\"text-align: center;\" align=\"center\"><span style=\"color: #000000;\"><strong>\u00a0DISPONIBLE EN LIBRAIRIES !<\/strong><\/span><\/p>\n<p style=\"text-align: center;\" align=\"center\"><span style=\"color: #000000;\"><strong>&#8211; Librairie Notre-Dame de France 21 rue Monge 75005 Paris. Ouverte de 15h \u00e0 19h. les lundi et de 10h.30 \u00e0 19h. du mardi\u00a0au samedi<\/strong><\/span><\/p>\n<p style=\"text-align: center;\" align=\"center\"><span style=\"color: #000000;\"><strong>&#8211; Librairie 38 rue Belgrand Paris XX \u00e8me<\/strong><\/span><\/p>\n<p style=\"text-align: center;\" align=\"center\"><span style=\"color: #000000;\"><strong>&#8211; Office du tourisme de Cluny, Sa\u00f4ne et Loire<\/strong><\/span><\/p>\n<p style=\"text-align: center;\" align=\"center\"><span style=\"color: #000000;\"><strong><a style=\"color: #000000;\" href=\"http:\/\/www.herodote.net\/\">www.herodote.net<\/a><\/strong><\/span><\/p>\n<p style=\"text-align: center;\" align=\"center\"><span style=\"color: #000000;\"><strong>Toute l&rsquo;histoire de France en 1h.20 en r\u00e9cit et chansons originales de Fabrice Eulry\u00a0<a style=\"color: #000000;\" title=\"L'histoire de france en chantant\" href=\"http:\/\/fabriceeulryunblogfr.unblog.fr\/files\/2009\/07\/cdcdcdgrand.bmp\"><img loading=\"lazy\" decoding=\"async\" src=\"http:\/\/fabriceeulryunblogfr.unblog.fr\/files\/2009\/07\/cdcdcdgrand.bmp\" alt=\"L'histoire de france en chantant\" width=\"128\" height=\"80\" \/><\/a>\u00a0<\/strong><\/span><\/p>\n<p style=\"text-align: center;\" align=\"center\"><span style=\"color: #000000;\"><strong>Et bien entendu sur le site\u00a0<\/strong><\/span><\/p>\n<p style=\"text-align: center;\" align=\"center\"><span style=\"color: #000000;\"><a style=\"color: #000000;\" href=\"http:\/\/www.fabriceeulry.com\/discographie.html#ld\">http:\/\/www.fabriceeulry.com\/discographie.html#ld<\/a><\/span><\/p>\n","protected":false},"excerpt":{"rendered":"<p>Complet ! &#8230; Gr\u00e2ce \u00e0 une mobilisation totale des associations organisatrices (Infosarcomes\u00a0et Boogie-Wooguillaume) et des m\u00e9dia r\u00e9gionaux il faut le noter, irresistiblement catalys\u00e9s par le dynamisme de la bien-nomm\u00e9e B\u00e9atrice Bonnamour. Quel bonheur de pouvoir contribuer \u00e0 la recherche contre &hellip; <a href=\"http:\/\/www.fabriceeulry-laboutique.com\/blog\/?p=7582\">Continuer la lecture <span class=\"meta-nav\">&rarr;<\/span><\/a><\/p>\n","protected":false},"author":2,"featured_media":0,"comment_status":"open","ping_status":"open","sticky":false,"template":"","format":"standard","meta":{"jetpack_post_was_ever_published":false,"_jetpack_newsletter_access":"","_jetpack_dont_email_post_to_subs":true,"_jetpack_newsletter_tier_id":0,"_jetpack_memberships_contains_paywalled_content":false,"_jetpack_memberships_contains_paid_content":false,"footnotes":"","jetpack_publicize_message":"","jetpack_publicize_feature_enabled":true,"jetpack_social_post_already_shared":true,"jetpack_social_options":{"image_generator_settings":{"template":"highway","default_image_id":0,"font":"","enabled":false},"version":2}},"categories":[1],"tags":[19],"class_list":["post-7582","post","type-post","status-publish","format-standard","hentry","category-non-classe","tag-annonces-concerts"],"jetpack_publicize_connections":[],"jetpack_featured_media_url":"","jetpack_sharing_enabled":true,"jetpack_shortlink":"https:\/\/wp.me\/p2D6dI-1Yi","jetpack_likes_enabled":true,"jetpack-related-posts":[{"id":8489,"url":"http:\/\/www.fabriceeulry-laboutique.com\/blog\/?p=8489","url_meta":{"origin":7582,"position":0},"title":"L&rsquo;ART DIT CONTEMPORAIN AU SECOURS DES GRECS","author":"Le Canard du pianiste","date":"20 mai 2016","format":false,"excerpt":"Le Canard du pianiste relaie r\u00e9guli\u00e8rement le blogue de Christine Sourgins qui nous propose un propos exempt de toute id\u00e9ologie. Pas de conservatisme frileux ni de modernisme b\u00e9at, mais un \u00e9clairage toujours inattendu et pertinent rendu possible par un sens des r\u00e9alit\u00e9s \u00e9conomiques (qui lib\u00e8re la pens\u00e9e de l'abstraction id\u00e9ologique)\u2026","rel":"","context":"Dans &quot;Non class\u00e9&quot;","block_context":{"text":"Non class\u00e9","link":"http:\/\/www.fabriceeulry-laboutique.com\/blog\/?cat=1"},"img":{"alt_text":"","src":"https:\/\/i0.wp.com\/www.sourgins.fr\/wp-content\/uploads\/2014\/08\/comic-maigre-1-sur-2-600x82.jpg?resize=350%2C200","width":350,"height":200,"srcset":"https:\/\/i0.wp.com\/www.sourgins.fr\/wp-content\/uploads\/2014\/08\/comic-maigre-1-sur-2-600x82.jpg?resize=350%2C200 1x, https:\/\/i0.wp.com\/www.sourgins.fr\/wp-content\/uploads\/2014\/08\/comic-maigre-1-sur-2-600x82.jpg?resize=525%2C300 1.5x"},"classes":[]},{"id":12392,"url":"http:\/\/www.fabriceeulry-laboutique.com\/blog\/?p=12392","url_meta":{"origin":7582,"position":1},"title":"LE PIANO D&rsquo;LA PLAGE","author":"Le Canard du pianiste","date":"21 ao\u00fbt 2020","format":false,"excerpt":"Nous sommes en Sardaigne, et les vagues arrivent \u00e0 neuf pas du piano Fabrice Eulry a compt\u00e9. Les festivals qui l'accueillent ont quitt\u00e9 les salles pour le plein air, avec des \u00e9quipes comp\u00e9tentes aussi bien pour la qualit\u00e9 des pianos que pour la qualit\u00e9 des sonos... Un grand merci \u00e0\u2026","rel":"","context":"Dans &quot;Non class\u00e9&quot;","block_context":{"text":"Non class\u00e9","link":"http:\/\/www.fabriceeulry-laboutique.com\/blog\/?cat=1"},"img":{"alt_text":"","src":"https:\/\/i0.wp.com\/www.fabriceeulry-laboutique.com\/blog\/wp-content\/uploads\/2020\/08\/sard.png?resize=350%2C200","width":350,"height":200,"srcset":"https:\/\/i0.wp.com\/www.fabriceeulry-laboutique.com\/blog\/wp-content\/uploads\/2020\/08\/sard.png?resize=350%2C200 1x, https:\/\/i0.wp.com\/www.fabriceeulry-laboutique.com\/blog\/wp-content\/uploads\/2020\/08\/sard.png?resize=525%2C300 1.5x, https:\/\/i0.wp.com\/www.fabriceeulry-laboutique.com\/blog\/wp-content\/uploads\/2020\/08\/sard.png?resize=700%2C400 2x"},"classes":[]},{"id":3220,"url":"http:\/\/www.fabriceeulry-laboutique.com\/blog\/?p=3220","url_meta":{"origin":7582,"position":2},"title":"PHOTO ET INSPIRATION MUSICALE","author":"Le Canard du pianiste","date":"17 ao\u00fbt 2013","format":false,"excerpt":"N\u00e9 en 1942, fils et petit-fils de peintre, Jacques Perrodin est autodidacte. Il se rattache \u00e0 la tradition des paysagistes et portraitistes avec une pr\u00e9dilection pour ceux des origines de la peinture \u00e0 l'huile en occident. Mais il travaille aussi beaucoup sur le motif en plein air ou devant un\u2026","rel":"","context":"Dans &quot;Non class\u00e9&quot;","block_context":{"text":"Non class\u00e9","link":"http:\/\/www.fabriceeulry-laboutique.com\/blog\/?cat=1"},"img":{"alt_text":"","src":"","width":0,"height":0},"classes":[]},{"id":4746,"url":"http:\/\/www.fabriceeulry-laboutique.com\/blog\/?p=4746","url_meta":{"origin":7582,"position":3},"title":"PRENEZ UN AVOCAT !","author":"Le Canard du pianiste","date":"27 mars 2014","format":false,"excerpt":"Le fruit magique contre le vieillissement cellulaire Vous entendez beaucoup parler des \u00ab\u00a0radicaux libres\u00a0\u00bb, ces mol\u00e9cules agressives qui attaquent vos cellules, et m\u00eame votre ADN. Ils acc\u00e9l\u00e8rent le vieillissement et contribuent \u00e0 d\u00e9clencher de nombreuses maladies li\u00e9es \u00e0 l'\u00e2ge, comme l'ath\u00e9roscl\u00e9rose, les probl\u00e8mes de vue, les d\u00e9mences, et le cancer.\u00a0\u2026","rel":"","context":"Dans &quot;Non class\u00e9&quot;","block_context":{"text":"Non class\u00e9","link":"http:\/\/www.fabriceeulry-laboutique.com\/blog\/?cat=1"},"img":{"alt_text":"","src":"","width":0,"height":0},"classes":[]},{"id":5027,"url":"http:\/\/www.fabriceeulry-laboutique.com\/blog\/?p=5027","url_meta":{"origin":7582,"position":4},"title":"EN PIANO SOLO A AGEN LE 3 JUIN DERNIER","author":"Le Canard du pianiste","date":"16 juin 2014","format":false,"excerpt":"\u00a0 A l'ENAP \u00e0 20h.30 le mardi 3 juin une salle comble (environ 350 personnes) et chaleureuse est venue applaudir mon spectacle. Les Agennais qui constituaient une moiti\u00e9 de la salle sont des bons vivants qui rient et appr\u00e9cient spontan\u00e9ment le burlesque. L'autre moiti\u00e9 de la salle \u00e9tait constitu\u00e9e des\u2026","rel":"","context":"Dans &quot;Non class\u00e9&quot;","block_context":{"text":"Non class\u00e9","link":"http:\/\/www.fabriceeulry-laboutique.com\/blog\/?cat=1"},"img":{"alt_text":"","src":"https:\/\/i0.wp.com\/www.fabriceeulry-laboutique.com\/blog\/wp-content\/uploads\/2014\/05\/ENAP.png?resize=350%2C200","width":350,"height":200},"classes":[]},{"id":6628,"url":"http:\/\/www.fabriceeulry-laboutique.com\/blog\/?p=6628","url_meta":{"origin":7582,"position":5},"title":"LE DEBIT DU LAIT EST-IL LAID ?","author":"Le Canard du pianiste","date":"25 mars 2015","format":false,"excerpt":"Devez-vous cesser d\u2019urgence de consommer du lait\u00a0? Ch\u00e8re amie, cher ami, Avant de vous parler du lait et des produits laitiers, sachez qu'il reste encore des places pour nos deux prochains \u00e9v\u00e9nements\u00a0: La conf\u00e9rence de Luc\u00a0Bodin le 28\u00a0mars 2015\u00a0: \u00ab\u00a0Soigner avec l'\u00e9nergie\u00a0\u00bb, \u00e0 Louvain-la-Neuve (Belgique).\u00a0Programme et inscriptions ici. Plus d'informations\u2026","rel":"","context":"Dans &quot;Non class\u00e9&quot;","block_context":{"text":"Non class\u00e9","link":"http:\/\/www.fabriceeulry-laboutique.com\/blog\/?cat=1"},"img":{"alt_text":"","src":"","width":0,"height":0},"classes":[]}],"_links":{"self":[{"href":"http:\/\/www.fabriceeulry-laboutique.com\/blog\/index.php?rest_route=\/wp\/v2\/posts\/7582","targetHints":{"allow":["GET"]}}],"collection":[{"href":"http:\/\/www.fabriceeulry-laboutique.com\/blog\/index.php?rest_route=\/wp\/v2\/posts"}],"about":[{"href":"http:\/\/www.fabriceeulry-laboutique.com\/blog\/index.php?rest_route=\/wp\/v2\/types\/post"}],"author":[{"embeddable":true,"href":"http:\/\/www.fabriceeulry-laboutique.com\/blog\/index.php?rest_route=\/wp\/v2\/users\/2"}],"replies":[{"embeddable":true,"href":"http:\/\/www.fabriceeulry-laboutique.com\/blog\/index.php?rest_route=%2Fwp%2Fv2%2Fcomments&post=7582"}],"version-history":[{"count":10,"href":"http:\/\/www.fabriceeulry-laboutique.com\/blog\/index.php?rest_route=\/wp\/v2\/posts\/7582\/revisions"}],"predecessor-version":[{"id":7611,"href":"http:\/\/www.fabriceeulry-laboutique.com\/blog\/index.php?rest_route=\/wp\/v2\/posts\/7582\/revisions\/7611"}],"wp:attachment":[{"href":"http:\/\/www.fabriceeulry-laboutique.com\/blog\/index.php?rest_route=%2Fwp%2Fv2%2Fmedia&parent=7582"}],"wp:term":[{"taxonomy":"category","embeddable":true,"href":"http:\/\/www.fabriceeulry-laboutique.com\/blog\/index.php?rest_route=%2Fwp%2Fv2%2Fcategories&post=7582"},{"taxonomy":"post_tag","embeddable":true,"href":"http:\/\/www.fabriceeulry-laboutique.com\/blog\/index.php?rest_route=%2Fwp%2Fv2%2Ftags&post=7582"}],"curies":[{"name":"wp","href":"https:\/\/api.w.org\/{rel}","templated":true}]}}