{"id":7626,"date":"2015-10-01T14:39:14","date_gmt":"2015-10-01T14:39:14","guid":{"rendered":"http:\/\/www.fabriceeulry-laboutique.com\/blog\/?p=7626"},"modified":"2018-12-12T02:57:43","modified_gmt":"2018-12-12T02:57:43","slug":"bij-onze-vlaamse-vrienden-chez-nos-amis-flamands","status":"publish","type":"post","link":"http:\/\/www.fabriceeulry-laboutique.com\/blog\/?p=7626","title":{"rendered":"BIJ ONZE VLAAMSE VRIENDEN (CHEZ NOS AMIS FLAMANDS)"},"content":{"rendered":"<h2 style=\"text-align: center;\"><span style=\"color: #000000;\"><strong>Bient\u00f4t un concert dans les Flandres qui va sensibiliser nos amis Belges \u00e0 l&rsquo;action caritative de <a style=\"color: #000000;\" href=\"http:\/\/www.resonnance.org\/filiales\/resonnance-belgique\/presentation-belgique\">R\u00e9sonnance<\/a> Belgique qui depuis un an, prend un merveilleux essor :\u00a0<\/strong><\/span><\/h2>\n<p><span style=\"color: #000000;\"><a style=\"color: #000000;\" href=\"http:\/\/resonnance.belgie@gmail.com\"><img data-recalc-dims=\"1\" loading=\"lazy\" decoding=\"async\" class=\"aligncenter size-full wp-image-7628\" src=\"https:\/\/i0.wp.com\/www.fabriceeulry-laboutique.com\/blog\/wp-content\/uploads\/2015\/10\/claydael2015.jpg?resize=640%2C472\" alt=\"claydael2015\" width=\"640\" height=\"472\" srcset=\"https:\/\/i0.wp.com\/www.fabriceeulry-laboutique.com\/blog\/wp-content\/uploads\/2015\/10\/claydael2015.jpg?w=662 662w, https:\/\/i0.wp.com\/www.fabriceeulry-laboutique.com\/blog\/wp-content\/uploads\/2015\/10\/claydael2015.jpg?resize=300%2C221 300w\" sizes=\"auto, (max-width: 640px) 100vw, 640px\" \/><\/a><\/span><\/p>\n<p><span style=\"color: #000000;\"><a style=\"color: #000000;\" href=\"https:\/\/i0.wp.com\/www.fabriceeulry-laboutique.com\/blog\/wp-content\/uploads\/2015\/10\/Clay-2015.jpg\"><img data-recalc-dims=\"1\" loading=\"lazy\" decoding=\"async\" class=\"aligncenter size-full wp-image-7627\" src=\"https:\/\/i0.wp.com\/www.fabriceeulry-laboutique.com\/blog\/wp-content\/uploads\/2015\/10\/Clay-2015.jpg?resize=424%2C472\" alt=\"Clay 2015\" width=\"424\" height=\"472\" srcset=\"https:\/\/i0.wp.com\/www.fabriceeulry-laboutique.com\/blog\/wp-content\/uploads\/2015\/10\/Clay-2015.jpg?w=424 424w, https:\/\/i0.wp.com\/www.fabriceeulry-laboutique.com\/blog\/wp-content\/uploads\/2015\/10\/Clay-2015.jpg?resize=269%2C300 269w, https:\/\/i0.wp.com\/www.fabriceeulry-laboutique.com\/blog\/wp-content\/uploads\/2015\/10\/Clay-2015.jpg?resize=300%2C334 300w\" sizes=\"auto, (max-width: 424px) 100vw, 424px\" \/><\/a><\/span><\/p>\n<p>&nbsp;<\/p>\n<h2 style=\"text-align: center;\"><span style=\"color: #000000;\"><strong>Ici Lier, un bijou des Flandres :<\/strong><a style=\"color: #000000;\" href=\"https:\/\/i0.wp.com\/www.fabriceeulry-laboutique.com\/blog\/wp-content\/uploads\/2015\/06\/lier-.jpg\"><img data-recalc-dims=\"1\" loading=\"lazy\" decoding=\"async\" class=\"aligncenter size-full wp-image-7034\" title=\"lier\" src=\"https:\/\/i0.wp.com\/www.fabriceeulry-laboutique.com\/blog\/wp-content\/uploads\/2015\/06\/lier-.jpg?resize=422%2C554\" alt=\"\" width=\"422\" height=\"554\" srcset=\"https:\/\/i0.wp.com\/www.fabriceeulry-laboutique.com\/blog\/wp-content\/uploads\/2015\/06\/lier-.jpg?w=422 422w, https:\/\/i0.wp.com\/www.fabriceeulry-laboutique.com\/blog\/wp-content\/uploads\/2015\/06\/lier-.jpg?resize=228%2C300 228w\" sizes=\"auto, (max-width: 422px) 100vw, 422px\" \/><\/a><\/span><\/h2>\n<p style=\"text-align: center;\"><span style=\"color: #000000;\"><em>Cliquez sur l&rsquo;image pour acc\u00e9der au site de la fondation R\u00e9sonnance d&rsquo;Elizabeth Sombart et \u00e0 son programme complet :<\/em><\/span><\/p>\n<p style=\"text-align: center;\"><span style=\"color: #000000;\"><a style=\"color: #000000;\" href=\"http:\/\/www.resonnance.org\/elizabeth-sombart-2\/elizabeth-sombart-agenda\/elizabeth-sombart-agenda-actuel\"><img data-recalc-dims=\"1\" loading=\"lazy\" decoding=\"async\" class=\"aligncenter size-full wp-image-7624\" src=\"https:\/\/i0.wp.com\/www.fabriceeulry-laboutique.com\/blog\/wp-content\/uploads\/2015\/09\/elizabethres-.jpg?resize=640%2C167\" alt=\"elizabethres\" width=\"640\" height=\"167\" srcset=\"https:\/\/i0.wp.com\/www.fabriceeulry-laboutique.com\/blog\/wp-content\/uploads\/2015\/09\/elizabethres-.jpg?w=1052 1052w, https:\/\/i0.wp.com\/www.fabriceeulry-laboutique.com\/blog\/wp-content\/uploads\/2015\/09\/elizabethres-.jpg?resize=300%2C78 300w, https:\/\/i0.wp.com\/www.fabriceeulry-laboutique.com\/blog\/wp-content\/uploads\/2015\/09\/elizabethres-.jpg?resize=1024%2C268 1024w\" sizes=\"auto, (max-width: 640px) 100vw, 640px\" \/><\/a><\/span><\/p>\n<h2 style=\"text-align: center;\"><span style=\"color: #000000;\"><strong>Concerto en DO# mineur &#8211; Fabrice Eulry<\/strong><\/span><\/h2>\n<div>\n<p style=\"text-align: center;\"><span style=\"color: #000000;\"><a style=\"color: #000000;\" href=\"http:\/\/www.fabriceeulry.com\/discographie.html\"><img data-recalc-dims=\"1\" decoding=\"async\" src=\"https:\/\/i0.wp.com\/www.fabriceeulry.com\/images\/cd\/pochette-concerto.png?w=640\" alt=\"Concerto en DO di\u00e8se mineur\" \/><\/a>\u00a0<em>cliquez sur l&rsquo;image pour le commander<\/em><\/span><\/p>\n<\/div>\n","protected":false},"excerpt":{"rendered":"<p>Bient\u00f4t un concert dans les Flandres qui va sensibiliser nos amis Belges \u00e0 l&rsquo;action caritative de R\u00e9sonnance Belgique qui depuis un an, prend un merveilleux essor :\u00a0 &nbsp; Ici Lier, un bijou des Flandres : Cliquez sur l&rsquo;image pour acc\u00e9der &hellip; <a href=\"http:\/\/www.fabriceeulry-laboutique.com\/blog\/?p=7626\">Continuer la lecture <span class=\"meta-nav\">&rarr;<\/span><\/a><\/p>\n","protected":false},"author":2,"featured_media":0,"comment_status":"open","ping_status":"open","sticky":false,"template":"","format":"standard","meta":{"jetpack_post_was_ever_published":false,"_jetpack_newsletter_access":"","_jetpack_dont_email_post_to_subs":true,"_jetpack_newsletter_tier_id":0,"_jetpack_memberships_contains_paywalled_content":false,"_jetpack_memberships_contains_paid_content":false,"footnotes":"","jetpack_publicize_message":"","jetpack_publicize_feature_enabled":true,"jetpack_social_post_already_shared":true,"jetpack_social_options":{"image_generator_settings":{"template":"highway","default_image_id":0,"font":"","enabled":false},"version":2}},"categories":[1],"tags":[12],"class_list":["post-7626","post","type-post","status-publish","format-standard","hentry","category-non-classe","tag-fondation-resonnance"],"jetpack_publicize_connections":[],"jetpack_featured_media_url":"","jetpack_sharing_enabled":true,"jetpack_shortlink":"https:\/\/wp.me\/p2D6dI-1Z0","jetpack_likes_enabled":true,"jetpack-related-posts":[{"id":6623,"url":"http:\/\/www.fabriceeulry-laboutique.com\/blog\/?p=6623","url_meta":{"origin":7626,"position":0},"title":"CONCERT CHEZ NOS AMIS FLAMANDS","author":"Le Canard du pianiste","date":"24 mars 2015","format":false,"excerpt":"... Pour R\u00e9sonnance Belgique","rel":"","context":"Dans &quot;Non class\u00e9&quot;","block_context":{"text":"Non class\u00e9","link":"http:\/\/www.fabriceeulry-laboutique.com\/blog\/?cat=1"},"img":{"alt_text":"","src":"https:\/\/i0.wp.com\/www.fabriceeulry-laboutique.com\/blog\/wp-content\/uploads\/2015\/03\/pir-.jpg?resize=350%2C200","width":350,"height":200},"classes":[]},{"id":8003,"url":"http:\/\/www.fabriceeulry-laboutique.com\/blog\/?p=8003","url_meta":{"origin":7626,"position":1},"title":"UN CONCERT POUR L&rsquo;OEUVRE D&rsquo;ORIENT","author":"Le Canard du pianiste","date":"10 janvier 2016","format":false,"excerpt":"... A \u00e9t\u00e9 donn\u00e9 \u00e0 Fr\u00e9jus par nos amis Libanais en octobre 2015.\u00a0 cliquez sur l'affiche pour consulter l'article du site de L'Oeuvre de d'Orient que nous avons s\u00e9lectionn\u00e9, et qui vous donne un exemple de l'usage des fonds que de telles initiatives permettent.","rel":"","context":"Dans &quot;Non class\u00e9&quot;","block_context":{"text":"Non class\u00e9","link":"http:\/\/www.fabriceeulry-laboutique.com\/blog\/?cat=1"},"img":{"alt_text":"","src":"https:\/\/i0.wp.com\/www.fabriceeulry-laboutique.com\/blog\/wp-content\/uploads\/2016\/01\/orient-.jpg?resize=350%2C200","width":350,"height":200,"srcset":"https:\/\/i0.wp.com\/www.fabriceeulry-laboutique.com\/blog\/wp-content\/uploads\/2016\/01\/orient-.jpg?resize=350%2C200 1x, https:\/\/i0.wp.com\/www.fabriceeulry-laboutique.com\/blog\/wp-content\/uploads\/2016\/01\/orient-.jpg?resize=525%2C300 1.5x, https:\/\/i0.wp.com\/www.fabriceeulry-laboutique.com\/blog\/wp-content\/uploads\/2016\/01\/orient-.jpg?resize=700%2C400 2x"},"classes":[]},{"id":7758,"url":"http:\/\/www.fabriceeulry-laboutique.com\/blog\/?p=7758","url_meta":{"origin":7626,"position":2},"title":"ELIZABETH SOMBART A LA SALLE CORTOT","author":"Le Canard du pianiste","date":"25 octobre 2015","format":false,"excerpt":"Chers Amis, \u00a0 Retrouvez prochainement toute la sensibilit\u00e9 po\u00e9tique du jeu d\u2019Elizabeth Sombart lors d\u2019un concert unique \u00e0 Paris \u00e0 la Salle Cortot le dimanche 15 novembre 2015 \u00e0 17h30. \u00a0 Elle jouera les deux concertos de Chopin avec le Quatuor R\u00e9sonnance, version originale que Chopin aimait particuli\u00e8rement. \u00ab\u00a0Sous ses\u2026","rel":"","context":"Dans &quot;Non class\u00e9&quot;","block_context":{"text":"Non class\u00e9","link":"http:\/\/www.fabriceeulry-laboutique.com\/blog\/?cat=1"},"img":{"alt_text":"","src":"https:\/\/i0.wp.com\/www.fabriceeulry-laboutique.com\/blog\/wp-content\/uploads\/2015\/10\/sombart-.jpg?resize=350%2C200","width":350,"height":200},"classes":[]},{"id":7459,"url":"http:\/\/www.fabriceeulry-laboutique.com\/blog\/?p=7459","url_meta":{"origin":7626,"position":3},"title":"D&rsquo;UNE BOUGIE POUR CHOPIN AU BOOGIE ENFLAMME","author":"Le Canard du pianiste","date":"5 septembre 2015","format":false,"excerpt":"Grande surprise ! Tr\u00e8s peu de r\u00e9servations mais le concert caritatif a attir\u00e9 500 m\u00e9lomanes au dernier moment et aura donc permis de d\u00e9gager quelques fonds pour SOS Village-Kfarhay (Liban) Gr\u00e2ce \u00e0 la formidable organisation de nos amis libanais, nous sommes heureux que notre musique puisse m\u00eame modestement, panser les\u2026","rel":"","context":"Dans &quot;Non class\u00e9&quot;","block_context":{"text":"Non class\u00e9","link":"http:\/\/www.fabriceeulry-laboutique.com\/blog\/?cat=1"},"img":{"alt_text":"","src":"https:\/\/i0.wp.com\/www.fabriceeulry-laboutique.com\/blog\/wp-content\/uploads\/2015\/09\/vic-1-.jpg?resize=350%2C200","width":350,"height":200},"classes":[]},{"id":5615,"url":"http:\/\/www.fabriceeulry-laboutique.com\/blog\/?p=5615","url_meta":{"origin":7626,"position":4},"title":"POUR NOS AMIS BELGES","author":"Le Canard du pianiste","date":"17 septembre 2014","format":false,"excerpt":"Prochains \u00e9v\u00e8nements de R\u00e9sonnance Belgique \u00a0 \u00a0 \u00a0 \u00a0 \u00a0 \u00a0 ELIZABETH SOMBART & FABRICE EULRY N'attendez pas la derni\u00e8re minute pour r\u00e9server vos places car il n'y en a que 100. ENCORE\u00a020 PLACES J'esp\u00e8re que vous pourrez nous y rejoindre ! A bient\u00f4t, LE VENDREDI 31 OCTOBRE 2014 \u2013\u2026","rel":"","context":"Dans &quot;Non class\u00e9&quot;","block_context":{"text":"Non class\u00e9","link":"http:\/\/www.fabriceeulry-laboutique.com\/blog\/?cat=1"},"img":{"alt_text":"","src":"https:\/\/i0.wp.com\/www.fabriceeulry-laboutique.com\/blog\/wp-content\/uploads\/2014\/09\/du-1.jpg?resize=350%2C200","width":350,"height":200,"srcset":"https:\/\/i0.wp.com\/www.fabriceeulry-laboutique.com\/blog\/wp-content\/uploads\/2014\/09\/du-1.jpg?resize=350%2C200 1x, https:\/\/i0.wp.com\/www.fabriceeulry-laboutique.com\/blog\/wp-content\/uploads\/2014\/09\/du-1.jpg?resize=525%2C300 1.5x"},"classes":[]},{"id":1330,"url":"http:\/\/www.fabriceeulry-laboutique.com\/blog\/?p=1330","url_meta":{"origin":7626,"position":5},"title":"PIANO BLUES BOOGIE EN ROMANDIE : 2\u00e8me EDITION !","author":"Le Canard du pianiste","date":"28 novembre 2012","format":false,"excerpt":"Le festival est recondit en deuxi\u00e8me ann\u00e9e ! Les dates : 8 et 9 novembre 2013 au casino de Montbenon \u00e0 Lausanne, salle Paderewsky. De \u00a0droite \u00e0 gauche : la pianiste Emmanuelle-Marie, talentueuse \u00e9l\u00e8ve \u00a0de la Fondation R\u00e9sonnance, Un ami de Jacky Milliet, Fabrice Eulry, et Jacky Milliet, derni\u00e8re mise\u2026","rel":"","context":"Dans &quot;Non class\u00e9&quot;","block_context":{"text":"Non class\u00e9","link":"http:\/\/www.fabriceeulry-laboutique.com\/blog\/?cat=1"},"img":{"alt_text":"","src":"https:\/\/i0.wp.com\/www.fabriceeulry-laboutique.com\/blog\/wp-content\/uploads\/2012\/11\/pader-4.jpg?resize=350%2C200","width":350,"height":200,"srcset":"https:\/\/i0.wp.com\/www.fabriceeulry-laboutique.com\/blog\/wp-content\/uploads\/2012\/11\/pader-4.jpg?resize=350%2C200 1x, https:\/\/i0.wp.com\/www.fabriceeulry-laboutique.com\/blog\/wp-content\/uploads\/2012\/11\/pader-4.jpg?resize=525%2C300 1.5x, https:\/\/i0.wp.com\/www.fabriceeulry-laboutique.com\/blog\/wp-content\/uploads\/2012\/11\/pader-4.jpg?resize=700%2C400 2x"},"classes":[]}],"_links":{"self":[{"href":"http:\/\/www.fabriceeulry-laboutique.com\/blog\/index.php?rest_route=\/wp\/v2\/posts\/7626","targetHints":{"allow":["GET"]}}],"collection":[{"href":"http:\/\/www.fabriceeulry-laboutique.com\/blog\/index.php?rest_route=\/wp\/v2\/posts"}],"about":[{"href":"http:\/\/www.fabriceeulry-laboutique.com\/blog\/index.php?rest_route=\/wp\/v2\/types\/post"}],"author":[{"embeddable":true,"href":"http:\/\/www.fabriceeulry-laboutique.com\/blog\/index.php?rest_route=\/wp\/v2\/users\/2"}],"replies":[{"embeddable":true,"href":"http:\/\/www.fabriceeulry-laboutique.com\/blog\/index.php?rest_route=%2Fwp%2Fv2%2Fcomments&post=7626"}],"version-history":[{"count":2,"href":"http:\/\/www.fabriceeulry-laboutique.com\/blog\/index.php?rest_route=\/wp\/v2\/posts\/7626\/revisions"}],"predecessor-version":[{"id":7632,"href":"http:\/\/www.fabriceeulry-laboutique.com\/blog\/index.php?rest_route=\/wp\/v2\/posts\/7626\/revisions\/7632"}],"wp:attachment":[{"href":"http:\/\/www.fabriceeulry-laboutique.com\/blog\/index.php?rest_route=%2Fwp%2Fv2%2Fmedia&parent=7626"}],"wp:term":[{"taxonomy":"category","embeddable":true,"href":"http:\/\/www.fabriceeulry-laboutique.com\/blog\/index.php?rest_route=%2Fwp%2Fv2%2Fcategories&post=7626"},{"taxonomy":"post_tag","embeddable":true,"href":"http:\/\/www.fabriceeulry-laboutique.com\/blog\/index.php?rest_route=%2Fwp%2Fv2%2Ftags&post=7626"}],"curies":[{"name":"wp","href":"https:\/\/api.w.org\/{rel}","templated":true}]}}