{"id":7677,"date":"2015-10-20T12:25:26","date_gmt":"2015-10-20T12:25:26","guid":{"rendered":"http:\/\/www.fabriceeulry-laboutique.com\/blog\/?p=7677"},"modified":"2018-12-12T02:55:12","modified_gmt":"2018-12-12T02:55:12","slug":"une-chronique-de-lolympia","status":"publish","type":"post","link":"http:\/\/www.fabriceeulry-laboutique.com\/blog\/?p=7677","title":{"rendered":"UNE CHRONIQUE DE L&rsquo;OLYMPIA"},"content":{"rendered":"<h2 style=\"text-align: center;\"><span style=\"color: #000000;\">Lue dans le blog de l&rsquo;\u00e9minent coll\u00e8gue Bernard Maclain :<em> (cliquer sur l&rsquo;image)<a href=\"http:\/\/www.maclain-musique.com\/2015\/09\/concert-fabrice-eulry-10-09-2015\/\"><img data-recalc-dims=\"1\" loading=\"lazy\" decoding=\"async\" class=\"aligncenter size-full wp-image-7739\" src=\"https:\/\/i0.wp.com\/www.fabriceeulry-laboutique.com\/blog\/wp-content\/uploads\/2015\/10\/macl-.jpg?resize=640%2C278\" alt=\"macl\" width=\"640\" height=\"278\" srcset=\"https:\/\/i0.wp.com\/www.fabriceeulry-laboutique.com\/blog\/wp-content\/uploads\/2015\/10\/macl-.jpg?w=1198 1198w, https:\/\/i0.wp.com\/www.fabriceeulry-laboutique.com\/blog\/wp-content\/uploads\/2015\/10\/macl-.jpg?resize=300%2C130 300w, https:\/\/i0.wp.com\/www.fabriceeulry-laboutique.com\/blog\/wp-content\/uploads\/2015\/10\/macl-.jpg?resize=1024%2C445 1024w\" sizes=\"auto, (max-width: 640px) 100vw, 640px\" \/><\/a><\/em><\/span><span style=\"color: #000000;\"><strong>\u00a0<\/strong><\/span><\/h2>\n<h2 style=\"text-align: center;\"><span style=\"color: #000000;\"><strong>Fabrice Eulry \u00e0 Bobino<\/strong><\/span><\/h2>\n<p><span style=\"color: #000000;\"><strong><em><a style=\"color: #000000;\" href=\"http:\/\/www.fabriceeulry.com\/discographie.html\"><img data-recalc-dims=\"1\" loading=\"lazy\" decoding=\"async\" class=\"aligncenter\" title=\"Ca\" src=\"https:\/\/i0.wp.com\/www.fabriceeulry-laboutique.com\/blog\/wp-content\/uploads\/2013\/06\/Ca.jpg?resize=130%2C194\" alt=\"\" width=\"130\" height=\"194\" \/><\/a><\/em><\/strong><\/span><\/p>\n<p style=\"text-align: center;\"><span style=\"color: #000000;\"><em>(Cliquez sur l&rsquo;image pour le commander)<\/em><\/span><\/p>\n","protected":false},"excerpt":{"rendered":"<p>Lue dans le blog de l&rsquo;\u00e9minent coll\u00e8gue Bernard Maclain : (cliquer sur l&rsquo;image)\u00a0 Fabrice Eulry \u00e0 Bobino (Cliquez sur l&rsquo;image pour le commander)<\/p>\n","protected":false},"author":2,"featured_media":0,"comment_status":"open","ping_status":"open","sticky":false,"template":"","format":"standard","meta":{"jetpack_post_was_ever_published":false,"_jetpack_newsletter_access":"","_jetpack_dont_email_post_to_subs":true,"_jetpack_newsletter_tier_id":0,"_jetpack_memberships_contains_paywalled_content":false,"_jetpack_memberships_contains_paid_content":false,"footnotes":"","jetpack_publicize_message":"","jetpack_publicize_feature_enabled":true,"jetpack_social_post_already_shared":true,"jetpack_social_options":{"image_generator_settings":{"template":"highway","default_image_id":0,"font":"","enabled":false},"version":2}},"categories":[1],"tags":[47],"class_list":["post-7677","post","type-post","status-publish","format-standard","hentry","category-non-classe","tag-olympia"],"jetpack_publicize_connections":[],"jetpack_featured_media_url":"","jetpack_sharing_enabled":true,"jetpack_shortlink":"https:\/\/wp.me\/p2D6dI-1ZP","jetpack_likes_enabled":true,"jetpack-related-posts":[{"id":2782,"url":"http:\/\/www.fabriceeulry-laboutique.com\/blog\/?p=2782","url_meta":{"origin":7677,"position":0},"title":"LE MASSACRE DU PRINTEMPS","author":"Le Canard du pianiste","date":"31 mai 2013","format":false,"excerpt":"Le sacre du printemps est centenaire. L'oeuvre de Stravinsky a vu le jour en 1913 dans le flambant neuf Th\u00e9\u00e2tre des champs \u00e9lys\u00e9es. Cliquez sur l'image pour \u00e9couter l'oeuvre Que reste-t-il en France, de cette oeuvre qui c\u00e9l\u00e9brait la vie ? Un si\u00e8cle plus tard, pour son anniversaire, devant le\u2026","rel":"","context":"Dans &quot;Non class\u00e9&quot;","block_context":{"text":"Non class\u00e9","link":"http:\/\/www.fabriceeulry-laboutique.com\/blog\/?cat=1"},"img":{"alt_text":"","src":"https:\/\/i0.wp.com\/www.fabriceeulry-laboutique.com\/blog\/wp-content\/uploads\/2013\/05\/Capture-d%E2%80%99%C3%A9cran-2013-05-31-%C3%A0-03.42.273.png?resize=350%2C200","width":350,"height":200,"srcset":"https:\/\/i0.wp.com\/www.fabriceeulry-laboutique.com\/blog\/wp-content\/uploads\/2013\/05\/Capture-d%E2%80%99%C3%A9cran-2013-05-31-%C3%A0-03.42.273.png?resize=350%2C200 1x, https:\/\/i0.wp.com\/www.fabriceeulry-laboutique.com\/blog\/wp-content\/uploads\/2013\/05\/Capture-d%E2%80%99%C3%A9cran-2013-05-31-%C3%A0-03.42.273.png?resize=525%2C300 1.5x, https:\/\/i0.wp.com\/www.fabriceeulry-laboutique.com\/blog\/wp-content\/uploads\/2013\/05\/Capture-d%E2%80%99%C3%A9cran-2013-05-31-%C3%A0-03.42.273.png?resize=700%2C400 2x, https:\/\/i0.wp.com\/www.fabriceeulry-laboutique.com\/blog\/wp-content\/uploads\/2013\/05\/Capture-d%E2%80%99%C3%A9cran-2013-05-31-%C3%A0-03.42.273.png?resize=1050%2C600 3x"},"classes":[]},{"id":4634,"url":"http:\/\/www.fabriceeulry-laboutique.com\/blog\/?p=4634","url_meta":{"origin":7677,"position":1},"title":"VOICI L&rsquo;ORGANISTE NARINE SIMONIAN","author":"Le Canard du pianiste","date":"10 mars 2014","format":false,"excerpt":"... Narin\u00e9 Simonian dont on peut admirer l'incroyable jeu de p\u00e9dalier sur cette vid\u00e9o. Un instrument tr\u00e8s physique ! Cliquez sur l'image pour visionner la vid\u00e9o Toccata Adagio Fugue de Toccata adagio fugue Ut Majeur J.S. Bach, BWV 564 \u00e0 l' E\u0301GLISE DES BILLETTES by NARIN\u00c9 SIMONIAN organiste Narin\u00e9 Simonian\u2026","rel":"","context":"Dans &quot;Non class\u00e9&quot;","block_context":{"text":"Non class\u00e9","link":"http:\/\/www.fabriceeulry-laboutique.com\/blog\/?cat=1"},"img":{"alt_text":"","src":"https:\/\/i0.wp.com\/www.fabriceeulry-laboutique.com\/blog\/wp-content\/uploads\/2014\/03\/narine-3.jpg?resize=350%2C200","width":350,"height":200,"srcset":"https:\/\/i0.wp.com\/www.fabriceeulry-laboutique.com\/blog\/wp-content\/uploads\/2014\/03\/narine-3.jpg?resize=350%2C200 1x, https:\/\/i0.wp.com\/www.fabriceeulry-laboutique.com\/blog\/wp-content\/uploads\/2014\/03\/narine-3.jpg?resize=525%2C300 1.5x"},"classes":[]},{"id":6719,"url":"http:\/\/www.fabriceeulry-laboutique.com\/blog\/?p=6719","url_meta":{"origin":7677,"position":2},"title":"1\u00e8re Partie \u00e0 L&rsquo;OLYMPIA : LA  REPONSE :","author":"Le Canard du pianiste","date":"13 avril 2015","format":false,"excerpt":"ELIZABETH SOMBART (cliquez sur son portrait pour acc\u00e9der \u00e0 son site) L'heureux\u00a0gagnant du concours est : Alain C... (Templeuve) ! Et dans quelques heures en exclusivit\u00e9 sur Le Canard du pianiste, des pr\u00e9cisions sur la prestation d'Elizabeth Sombart \u00e0 L'Olympia... \u00a0LE 10 SEPTEMBRE 2015 D\u00e9p\u00eachez-vous \u00a0! La souscription est termin\u00e9e\u2026","rel":"","context":"Dans &quot;Non class\u00e9&quot;","block_context":{"text":"Non class\u00e9","link":"http:\/\/www.fabriceeulry-laboutique.com\/blog\/?cat=1"},"img":{"alt_text":"","src":"https:\/\/i0.wp.com\/www.fabriceeulry-laboutique.com\/blog\/wp-content\/uploads\/2015\/04\/elizabeth-portrait-.jpg?resize=350%2C200","width":350,"height":200,"srcset":"https:\/\/i0.wp.com\/www.fabriceeulry-laboutique.com\/blog\/wp-content\/uploads\/2015\/04\/elizabeth-portrait-.jpg?resize=350%2C200 1x, https:\/\/i0.wp.com\/www.fabriceeulry-laboutique.com\/blog\/wp-content\/uploads\/2015\/04\/elizabeth-portrait-.jpg?resize=525%2C300 1.5x"},"classes":[]},{"id":6201,"url":"http:\/\/www.fabriceeulry-laboutique.com\/blog\/?p=6201","url_meta":{"origin":7677,"position":3},"title":"CHRISTINE SOURGINS A PROPOS DE LA LIBERTE D&rsquo;EXPRESSION","author":"Le Canard du pianiste","date":"13 janvier 2015","format":false,"excerpt":"Apr\u00e8s avoir tous d\u00e9fil\u00e9 pour la libert\u00e9 d'expression qui n'\u00e9tait d\u00e9j\u00e0 plus qu'\u00e0 g\u00e9om\u00e9trie variable, Christine Sourgins,\u00a0 nous parle de sa rencontre avec Wolinski \u270f pour nous \u00e9clairer sur d'autres menaces qui p\u00e8sent sur cet h\u00e9ritage hell\u00e9no-chr\u00e9tien. Christine Sourgins est l'auteur de Cliquez sur l'image pour acc\u00e9der \u00e0 l'article La\u2026","rel":"","context":"Dans &quot;Non class\u00e9&quot;","block_context":{"text":"Non class\u00e9","link":"http:\/\/www.fabriceeulry-laboutique.com\/blog\/?cat=1"},"img":{"alt_text":"","src":"https:\/\/i0.wp.com\/www.fabriceeulry-laboutique.com\/blog\/wp-content\/uploads\/2014\/10\/sourgins--207x300.jpg?resize=350%2C200","width":350,"height":200},"classes":[]},{"id":1874,"url":"http:\/\/www.fabriceeulry-laboutique.com\/blog\/?p=1874","url_meta":{"origin":7677,"position":4},"title":"FABRICE EULRY AUX PAYS-BAS SAMEDI 16 MARS DERNIER","author":"Le Canard du pianiste","date":"16 mars 2013","format":false,"excerpt":"En ce moment m\u00eame sur sc\u00e8ne dans la dixi\u00e8me \u00e9dition de ce festival (et pour la deuxi\u00e8me fois). Avec entre autres : Greta Holtrop \u00a0Cliquez sur l'image pour voir la vid\u00e9o et Martijn Schock \u00a0Cliquez sur l'image pour voir la vid\u00e9o Papa Don Washington, Franck Muschalle, Chris Conz.\u00a0 \u00a0 Fabrice\u2026","rel":"","context":"Dans &quot;Non class\u00e9&quot;","block_context":{"text":"Non class\u00e9","link":"http:\/\/www.fabriceeulry-laboutique.com\/blog\/?cat=1"},"img":{"alt_text":"","src":"https:\/\/i0.wp.com\/www.fabriceeulry-laboutique.com\/blog\/wp-content\/uploads\/2013\/01\/Martijn-schock.png?resize=350%2C200","width":350,"height":200},"classes":[]},{"id":7822,"url":"http:\/\/www.fabriceeulry-laboutique.com\/blog\/?p=7822","url_meta":{"origin":7677,"position":5},"title":"OLYMPIA 2015 FABRICE EULRY (VERSION COURTE)","author":"Le Canard du pianiste","date":"7 novembre 2015","format":false,"excerpt":"Quelques secondes seulement, frustrantes comme, \u00e0 vos dires, le fut le spectacle, en attendant une version un peu plus longue : (Cliquez sur l'image pour les visionner) Ici quelques captures d'\u00e9cran de la r\u00e9p\u00e9tition (des variations sur Les copains d'abord) tir\u00e9es de... la version longue du reportage qui para\u00eetra bient\u00f4t.\u2026","rel":"","context":"Dans &quot;Non class\u00e9&quot;","block_context":{"text":"Non class\u00e9","link":"http:\/\/www.fabriceeulry-laboutique.com\/blog\/?cat=1"},"img":{"alt_text":"OLYMPIA CAPTURE 2","src":"https:\/\/i0.wp.com\/www.fabriceeulry-laboutique.com\/blog\/wp-content\/uploads\/2015\/11\/OLYMPIA-CAPTURE-2-.jpg?resize=350%2C200","width":350,"height":200,"srcset":"https:\/\/i0.wp.com\/www.fabriceeulry-laboutique.com\/blog\/wp-content\/uploads\/2015\/11\/OLYMPIA-CAPTURE-2-.jpg?resize=350%2C200 1x, https:\/\/i0.wp.com\/www.fabriceeulry-laboutique.com\/blog\/wp-content\/uploads\/2015\/11\/OLYMPIA-CAPTURE-2-.jpg?resize=525%2C300 1.5x, https:\/\/i0.wp.com\/www.fabriceeulry-laboutique.com\/blog\/wp-content\/uploads\/2015\/11\/OLYMPIA-CAPTURE-2-.jpg?resize=700%2C400 2x, https:\/\/i0.wp.com\/www.fabriceeulry-laboutique.com\/blog\/wp-content\/uploads\/2015\/11\/OLYMPIA-CAPTURE-2-.jpg?resize=1050%2C600 3x"},"classes":[]}],"_links":{"self":[{"href":"http:\/\/www.fabriceeulry-laboutique.com\/blog\/index.php?rest_route=\/wp\/v2\/posts\/7677","targetHints":{"allow":["GET"]}}],"collection":[{"href":"http:\/\/www.fabriceeulry-laboutique.com\/blog\/index.php?rest_route=\/wp\/v2\/posts"}],"about":[{"href":"http:\/\/www.fabriceeulry-laboutique.com\/blog\/index.php?rest_route=\/wp\/v2\/types\/post"}],"author":[{"embeddable":true,"href":"http:\/\/www.fabriceeulry-laboutique.com\/blog\/index.php?rest_route=\/wp\/v2\/users\/2"}],"replies":[{"embeddable":true,"href":"http:\/\/www.fabriceeulry-laboutique.com\/blog\/index.php?rest_route=%2Fwp%2Fv2%2Fcomments&post=7677"}],"version-history":[{"count":3,"href":"http:\/\/www.fabriceeulry-laboutique.com\/blog\/index.php?rest_route=\/wp\/v2\/posts\/7677\/revisions"}],"predecessor-version":[{"id":7741,"href":"http:\/\/www.fabriceeulry-laboutique.com\/blog\/index.php?rest_route=\/wp\/v2\/posts\/7677\/revisions\/7741"}],"wp:attachment":[{"href":"http:\/\/www.fabriceeulry-laboutique.com\/blog\/index.php?rest_route=%2Fwp%2Fv2%2Fmedia&parent=7677"}],"wp:term":[{"taxonomy":"category","embeddable":true,"href":"http:\/\/www.fabriceeulry-laboutique.com\/blog\/index.php?rest_route=%2Fwp%2Fv2%2Fcategories&post=7677"},{"taxonomy":"post_tag","embeddable":true,"href":"http:\/\/www.fabriceeulry-laboutique.com\/blog\/index.php?rest_route=%2Fwp%2Fv2%2Ftags&post=7677"}],"curies":[{"name":"wp","href":"https:\/\/api.w.org\/{rel}","templated":true}]}}