{"id":7751,"date":"2015-10-23T03:15:15","date_gmt":"2015-10-23T03:15:15","guid":{"rendered":"http:\/\/www.fabriceeulry-laboutique.com\/blog\/?p=7751"},"modified":"2018-12-12T02:54:26","modified_gmt":"2018-12-12T02:54:26","slug":"sur-la-radio-television-suisse-avant-le-concert-a-lausanne","status":"publish","type":"post","link":"http:\/\/www.fabriceeulry-laboutique.com\/blog\/?p=7751","title":{"rendered":"SUR LA RADIO TELEVISION SUISSE AVANT LE CONCERT A LAUSANNE"},"content":{"rendered":"<h2 style=\"text-align: center;\"><span style=\"color: #000000;\"><strong>Une photo de l&rsquo;enregistrement de l&rsquo;\u00e9mission en direct lors de l&rsquo;interpr\u00e9tation d&rsquo;Isabelle madison<\/strong><a style=\"color: #000000;\" href=\"https:\/\/i0.wp.com\/www.fabriceeulry-laboutique.com\/blog\/wp-content\/uploads\/2015\/10\/paradiso-1-.jpg\"><img data-recalc-dims=\"1\" loading=\"lazy\" decoding=\"async\" class=\"aligncenter size-full wp-image-7752\" src=\"https:\/\/i0.wp.com\/www.fabriceeulry-laboutique.com\/blog\/wp-content\/uploads\/2015\/10\/paradiso-1-.jpg?resize=640%2C360\" alt=\"paradiso 1\" width=\"640\" height=\"360\" srcset=\"https:\/\/i0.wp.com\/www.fabriceeulry-laboutique.com\/blog\/wp-content\/uploads\/2015\/10\/paradiso-1-.jpg?w=4128 4128w, https:\/\/i0.wp.com\/www.fabriceeulry-laboutique.com\/blog\/wp-content\/uploads\/2015\/10\/paradiso-1-.jpg?resize=300%2C169 300w, https:\/\/i0.wp.com\/www.fabriceeulry-laboutique.com\/blog\/wp-content\/uploads\/2015\/10\/paradiso-1-.jpg?resize=1024%2C576 1024w, https:\/\/i0.wp.com\/www.fabriceeulry-laboutique.com\/blog\/wp-content\/uploads\/2015\/10\/paradiso-1-.jpg?w=1280 1280w, https:\/\/i0.wp.com\/www.fabriceeulry-laboutique.com\/blog\/wp-content\/uploads\/2015\/10\/paradiso-1-.jpg?w=1920 1920w\" sizes=\"auto, (max-width: 640px) 100vw, 640px\" \/><\/a><em>\u00a9 Photo Julie Traou\u00ebn<\/em><\/span><\/h2>\n<h2 style=\"text-align: center;\"><span style=\"color: #000000;\">Demain dans Le Canard du pianiste :<\/span><\/h2>\n<h2 style=\"text-align: center;\"><span style=\"color: #000000;\"><strong>\u00a0le lien de l&rsquo;\u00e9mission sur Paradiso<\/strong><\/span><\/h2>\n<h2 style=\"text-align: center;\"><span style=\"color: #000000;\"><a style=\"color: #000000;\" href=\"https:\/\/i0.wp.com\/www.fabriceeulry-laboutique.com\/blog\/wp-content\/uploads\/2015\/10\/rts-.jpg\"><img data-recalc-dims=\"1\" loading=\"lazy\" decoding=\"async\" class=\"aligncenter size-full wp-image-7701\" src=\"https:\/\/i0.wp.com\/www.fabriceeulry-laboutique.com\/blog\/wp-content\/uploads\/2015\/10\/rts-.jpg?resize=503%2C131\" alt=\"rts\" width=\"503\" height=\"131\" srcset=\"https:\/\/i0.wp.com\/www.fabriceeulry-laboutique.com\/blog\/wp-content\/uploads\/2015\/10\/rts-.jpg?w=503 503w, https:\/\/i0.wp.com\/www.fabriceeulry-laboutique.com\/blog\/wp-content\/uploads\/2015\/10\/rts-.jpg?resize=300%2C78 300w\" sizes=\"auto, (max-width: 503px) 100vw, 503px\" \/><\/a><a style=\"color: #000000;\" href=\"https:\/\/www.youtube.com\/watch?v=Th-0Di4K6vY\"><br \/>\n<\/a>Qui annonce le concert en piano solo :<\/span><br \/>\n<span style=\"color: #000000;\"><a style=\"color: #000000;\" href=\"https:\/\/i0.wp.com\/www.fabriceeulry-laboutique.com\/blog\/wp-content\/uploads\/2015\/07\/pad-15-.jpg\"><img data-recalc-dims=\"1\" loading=\"lazy\" decoding=\"async\" class=\"aligncenter size-full wp-image-7327\" src=\"https:\/\/i0.wp.com\/www.fabriceeulry-laboutique.com\/blog\/wp-content\/uploads\/2015\/07\/pad-15-.jpg?resize=392%2C528\" alt=\"pad 15\" width=\"392\" height=\"528\" srcset=\"https:\/\/i0.wp.com\/www.fabriceeulry-laboutique.com\/blog\/wp-content\/uploads\/2015\/07\/pad-15-.jpg?w=392 392w, https:\/\/i0.wp.com\/www.fabriceeulry-laboutique.com\/blog\/wp-content\/uploads\/2015\/07\/pad-15-.jpg?resize=223%2C300 223w, https:\/\/i0.wp.com\/www.fabriceeulry-laboutique.com\/blog\/wp-content\/uploads\/2015\/07\/pad-15-.jpg?resize=300%2C404 300w\" sizes=\"auto, (max-width: 392px) 100vw, 392px\" \/><\/a><\/span><\/h2>\n<h2 style=\"text-align: center;\"><span style=\"color: #000000;\"><strong>Ouverture des portes : 16h15 D\u00e9but du spectacle: 17h00<\/strong><\/span><\/h2>\n<h2 style=\"text-align: center;\"><span style=\"color: #000000;\"><strong>Places assises non num\u00e9rot\u00e9es<\/strong><\/span><\/h2>\n<h2 style=\"text-align: center;\"><span style=\"color: #000000;\"><strong>Tarif : CHF40\u00a0<\/strong><\/span><\/h2>\n<h2 style=\"text-align: center;\"><span style=\"color: #000000;\"><strong>Rabais: AVS, enfants jusqu&rsquo;\u00e0 10 ans et \u00e9tudiants CHF 30<\/strong><\/span><\/h2>\n<h2 style=\"text-align: center;\"><span style=\"color: #000000;\"><strong>R\u00e9servations :<\/strong><\/span><\/h2>\n<p><span style=\"color: #000000;\"><a style=\"color: #000000;\" href=\"https:\/\/i0.wp.com\/www.fabriceeulry-laboutique.com\/blog\/wp-content\/uploads\/2015\/07\/tcorner-.jpg\"><img data-recalc-dims=\"1\" loading=\"lazy\" decoding=\"async\" class=\"aligncenter size-full wp-image-7303\" src=\"https:\/\/i0.wp.com\/www.fabriceeulry-laboutique.com\/blog\/wp-content\/uploads\/2015\/07\/tcorner-.jpg?resize=165%2C75\" alt=\"tcorner\" width=\"165\" height=\"75\" \/><\/a><\/span><\/p>\n","protected":false},"excerpt":{"rendered":"<p>Une photo de l&rsquo;enregistrement de l&rsquo;\u00e9mission en direct lors de l&rsquo;interpr\u00e9tation d&rsquo;Isabelle madison\u00a9 Photo Julie Traou\u00ebn Demain dans Le Canard du pianiste : \u00a0le lien de l&rsquo;\u00e9mission sur Paradiso Qui annonce le concert en piano solo : Ouverture des portes &hellip; <a href=\"http:\/\/www.fabriceeulry-laboutique.com\/blog\/?p=7751\">Continuer la lecture <span class=\"meta-nav\">&rarr;<\/span><\/a><\/p>\n","protected":false},"author":2,"featured_media":0,"comment_status":"open","ping_status":"open","sticky":false,"template":"","format":"standard","meta":{"jetpack_post_was_ever_published":false,"_jetpack_newsletter_access":"","_jetpack_dont_email_post_to_subs":true,"_jetpack_newsletter_tier_id":0,"_jetpack_memberships_contains_paywalled_content":false,"_jetpack_memberships_contains_paid_content":false,"footnotes":"","jetpack_publicize_message":"","jetpack_publicize_feature_enabled":true,"jetpack_social_post_already_shared":true,"jetpack_social_options":{"image_generator_settings":{"template":"highway","default_image_id":0,"font":"","enabled":false},"version":2}},"categories":[1],"tags":[18],"class_list":["post-7751","post","type-post","status-publish","format-standard","hentry","category-non-classe","tag-emissions-de-radio"],"jetpack_publicize_connections":[],"jetpack_featured_media_url":"","jetpack_sharing_enabled":true,"jetpack_shortlink":"https:\/\/wp.me\/p2D6dI-211","jetpack_likes_enabled":true,"jetpack-related-posts":[{"id":6537,"url":"http:\/\/www.fabriceeulry-laboutique.com\/blog\/?p=6537","url_meta":{"origin":7751,"position":0},"title":"ELIZABETH SOMBART ET FABRICE EULRY EN CONCERT A GENEVE","author":"Le Canard du pianiste","date":"8 mars 2015","format":false,"excerpt":"Concert d'Elizabeth Sombart et Fabrice Eulry, dans le cadre de la Journ\u00e9e Internationale des Femmes L'\u00e9mission d'RTS : (Radio t\u00e9l\u00e9vision suisse) \u00a0 (cliquez sur les photos pour \u00e9couter l'\u00e9mission de pr\u00e9sentation de RTS interrogeant Elizabeth Sombart) Aujourd'hui Dimanche 8 mars 2015 \u00e0 17h30\u00a0 \u00c0\u00a0Maison des Arts du Gr\u00fctli, Gen\u00e8ve \u00a0Entr\u00e9e\u2026","rel":"","context":"Dans &quot;Non class\u00e9&quot;","block_context":{"text":"Non class\u00e9","link":"http:\/\/www.fabriceeulry-laboutique.com\/blog\/?cat=1"},"img":{"alt_text":"","src":"https:\/\/i0.wp.com\/www.fabriceeulry-laboutique.com\/blog\/wp-content\/uploads\/2015\/03\/fem.jpg?resize=350%2C200","width":350,"height":200},"classes":[]},{"id":7771,"url":"http:\/\/www.fabriceeulry-laboutique.com\/blog\/?p=7771","url_meta":{"origin":7751,"position":1},"title":"FABRICE EULRY SUR RTS","author":"Le Canard du pianiste","date":"28 octobre 2015","format":false,"excerpt":"Fabrice Eulry sur\u00a0 On y entend avant une entrevue d'une dizaine de minutes, une version d'Isabelle madison enregistr\u00e9e en direct. Cette photo fut prise pendant l'enregistrement de l'\u00e9mission :\u00a9 Photo Julie Traou\u00ebn Cette \u00e9mission annon\u00e7ait le concert en piano solo : La version orchestrale d'Isabelle madison et 12 autres titres\u2026","rel":"","context":"Dans &quot;Non class\u00e9&quot;","block_context":{"text":"Non class\u00e9","link":"http:\/\/www.fabriceeulry-laboutique.com\/blog\/?cat=1"},"img":{"alt_text":"rts","src":"https:\/\/i0.wp.com\/www.fabriceeulry-laboutique.com\/blog\/wp-content\/uploads\/2015\/10\/rts-.jpg?resize=350%2C200","width":350,"height":200},"classes":[]},{"id":6796,"url":"http:\/\/www.fabriceeulry-laboutique.com\/blog\/?p=6796","url_meta":{"origin":7751,"position":2},"title":"FABRICE EULRY ET JACKY MILLIET SUR LA RADIO SUISSE ROMANDE","author":"Le Canard du pianiste","date":"26 avril 2015","format":false,"excerpt":"Cliquez sur l'image du duo pour \u00e9couter l'\u00e9mission \u00a0CONNAITRE ET ECOUTER TOUTE LA DISCOGRAPHIE DE FABRICE EULRY ET JACKY MILLIET \u00a0\u00a0 \u00a0 \u00a0\u00a0\u00a0 \u00a0\u00a0\u00a0cliquez sur les pochettes de disque Sur le dernier disque les versions longues et compl\u00e8tes des deux morceaux jou\u00e9s sur la radio suisse : Si vous partez\u2026","rel":"","context":"Dans &quot;Non class\u00e9&quot;","block_context":{"text":"Non class\u00e9","link":"http:\/\/www.fabriceeulry-laboutique.com\/blog\/?cat=1"},"img":{"alt_text":"corbeil-1","src":"https:\/\/i0.wp.com\/www.on-mag.fr\/images\/stories\/2011\/07\/corbeil-1.jpg?resize=350%2C200","width":350,"height":200,"srcset":"https:\/\/i0.wp.com\/www.on-mag.fr\/images\/stories\/2011\/07\/corbeil-1.jpg?resize=350%2C200 1x, https:\/\/i0.wp.com\/www.on-mag.fr\/images\/stories\/2011\/07\/corbeil-1.jpg?resize=525%2C300 1.5x"},"classes":[]},{"id":3861,"url":"http:\/\/www.fabriceeulry-laboutique.com\/blog\/?p=3861","url_meta":{"origin":7751,"position":3},"title":"ELIZABETH SOMBART A LA SALLE CORTOT","author":"Le Canard du pianiste","date":"18 novembre 2013","format":false,"excerpt":"Ici dans une polonaise, (Cliquez sur la photo) Elizabeth Sombart a donn\u00e9 dimanche dernier 17 novembre un merveilleux concert des nocturnes de Chopin, comment\u00e9 par Jean-Marc Eymon, devant une salle Cortot bond\u00e9e mais tr\u00e8s recueillie tant le l'assistance fut \u00e9mue par le jeu sans emphase ni virtuosit\u00e9 gratuite de la\u2026","rel":"","context":"Dans &quot;Non class\u00e9&quot;","block_context":{"text":"Non class\u00e9","link":"http:\/\/www.fabriceeulry-laboutique.com\/blog\/?cat=1"},"img":{"alt_text":"","src":"https:\/\/i0.wp.com\/www.fabriceeulry-laboutique.com\/blog\/wp-content\/uploads\/2013\/11\/Capture-d%E2%80%99%C3%A9cran-2013-11-11-%C3%A0-19.26.222-300x72.jpg?resize=350%2C200","width":350,"height":200},"classes":[]},{"id":7745,"url":"http:\/\/www.fabriceeulry-laboutique.com\/blog\/?p=7745","url_meta":{"origin":7751,"position":4},"title":"FABRICE EULRY EN DIRECT SUR LA RADIO TELEVISION SUISSE","author":"Le Canard du pianiste","date":"20 octobre 2015","format":false,"excerpt":"Amis m\u00e9lomanes de Suisse, suivez Fabrice Eulry sur \u00a0le jeudi 22 octobre dans l'\u00e9mission de Delphine Garcia sur PARADISO (pr\u00e9cisions sur l'horaire tr\u00e8s bient\u00f4t - \u00e0 partir de 18h30). Fabrice Eulry jouera aussi un ou deux morceaux en direct entre deux causeries. Car il sera le dimanche 25 \u00e0 Lausanne\u2026","rel":"","context":"Dans &quot;Non class\u00e9&quot;","block_context":{"text":"Non class\u00e9","link":"http:\/\/www.fabriceeulry-laboutique.com\/blog\/?cat=1"},"img":{"alt_text":"rts","src":"https:\/\/i0.wp.com\/www.fabriceeulry-laboutique.com\/blog\/wp-content\/uploads\/2015\/10\/rts-.jpg?resize=350%2C200","width":350,"height":200},"classes":[]},{"id":9508,"url":"http:\/\/www.fabriceeulry-laboutique.com\/blog\/?p=9508","url_meta":{"origin":7751,"position":5},"title":"FABRICE EULRY AU FESTIVAL D&rsquo;AVIGNON 2017","author":"Le Canard du pianiste","date":"15 juin 2017","format":false,"excerpt":"Le Festival d'Avignon 2017 accueillera Fabrice Eulry dans son nouveau spectacle au th\u00e9\u00e2tre des vents tous les jours du 7 au 30 juillet \u00e0 18h30 (cliquez sur l'image pour acc\u00e9der au site du th\u00e9\u00e2tre et pour r\u00e9server) R\u00e9servations : 06 20 17 24 12 Voici pendant l'\u00e9dition 2016 d'Avignon un\u2026","rel":"","context":"Dans &quot;Non class\u00e9&quot;","block_context":{"text":"Non class\u00e9","link":"http:\/\/www.fabriceeulry-laboutique.com\/blog\/?cat=1"},"img":{"alt_text":"tv","src":"https:\/\/i0.wp.com\/www.fabriceeulry-laboutique.com\/blog\/wp-content\/uploads\/2017\/02\/tv.jpg?resize=350%2C200","width":350,"height":200},"classes":[]}],"_links":{"self":[{"href":"http:\/\/www.fabriceeulry-laboutique.com\/blog\/index.php?rest_route=\/wp\/v2\/posts\/7751","targetHints":{"allow":["GET"]}}],"collection":[{"href":"http:\/\/www.fabriceeulry-laboutique.com\/blog\/index.php?rest_route=\/wp\/v2\/posts"}],"about":[{"href":"http:\/\/www.fabriceeulry-laboutique.com\/blog\/index.php?rest_route=\/wp\/v2\/types\/post"}],"author":[{"embeddable":true,"href":"http:\/\/www.fabriceeulry-laboutique.com\/blog\/index.php?rest_route=\/wp\/v2\/users\/2"}],"replies":[{"embeddable":true,"href":"http:\/\/www.fabriceeulry-laboutique.com\/blog\/index.php?rest_route=%2Fwp%2Fv2%2Fcomments&post=7751"}],"version-history":[{"count":2,"href":"http:\/\/www.fabriceeulry-laboutique.com\/blog\/index.php?rest_route=\/wp\/v2\/posts\/7751\/revisions"}],"predecessor-version":[{"id":7770,"href":"http:\/\/www.fabriceeulry-laboutique.com\/blog\/index.php?rest_route=\/wp\/v2\/posts\/7751\/revisions\/7770"}],"wp:attachment":[{"href":"http:\/\/www.fabriceeulry-laboutique.com\/blog\/index.php?rest_route=%2Fwp%2Fv2%2Fmedia&parent=7751"}],"wp:term":[{"taxonomy":"category","embeddable":true,"href":"http:\/\/www.fabriceeulry-laboutique.com\/blog\/index.php?rest_route=%2Fwp%2Fv2%2Fcategories&post=7751"},{"taxonomy":"post_tag","embeddable":true,"href":"http:\/\/www.fabriceeulry-laboutique.com\/blog\/index.php?rest_route=%2Fwp%2Fv2%2Ftags&post=7751"}],"curies":[{"name":"wp","href":"https:\/\/api.w.org\/{rel}","templated":true}]}}