{"id":7793,"date":"2015-10-31T18:37:34","date_gmt":"2015-10-31T18:37:34","guid":{"rendered":"http:\/\/www.fabriceeulry-laboutique.com\/blog\/?p=7793"},"modified":"2018-12-12T02:50:56","modified_gmt":"2018-12-12T02:50:56","slug":"censure-en-amont","status":"publish","type":"post","link":"http:\/\/www.fabriceeulry-laboutique.com\/blog\/?p=7793","title":{"rendered":"CENSURE EN AMONT"},"content":{"rendered":"<table id=\"yui_3_16_0_1_1446313867356_2056\" border=\"0\" align=\"center\" bgcolor=\"#aecb57\">\n<tbody id=\"yui_3_16_0_1_1446313867356_2059\">\n<tr id=\"yui_3_16_0_1_1446313867356_2058\">\n<td id=\"yui_3_16_0_1_1446313867356_2072\" width=\"10\"><\/td>\n<td id=\"yui_3_16_0_1_1446313867356_2057\"><\/td>\n<td width=\"10\"><\/td>\n<\/tr>\n<tr id=\"yui_3_16_0_1_1446313867356_2062\">\n<td id=\"yui_3_16_0_1_1446313867356_2063\" width=\"10\"><\/td>\n<td id=\"yui_3_16_0_1_1446313867356_2061\" bgcolor=\"#FFFDF9\"><img data-recalc-dims=\"1\" decoding=\"async\" id=\"yui_3_16_0_1_1446313867356_2060\" src=\"https:\/\/i0.wp.com\/www.ipsn.eu\/impressions\/Logo_IPSN_FFFAF0_500_64.jpg?w=640\" alt=\"Institut pour la Protection de la Sante Naturelle\"  \/><\/td>\n<td width=\"10\"><\/td>\n<\/tr>\n<tr>\n<td width=\"10\"><\/td>\n<td bgcolor=\"#FFFDF9\"><span style=\"color: #373737; font-family: Verdana, Arial, Helvetica, sans-serif;\"><span style=\"color: #373737; font-family: Verdana, Arial, Helvetica, sans-serif;\"><br \/>\n<\/span><\/span><\/p>\n<h2>Inqui\u00e9tant black-out m\u00e9diatique sur notre p\u00e9tition cholest\u00e9rol<\/h2>\n<p><span style=\"color: #373737; font-family: Verdana, Arial, Helvetica, sans-serif;\">Chers amis,<\/span><\/p>\n<p>Rien. Z\u00e9ro. Nada.<\/p>\n<p>Nous sommes 247 000 mais\u00a0<em>c\u2019est comme si vous et moi n\u2019existions pas<\/em>.<\/p>\n<p>Aucune t\u00e9l\u00e9vision, radio, journal n\u2019a pour l\u2019instant \u00e9voqu\u00e9 notre p\u00e9tition sur les m\u00e9dicaments anti-cholest\u00e9rol.<\/p>\n<p>Il s\u2019agit pourtant d\u2019un enjeu prioritaire de sant\u00e9 publique. Six millions de personnes rien qu\u2019en France prennent ces m\u00e9dicaments. Leur sant\u00e9 est en jeu. Les cons\u00e9quences pourraient\u00a0\u00eatre graves. Certains craignent qu&rsquo;elles ne soient pires que celles du M\u00e9diator.<\/p>\n<p>Mais le jour o\u00f9 le scandale \u00e9clatera, il sera trop tard pour les patients !! Ils auront souffert inutilement d&rsquo;effets secondaires importants !<\/p>\n<p>Y a-t-il eu un mot d\u2019ordre ? Des consignes officieuses ?<\/p>\n<p>Aucune piste n\u2019est exclue.<\/p>\n<p>Mais ce qui est s\u00fbr, c\u2019est que nous nous apercevons une fois de plus que nous ne pouvons\u00a0<u>compter que sur nous-m\u00eame<\/u>\u00a0pour les sujets les plus importants de notre vie.<\/p>\n<p>Les m\u00e9dias, les politiques, ne suivront que si, d\u2019abord,\u00a0<u>la base se mobilise massivement<\/u>.\u00a0Nous devons \u00eatre si nombreux et si g\u00eanants qu\u2019il soit impossible de nous ignorer.<\/p>\n<p>C\u2019est le ph\u00e9nom\u00e8ne que nous avions connu pour notre p\u00e9tition sur le vaccin DT-Polio avec le Pr Joyeux. Jusqu\u2019\u00e0 300 000 signatures, ils ont r\u00e9ussi \u00e0 nous \u00e9touffer. Rien ne filtrait dans les m\u00e9dias.<\/p>\n<p>Ce n\u2019est qu\u2019ensuite que\u00a0<u>la digue a craqu\u00e9<\/u>.\u00a0Le barrage s\u2019est rompu, la ministre de la Sant\u00e9 a \u00e9t\u00e9 oblig\u00e9e de sortir du bois et nous avons alors eu des centaines de citations et parutions dans les m\u00e9dias. Pendant plusieurs semaines, il n\u2019a plus \u00e9t\u00e9 question partout que du scandale du vaccin DT-Polio. Toutes les t\u00e9l\u00e9visions en ont parl\u00e9. Notre initiative a permis de\u00a0<u>faire passer le message dans tout le monde francophone<\/u>\u00a0!!<\/p>\n<p>Pour renouveler cet exploit, votre implication maintenant est indispensable. Je suis de mon c\u00f4t\u00e9 sur tous les fronts pour r\u00e9unir de nouvelles signatures.<\/p>\n<p>Mais il n\u2019y a\u00a0<u>que si vous mobilisez votre entourage<\/u>\u00a0que nous pourrons monter \u00e0 300 000 et, ensuite, \u00e0 500 000 et peut-\u00eatre 800 000.<\/p>\n<p>Voici le lien vers la p\u00e9tition \u00e0 signer :<\/p>\n<p><strong><u><a href=\"http:\/\/clic2.institutprotectionsantenaturelle.eu\/t\/EQ\/aMQ\/bWs\/AAixAQ\/AAqDVg\/MzMwMjN8aHR0cDovL3BldGl0aW9uLmlwc24uZXUvcGV0aXRpb24tZGFuZ2VyLXN0YXRpbmVzLWNob2xlc3Rlcm9sL21lc3NhZ2UucGhwP3V0bV9zb3VyY2U9UFNOJmFtcDt1dG1fbWVkaXVtPXZpZGVvJmFtcDt1dG1fY2FtcGFpZ249c3RhdGluZXNfMzBfMTBfMjAxNQ.\/AQ\/ej6Y\" target=\"_blank\" rel=\"nofollow\">http:\/\/petition.ipsn.eu\/petition-danger-statines-cholesterol\/message.php<\/a><\/u><\/strong><\/p>\n<p>Chacun de nous doit l\u2019envoyer \u00e0\u00a0<u>cinq personnes au minimum<\/u>. C\u2019est tr\u00e8s important.<\/p>\n<p>Si nous ne r\u00e9ussissons pas \u00e0 passer\u00a0le cap des 300 000, l\u2019incertitude va continuer \u00e0 peser douloureusement sur les patients (et sur les m\u00e9decins qui de bonne foi prescrivent des statines !).<\/p>\n<p>M\u00eame si vous n\u2019\u00eates pas concern\u00e9 aujourd\u2019hui, vous pourriez l\u2019\u00eatre demain, ou apr\u00e8s-demain. Et ce jour-l\u00e0, je vous garantis qu\u2019il est terrible de recevoir des avis contradictoires. D\u2019un c\u00f4t\u00e9, vous avez votre cardiologue qui vous dit que vous risquez la crise cardiaque si vous ne prenez pas votre m\u00e9dicament. De l\u2019autre, des \u00e9tudes scientifiques, des livres, des m\u00e9decins lanceurs d\u2019alerte, qui vous disent de ne surtout pas prendre vos m\u00e9dicaments.<\/p>\n<p>Il faut mettre fin \u00e0 cette situation absurde et impossible pour les patients.<\/p>\n<p>Mais le seul moyen est de faire bouger les autorit\u00e9s, ce qui n\u2019est possible que si nous parvenons \u00e0 augmenter la pression avec plus de signatures.<\/p>\n<p>Un grand merci d\u2019avance,<\/p>\n<p>Augustin de Livois<\/td>\n<td width=\"10\"><\/td>\n<\/tr>\n<tr id=\"yui_3_16_0_1_1446313867356_2074\">\n<td width=\"10\"><\/td>\n<td id=\"yui_3_16_0_1_1446313867356_2073\" bgcolor=\"#aecb57\">\n<h4><span style=\"color: #373737; font-family: Verdana, Arial, Helvetica, sans-serif; font-size: small;\"><br \/>\nSoutenez l&rsquo;IPSN<\/span><\/h4>\n<p><span style=\"color: #373737; font-family: Verdana, Arial, Helvetica, sans-serif; font-size: small;\"><span style=\"color: #373737; font-family: Verdana, Arial, Helvetica, sans-serif; font-size: small;\"><span style=\"color: #373737; font-family: Verdana, Arial, Helvetica, sans-serif; font-size: small;\">Vous souhaitez soutenir les actions de l&rsquo;IPSN et faire un don : <a href=\"http:\/\/clic2.institutprotectionsantenaturelle.eu\/t\/EQ\/aMQ\/bWs\/AAixAQ\/AAqDVg\/NDQxNHxodHRwczovL3d3dy5wYXlwYWwuY29tL2NnaS1iaW4vd2Vic2NyP2NtZD1fcy14Y2xpY2smYW1wO2hvc3RlZF9idXR0b25faWQ9M1pXRFdTMkFGVjRWMg.\/AQ\/spq0\" target=\"_blank\" rel=\"nofollow\"><strong>visitez la page ici<\/strong><\/a>.<\/span><\/span><\/span><\/p>\n<p>&nbsp;<\/p>\n<hr align=\"center\" size=\"2\" \/>\n<p><span style=\"color: #373737; font-family: Verdana, Arial, Helvetica, sans-serif; font-size: small;\"><span style=\"color: #373737; font-family: Verdana, Arial, Helvetica, sans-serif; font-size: small;\"><span style=\"color: #373737; font-family: Verdana, Arial, Helvetica, sans-serif; font-size: small;\"><br \/>\n<span style=\"color: #373737; font-family: Verdana, Arial, Helvetica, sans-serif; font-size: small;\">Cette newsletter est publi\u00e9e par l&rsquo;<em>Institut pour la Protection de la Sant\u00e9 Naturelle<\/em>. Si vous souhaitez la recevoir, il vous suffit de <a href=\"http:\/\/clic2.institutprotectionsantenaturelle.eu\/t\/EQ\/aMQ\/bWs\/AAixAQ\/AAqDVg\/MzMwMTZ8aHR0cDovL3d3dy5pcHNuLmV1L3J1YnJpcXVlL25ld3NsZXR0ZXI-dXRtX3NvdXJjZT1JUFNOJmFtcDt1dG1fbWVkaXVtPU5ld3NsZXR0ZXItZ3JhdHVpdGUmYW1wO3V0bV9jYW1wYWlnbj0yMDE1MTAtMzA.\/AQ\/1TWC\" target=\"_blank\" rel=\"nofollow\"><strong>vous rendre \u00e0 la page qui se trouve ici<\/strong><\/a>. <\/span><\/span><\/span><\/span><\/p>\n<p><span style=\"color: #373737; font-family: Verdana, Arial, Helvetica, sans-serif; font-size: small;\">Votre adresse ne sera jamais transmise \u00e0 aucun tiers et vous pourrez vous d\u00e9sinscrire gr\u00e2ce \u00e0 un lien se trouvant sur toutes nos newsletters, en fin de message.<\/span><\/p>\n<p>&nbsp;<\/p>\n<hr align=\"center\" size=\"2\" \/>\n<p><span id=\"yui_3_16_0_1_1446313867356_2077\" style=\"color: #373737; font-family: Verdana, Arial, Helvetica, sans-serif; font-size: small;\"><span id=\"yui_3_16_0_1_1446313867356_2076\" style=\"color: #373737; font-family: Verdana, Arial, Helvetica, sans-serif; font-size: small;\"><br \/>\nInstitut pour la Protection de la Sant\u00e9 Naturelle<br \/>\nAssociation sans but lucratif<br \/>\nRue du vieux March\u00e9 au grain, 48<br \/>\n1000 BRUXELLES<br \/>\n<a href=\"http:\/\/clic2.institutprotectionsantenaturelle.eu\/t\/EQ\/aMQ\/bWs\/AAixAQ\/AAqDVg\/EUA\/AQ\/4zUL\" target=\"_blank\" rel=\"nofollow\"><strong>IPSN<\/strong><\/a><br \/>\n<\/span><\/span><\/td>\n<\/tr>\n<\/tbody>\n<\/table>\n","protected":false},"excerpt":{"rendered":"<p>Inqui\u00e9tant black-out m\u00e9diatique sur notre p\u00e9tition cholest\u00e9rol Chers amis, Rien. Z\u00e9ro. Nada. Nous sommes 247 000 mais\u00a0c\u2019est comme si vous et moi n\u2019existions pas. Aucune t\u00e9l\u00e9vision, radio, journal n\u2019a pour l\u2019instant \u00e9voqu\u00e9 notre p\u00e9tition sur les m\u00e9dicaments anti-cholest\u00e9rol. Il s\u2019agit &hellip; <a href=\"http:\/\/www.fabriceeulry-laboutique.com\/blog\/?p=7793\">Continuer la lecture <span class=\"meta-nav\">&rarr;<\/span><\/a><\/p>\n","protected":false},"author":2,"featured_media":0,"comment_status":"open","ping_status":"open","sticky":false,"template":"","format":"standard","meta":{"jetpack_post_was_ever_published":false,"_jetpack_newsletter_access":"","_jetpack_dont_email_post_to_subs":true,"_jetpack_newsletter_tier_id":0,"_jetpack_memberships_contains_paywalled_content":false,"_jetpack_memberships_contains_paid_content":false,"footnotes":"","jetpack_publicize_message":"","jetpack_publicize_feature_enabled":true,"jetpack_social_post_already_shared":true,"jetpack_social_options":{"image_generator_settings":{"template":"highway","default_image_id":0,"font":"","enabled":false},"version":2}},"categories":[1],"tags":[44],"class_list":["post-7793","post","type-post","status-publish","format-standard","hentry","category-non-classe","tag-sante"],"jetpack_publicize_connections":[],"jetpack_featured_media_url":"","jetpack_sharing_enabled":true,"jetpack_shortlink":"https:\/\/wp.me\/p2D6dI-21H","jetpack_likes_enabled":true,"jetpack-related-posts":[{"id":9166,"url":"http:\/\/www.fabriceeulry-laboutique.com\/blog\/?p=9166","url_meta":{"origin":7793,"position":0},"title":"UN SUCCES POUR RESONNANCE \u00c0 PARIS !","author":"Le Canard du pianiste","date":"1 f\u00e9vrier 2017","format":false,"excerpt":"Dimanche 22 janvier, les forces group\u00e9es de la Fondation R\u00e9sonnance de l'association Autour du piano, ont permis \u00e0 Fabrice Eulry de remplir la salle Cortot d'un public qui en amont en partageant sa ferveur sur l'internet,\u00a0a largement compens\u00e9 le d\u00e9sert m\u00e9diatique habituel pour toute la musique que Le Canard du\u2026","rel":"","context":"Dans &quot;Non class\u00e9&quot;","block_context":{"text":"Non class\u00e9","link":"http:\/\/www.fabriceeulry-laboutique.com\/blog\/?cat=1"},"img":{"alt_text":"","src":"https:\/\/i0.wp.com\/www.fabriceeulry-laboutique.com\/blog\/wp-content\/uploads\/2017\/02\/autour-du-piano.jpg?resize=350%2C200","width":350,"height":200},"classes":[]},{"id":7054,"url":"http:\/\/www.fabriceeulry-laboutique.com\/blog\/?p=7054","url_meta":{"origin":7793,"position":1},"title":"VACCINEZ-VOUS CONTRE L&rsquo;ALUMINIUM !","author":"Le Canard du pianiste","date":"6 juin 2015","format":false,"excerpt":"L'IPSN \u00e9crit au Canard du pianiste... Et \u00e0 des millions de gens qui souhaitent s'informer pour leur sant\u00e9, sans \u00eatre pour autant de vilains complotistes (\"Han c'est m\u00e2\u00e2l !\"): \u00a0 \u00a0 \u00a0 \u00a0 \u00a0 \u00a0 \u00ab Madame la Ministre, pourquoi tant de violence\u00a0?\u00a0\u00bb\u00a0Chers amis, Jusqu'ici, nous avions d\u00e9cid\u00e9 de ne\u2026","rel":"","context":"Dans &quot;Non class\u00e9&quot;","block_context":{"text":"Non class\u00e9","link":"http:\/\/www.fabriceeulry-laboutique.com\/blog\/?cat=1"},"img":{"alt_text":"","src":"https:\/\/i0.wp.com\/petition.ipsn.eu\/img\/signer.png?resize=350%2C200","width":350,"height":200},"classes":[]},{"id":7661,"url":"http:\/\/www.fabriceeulry-laboutique.com\/blog\/?p=7661","url_meta":{"origin":7793,"position":2},"title":"UN COIN DE FRANCE OUBLIE (SUITE)","author":"Le Canard du pianiste","date":"6 octobre 2015","format":false,"excerpt":"Suite \u00e0 notre article sur Saint-Honor\u00e9\u00a0les bains\u00a0et l'h\u00f4tel du parc, nous avons re\u00e7u un t\u00e9moignage tr\u00e8s touchant qui propose d'agir : \"Bonjour et merci de relayer la pauvre situation de l\u2019H\u00f4tel du Parc de Saint-Honor\u00e9-les-Bains. Vous pouvez nous aider \u00e0 la sauver en signant la p\u00e9tition que nous avons lanc\u00e9e\u2026","rel":"","context":"Dans &quot;Non class\u00e9&quot;","block_context":{"text":"Non class\u00e9","link":"http:\/\/www.fabriceeulry-laboutique.com\/blog\/?cat=1"},"img":{"alt_text":"rand 8","src":"https:\/\/i0.wp.com\/www.fabriceeulry-laboutique.com\/blog\/wp-content\/uploads\/2015\/09\/rand-8-.jpg?resize=350%2C200","width":350,"height":200,"srcset":"https:\/\/i0.wp.com\/www.fabriceeulry-laboutique.com\/blog\/wp-content\/uploads\/2015\/09\/rand-8-.jpg?resize=350%2C200 1x, https:\/\/i0.wp.com\/www.fabriceeulry-laboutique.com\/blog\/wp-content\/uploads\/2015\/09\/rand-8-.jpg?resize=525%2C300 1.5x, https:\/\/i0.wp.com\/www.fabriceeulry-laboutique.com\/blog\/wp-content\/uploads\/2015\/09\/rand-8-.jpg?resize=700%2C400 2x"},"classes":[]},{"id":8034,"url":"http:\/\/www.fabriceeulry-laboutique.com\/blog\/?p=8034","url_meta":{"origin":7793,"position":3},"title":"DEFENDRE LE MUSEE DES TISSUS A LYON","author":"Le Canard du pianiste","date":"20 janvier 2016","format":false,"excerpt":"\u00a0 Emp\u00eacher sa fermeture est en bonne voie ! Renforcez la mobilisation en cliquant sur l'image et en signant la p\u00e9tition :La visite interactive du mus\u00e9e en cliquant sur l'image : Enseignez l'histoire de France avec des chansons, de l'humour et l'esprit l\u00e9ger et positif ! \u00a0Un livre illustr\u00e9 cousu-coll\u00e9\u2026","rel":"","context":"Dans &quot;Non class\u00e9&quot;","block_context":{"text":"Non class\u00e9","link":"http:\/\/www.fabriceeulry-laboutique.com\/blog\/?cat=1"},"img":{"alt_text":"","src":"https:\/\/i0.wp.com\/www.fabriceeulry-laboutique.com\/blog\/wp-content\/uploads\/2016\/01\/tissus-11.jpg?resize=350%2C200","width":350,"height":200},"classes":[]},{"id":5500,"url":"http:\/\/www.fabriceeulry-laboutique.com\/blog\/?p=5500","url_meta":{"origin":7793,"position":4},"title":"LES MELODIES PUBLICITAIRES ET LEUR IMPACT","author":"Le Canard du pianiste","date":"21 ao\u00fbt 2014","format":false,"excerpt":"Les m\u00e9lodies publicitaires & leur impact sur notre cerveau Les m\u00e9lodies publicitaires & leur impact sur notre cerveau Les\u00a0m\u00e9lodies publicitaires & leur impact sur notre cerveau Les\u00a0m\u00e9lodies publicitaires & leur impact sur notre cerveau Les\u00a0m\u00e9lodies publicitaires & leur impact sur notre cerveau Les\u00a0m\u00e9lodies publicitaires & leur impact sur notre cerveau\u2026","rel":"","context":"Dans &quot;Non class\u00e9&quot;","block_context":{"text":"Non class\u00e9","link":"http:\/\/www.fabriceeulry-laboutique.com\/blog\/?cat=1"},"img":{"alt_text":"","src":"https:\/\/i0.wp.com\/www.fabriceeulry-laboutique.com\/blog\/wp-content\/uploads\/2014\/08\/Pub-1.jpg?resize=350%2C200","width":350,"height":200,"srcset":"https:\/\/i0.wp.com\/www.fabriceeulry-laboutique.com\/blog\/wp-content\/uploads\/2014\/08\/Pub-1.jpg?resize=350%2C200 1x, https:\/\/i0.wp.com\/www.fabriceeulry-laboutique.com\/blog\/wp-content\/uploads\/2014\/08\/Pub-1.jpg?resize=525%2C300 1.5x, https:\/\/i0.wp.com\/www.fabriceeulry-laboutique.com\/blog\/wp-content\/uploads\/2014\/08\/Pub-1.jpg?resize=700%2C400 2x"},"classes":[]},{"id":7402,"url":"http:\/\/www.fabriceeulry-laboutique.com\/blog\/?p=7402","url_meta":{"origin":7793,"position":5},"title":"L&rsquo;APPEL DU 18 AOUT","author":"Le Canard du pianiste","date":"19 ao\u00fbt 2015","format":false,"excerpt":"\u00a0 L'Appel du 18 ao\u00fbt \u00a0 \"Les professionnels qui, depuis de nombreuses ann\u00e9es, sont \u00e0 la t\u00eate de l'industrie musicale fran\u00e7aise , ont form\u00e9 un conglom\u00e9rat. \u00a0 Ce conglom\u00e9rat, all\u00e9guant la d\u00e9faite du bon go\u00fbt,, s'est mis en rapport avec la robotisation de la musique pour cesser la cr\u00e9ation.\u00a0 \u00a0\u2026","rel":"","context":"Dans &quot;Non class\u00e9&quot;","block_context":{"text":"Non class\u00e9","link":"http:\/\/www.fabriceeulry-laboutique.com\/blog\/?cat=1"},"img":{"alt_text":"","src":"https:\/\/i0.wp.com\/www.fabriceeulry-laboutique.com\/blog\/wp-content\/uploads\/2015\/08\/OLYMPIA-2015-ELIZABETH-.jpg?resize=350%2C200","width":350,"height":200},"classes":[]}],"_links":{"self":[{"href":"http:\/\/www.fabriceeulry-laboutique.com\/blog\/index.php?rest_route=\/wp\/v2\/posts\/7793","targetHints":{"allow":["GET"]}}],"collection":[{"href":"http:\/\/www.fabriceeulry-laboutique.com\/blog\/index.php?rest_route=\/wp\/v2\/posts"}],"about":[{"href":"http:\/\/www.fabriceeulry-laboutique.com\/blog\/index.php?rest_route=\/wp\/v2\/types\/post"}],"author":[{"embeddable":true,"href":"http:\/\/www.fabriceeulry-laboutique.com\/blog\/index.php?rest_route=\/wp\/v2\/users\/2"}],"replies":[{"embeddable":true,"href":"http:\/\/www.fabriceeulry-laboutique.com\/blog\/index.php?rest_route=%2Fwp%2Fv2%2Fcomments&post=7793"}],"version-history":[{"count":2,"href":"http:\/\/www.fabriceeulry-laboutique.com\/blog\/index.php?rest_route=\/wp\/v2\/posts\/7793\/revisions"}],"predecessor-version":[{"id":7795,"href":"http:\/\/www.fabriceeulry-laboutique.com\/blog\/index.php?rest_route=\/wp\/v2\/posts\/7793\/revisions\/7795"}],"wp:attachment":[{"href":"http:\/\/www.fabriceeulry-laboutique.com\/blog\/index.php?rest_route=%2Fwp%2Fv2%2Fmedia&parent=7793"}],"wp:term":[{"taxonomy":"category","embeddable":true,"href":"http:\/\/www.fabriceeulry-laboutique.com\/blog\/index.php?rest_route=%2Fwp%2Fv2%2Fcategories&post=7793"},{"taxonomy":"post_tag","embeddable":true,"href":"http:\/\/www.fabriceeulry-laboutique.com\/blog\/index.php?rest_route=%2Fwp%2Fv2%2Ftags&post=7793"}],"curies":[{"name":"wp","href":"https:\/\/api.w.org\/{rel}","templated":true}]}}