{"id":8003,"date":"2016-01-10T03:04:53","date_gmt":"2016-01-10T03:04:53","guid":{"rendered":"http:\/\/www.fabriceeulry-laboutique.com\/blog\/?p=8003"},"modified":"2018-12-12T02:40:48","modified_gmt":"2018-12-12T02:40:48","slug":"un-concert-pour-loeuvre-dorient","status":"publish","type":"post","link":"http:\/\/www.fabriceeulry-laboutique.com\/blog\/?p=8003","title":{"rendered":"UN CONCERT POUR L&rsquo;OEUVRE D&rsquo;ORIENT"},"content":{"rendered":"<p style=\"text-align: center;\"><span style=\"color: #000000;\"><strong>&#8230; A \u00e9t\u00e9 donn\u00e9 \u00e0 Fr\u00e9jus par nos amis Libanais en octobre 2015.\u00a0<\/strong><\/span><\/p>\n<p style=\"text-align: center;\"><span style=\"color: #000000;\"><strong><em>cliquez sur l&rsquo;affiche <\/em><\/strong><\/span><\/p>\n<p style=\"text-align: center;\"><span style=\"color: #000000;\"><strong><em>pour consulter l&rsquo;article du site de L&rsquo;Oeuvre de d&rsquo;Orient que nous avons s\u00e9lectionn\u00e9, et qui vous donne un exemple de l&rsquo;usage des fonds que de telles initiatives permettent.<\/em><\/strong><\/span><\/p>\n<p><a href=\"http:\/\/www.oeuvre-orient.fr\/2015\/12\/30\/a-kfifane-au-nord-liban-200-enfants-syriens-croient-de-nouveau-a-lavenir-de-luc-balbont\/\"><img data-recalc-dims=\"1\" loading=\"lazy\" decoding=\"async\" class=\"aligncenter size-full wp-image-8004\" src=\"https:\/\/i0.wp.com\/www.fabriceeulry-laboutique.com\/blog\/wp-content\/uploads\/2016\/01\/orient-.jpg?resize=640%2C450\" alt=\"orient\" width=\"640\" height=\"450\" srcset=\"https:\/\/i0.wp.com\/www.fabriceeulry-laboutique.com\/blog\/wp-content\/uploads\/2016\/01\/orient-.jpg?w=721 721w, https:\/\/i0.wp.com\/www.fabriceeulry-laboutique.com\/blog\/wp-content\/uploads\/2016\/01\/orient-.jpg?resize=300%2C211 300w\" sizes=\"auto, (max-width: 640px) 100vw, 640px\" \/><\/a><\/p>\n<p style=\"text-align: center;\">\n","protected":false},"excerpt":{"rendered":"<p>&#8230; A \u00e9t\u00e9 donn\u00e9 \u00e0 Fr\u00e9jus par nos amis Libanais en octobre 2015.\u00a0 cliquez sur l&rsquo;affiche pour consulter l&rsquo;article du site de L&rsquo;Oeuvre de d&rsquo;Orient que nous avons s\u00e9lectionn\u00e9, et qui vous donne un exemple de l&rsquo;usage des fonds que &hellip; <a href=\"http:\/\/www.fabriceeulry-laboutique.com\/blog\/?p=8003\">Continuer la lecture <span class=\"meta-nav\">&rarr;<\/span><\/a><\/p>\n","protected":false},"author":2,"featured_media":0,"comment_status":"open","ping_status":"open","sticky":false,"template":"","format":"standard","meta":{"jetpack_post_was_ever_published":false,"_jetpack_newsletter_access":"","_jetpack_dont_email_post_to_subs":true,"_jetpack_newsletter_tier_id":0,"_jetpack_memberships_contains_paywalled_content":false,"_jetpack_memberships_contains_paid_content":false,"footnotes":"","jetpack_publicize_message":"","jetpack_publicize_feature_enabled":true,"jetpack_social_post_already_shared":true,"jetpack_social_options":{"image_generator_settings":{"template":"highway","default_image_id":0,"font":"","enabled":false},"version":2}},"categories":[1],"tags":[12],"class_list":["post-8003","post","type-post","status-publish","format-standard","hentry","category-non-classe","tag-fondation-resonnance"],"jetpack_publicize_connections":[],"jetpack_featured_media_url":"","jetpack_sharing_enabled":true,"jetpack_shortlink":"https:\/\/wp.me\/p2D6dI-255","jetpack_likes_enabled":true,"jetpack-related-posts":[{"id":7107,"url":"http:\/\/www.fabriceeulry-laboutique.com\/blog\/?p=7107","url_meta":{"origin":8003,"position":0},"title":"LA CLE DE LA PAIX","author":"Le Canard du pianiste","date":"15 juin 2015","format":false,"excerpt":"Un homme cultiv\u00e9 nous explique enfin pourquoi les Chr\u00e9tiens d'Orient sont menac\u00e9s de disparition : Ils sont le lien entre Orient et Occident. Et dans le contexte de conflit frontal consenti entre les deux mondes qui se dessine, leur inutilit\u00e9 les livrerait tragiquement \u00e0 l'abandon, en en faisant des \"Hommes\u2026","rel":"","context":"Dans &quot;Non class\u00e9&quot;","block_context":{"text":"Non class\u00e9","link":"http:\/\/www.fabriceeulry-laboutique.com\/blog\/?cat=1"},"img":{"alt_text":"","src":"https:\/\/i0.wp.com\/www.fabriceeulry-laboutique.com\/blog\/wp-content\/uploads\/2015\/06\/colisi-.jpg?resize=350%2C200","width":350,"height":200,"srcset":"https:\/\/i0.wp.com\/www.fabriceeulry-laboutique.com\/blog\/wp-content\/uploads\/2015\/06\/colisi-.jpg?resize=350%2C200 1x, https:\/\/i0.wp.com\/www.fabriceeulry-laboutique.com\/blog\/wp-content\/uploads\/2015\/06\/colisi-.jpg?resize=525%2C300 1.5x, https:\/\/i0.wp.com\/www.fabriceeulry-laboutique.com\/blog\/wp-content\/uploads\/2015\/06\/colisi-.jpg?resize=700%2C400 2x"},"classes":[]},{"id":2782,"url":"http:\/\/www.fabriceeulry-laboutique.com\/blog\/?p=2782","url_meta":{"origin":8003,"position":1},"title":"LE MASSACRE DU PRINTEMPS","author":"Le Canard du pianiste","date":"31 mai 2013","format":false,"excerpt":"Le sacre du printemps est centenaire. L'oeuvre de Stravinsky a vu le jour en 1913 dans le flambant neuf Th\u00e9\u00e2tre des champs \u00e9lys\u00e9es. Cliquez sur l'image pour \u00e9couter l'oeuvre Que reste-t-il en France, de cette oeuvre qui c\u00e9l\u00e9brait la vie ? Un si\u00e8cle plus tard, pour son anniversaire, devant le\u2026","rel":"","context":"Dans &quot;Non class\u00e9&quot;","block_context":{"text":"Non class\u00e9","link":"http:\/\/www.fabriceeulry-laboutique.com\/blog\/?cat=1"},"img":{"alt_text":"","src":"https:\/\/i0.wp.com\/www.fabriceeulry-laboutique.com\/blog\/wp-content\/uploads\/2013\/05\/Capture-d%E2%80%99%C3%A9cran-2013-05-31-%C3%A0-03.42.273.png?resize=350%2C200","width":350,"height":200,"srcset":"https:\/\/i0.wp.com\/www.fabriceeulry-laboutique.com\/blog\/wp-content\/uploads\/2013\/05\/Capture-d%E2%80%99%C3%A9cran-2013-05-31-%C3%A0-03.42.273.png?resize=350%2C200 1x, https:\/\/i0.wp.com\/www.fabriceeulry-laboutique.com\/blog\/wp-content\/uploads\/2013\/05\/Capture-d%E2%80%99%C3%A9cran-2013-05-31-%C3%A0-03.42.273.png?resize=525%2C300 1.5x, https:\/\/i0.wp.com\/www.fabriceeulry-laboutique.com\/blog\/wp-content\/uploads\/2013\/05\/Capture-d%E2%80%99%C3%A9cran-2013-05-31-%C3%A0-03.42.273.png?resize=700%2C400 2x, https:\/\/i0.wp.com\/www.fabriceeulry-laboutique.com\/blog\/wp-content\/uploads\/2013\/05\/Capture-d%E2%80%99%C3%A9cran-2013-05-31-%C3%A0-03.42.273.png?resize=1050%2C600 3x"},"classes":[]},{"id":6321,"url":"http:\/\/www.fabriceeulry-laboutique.com\/blog\/?p=6321","url_meta":{"origin":8003,"position":2},"title":"ECOUTEZ LA MARCHE TURQUE DE MOZART MA NOUVELLE COMPOSITION (SUITE)","author":"Le Canard du pianiste","date":"3 f\u00e9vrier 2015","format":false,"excerpt":"* Conf\u00e9rence \"L'arbre dans la peinture\". * Un plagiaire \u00e0 Beaubourg ? \u2022\u00a0Conf\u00e9rence le 5 f\u00e9vrier sur \"L'arbre dans la peinture, du jardin d'Eden \u00e0 Barbizon\"\u00a0plus d'info, cliquez Un plagiaire \u00e0 Beaubourg\u00a0? Avec une moyenne de 6 638 visiteurs par jour, alors que la direction du\u00a0centre Pompidou\u00a0tablait sur 4 500\u2026","rel":"","context":"Dans &quot;Non class\u00e9&quot;","block_context":{"text":"Non class\u00e9","link":"http:\/\/www.fabriceeulry-laboutique.com\/blog\/?cat=1"},"img":{"alt_text":"","src":"https:\/\/i0.wp.com\/www.sourgins.fr\/wp-content\/uploads\/2014\/08\/Friedrich-Larbre-aux-corbeaux-1822-.jpg?resize=350%2C200","width":350,"height":200},"classes":[]},{"id":6634,"url":"http:\/\/www.fabriceeulry-laboutique.com\/blog\/?p=6634","url_meta":{"origin":8003,"position":3},"title":"LE VIVRE ENSEMBLE A L&rsquo;EPREUVE DE L&rsquo;ART C&#8230;","author":"Le Canard du pianiste","date":"31 mars 2015","format":false,"excerpt":"\u00a0 \u00a0 \u00a0Une fois de plus Christine Sourgins nous d\u00e9montre que nous \u00a0ne sommes pas oblig\u00e9s de partager un point de vue pour l'examiner et que nous ne sommes pas oblig\u00e9s de partager le sien pour le trouver int\u00e9ressant et subtil. Le \u00ab\u00a0vivre ensemble\u00a0\u00bb \u00e0 l\u2019\u00e9preuve de l\u2019Art contemporain Exibit-B\u00a0(B\u2026","rel":"","context":"Dans &quot;Non class\u00e9&quot;","block_context":{"text":"Non class\u00e9","link":"http:\/\/www.fabriceeulry-laboutique.com\/blog\/?cat=1"},"img":{"alt_text":"","src":"https:\/\/i0.wp.com\/www.fabriceeulry-laboutique.com\/blog\/wp-content\/uploads\/2014\/10\/sourgins--207x300.jpg?resize=350%2C200","width":350,"height":200},"classes":[]},{"id":6060,"url":"http:\/\/www.fabriceeulry-laboutique.com\/blog\/?p=6060","url_meta":{"origin":8003,"position":4},"title":"ECOUTEZ  LA MARCHE TURQUE DE MOZART MA NOUVELLE COMPOSITION","author":"Le Canard du pianiste","date":"15 d\u00e9cembre 2014","format":false,"excerpt":"Christine Sourgins historienne de l'Art et auteur de : \u00a0nous sensibilise sur la nouvelle tendance \u00e0 cautionner le plagiat (ou non, selon que vous serez...) mardi 9 d\u00e9cembre 2014 : Un plagiat \u00e0 la FIAC ? Lors de la derni\u00e8re\u00a0FIAC, sur le stand de la\u00a0galerie Eva Presenhuber\u00a0de Zurich,\u00a0Jean-Fran\u00e7ois Roudillon, directeur\u2026","rel":"","context":"Dans &quot;Non class\u00e9&quot;","block_context":{"text":"Non class\u00e9","link":"http:\/\/www.fabriceeulry-laboutique.com\/blog\/?cat=1"},"img":{"alt_text":"","src":"https:\/\/i0.wp.com\/www.fabriceeulry-laboutique.com\/blog\/wp-content\/uploads\/2014\/10\/sourgins--207x300.jpg?resize=350%2C200","width":350,"height":200},"classes":[]},{"id":5774,"url":"http:\/\/www.fabriceeulry-laboutique.com\/blog\/?p=5774","url_meta":{"origin":8003,"position":5},"title":"DECRYPTAGE IMPITOYABLE DE CHRISTINE SOURGINS","author":"Le Canard du pianiste","date":"24 octobre 2014","format":false,"excerpt":"\u00a0 mardi 21 octobre 2014 : L'affaire McCarthy L\u2019\u0153uvre de l\u2019artiste am\u00e9ricain Paul McCarthy \u00e9tait intitul\u00e9e \u00abThe Tree\u00bb, plastiquement elle \u00e9tait \u00e0 mi-chemin entre un sapin de No\u00ebl et un sex-toy de 24 m\u00e8tres. Elle a \u00e9t\u00e9 vandalis\u00e9e place Vend\u00f4me (vandalisme qui consiste, semble-t-il, \u00e0 avoir d\u00e9branch\u00e9 la soufflerie). Pr\u00e9c\u00e9demment,\u2026","rel":"","context":"Dans &quot;Non class\u00e9&quot;","block_context":{"text":"Non class\u00e9","link":"http:\/\/www.fabriceeulry-laboutique.com\/blog\/?cat=1"},"img":{"alt_text":"","src":"https:\/\/i0.wp.com\/www.sourgins.fr\/wp-content\/uploads\/2014\/08\/0-comic-maigre.beige_-600x82.jpg?resize=350%2C200","width":350,"height":200,"srcset":"https:\/\/i0.wp.com\/www.sourgins.fr\/wp-content\/uploads\/2014\/08\/0-comic-maigre.beige_-600x82.jpg?resize=350%2C200 1x, https:\/\/i0.wp.com\/www.sourgins.fr\/wp-content\/uploads\/2014\/08\/0-comic-maigre.beige_-600x82.jpg?resize=525%2C300 1.5x"},"classes":[]}],"_links":{"self":[{"href":"http:\/\/www.fabriceeulry-laboutique.com\/blog\/index.php?rest_route=\/wp\/v2\/posts\/8003","targetHints":{"allow":["GET"]}}],"collection":[{"href":"http:\/\/www.fabriceeulry-laboutique.com\/blog\/index.php?rest_route=\/wp\/v2\/posts"}],"about":[{"href":"http:\/\/www.fabriceeulry-laboutique.com\/blog\/index.php?rest_route=\/wp\/v2\/types\/post"}],"author":[{"embeddable":true,"href":"http:\/\/www.fabriceeulry-laboutique.com\/blog\/index.php?rest_route=\/wp\/v2\/users\/2"}],"replies":[{"embeddable":true,"href":"http:\/\/www.fabriceeulry-laboutique.com\/blog\/index.php?rest_route=%2Fwp%2Fv2%2Fcomments&post=8003"}],"version-history":[{"count":4,"href":"http:\/\/www.fabriceeulry-laboutique.com\/blog\/index.php?rest_route=\/wp\/v2\/posts\/8003\/revisions"}],"predecessor-version":[{"id":8008,"href":"http:\/\/www.fabriceeulry-laboutique.com\/blog\/index.php?rest_route=\/wp\/v2\/posts\/8003\/revisions\/8008"}],"wp:attachment":[{"href":"http:\/\/www.fabriceeulry-laboutique.com\/blog\/index.php?rest_route=%2Fwp%2Fv2%2Fmedia&parent=8003"}],"wp:term":[{"taxonomy":"category","embeddable":true,"href":"http:\/\/www.fabriceeulry-laboutique.com\/blog\/index.php?rest_route=%2Fwp%2Fv2%2Fcategories&post=8003"},{"taxonomy":"post_tag","embeddable":true,"href":"http:\/\/www.fabriceeulry-laboutique.com\/blog\/index.php?rest_route=%2Fwp%2Fv2%2Ftags&post=8003"}],"curies":[{"name":"wp","href":"https:\/\/api.w.org\/{rel}","templated":true}]}}