{"id":8059,"date":"2016-01-28T17:20:30","date_gmt":"2016-01-28T17:20:30","guid":{"rendered":"http:\/\/www.fabriceeulry-laboutique.com\/blog\/?p=8059"},"modified":"2018-12-12T02:43:51","modified_gmt":"2018-12-12T02:43:51","slug":"8059","status":"publish","type":"post","link":"http:\/\/www.fabriceeulry-laboutique.com\/blog\/?p=8059","title":{"rendered":"ELIZABETH SOMBART A LA SALLE CORTOT"},"content":{"rendered":"<p style=\"text-align: center;\"><span style=\"color: #000000;\"><strong>Elizabeth Sombart est sp\u00e9cialement venue en France le 13 novembre 2015, pour donner ce concert deux jours plus tard le 15 novembre. Au moment o\u00f9 elle descendait \u00e0 la Gare de l&rsquo;Est, les massacres venaient de commencer \u00e0 quelques centaines de m\u00e8tres de l\u00e0. Comme la plupart des salles parisiennes la salle Cortot d\u00e9cida le report du concert. <\/strong><\/span><span style=\"color: #000000;\"><strong>\u00a0<\/strong><\/span><\/p>\n<table id=\"yui_3_16_0_1_1453989099589_11941\" border=\"0\" width=\"100%\" cellspacing=\"0\" cellpadding=\"0\">\n<tbody id=\"yui_3_16_0_1_1453989099589_11940\">\n<tr id=\"yui_3_16_0_1_1453989099589_11939\">\n<td id=\"yiv2309201790templatePreheader\" align=\"center\" valign=\"top\">\n<table id=\"yui_3_16_0_1_1453989099589_11938\" class=\"yiv2309201790templateContainer\" border=\"0\" width=\"100%\" cellspacing=\"0\" cellpadding=\"0\" align=\"center\">\n<tbody id=\"yui_3_16_0_1_1453989099589_11937\">\n<tr id=\"yui_3_16_0_1_1453989099589_11936\">\n<td id=\"yui_3_16_0_1_1453989099589_11935\" class=\"yiv2309201790preheaderContainer\" valign=\"top\">\n<table id=\"yui_3_16_0_1_1453989099589_11934\" class=\"yiv2309201790mcnImageCardBlock\" border=\"0\" width=\"100%\" cellspacing=\"0\" cellpadding=\"0\">\n<tbody id=\"yui_3_16_0_1_1453989099589_11933\" class=\"yiv2309201790mcnImageCardBlockOuter\">\n<tr id=\"yui_3_16_0_1_1453989099589_11932\">\n<td id=\"yui_3_16_0_1_1453989099589_11931\" class=\"yiv2309201790mcnImageCardBlockInner\" valign=\"top\">\n<table id=\"yui_3_16_0_1_1453989099589_11930\" class=\"yiv2309201790mcnImageCardBottomContent\" border=\"0\" width=\"100%\" cellspacing=\"0\" cellpadding=\"0\" align=\"right\">\n<tbody id=\"yui_3_16_0_1_1453989099589_11929\">\n<tr id=\"yui_3_16_0_1_1453989099589_11928\">\n<td id=\"yui_3_16_0_1_1453989099589_11927\" class=\"yiv2309201790mcnImageCardBottomImageContent\" align=\"left\" valign=\"top\"><span style=\"color: #000000;\"><img data-recalc-dims=\"1\" decoding=\"async\" id=\"yui_3_16_0_1_1453989099589_11926\" class=\"yiv2309201790mcnImage\" src=\"https:\/\/i0.wp.com\/gallery.mailchimp.com\/aff69a949abc4a49055103866\/images\/da3d9aaa-c9da-4bd8-800b-8a1936db8bfb.jpg?w=564&#038;ssl=1\" alt=\"\"  \/><\/span><\/td>\n<\/tr>\n<tr id=\"yui_3_16_0_1_1453989099589_11962\">\n<td id=\"yui_3_16_0_1_1453989099589_11961\" class=\"yiv2309201790mcnTextContent\" valign=\"top\" width=\"546\"><\/td>\n<\/tr>\n<\/tbody>\n<\/table>\n<\/td>\n<\/tr>\n<\/tbody>\n<\/table>\n<\/td>\n<\/tr>\n<\/tbody>\n<\/table>\n<\/td>\n<\/tr>\n<tr id=\"yui_3_16_0_1_1453989099589_11967\">\n<td id=\"yiv2309201790templateHeader\" align=\"center\" valign=\"top\">\n<table id=\"yui_3_16_0_1_1453989099589_11979\" class=\"yiv2309201790templateContainer\" border=\"0\" width=\"100%\" cellspacing=\"0\" cellpadding=\"0\" align=\"center\">\n<tbody id=\"yui_3_16_0_1_1453989099589_11978\">\n<tr id=\"yui_3_16_0_1_1453989099589_11977\">\n<td id=\"yui_3_16_0_1_1453989099589_11976\" class=\"yiv2309201790headerContainer\" valign=\"top\">\n<table id=\"yui_3_16_0_1_1453989099589_11975\" class=\"yiv2309201790mcnImageBlock\" border=\"0\" width=\"100%\" cellspacing=\"0\" cellpadding=\"0\">\n<tbody id=\"yui_3_16_0_1_1453989099589_11974\" class=\"yiv2309201790mcnImageBlockOuter\">\n<tr id=\"yui_3_16_0_1_1453989099589_11973\">\n<td id=\"yui_3_16_0_1_1453989099589_11972\" class=\"yiv2309201790mcnImageBlockInner\" valign=\"top\">\n<table id=\"yui_3_16_0_1_1453989099589_11971\" class=\"yiv2309201790mcnImageContentContainer\" border=\"0\" width=\"100%\" cellspacing=\"0\" cellpadding=\"0\" align=\"left\">\n<tbody id=\"yui_3_16_0_1_1453989099589_11970\">\n<tr id=\"yui_3_16_0_1_1453989099589_11969\">\n<td id=\"yui_3_16_0_1_1453989099589_11968\" class=\"yiv2309201790mcnImageContent\" valign=\"top\"><span style=\"color: #000000;\"><img data-recalc-dims=\"1\" decoding=\"async\" id=\"yui_3_16_0_1_1453989099589_12036\" class=\"yiv2309201790mcnImage\" src=\"https:\/\/i0.wp.com\/gallery.mailchimp.com\/aff69a949abc4a49055103866\/images\/d8c3ccce-a316-47b6-acea-4e09ed47e352.jpg?w=150&#038;ssl=1\" alt=\"\"  align=\"center\" \/><\/span><\/td>\n<\/tr>\n<\/tbody>\n<\/table>\n<\/td>\n<\/tr>\n<\/tbody>\n<\/table>\n<\/td>\n<\/tr>\n<\/tbody>\n<\/table>\n<\/td>\n<\/tr>\n<tr id=\"yui_3_16_0_1_1453989099589_12010\">\n<td id=\"yiv2309201790templateBody\" align=\"center\" valign=\"top\">\n<table id=\"yui_3_16_0_1_1453989099589_12009\" class=\"yiv2309201790templateContainer\" border=\"0\" width=\"100%\" cellspacing=\"0\" cellpadding=\"0\" align=\"center\">\n<tbody id=\"yui_3_16_0_1_1453989099589_12008\">\n<tr id=\"yui_3_16_0_1_1453989099589_12007\">\n<td id=\"yui_3_16_0_1_1453989099589_12006\" class=\"yiv2309201790bodyContainer\" valign=\"top\">\n<table id=\"yui_3_16_0_1_1453989099589_12005\" class=\"yiv2309201790mcnTextBlock\" border=\"0\" width=\"100%\" cellspacing=\"0\" cellpadding=\"0\">\n<tbody id=\"yui_3_16_0_1_1453989099589_12004\" class=\"yiv2309201790mcnTextBlockOuter\">\n<tr id=\"yui_3_16_0_1_1453989099589_12003\">\n<td id=\"yui_3_16_0_1_1453989099589_12002\" class=\"yiv2309201790mcnTextBlockInner\" valign=\"top\">\n<table id=\"yui_3_16_0_1_1453989099589_12001\" class=\"yiv2309201790mcnTextContentContainer\" border=\"0\" width=\"100%\" cellspacing=\"0\" cellpadding=\"0\" align=\"left\">\n<tbody id=\"yui_3_16_0_1_1453989099589_12000\">\n<tr id=\"yui_3_16_0_1_1453989099589_11999\">\n<td id=\"yui_3_16_0_1_1453989099589_11998\" class=\"yiv2309201790mcnTextContent\" valign=\"top\">\n<h1 style=\"text-align: center;\"><span style=\"color: #000000;\"><strong>Elizabeth Sombart en concert \u00e0 Paris\u00a0le 14 f\u00e9vrier 2016<\/strong><\/span><\/h1>\n<p id=\"yui_3_16_0_1_1453989099589_11997\" style=\"text-align: center;\"><span style=\"color: #000000;\"><strong>Chers Amis,<\/strong><\/span><br \/>\n<span style=\"color: #000000;\"><strong>\u00a0<\/strong><\/span><br \/>\n<span style=\"color: #000000;\"><strong>Nous avons le plaisir de vous proposer de retrouver Elizabeth Sombart<\/strong><\/span><br \/>\n<span style=\"color: #000000;\"><strong>lors d\u2019un concert unique \u00e0 Paris \u00e0 la Salle Cortot<\/strong><\/span><br \/>\n<span style=\"color: #000000;\"><strong>le dimanche 14 f\u00e9vrier 2016 \u00e0 17h30.<\/strong><\/span><br \/>\n<span style=\"color: #000000;\"><strong>\u00a0<\/strong><\/span><br \/>\n<span style=\"color: #000000;\"><strong>Elle jouera en m\u00e9moire des victimes des attentats de Paris,\u00a0les deux concertos de Chopin avec le Quatuor R\u00e9sonnance,<\/strong><\/span><br \/>\n<span style=\"color: #000000;\"><strong>version originale que Chopin aimait particuli\u00e8rement.<\/strong><\/span><br \/>\n<span style=\"color: #000000;\"><strong>\u00a0<\/strong><\/span><br \/>\n<span style=\"color: #000000;\"><strong>R\u00e9servations\u00a0: <a id=\"yui_3_16_0_1_1453989099589_12030\" style=\"color: #000000;\" title=\"http:\/\/www.autourdupiano.fr\/products-page\/salle-cortot\/salle-cortotelizabeth-sombart-et-quatuor-de-la-fondation-resonnancedimanche-14-fevrier-2016-a-17h30#more-1583\" href=\"http:\/\/resonnance.us12.list-manage1.com\/track\/click?u=aff69a949abc4a49055103866&amp;id=a067ab1f6d&amp;e=a282583eaa\" target=\"_blank\" rel=\"nofollow\">http:\/\/www.autourdupiano.fr\/<\/a>\u00a0\u00a0 ou\u00a0\u00a0 +33 (0)1 43 71 60 71<\/strong><\/span><br \/>\n<strong><span style=\"color: #000000;\">\u00a0<\/span><\/strong><\/p>\n<\/td>\n<\/tr>\n<\/tbody>\n<\/table>\n<\/td>\n<\/tr>\n<\/tbody>\n<\/table>\n<\/td>\n<\/tr>\n<\/tbody>\n<\/table>\n<\/td>\n<\/tr>\n<\/tbody>\n<\/table>\n<h2 style=\"text-align: center;\"><span style=\"color: #000000;\"><strong>Comme vous l&rsquo;avez appris en suivant son actualit\u00e9, la promesse du formidable concert\u00a0qu&rsquo;aurait pu donner Elizabeth Sombart \u00e0 la salle Cortot n&rsquo;a pas \u00e9t\u00e9 tenue du fait de la direction de la salle qui comme la plupart, le dimanche 15 novembre, a pr\u00e9f\u00e9r\u00e9 annuler.<\/strong><\/span><\/h2>\n<h2 style=\"text-align: center;\"><span style=\"color: #000000;\"><strong>Le concert est report\u00e9 au 14 f\u00e9vrier.<\/strong><\/span><\/h2>\n<h2 style=\"text-align: center;\"><span style=\"color: #000000;\"><strong><a style=\"color: #000000;\" href=\"https:\/\/i0.wp.com\/www.fabriceeulry-laboutique.com\/blog\/wp-content\/uploads\/2015\/10\/sombart-.jpg\"><img data-recalc-dims=\"1\" loading=\"lazy\" decoding=\"async\" class=\"aligncenter size-full wp-image-7778\" src=\"https:\/\/i0.wp.com\/www.fabriceeulry-laboutique.com\/blog\/wp-content\/uploads\/2015\/10\/sombart-.jpg?resize=386%2C546\" alt=\"sombart\" width=\"386\" height=\"546\" srcset=\"https:\/\/i0.wp.com\/www.fabriceeulry-laboutique.com\/blog\/wp-content\/uploads\/2015\/10\/sombart-.jpg?w=386 386w, https:\/\/i0.wp.com\/www.fabriceeulry-laboutique.com\/blog\/wp-content\/uploads\/2015\/10\/sombart-.jpg?resize=212%2C300 212w, https:\/\/i0.wp.com\/www.fabriceeulry-laboutique.com\/blog\/wp-content\/uploads\/2015\/10\/sombart-.jpg?resize=300%2C424 300w\" sizes=\"auto, (max-width: 386px) 100vw, 386px\" \/><\/a><\/strong><\/span><\/h2>\n<h2 style=\"text-align: center;\"><span style=\"color: #000000;\"><strong>Pour ma part, tant que les Fran\u00e7ais parleront aux Fran\u00e7ais, je ne vois aucune raison pour ne pas faire le maximum afin de maintenir tout le calendrier de mes concerts.<\/strong><\/span><\/h2>\n<h2 style=\"text-align: center;\"><span style=\"color: #000000;\">En effet<\/span><\/h2>\n<h2 style=\"text-align: center;\"><span style=\"color: #000000;\"><strong>Je ne pense avoir la vocation d&rsquo;un artiste engag\u00e9 qui enfile les perles des bons sentiments. Ma musique vous mentirait si elle vous donnait les illusions que j&rsquo;ai troqu\u00e9es depuis longtemps pour une pr\u00e9f\u00e9rable et ind\u00e9fectible esp\u00e9rance.<\/strong><\/span><\/h2>\n<h2 style=\"text-align: center;\"><span style=\"color: #000000;\"><strong>Elle va donc \u00eatre utile \u00e0 ceux qui ont compris que c&rsquo;est moins d&rsquo;illusions que d&rsquo;\u00e9nergie dont nous aurons d\u00e9sormais besoin.<\/strong><\/span><\/h2>\n<h2 style=\"text-align: center;\"><span style=\"color: #000000;\"><strong>Concerto en DO# mineur &#8211; Fabrice Eulry<\/strong><\/span><\/h2>\n<div>\n<p style=\"text-align: center;\"><span style=\"color: #000000;\"><a style=\"color: #000000;\" href=\"http:\/\/www.fabriceeulry.com\/discographie.html\"><img data-recalc-dims=\"1\" decoding=\"async\" src=\"https:\/\/i0.wp.com\/www.fabriceeulry.com\/images\/cd\/pochette-concerto.png?w=640\" alt=\"Concerto en DO di\u00e8se mineur\" \/><\/a>\u00a0<em>cliquez sur l&rsquo;image pour le commander<\/em><\/span><\/p>\n<\/div>\n","protected":false},"excerpt":{"rendered":"<p>Elizabeth Sombart est sp\u00e9cialement venue en France le 13 novembre 2015, pour donner ce concert deux jours plus tard le 15 novembre. Au moment o\u00f9 elle descendait \u00e0 la Gare de l&rsquo;Est, les massacres venaient de commencer \u00e0 quelques centaines &hellip; <a href=\"http:\/\/www.fabriceeulry-laboutique.com\/blog\/?p=8059\">Continuer la lecture <span class=\"meta-nav\">&rarr;<\/span><\/a><\/p>\n","protected":false},"author":2,"featured_media":0,"comment_status":"open","ping_status":"open","sticky":false,"template":"","format":"standard","meta":{"jetpack_post_was_ever_published":false,"_jetpack_newsletter_access":"","_jetpack_dont_email_post_to_subs":true,"_jetpack_newsletter_tier_id":0,"_jetpack_memberships_contains_paywalled_content":false,"_jetpack_memberships_contains_paid_content":false,"footnotes":"","jetpack_publicize_message":"","jetpack_publicize_feature_enabled":true,"jetpack_social_post_already_shared":true,"jetpack_social_options":{"image_generator_settings":{"template":"highway","default_image_id":0,"font":"","enabled":false},"version":2}},"categories":[1],"tags":[12],"class_list":["post-8059","post","type-post","status-publish","format-standard","hentry","category-non-classe","tag-fondation-resonnance"],"jetpack_publicize_connections":[],"jetpack_featured_media_url":"","jetpack_sharing_enabled":true,"jetpack_shortlink":"https:\/\/wp.me\/s2D6dI-8059","jetpack_likes_enabled":true,"jetpack-related-posts":[{"id":3861,"url":"http:\/\/www.fabriceeulry-laboutique.com\/blog\/?p=3861","url_meta":{"origin":8059,"position":0},"title":"ELIZABETH SOMBART A LA SALLE CORTOT","author":"Le Canard du pianiste","date":"18 novembre 2013","format":false,"excerpt":"Ici dans une polonaise, (Cliquez sur la photo) Elizabeth Sombart a donn\u00e9 dimanche dernier 17 novembre un merveilleux concert des nocturnes de Chopin, comment\u00e9 par Jean-Marc Eymon, devant une salle Cortot bond\u00e9e mais tr\u00e8s recueillie tant le l'assistance fut \u00e9mue par le jeu sans emphase ni virtuosit\u00e9 gratuite de la\u2026","rel":"","context":"Dans &quot;Non class\u00e9&quot;","block_context":{"text":"Non class\u00e9","link":"http:\/\/www.fabriceeulry-laboutique.com\/blog\/?cat=1"},"img":{"alt_text":"","src":"https:\/\/i0.wp.com\/www.fabriceeulry-laboutique.com\/blog\/wp-content\/uploads\/2013\/11\/Capture-d%E2%80%99%C3%A9cran-2013-11-11-%C3%A0-19.26.222-300x72.jpg?resize=350%2C200","width":350,"height":200},"classes":[]},{"id":7758,"url":"http:\/\/www.fabriceeulry-laboutique.com\/blog\/?p=7758","url_meta":{"origin":8059,"position":1},"title":"ELIZABETH SOMBART A LA SALLE CORTOT","author":"Le Canard du pianiste","date":"25 octobre 2015","format":false,"excerpt":"Chers Amis, \u00a0 Retrouvez prochainement toute la sensibilit\u00e9 po\u00e9tique du jeu d\u2019Elizabeth Sombart lors d\u2019un concert unique \u00e0 Paris \u00e0 la Salle Cortot le dimanche 15 novembre 2015 \u00e0 17h30. \u00a0 Elle jouera les deux concertos de Chopin avec le Quatuor R\u00e9sonnance, version originale que Chopin aimait particuli\u00e8rement. \u00ab\u00a0Sous ses\u2026","rel":"","context":"Dans &quot;Non class\u00e9&quot;","block_context":{"text":"Non class\u00e9","link":"http:\/\/www.fabriceeulry-laboutique.com\/blog\/?cat=1"},"img":{"alt_text":"","src":"https:\/\/i0.wp.com\/www.fabriceeulry-laboutique.com\/blog\/wp-content\/uploads\/2015\/10\/sombart-.jpg?resize=350%2C200","width":350,"height":200},"classes":[]},{"id":13323,"url":"http:\/\/www.fabriceeulry-laboutique.com\/blog\/?p=13323","url_meta":{"origin":8059,"position":2},"title":"SALLE CORTOT : CONCERT DE SOUTIEN !","author":"Le Canard du pianiste","date":"1 septembre 2025","format":false,"excerpt":"Un petit t\u00e9moignage de Fabrice Eulry : \"Le dimanche 23 novembre prochain, Elizabeth Sombart va encore remplir la salle Cortot et donner de sa personne avec un nouveau et fulgurant programme, pour un r\u00e9cital de soutien \u00e0 R\u00e9sonnance France. Je l'ai entendue samedi dernier dans une incroyable sonate de Schubert\u2026","rel":"","context":"Dans &quot;Non class\u00e9&quot;","block_context":{"text":"Non class\u00e9","link":"http:\/\/www.fabriceeulry-laboutique.com\/blog\/?cat=1"},"img":{"alt_text":"","src":"https:\/\/i0.wp.com\/www.fabriceeulry-laboutique.com\/blog\/wp-content\/uploads\/2025\/09\/CORTOT-23-NOV-2025-1.png?resize=350%2C200","width":350,"height":200,"srcset":"https:\/\/i0.wp.com\/www.fabriceeulry-laboutique.com\/blog\/wp-content\/uploads\/2025\/09\/CORTOT-23-NOV-2025-1.png?resize=350%2C200 1x, https:\/\/i0.wp.com\/www.fabriceeulry-laboutique.com\/blog\/wp-content\/uploads\/2025\/09\/CORTOT-23-NOV-2025-1.png?resize=525%2C300 1.5x, https:\/\/i0.wp.com\/www.fabriceeulry-laboutique.com\/blog\/wp-content\/uploads\/2025\/09\/CORTOT-23-NOV-2025-1.png?resize=700%2C400 2x"},"classes":[]},{"id":7620,"url":"http:\/\/www.fabriceeulry-laboutique.com\/blog\/?p=7620","url_meta":{"origin":8059,"position":3},"title":"ELIZABETH SOMBART A PARIS","author":"Le Canard du pianiste","date":"30 septembre 2015","format":false,"excerpt":"\u00a0 Ses passages y sont rares et brefs, alors avis aux pianistes tout d'abord : Ensuite pour tous les m\u00e9lomanes, ne manquez son passage \u00e0 la salle Cortot, avec le m\u00eame programme qu'\u00e0 l'Olympia il y a trois semaines : mais avec l'acoustique naturelle du lieu : Cliquez sur l'image\u2026","rel":"","context":"Dans &quot;Non class\u00e9&quot;","block_context":{"text":"Non class\u00e9","link":"http:\/\/www.fabriceeulry-laboutique.com\/blog\/?cat=1"},"img":{"alt_text":"","src":"https:\/\/i0.wp.com\/www.fabriceeulry-laboutique.com\/blog\/wp-content\/uploads\/2015\/09\/elizabethres-.jpg?resize=350%2C200","width":350,"height":200,"srcset":"https:\/\/i0.wp.com\/www.fabriceeulry-laboutique.com\/blog\/wp-content\/uploads\/2015\/09\/elizabethres-.jpg?resize=350%2C200 1x, https:\/\/i0.wp.com\/www.fabriceeulry-laboutique.com\/blog\/wp-content\/uploads\/2015\/09\/elizabethres-.jpg?resize=525%2C300 1.5x, https:\/\/i0.wp.com\/www.fabriceeulry-laboutique.com\/blog\/wp-content\/uploads\/2015\/09\/elizabethres-.jpg?resize=700%2C400 2x, https:\/\/i0.wp.com\/www.fabriceeulry-laboutique.com\/blog\/wp-content\/uploads\/2015\/09\/elizabethres-.jpg?resize=1050%2C600 3x"},"classes":[]},{"id":5947,"url":"http:\/\/www.fabriceeulry-laboutique.com\/blog\/?p=5947","url_meta":{"origin":8059,"position":4},"title":"FABRICE EULRY A NOUVEAU A ROME POUR RESONNANCE","author":"Le Canard du pianiste","date":"18 novembre 2014","format":false,"excerpt":"Grazie a Gianluca Colantoni per la fotografia ! \u00a0 Cette fois avec Elizabeth Sombart et non plus en solo comme en mai Fabrice Eulry joue \u00e0 Rome, dans un orphelinat de gar\u00e7ons victimes de la guerre, ouvert \u00e0 l'\u00e9poque de la premi\u00e8re guerre mondiale, o\u00f9 les jeunes hommes sont associ\u00e9s\u2026","rel":"","context":"Dans &quot;Non class\u00e9&quot;","block_context":{"text":"Non class\u00e9","link":"http:\/\/www.fabriceeulry-laboutique.com\/blog\/?cat=1"},"img":{"alt_text":"","src":"https:\/\/i0.wp.com\/www.fabriceeulry-laboutique.com\/blog\/wp-content\/uploads\/2014\/05\/Rome.png?resize=350%2C200","width":350,"height":200},"classes":[]},{"id":5870,"url":"http:\/\/www.fabriceeulry-laboutique.com\/blog\/?p=5870","url_meta":{"origin":8059,"position":5},"title":"RENAISSANCE DE RESONNANCE BELGIQUE","author":"Le Canard du pianiste","date":"6 novembre 2014","format":false,"excerpt":"\u00a0 \u00a0 Le ch\u00e2teau de Claydael dans les Flandres, accueillait le 31 octobre l'un des concerts de soutien \u00e0 la fondation R\u00e9sonnance dont la filiale belge n\u00e9cessitait un nouveau d\u00e9part.Un ch\u00e2teau m\u00e9di\u00e9val flamand avec de belles ouvertures pratiqu\u00e9es \u00e0 la Renaissance, et le voici pr\u00eat \u00e0 vous accueillir : \u00a0\u2026","rel":"","context":"Dans &quot;Non class\u00e9&quot;","block_context":{"text":"Non class\u00e9","link":"http:\/\/www.fabriceeulry-laboutique.com\/blog\/?cat=1"},"img":{"alt_text":"","src":"https:\/\/i0.wp.com\/www.fabriceeulry-laboutique.com\/blog\/wp-content\/uploads\/2014\/11\/CLY-5-.jpg?resize=350%2C200","width":350,"height":200,"srcset":"https:\/\/i0.wp.com\/www.fabriceeulry-laboutique.com\/blog\/wp-content\/uploads\/2014\/11\/CLY-5-.jpg?resize=350%2C200 1x, https:\/\/i0.wp.com\/www.fabriceeulry-laboutique.com\/blog\/wp-content\/uploads\/2014\/11\/CLY-5-.jpg?resize=525%2C300 1.5x"},"classes":[]}],"_links":{"self":[{"href":"http:\/\/www.fabriceeulry-laboutique.com\/blog\/index.php?rest_route=\/wp\/v2\/posts\/8059","targetHints":{"allow":["GET"]}}],"collection":[{"href":"http:\/\/www.fabriceeulry-laboutique.com\/blog\/index.php?rest_route=\/wp\/v2\/posts"}],"about":[{"href":"http:\/\/www.fabriceeulry-laboutique.com\/blog\/index.php?rest_route=\/wp\/v2\/types\/post"}],"author":[{"embeddable":true,"href":"http:\/\/www.fabriceeulry-laboutique.com\/blog\/index.php?rest_route=\/wp\/v2\/users\/2"}],"replies":[{"embeddable":true,"href":"http:\/\/www.fabriceeulry-laboutique.com\/blog\/index.php?rest_route=%2Fwp%2Fv2%2Fcomments&post=8059"}],"version-history":[{"count":5,"href":"http:\/\/www.fabriceeulry-laboutique.com\/blog\/index.php?rest_route=\/wp\/v2\/posts\/8059\/revisions"}],"predecessor-version":[{"id":8130,"href":"http:\/\/www.fabriceeulry-laboutique.com\/blog\/index.php?rest_route=\/wp\/v2\/posts\/8059\/revisions\/8130"}],"wp:attachment":[{"href":"http:\/\/www.fabriceeulry-laboutique.com\/blog\/index.php?rest_route=%2Fwp%2Fv2%2Fmedia&parent=8059"}],"wp:term":[{"taxonomy":"category","embeddable":true,"href":"http:\/\/www.fabriceeulry-laboutique.com\/blog\/index.php?rest_route=%2Fwp%2Fv2%2Fcategories&post=8059"},{"taxonomy":"post_tag","embeddable":true,"href":"http:\/\/www.fabriceeulry-laboutique.com\/blog\/index.php?rest_route=%2Fwp%2Fv2%2Ftags&post=8059"}],"curies":[{"name":"wp","href":"https:\/\/api.w.org\/{rel}","templated":true}]}}