{"id":8094,"date":"2016-02-06T18:23:00","date_gmt":"2016-02-06T18:23:00","guid":{"rendered":"http:\/\/www.fabriceeulry-laboutique.com\/blog\/?p=8094"},"modified":"2018-12-12T02:37:29","modified_gmt":"2018-12-12T02:37:29","slug":"dites-non-suite-a-la-maniere-dont-la-boetie-lexprime","status":"publish","type":"post","link":"http:\/\/www.fabriceeulry-laboutique.com\/blog\/?p=8094","title":{"rendered":"DITES NON (SUITE) DE LA MANIERE DONT LA BOETIE L&rsquo;EXPRIME"},"content":{"rendered":"<h2 style=\"text-align: center;\"><span style=\"color: #000000;\">Comme quoi, les fatalistes ont encore eu tort.\u00a0<\/span><\/h2>\n<h2 style=\"text-align: center;\"><span style=\"color: #000000;\">Ce projet lamentable recule :<\/span><\/h2>\n<p style=\"text-align: center;\"><span style=\"color: #000000;\"><em>(Lire l&rsquo;article complet sur le site du Parisien)<\/em><\/span><\/p>\n<p><a href=\"https:\/\/i0.wp.com\/www.fabriceeulry-laboutique.com\/blog\/wp-content\/uploads\/2016\/02\/pub-1.jpg\"><img data-recalc-dims=\"1\" loading=\"lazy\" decoding=\"async\" class=\"aligncenter size-full wp-image-8096\" src=\"https:\/\/i0.wp.com\/www.fabriceeulry-laboutique.com\/blog\/wp-content\/uploads\/2016\/02\/pub-1.jpg?resize=535%2C488\" alt=\"pub\" width=\"535\" height=\"488\" srcset=\"https:\/\/i0.wp.com\/www.fabriceeulry-laboutique.com\/blog\/wp-content\/uploads\/2016\/02\/pub-1.jpg?w=535 535w, https:\/\/i0.wp.com\/www.fabriceeulry-laboutique.com\/blog\/wp-content\/uploads\/2016\/02\/pub-1.jpg?resize=300%2C274 300w\" sizes=\"auto, (max-width: 535px) 100vw, 535px\" \/><\/a><\/p>\n<p style=\"text-align: center;\"><span style=\"color: #000000;\"><strong>\u00ab\u00a0Pauvres gens mis\u00e9rables, peuples insens\u00e9s, nations opini\u00e2tres \u00e0 votre mal et aveugles \u00e0 votre bien ! Vous vous laissez enlever sous vos yeux le plus beau et le plus clair de votre revenu, vous laissez piller vos champs, voler et d\u00e9pouiller vos maisons des vieux meubles de vos anc\u00eatres ! Vous vivez de telle sorte que rien n\u2019est plus \u00e0 vous. Il semble que vous regarderiez d\u00e9sormais comme un grand bonheur qu\u2019on vous laiss\u00e2t seulement la moiti\u00e9 de vos biens, de vos familles, de vos vies. Et tous ces d\u00e9g\u00e2ts, ces malheurs, cette ruine, ne vous viennent pas des ennemis, mais certes bien de l\u2019ennemi, de celui-l\u00e0 m\u00eame que vous avez fait ce qu\u2019il est, de celui pour qui vous allez si courageusement \u00e0 la guerre, et pour la grandeur duquel vous ne refusez pas de vous offrir vous-m\u00eames \u00e0 la mort. Ce ma\u00eetre n\u2019a pourtant que deux yeux, deux mains, un corps, et rien de plus que n\u2019a le dernier des habitants du nombre infini de nos villes. Ce qu\u2019il a de plus, ce sont les moyens que vous lui fournissez pour vous d\u00e9truire. D\u2019o\u00f9 tire-t-il tous ces yeux qui vous \u00e9pient, si ce n\u2019est de vous ? Comment a-t-il tant de mains pour vous frapper, s\u2019il ne vous les emprunte ? Les pieds dont il foule vos cit\u00e9s ne sont-ils pas aussi les v\u00f4tres ? A-t-il pouvoir sur vous, qui ne soit de vous-m\u00eames ? Comment oserait-il vous assaillir, s\u2019il n\u2019\u00e9tait d\u2019intelligence avec vous ? Quel mal pourrait-il vous faire, si vous n\u2019\u00e9tiez les receleurs du larron qui vous pille, les complices du meurtrier qui vous tue et les tra\u00eetres de vous-m\u00eames ? Vous semez vos champs pour qu\u2019il les d\u00e9vaste, vous meublez et remplissez vos maisons pour fournir ses pilleries, vous \u00e9levez vos filles afin qu\u2019il puisse assouvir sa luxure, vous nourrissez vos enfants pour qu\u2019il en fasse des soldats dans le meilleur des cas, pour qu\u2019il les m\u00e8ne \u00e0 la guerre, \u00e0 la boucherie, qu\u2019il les rende ministres de ses convoitises et ex\u00e9cuteurs de ses vengeances. Vous vous usez \u00e0 la peine afin qu\u2019il puisse se mignarder dans ses d\u00e9lices et se vautrer dans ses sales plaisirs. Vous vous affaiblissez afin qu\u2019il soit plus fort, et qu\u2019il vous tienne plus rudement la bride plus courte. Et de tant d\u2019indignit\u00e9s que les b\u00eates elles-m\u00eames ne supporteraient pas si elles les sentaient, vous pourriez vous d\u00e9livrer si vous essayiez, m\u00eame pas de vous d\u00e9livrer, seulement de le vouloir. Soyez r\u00e9solus \u00e0 ne plus servir, et vous voil\u00e0 libres. Je ne vous demande pas de le pousser, de l\u2019\u00e9branler, mais seulement de ne plus le soutenir, et vous le verrez, tel un grand colosse dont on a bris\u00e9 la base, fondre sous son poids et se rompre.\u00a0\u00bb<\/strong><\/span><\/p>\n<p style=\"text-align: center;\"><strong><span style=\"color: #000000;\">\u00a0Estienne de La Bo\u00e9tie<\/span><\/strong><\/p>\n<p style=\"text-align: center;\"><strong><span style=\"color: #000000;\">Extrait du Discours de la servitude volontaire 1547<\/span><\/strong><\/p>\n","protected":false},"excerpt":{"rendered":"<p>Comme quoi, les fatalistes ont encore eu tort.\u00a0 Ce projet lamentable recule : (Lire l&rsquo;article complet sur le site du Parisien) \u00ab\u00a0Pauvres gens mis\u00e9rables, peuples insens\u00e9s, nations opini\u00e2tres \u00e0 votre mal et aveugles \u00e0 votre bien ! Vous vous laissez &hellip; <a href=\"http:\/\/www.fabriceeulry-laboutique.com\/blog\/?p=8094\">Continuer la lecture <span class=\"meta-nav\">&rarr;<\/span><\/a><\/p>\n","protected":false},"author":2,"featured_media":0,"comment_status":"open","ping_status":"open","sticky":false,"template":"","format":"standard","meta":{"jetpack_post_was_ever_published":false,"_jetpack_newsletter_access":"","_jetpack_dont_email_post_to_subs":true,"_jetpack_newsletter_tier_id":0,"_jetpack_memberships_contains_paywalled_content":false,"_jetpack_memberships_contains_paid_content":false,"footnotes":"","jetpack_publicize_message":"","jetpack_publicize_feature_enabled":true,"jetpack_social_post_already_shared":true,"jetpack_social_options":{"image_generator_settings":{"template":"highway","default_image_id":0,"font":"","enabled":false},"version":2}},"categories":[1],"tags":[36],"class_list":["post-8094","post","type-post","status-publish","format-standard","hentry","category-non-classe","tag-divers"],"jetpack_publicize_connections":[],"jetpack_featured_media_url":"","jetpack_sharing_enabled":true,"jetpack_shortlink":"https:\/\/wp.me\/p2D6dI-26y","jetpack_likes_enabled":true,"jetpack-related-posts":[{"id":12594,"url":"http:\/\/www.fabriceeulry-laboutique.com\/blog\/?p=12594","url_meta":{"origin":8094,"position":0},"title":"MINIMARE DE NO\u00cbL","author":"Le Canard du pianiste","date":"24 d\u00e9cembre 2021","format":false,"excerpt":"\"Chers amis m\u00e9lomanes, Pour vous remonter le moral et que vous passiez malgr\u00e9 tout un joyeux No\u00ebl, voici une petite anecdote : La ministre Am\u00e9lie de Montchalin, dont depuis 5 longues ann\u00e9es nous subissons la vacuit\u00e9 (mais aussi la violence dissimul\u00e9e sous ses airs douce\u00e2tres) s'\u00e9tant d\u00e9clarant sur RMC pour\u2026","rel":"","context":"Dans &quot;Non class\u00e9&quot;","block_context":{"text":"Non class\u00e9","link":"http:\/\/www.fabriceeulry-laboutique.com\/blog\/?cat=1"},"img":{"alt_text":"","src":"https:\/\/i0.wp.com\/www.fabriceeulry-laboutique.com\/blog\/wp-content\/uploads\/2021\/12\/Capture-de%CC%81cran-2021-12-24-a%CC%80-00.39.43.png?resize=350%2C200","width":350,"height":200},"classes":[]},{"id":4746,"url":"http:\/\/www.fabriceeulry-laboutique.com\/blog\/?p=4746","url_meta":{"origin":8094,"position":1},"title":"PRENEZ UN AVOCAT !","author":"Le Canard du pianiste","date":"27 mars 2014","format":false,"excerpt":"Le fruit magique contre le vieillissement cellulaire Vous entendez beaucoup parler des \u00ab\u00a0radicaux libres\u00a0\u00bb, ces mol\u00e9cules agressives qui attaquent vos cellules, et m\u00eame votre ADN. Ils acc\u00e9l\u00e8rent le vieillissement et contribuent \u00e0 d\u00e9clencher de nombreuses maladies li\u00e9es \u00e0 l'\u00e2ge, comme l'ath\u00e9roscl\u00e9rose, les probl\u00e8mes de vue, les d\u00e9mences, et le cancer.\u00a0\u2026","rel":"","context":"Dans &quot;Non class\u00e9&quot;","block_context":{"text":"Non class\u00e9","link":"http:\/\/www.fabriceeulry-laboutique.com\/blog\/?cat=1"},"img":{"alt_text":"","src":"","width":0,"height":0},"classes":[]},{"id":12518,"url":"http:\/\/www.fabriceeulry-laboutique.com\/blog\/?p=12518","url_meta":{"origin":8094,"position":2},"title":"JOUER POUR LES ANCIENS MALGR\u00c9 TOUT","author":"Le Canard du pianiste","date":"14 mars 2021","format":false,"excerpt":"R\u00e9sonnance France ne l\u00e2che rien ! Et continue malgr\u00e9 tout, ses concerts de solidarit\u00e9 en maison de retraite partout o\u00f9 cela est possible. Travailler sur le terrain des maisons de retraite et interroger le personnel permet de le constater : Les restrictions sanitaires sont des d\u00e9cisions politiques ou technocratiques qui\u2026","rel":"","context":"Dans &quot;Non class\u00e9&quot;","block_context":{"text":"Non class\u00e9","link":"http:\/\/www.fabriceeulry-laboutique.com\/blog\/?cat=1"},"img":{"alt_text":"","src":"https:\/\/i0.wp.com\/www.fabriceeulry-laboutique.com\/blog\/wp-content\/uploads\/2021\/03\/caselles2021.png?resize=350%2C200","width":350,"height":200,"srcset":"https:\/\/i0.wp.com\/www.fabriceeulry-laboutique.com\/blog\/wp-content\/uploads\/2021\/03\/caselles2021.png?resize=350%2C200 1x, https:\/\/i0.wp.com\/www.fabriceeulry-laboutique.com\/blog\/wp-content\/uploads\/2021\/03\/caselles2021.png?resize=525%2C300 1.5x, https:\/\/i0.wp.com\/www.fabriceeulry-laboutique.com\/blog\/wp-content\/uploads\/2021\/03\/caselles2021.png?resize=700%2C400 2x"},"classes":[]},{"id":4270,"url":"http:\/\/www.fabriceeulry-laboutique.com\/blog\/?p=4270","url_meta":{"origin":8094,"position":3},"title":"2014","author":"Le Canard du pianiste","date":"1 janvier 2014","format":false,"excerpt":"A vous je souhaiterai l'ann\u00e9e belle et paisible Si chacun garde raison sans se tromper de cible Souhaitant que les Beauvau et les ministres \u00e2nes Ne Cachent point faillite sous quenelles et bananes Jetez votre t\u00e9l\u00e9 et vos accoutumances Adoptez la musique comme cure de jouvence Retournez aux valeurs les\u2026","rel":"","context":"Dans &quot;Non class\u00e9&quot;","block_context":{"text":"Non class\u00e9","link":"http:\/\/www.fabriceeulry-laboutique.com\/blog\/?cat=1"},"img":{"alt_text":"","src":"","width":0,"height":0},"classes":[]},{"id":10578,"url":"http:\/\/www.fabriceeulry-laboutique.com\/blog\/?p=10578","url_meta":{"origin":8094,"position":4},"title":"M\u00caME SI VOUS N&rsquo;HABITEZ PAS L&rsquo;AVEYRON&#8230;","author":"Le Canard du pianiste","date":"10 avril 2018","format":false,"excerpt":"...Vous pouvez r\u00e9server en laissant un commentaire sur Le Canard du pianiste avec votre adresse courriel (vous pouvez aussi vous abonner au Canard c'est gratuit) nous vous r\u00e9pondrons imm\u00e9diatement. BLUES EN AVEYRON vous propose un tarif unique \u00e0 10\u20ac pour cette \u00e9dition du festival 2018 un tarif qui vous permettra\u2026","rel":"","context":"Dans &quot;Non class\u00e9&quot;","block_context":{"text":"Non class\u00e9","link":"http:\/\/www.fabriceeulry-laboutique.com\/blog\/?cat=1"},"img":{"alt_text":"","src":"https:\/\/i0.wp.com\/www.fabriceeulry-laboutique.com\/blog\/wp-content\/uploads\/2018\/04\/BenA-VILLEVILLE-2018.png?resize=350%2C200","width":350,"height":200},"classes":[]},{"id":7213,"url":"http:\/\/www.fabriceeulry-laboutique.com\/blog\/?p=7213","url_meta":{"origin":8094,"position":5},"title":"L&rsquo;IPSN ECRIT AU CANARD","author":"Le Canard du pianiste","date":"24 juin 2015","format":false,"excerpt":"\u00a0 \u00a0 \u00a0 \u00a0 \u00a0 \u00a0 Avis aux Belges : il reste encore des places pour la conf\u00e9rence exceptionnelle sur la m\u00e9decine du chou donn\u00e9e par le Dr Avendano, chirurgien de Cuzco, ce 26 Juin (c'est vendredi ! ). La conf\u00e9rence a lieu \u00e0 19 heures au 5 Place Cockerill\u2026","rel":"","context":"Dans &quot;Non class\u00e9&quot;","block_context":{"text":"Non class\u00e9","link":"http:\/\/www.fabriceeulry-laboutique.com\/blog\/?cat=1"},"img":{"alt_text":"","src":"","width":0,"height":0},"classes":[]}],"_links":{"self":[{"href":"http:\/\/www.fabriceeulry-laboutique.com\/blog\/index.php?rest_route=\/wp\/v2\/posts\/8094","targetHints":{"allow":["GET"]}}],"collection":[{"href":"http:\/\/www.fabriceeulry-laboutique.com\/blog\/index.php?rest_route=\/wp\/v2\/posts"}],"about":[{"href":"http:\/\/www.fabriceeulry-laboutique.com\/blog\/index.php?rest_route=\/wp\/v2\/types\/post"}],"author":[{"embeddable":true,"href":"http:\/\/www.fabriceeulry-laboutique.com\/blog\/index.php?rest_route=\/wp\/v2\/users\/2"}],"replies":[{"embeddable":true,"href":"http:\/\/www.fabriceeulry-laboutique.com\/blog\/index.php?rest_route=%2Fwp%2Fv2%2Fcomments&post=8094"}],"version-history":[{"count":2,"href":"http:\/\/www.fabriceeulry-laboutique.com\/blog\/index.php?rest_route=\/wp\/v2\/posts\/8094\/revisions"}],"predecessor-version":[{"id":8100,"href":"http:\/\/www.fabriceeulry-laboutique.com\/blog\/index.php?rest_route=\/wp\/v2\/posts\/8094\/revisions\/8100"}],"wp:attachment":[{"href":"http:\/\/www.fabriceeulry-laboutique.com\/blog\/index.php?rest_route=%2Fwp%2Fv2%2Fmedia&parent=8094"}],"wp:term":[{"taxonomy":"category","embeddable":true,"href":"http:\/\/www.fabriceeulry-laboutique.com\/blog\/index.php?rest_route=%2Fwp%2Fv2%2Fcategories&post=8094"},{"taxonomy":"post_tag","embeddable":true,"href":"http:\/\/www.fabriceeulry-laboutique.com\/blog\/index.php?rest_route=%2Fwp%2Fv2%2Ftags&post=8094"}],"curies":[{"name":"wp","href":"https:\/\/api.w.org\/{rel}","templated":true}]}}