{"id":8101,"date":"2016-02-07T14:33:33","date_gmt":"2016-02-07T14:33:33","guid":{"rendered":"http:\/\/www.fabriceeulry-laboutique.com\/blog\/?p=8101"},"modified":"2018-12-12T02:37:05","modified_gmt":"2018-12-12T02:37:05","slug":"laccent-circonflexe-afin-eviter-les-malentendus","status":"publish","type":"post","link":"http:\/\/www.fabriceeulry-laboutique.com\/blog\/?p=8101","title":{"rendered":"L&rsquo;ACCENT CIRCONFLEXE AFIN D&rsquo;EVITER LES MALENTENDUS"},"content":{"rendered":"<p style=\"text-align: center;\"><strong><span style=\"color: #000000;\">Et de l&rsquo;orthographe en g\u00e9n\u00e9ral :<\/span><\/strong><strong><span style=\"color: #000000;\">*<\/span><\/strong><\/p>\n<p style=\"text-align: center;\"><strong><span style=\"color: #000000;\">\u00ab\u00a0A chaque ramadan, il a du mal \u00e0 supporter les je\u00fbnes dans sa banlieue\u00a0\u00bb<\/span><\/strong><\/p>\n<p style=\"text-align: center;\"><strong><span style=\"color: #000000;\">et non pas<\/span><\/strong><\/p>\n<p style=\"text-align: center;\"><strong><span style=\"color: #000000;\">\u00ab\u00a0A chaque ramadan, il a du mal \u00e0 supporter les jeunes dans sa banlieue\u00a0\u00bb<\/span><\/strong><\/p>\n<p style=\"text-align: center;\"><strong><span style=\"color: #000000;\">*<\/span><\/strong><\/p>\n<p style=\"text-align: center;\"><strong><span style=\"color: #000000;\">\u00ab\u00a0J&rsquo;adore la rentr\u00e9e\u00a0\u00bb<\/span><\/strong><\/p>\n<p style=\"text-align: center;\"><strong><span style=\"color: #000000;\">et non pas<\/span><\/strong><\/p>\n<p style=\"text-align: center;\"><strong><span style=\"color: #000000;\">\u00ab\u00a0J&rsquo;adore la rentrer\u00a0\u00bb<\/span><\/strong><\/p>\n<p style=\"text-align: center;\"><strong><span style=\"color: #000000;\">Laissons \u00e0 pr\u00e9sent la parole \u00e0 Isabelle Gr\u00e9gor \u00e0 propos de l&rsquo;accent circonflexe sur : <em>(cliquez sur le bandeau)<\/em><\/span><\/strong><a href=\"http:\/\/www.herodote.net\/Les_chapeaux_circonflexes_espece_en_voie_de_disparition_-article-1537.php\"><img data-recalc-dims=\"1\" loading=\"lazy\" decoding=\"async\" class=\"aligncenter size-full wp-image-8102\" src=\"https:\/\/i0.wp.com\/www.fabriceeulry-laboutique.com\/blog\/wp-content\/uploads\/2016\/02\/hero-.jpg?resize=640%2C52\" alt=\"hero\" width=\"640\" height=\"52\" srcset=\"https:\/\/i0.wp.com\/www.fabriceeulry-laboutique.com\/blog\/wp-content\/uploads\/2016\/02\/hero-.jpg?w=1257 1257w, https:\/\/i0.wp.com\/www.fabriceeulry-laboutique.com\/blog\/wp-content\/uploads\/2016\/02\/hero-.jpg?resize=300%2C25 300w, https:\/\/i0.wp.com\/www.fabriceeulry-laboutique.com\/blog\/wp-content\/uploads\/2016\/02\/hero-.jpg?resize=1024%2C84 1024w\" sizes=\"auto, (max-width: 640px) 100vw, 640px\" \/><\/a><\/p>\n<p style=\"text-align: center;\"><strong><span style=\"color: #000000;\">Un des ses articles sur la langue fran\u00e7aise :<\/span><\/strong><\/p>\n<p style=\"text-align: center;\"><span style=\"color: #000000;\"><strong>Apr\u00e8s \u00eatre remont\u00e9s aux <a style=\"color: #000000;\" href=\"http:\/\/www.herodote.net\/Histoire_du_francais-synthese-2087.php\">sources de notre langue<\/a> et avoir illustr\u00e9 sa <a style=\"color: #000000;\" href=\"http:\/\/www.herodote.net\/Histoire_du_francais-synthese-2088.php\">transformation en langue litt\u00e9raire et universelle<\/a>, voyons comment elle est rentr\u00e9e dans le rang \u00e0 l&rsquo;\u00e8re des d\u00e9mocraties&#8230; et des nationalismes.<\/strong><\/span><\/p>\n<p style=\"text-align: center;\"><span style=\"color: #000000;\"><strong>La secousse r\u00e9volutionnaire et les guerres qui en d\u00e9coulent jusqu&rsquo;en 1815 ont pour r\u00e9sultat d&rsquo;\u00e9veiller\u00a0les identit\u00e9s nationales partout en Europe et m\u00eame au-del\u00e0 (Am\u00e9rique latine, Orient).<\/strong><\/span><\/p>\n<p style=\"text-align: center;\"><span style=\"color: #000000;\"><strong>La langue devient le vecteur principal de ces identit\u00e9s ainsi que l&rsquo;expriment deux grands penseurs allemands\u00a0:<\/strong><\/span><\/p>\n<p style=\"text-align: center;\"><span style=\"color: #000000;\"><strong>&#8211; <em>\u00ab\u00a0Les hommes sont beaucoup plus form\u00e9s par la langue que la langue n&rsquo;est form\u00e9e par les hommes\u00a0\u00bb<\/em> (Fichte, <em>Discours \u00e0 la Nation allemande<\/em>, 1808).<\/strong><\/span><br \/>\n<span style=\"color: #000000;\"><strong> &#8211; <em>\u00ab\u00a0Entre l&rsquo;\u00e2me d&rsquo;un peuple et sa langue, il y a identit\u00e9 compl\u00e8te ; on ne saurait imaginer l&rsquo;un sans l&rsquo;autre\u00a0\u00bb<\/em> (Wilhelm von Humboldt, Introduction \u00e0 l&rsquo;\u0153uvre sur le kavi, 1836).<\/strong><\/span><\/p>\n<div style=\"text-align: center;\" align=\"center\"><span style=\"color: #000000;\"><strong><a style=\"color: #000000;\" href=\"http:\/\/www.herodote.net\/Histoire_du_francais-synthese-2090.php\"><img data-recalc-dims=\"1\" decoding=\"async\" title=\"\" src=\"https:\/\/i0.wp.com\/www.herodote.net\/_images\/jaures.jpg?w=640\" alt=\"Jean Jaur\u00e8s, Croquis pour servir \u00e0 illustrer l\u2019histoire de l\u2019\u00e9loquence (1910, Eloy-Vincent, mus\u00e9e Jean Jaur\u00e8s, Castres)\" data-hasqtip=\"294\" \/><\/a><\/strong><\/span><\/div>\n<div class=\"encadre\">\n<div class=\"titre\" style=\"text-align: center;\"><span style=\"color: #000000;\"><strong><em>\u00ab\u00a0Les langues sont comme la mer\u2026\u00a0\u00bb<\/em><\/strong><\/span><\/div>\n<p style=\"text-align: center;\"><span style=\"color: #000000;\"><strong>En 1827, la pr\u00e9face de la pi\u00e8ce <em>Cromwell<\/em> de Victor Hugo signe la naissance du th\u00e9\u00e2tre romantique. Dans ce texte, le jeune auteur (25 ans) clame sa volont\u00e9 de moderniser l\u2019art dramatique, qu\u2019il trouve trop scl\u00e9ros\u00e9. C\u2019est l\u2019occasion pour lui d\u2019\u00e9voquer son attachement \u00e0 notre langue dont il admire la capacit\u00e9 \u00e0 se renouveler sans cesse\u2026<\/strong><\/span><\/p>\n<h2 style=\"text-align: center;\"><span style=\"color: #000000;\">Lire la suite en cliquant sur les gravures de Jean Jaur\u00e8s\u00a0<\/span><\/h2>\n<p style=\"text-align: center;\"><span style=\"color: #000000;\"><strong>Un pr\u00e9c\u00e9dent article du canard du pianiste : Hugo et Shakespeare <em>(pour le lire cliquez sur un des deux portraits de votre choix sans chauvinisme)<\/em><\/strong><\/span><\/p>\n<\/div>\n<p style=\"text-align: center;\"><strong><a href=\"https:\/\/i0.wp.com\/fabriceeulryunblogfr.unblog.fr\/files\/2012\/02\/Hugo.jpg\"><img data-recalc-dims=\"1\" loading=\"lazy\" decoding=\"async\" class=\"aligncenter\" src=\"https:\/\/i0.wp.com\/fabriceeulryunblogfr.unblog.fr\/files\/2012\/02\/Hugo.jpg?resize=132%2C175\" alt=\"\" width=\"132\" height=\"175\" \/><\/a>\u00a0\u00a0<a href=\"https:\/\/i0.wp.com\/fabriceeulryunblogfr.unblog.fr\/files\/2012\/02\/Shakespeare1.jpg\"><img data-recalc-dims=\"1\" loading=\"lazy\" decoding=\"async\" src=\"https:\/\/i0.wp.com\/fabriceeulryunblogfr.unblog.fr\/files\/2012\/02\/Shakespeare1-300x228.jpg?resize=180%2C137\" alt=\"\" width=\"180\" height=\"137\" \/><\/a>\u00a0<\/strong><\/p>\n<h2 style=\"text-align: center;\"><span style=\"color: #000000;\">Enseignez l&rsquo;histoire de France avec des chansons, de l&rsquo;humour et l&rsquo;esprit l\u00e9ger et positif !<\/span><\/h2>\n<h2 style=\"text-align: center;\"><span style=\"color: #000000;\"><a style=\"color: #000000;\" href=\"http:\/\/www.fabriceeulry.com\/discographie.html\"><img data-recalc-dims=\"1\" decoding=\"async\" src=\"https:\/\/i0.wp.com\/www.fabriceeulry.com\/images\/livre_disque\/histoire_de_france.jpg?w=100\" alt=\"\"  \/><\/a>\u00a0Un livre illustr\u00e9 cousu-coll\u00e9 et avec un disque d&rsquo;une heure vingt.<\/span><\/h2>\n<p style=\"text-align: center;\" align=\"center\"><span style=\"color: #000000;\"><strong>\u00a0DISPONIBLE EN LIBRAIRIES !<\/strong><\/span><\/p>\n<p style=\"text-align: center;\" align=\"center\"><span style=\"color: #000000;\"><strong>&#8211; Librairie Notre-Dame de France 21 rue Monge 75005 Paris. Ouverte de 15h \u00e0 19h. les lundi et de 10h.30 \u00e0 19h. du mardi\u00a0au samedi<\/strong><\/span><\/p>\n<p style=\"text-align: center;\" align=\"center\"><span style=\"color: #000000;\"><strong>&#8211; Librairie 38 rue Belgrand Paris XX \u00e8me<\/strong><\/span><\/p>\n<p style=\"text-align: center;\" align=\"center\"><span style=\"color: #000000;\"><strong>&#8211; Office du tourisme de Cluny, Sa\u00f4ne et Loire<\/strong><\/span><\/p>\n<p style=\"text-align: center;\" align=\"center\"><span style=\"color: #000000;\"><strong><a style=\"color: #000000;\" href=\"http:\/\/www.herodote.net\/\">www.herodote.net<\/a><\/strong><\/span><\/p>\n<p style=\"text-align: center;\" align=\"center\"><span style=\"color: #000000;\"><strong>Toute l&rsquo;histoire de France en 1h.20 en r\u00e9cit et chansons originales de Fabrice Eulry\u00a0<a style=\"color: #000000;\" title=\"L'histoire de france en chantant\" href=\"http:\/\/fabriceeulryunblogfr.unblog.fr\/files\/2009\/07\/cdcdcdgrand.bmp\"><img loading=\"lazy\" decoding=\"async\" src=\"http:\/\/fabriceeulryunblogfr.unblog.fr\/files\/2009\/07\/cdcdcdgrand.bmp\" alt=\"L'histoire de france en chantant\" width=\"128\" height=\"80\" \/><\/a>\u00a0<\/strong><\/span><\/p>\n<p style=\"text-align: center;\" align=\"center\"><span style=\"color: #000000;\"><strong>Et bien entendu sur le site\u00a0<\/strong><\/span><\/p>\n<p style=\"text-align: center;\" align=\"center\"><span style=\"color: #000000;\"><a style=\"color: #000000;\" href=\"http:\/\/www.fabriceeulry.com\/discographie.html#ld\">http:\/\/www.fabriceeulry.com\/discographie.html#ld<\/a><\/span><\/p>\n<p style=\"text-align: center;\"><span style=\"color: #000000;\">\u00a0<\/span><\/p>\n","protected":false},"excerpt":{"rendered":"<p>Et de l&rsquo;orthographe en g\u00e9n\u00e9ral :* \u00ab\u00a0A chaque ramadan, il a du mal \u00e0 supporter les je\u00fbnes dans sa banlieue\u00a0\u00bb et non pas \u00ab\u00a0A chaque ramadan, il a du mal \u00e0 supporter les jeunes dans sa banlieue\u00a0\u00bb * \u00ab\u00a0J&rsquo;adore la &hellip; <a href=\"http:\/\/www.fabriceeulry-laboutique.com\/blog\/?p=8101\">Continuer la lecture <span class=\"meta-nav\">&rarr;<\/span><\/a><\/p>\n","protected":false},"author":2,"featured_media":0,"comment_status":"open","ping_status":"open","sticky":false,"template":"","format":"standard","meta":{"jetpack_post_was_ever_published":false,"_jetpack_newsletter_access":"","_jetpack_dont_email_post_to_subs":true,"_jetpack_newsletter_tier_id":0,"_jetpack_memberships_contains_paywalled_content":false,"_jetpack_memberships_contains_paid_content":false,"footnotes":"","jetpack_publicize_message":"","jetpack_publicize_feature_enabled":true,"jetpack_social_post_already_shared":true,"jetpack_social_options":{"image_generator_settings":{"template":"highway","default_image_id":0,"font":"","enabled":false},"version":2}},"categories":[1],"tags":[20],"class_list":["post-8101","post","type-post","status-publish","format-standard","hentry","category-non-classe","tag-education"],"jetpack_publicize_connections":[],"jetpack_featured_media_url":"","jetpack_sharing_enabled":true,"jetpack_shortlink":"https:\/\/wp.me\/p2D6dI-26F","jetpack_likes_enabled":true,"jetpack-related-posts":[{"id":638,"url":"http:\/\/www.fabriceeulry-laboutique.com\/blog\/?p=638","url_meta":{"origin":8101,"position":0},"title":"GARDEZ-MOI UNE PART DE CERVEAU DISPONIBLE ! (SUITE)","author":"Le Canard du pianiste","date":"22 octobre 2012","format":false,"excerpt":"\u00a0\u00a0Les m\u00e9dias s'\u00e9taient \u00e9mus,\u00a0il y a deux ans, de ce que l'honn\u00eate citoyen Fran\u00e7ois Vaillant\u00a0f\u00fbt pass\u00e9 au tribunal pour avoir refus\u00e9 de donner son A.D.N. alors qu'il n'avait fait que manifester pacifiquement son refus\u00a0de l'agression publicitaire. Il fait part aujourd'hui\u00a0d'un sondage au Canard du pianiste, d\u00e9sireux de vous informer de\u2026","rel":"","context":"Dans &quot;Non class\u00e9&quot;","block_context":{"text":"Non class\u00e9","link":"http:\/\/www.fabriceeulry-laboutique.com\/blog\/?cat=1"},"img":{"alt_text":"","src":"https:\/\/i0.wp.com\/antipub.org\/local\/cache-vignettes\/L200xH94\/arton256-156a3.jpg?resize=350%2C200","width":350,"height":200},"classes":[]},{"id":8961,"url":"http:\/\/www.fabriceeulry-laboutique.com\/blog\/?p=8961","url_meta":{"origin":8101,"position":1},"title":"FABRICE EULRY \u00c0 ROME POUR R\u00c9SONNANCE","author":"Le Canard du pianiste","date":"23 novembre 2016","format":false,"excerpt":"Ils ont tous perdu leur famille lors des guerres de ce si\u00e8cle. R\u00e9sonnance la Fondation d'Elizabeth Sombart a propos\u00e9 un concert de Fabrice Eulry, dans la citta di ragazzi, ce foyer catholique de la banlieue de Rome, qu'ils g\u00e8rent eux-m\u00eames en partie : ils y apprennent un m\u00e9tier et b\u00e9n\u00e9ficient\u2026","rel":"","context":"Dans &quot;Non class\u00e9&quot;","block_context":{"text":"Non class\u00e9","link":"http:\/\/www.fabriceeulry-laboutique.com\/blog\/?cat=1"},"img":{"alt_text":"","src":"https:\/\/i0.wp.com\/www.fabriceeulry-laboutique.com\/blog\/wp-content\/uploads\/2016\/11\/Ragazzi-2.png?resize=350%2C200","width":350,"height":200},"classes":[]},{"id":10920,"url":"http:\/\/www.fabriceeulry-laboutique.com\/blog\/?p=10920","url_meta":{"origin":8101,"position":2},"title":"CHANGEZ DE DROGUE AVANTAGEUSEMENT","author":"Le Canard du pianiste","date":"4 septembre 2018","format":false,"excerpt":"Nous voici dans un camp\u00a0habit\u00e9 par des jeunes anciennement aux prises avec la drogue : En passant \u00e0 l'accoutumance musicale \u00e0 travers ce r\u00e9cital de Fabrice Eulry, les pensionnaires de ce camp au Liban replongent... Mais avantageusement ! Au r\u00e9pertoire : de Bach \u00e0 Hendrix ! En r\u00e9alit\u00e9, le travail\u2026","rel":"","context":"Dans &quot;Non class\u00e9&quot;","block_context":{"text":"Non class\u00e9","link":"http:\/\/www.fabriceeulry-laboutique.com\/blog\/?cat=1"},"img":{"alt_text":"","src":"https:\/\/i0.wp.com\/www.fabriceeulry-laboutique.com\/blog\/wp-content\/uploads\/2018\/09\/libdrog-4.png?resize=350%2C200","width":350,"height":200},"classes":[]},{"id":9371,"url":"http:\/\/www.fabriceeulry-laboutique.com\/blog\/?p=9371","url_meta":{"origin":8101,"position":3},"title":"FRELON ASIATIQUE CONTRE ABEILLES","author":"Le Canard du pianiste","date":"10 avril 2017","format":false,"excerpt":"UNE COMMUNICATION DE JEAN-CLAUDE BARDELLI SUIVI PAR LE RAPPEL D'UN ARTICLE DU CANARD DU PIANISTE : Tous concern\u00e9s par ce nouveau fl\u00e9au dont les victimes sont principalement les abeilles. Il n\u2019est pas prouv\u00e9 qu\u2019Albert Einstein ait dit en son temps \" Le jour o\u00f9 les abeilles dispara\u00eetrons, l'homme n'aura plus\u2026","rel":"","context":"Dans &quot;Non class\u00e9&quot;","block_context":{"text":"Non class\u00e9","link":"http:\/\/www.fabriceeulry-laboutique.com\/blog\/?cat=1"},"img":{"alt_text":"","src":"https:\/\/dl-mail.ymail.com\/ws\/download\/mailboxes\/@.id==VjJ-spSwwuuwt7tw6c7wv89ToqxgNxRMZZUNW83D5_H1kqtGVj0BqjvNP8YhfZ-qRJHOGH4nkLovJSeSm65J69qU1w\/messages\/@.id==AOZJyAoAABsCWNbBCQw1ALdvjnU\/content\/parts\/@.id==2.2\/raw?appid=YahooMailNeo&ymreqid=75946bd1-f6ea-c920-014d-060048010000&token=zitEzqOML3j84e6ealFTT5U7-km5qEQF52lp7AcCuBbEQ-oUiIOY-vg8FEWDYwutAMcf6V7e_ZVdafboCGQAzfutK69hUCeFyhzZ_EQWrIROG87BJ_cnZtxJMFC4LO1L","width":350,"height":200,"srcset":"https:\/\/dl-mail.ymail.com\/ws\/download\/mailboxes\/@.id==VjJ-spSwwuuwt7tw6c7wv89ToqxgNxRMZZUNW83D5_H1kqtGVj0BqjvNP8YhfZ-qRJHOGH4nkLovJSeSm65J69qU1w\/messages\/@.id==AOZJyAoAABsCWNbBCQw1ALdvjnU\/content\/parts\/@.id==2.2\/raw?appid=YahooMailNeo&ymreqid=75946bd1-f6ea-c920-014d-060048010000&token=zitEzqOML3j84e6ealFTT5U7-km5qEQF52lp7AcCuBbEQ-oUiIOY-vg8FEWDYwutAMcf6V7e_ZVdafboCGQAzfutK69hUCeFyhzZ_EQWrIROG87BJ_cnZtxJMFC4LO1L 1x, https:\/\/dl-mail.ymail.com\/ws\/download\/mailboxes\/@.id==VjJ-spSwwuuwt7tw6c7wv89ToqxgNxRMZZUNW83D5_H1kqtGVj0BqjvNP8YhfZ-qRJHOGH4nkLovJSeSm65J69qU1w\/messages\/@.id==AOZJyAoAABsCWNbBCQw1ALdvjnU\/content\/parts\/@.id==2.2\/raw?appid=YahooMailNeo&ymreqid=75946bd1-f6ea-c920-014d-060048010000&token=zitEzqOML3j84e6ealFTT5U7-km5qEQF52lp7AcCuBbEQ-oUiIOY-vg8FEWDYwutAMcf6V7e_ZVdafboCGQAzfutK69hUCeFyhzZ_EQWrIROG87BJ_cnZtxJMFC4LO1L 1.5x"},"classes":[]},{"id":10564,"url":"http:\/\/www.fabriceeulry-laboutique.com\/blog\/?p=10564","url_meta":{"origin":8101,"position":4},"title":"HIGELIN ET LANCELOT, CHEVALIERS DU PIANO STRIDE","author":"Le Canard du pianiste","date":"8 avril 2018","format":false,"excerpt":"Par Fabrice EULRY \u00a0 \u00a0Ce qui r\u00e9unit ces deux pianistes aux parcours si diff\u00e9rents, est moins leurs d\u00e9c\u00e8s rapproch\u00e9s ou leurs noms si d\u00e9licieusement m\u00e9di\u00e9vaux, mais le fait qu'ils aient \u00e9t\u00e9 parmi les rares pianistes fran\u00e7ais \u00e0 cultiver le piano stride. \u00a0 Cette forme pianistique venant d'Harlem, consistant \u00e0 s'accompagner\u2026","rel":"","context":"Dans &quot;Non class\u00e9&quot;","block_context":{"text":"Non class\u00e9","link":"http:\/\/www.fabriceeulry-laboutique.com\/blog\/?cat=1"},"img":{"alt_text":"","src":"https:\/\/i0.wp.com\/www.fabriceeulry-laboutique.com\/blog\/wp-content\/uploads\/2018\/04\/fats.png?resize=350%2C200","width":350,"height":200},"classes":[]},{"id":11692,"url":"http:\/\/www.fabriceeulry-laboutique.com\/blog\/?p=11692","url_meta":{"origin":8101,"position":5},"title":"L&rsquo;HISTOIRE DU BLUES \u00c0 L&rsquo;\u00c9COLE","author":"Le Canard du pianiste","date":"16 mars 2019","format":false,"excerpt":"Le g\u00e9nial Buddy Guy Fabrice Eulry offrait ce 11 mars deux conf\u00e9rences-concerts \u00e0 l'\u00e9cole primaire Ars\u00e8ne Ratier de Bozouls : tout\u00a0d'abord\u00a0pour\u00a0les\u00a0\"grands\"\u00a0du\u00a0CM1\u00a0au\u00a0CM2\u00a0puis\u00a0pour\u00a0les\u00a0tout\u00a0petits\u00a0maternelle\u00a0CP\u00a0CE1 CE2\u00a0en\u00a0version\u00a0plus\u00a0courte\u00a0et\u00a0expurg\u00e9e.\u00a0 Mais, \u00e0 chaque fois, il raconte cette m\u00eame histoire en l'adaptant \u00e0 ses jeunes publics, cette m\u00eame histoire incroyable qui commence par la d\u00e9portation, le d\u00e9racinement, l'esclavage,\u00a0et\u00a0mute\u00a0dans\u00a0la\u00a0r\u00e9silience\u00a0qu'offre\u00a0la\u00a0musique. Des\u2026","rel":"","context":"Dans &quot;Non class\u00e9&quot;","block_context":{"text":"Non class\u00e9","link":"http:\/\/www.fabriceeulry-laboutique.com\/blog\/?cat=1"},"img":{"alt_text":"","src":"https:\/\/i0.wp.com\/www.fabriceeulry-laboutique.com\/blog\/wp-content\/uploads\/2019\/03\/Blues-%C3%A0-l%C3%A9cole-6.png?resize=350%2C200","width":350,"height":200},"classes":[]}],"_links":{"self":[{"href":"http:\/\/www.fabriceeulry-laboutique.com\/blog\/index.php?rest_route=\/wp\/v2\/posts\/8101","targetHints":{"allow":["GET"]}}],"collection":[{"href":"http:\/\/www.fabriceeulry-laboutique.com\/blog\/index.php?rest_route=\/wp\/v2\/posts"}],"about":[{"href":"http:\/\/www.fabriceeulry-laboutique.com\/blog\/index.php?rest_route=\/wp\/v2\/types\/post"}],"author":[{"embeddable":true,"href":"http:\/\/www.fabriceeulry-laboutique.com\/blog\/index.php?rest_route=\/wp\/v2\/users\/2"}],"replies":[{"embeddable":true,"href":"http:\/\/www.fabriceeulry-laboutique.com\/blog\/index.php?rest_route=%2Fwp%2Fv2%2Fcomments&post=8101"}],"version-history":[{"count":4,"href":"http:\/\/www.fabriceeulry-laboutique.com\/blog\/index.php?rest_route=\/wp\/v2\/posts\/8101\/revisions"}],"predecessor-version":[{"id":8279,"href":"http:\/\/www.fabriceeulry-laboutique.com\/blog\/index.php?rest_route=\/wp\/v2\/posts\/8101\/revisions\/8279"}],"wp:attachment":[{"href":"http:\/\/www.fabriceeulry-laboutique.com\/blog\/index.php?rest_route=%2Fwp%2Fv2%2Fmedia&parent=8101"}],"wp:term":[{"taxonomy":"category","embeddable":true,"href":"http:\/\/www.fabriceeulry-laboutique.com\/blog\/index.php?rest_route=%2Fwp%2Fv2%2Fcategories&post=8101"},{"taxonomy":"post_tag","embeddable":true,"href":"http:\/\/www.fabriceeulry-laboutique.com\/blog\/index.php?rest_route=%2Fwp%2Fv2%2Ftags&post=8101"}],"curies":[{"name":"wp","href":"https:\/\/api.w.org\/{rel}","templated":true}]}}