{"id":8113,"date":"2016-02-09T23:23:48","date_gmt":"2016-02-09T23:23:48","guid":{"rendered":"http:\/\/www.fabriceeulry-laboutique.com\/blog\/?p=8113"},"modified":"2016-02-09T23:35:42","modified_gmt":"2016-02-09T23:35:42","slug":"8113","status":"publish","type":"post","link":"http:\/\/www.fabriceeulry-laboutique.com\/blog\/?p=8113","title":{"rendered":"LA RESTAURATION D&rsquo;ANZY LE DUC"},"content":{"rendered":"<p style=\"text-align: center;\"><span style=\"color: #000000;\"><strong>Les vitraux originaux ayant \u00e9t\u00e9 <a href=\"http:\/\/www.fabriceeulry-laboutique.com\/blog\/?p=8067\">sauv\u00e9s<\/a> d&rsquo;un projet de remplacement fa\u00e7on art comptant pour rien, la restauration des fresques peut maintenant \u00eatre envisag\u00e9e avec s\u00e9r\u00e9nit\u00e9 :<\/strong><\/span><\/p>\n<p style=\"text-align: center;\"><a href=\"https:\/\/i0.wp.com\/www.fabriceeulry-laboutique.com\/blog\/wp-content\/uploads\/2016\/02\/anzy-6-.jpg\"><img data-recalc-dims=\"1\" loading=\"lazy\" decoding=\"async\" class=\"aligncenter size-full wp-image-8121\" src=\"https:\/\/i0.wp.com\/www.fabriceeulry-laboutique.com\/blog\/wp-content\/uploads\/2016\/02\/anzy-6-.jpg?resize=640%2C463\" alt=\"anzy 6\" width=\"640\" height=\"463\" srcset=\"https:\/\/i0.wp.com\/www.fabriceeulry-laboutique.com\/blog\/wp-content\/uploads\/2016\/02\/anzy-6-.jpg?w=674 674w, https:\/\/i0.wp.com\/www.fabriceeulry-laboutique.com\/blog\/wp-content\/uploads\/2016\/02\/anzy-6-.jpg?resize=300%2C217 300w\" sizes=\"auto, (max-width: 640px) 100vw, 640px\" \/><\/a><\/p>\n<p style=\"text-align: center;\"><span style=\"color: #000000;\"><strong><em>(Cliquez sur la fresque pour lire la suite)<\/em><\/strong><\/span><\/p>\n<p><a href=\"https:\/\/www.fondation-patrimoine.org\/fr\/bourgogne-5\/tous-les-projets-292\/detail-eglise-a-anzy-le-duc-41757\"><img data-recalc-dims=\"1\" loading=\"lazy\" decoding=\"async\" class=\"aligncenter size-full wp-image-8114\" src=\"https:\/\/i0.wp.com\/www.fabriceeulry-laboutique.com\/blog\/wp-content\/uploads\/2016\/02\/anzy-1-.jpg?resize=623%2C424\" alt=\"anzy 1\" width=\"623\" height=\"424\" srcset=\"https:\/\/i0.wp.com\/www.fabriceeulry-laboutique.com\/blog\/wp-content\/uploads\/2016\/02\/anzy-1-.jpg?w=623 623w, https:\/\/i0.wp.com\/www.fabriceeulry-laboutique.com\/blog\/wp-content\/uploads\/2016\/02\/anzy-1-.jpg?resize=300%2C204 300w\" sizes=\"auto, (max-width: 623px) 100vw, 623px\" \/><\/a><\/p>\n<p><a href=\"https:\/\/i0.wp.com\/www.fabriceeulry-laboutique.com\/blog\/wp-content\/uploads\/2016\/02\/anzy-2-.jpg\"><img data-recalc-dims=\"1\" loading=\"lazy\" decoding=\"async\" class=\"aligncenter size-full wp-image-8115\" src=\"https:\/\/i0.wp.com\/www.fabriceeulry-laboutique.com\/blog\/wp-content\/uploads\/2016\/02\/anzy-2-.jpg?resize=630%2C423\" alt=\"anzy 2\" width=\"630\" height=\"423\" srcset=\"https:\/\/i0.wp.com\/www.fabriceeulry-laboutique.com\/blog\/wp-content\/uploads\/2016\/02\/anzy-2-.jpg?w=630 630w, https:\/\/i0.wp.com\/www.fabriceeulry-laboutique.com\/blog\/wp-content\/uploads\/2016\/02\/anzy-2-.jpg?resize=300%2C201 300w\" sizes=\"auto, (max-width: 630px) 100vw, 630px\" \/><\/a><a href=\"https:\/\/i0.wp.com\/www.fabriceeulry-laboutique.com\/blog\/wp-content\/uploads\/2016\/02\/anzy-3-.jpg\"><img data-recalc-dims=\"1\" loading=\"lazy\" decoding=\"async\" class=\"aligncenter size-full wp-image-8116\" src=\"https:\/\/i0.wp.com\/www.fabriceeulry-laboutique.com\/blog\/wp-content\/uploads\/2016\/02\/anzy-3-.jpg?resize=502%2C521\" alt=\"anzy 3\" width=\"502\" height=\"521\" srcset=\"https:\/\/i0.wp.com\/www.fabriceeulry-laboutique.com\/blog\/wp-content\/uploads\/2016\/02\/anzy-3-.jpg?w=502 502w, https:\/\/i0.wp.com\/www.fabriceeulry-laboutique.com\/blog\/wp-content\/uploads\/2016\/02\/anzy-3-.jpg?resize=289%2C300 289w, https:\/\/i0.wp.com\/www.fabriceeulry-laboutique.com\/blog\/wp-content\/uploads\/2016\/02\/anzy-3-.jpg?resize=300%2C311 300w\" sizes=\"auto, (max-width: 502px) 100vw, 502px\" \/><\/a><\/p>\n<h2 style=\"text-align: center;\"><span style=\"color: #000000;\">Enseignez l&rsquo;histoire de France avec des chansons, de l&rsquo;humour et l&rsquo;esprit l\u00e9ger et positif !<\/span><\/h2>\n<h2 style=\"text-align: center;\"><span style=\"color: #000000;\"><a style=\"color: #000000;\" href=\"http:\/\/www.fabriceeulry.com\/discographie.html\"><img data-recalc-dims=\"1\" decoding=\"async\" src=\"https:\/\/i0.wp.com\/www.fabriceeulry.com\/images\/livre_disque\/histoire_de_france.jpg?w=100\" alt=\"\"  \/><\/a>\u00a0Un livre illustr\u00e9 cousu-coll\u00e9 et avec un disque d&rsquo;une heure vingt.<\/span><\/h2>\n<p style=\"text-align: center;\" align=\"center\"><span style=\"color: #000000;\"><strong>\u00a0DISPONIBLE EN LIBRAIRIES !<\/strong><\/span><\/p>\n<p style=\"text-align: center;\" align=\"center\"><span style=\"color: #000000;\"><strong>&#8211; Librairie Notre-Dame de France 21 rue Monge 75005 Paris. Ouverte de 15h \u00e0 19h. les lundi et de 10h.30 \u00e0 19h. du mardi\u00a0au samedi<\/strong><\/span><\/p>\n<p style=\"text-align: center;\" align=\"center\"><span style=\"color: #000000;\"><strong>&#8211; Librairie 38 rue Belgrand Paris XX \u00e8me<\/strong><\/span><\/p>\n<p style=\"text-align: center;\" align=\"center\"><span style=\"color: #000000;\"><strong>&#8211; Office du tourisme de Cluny, Sa\u00f4ne et Loire<\/strong><\/span><\/p>\n<p style=\"text-align: center;\" align=\"center\"><span style=\"color: #000000;\"><strong><a style=\"color: #000000;\" href=\"http:\/\/www.herodote.net\/\">www.herodote.net<\/a><\/strong><\/span><\/p>\n<p style=\"text-align: center;\" align=\"center\"><span style=\"color: #000000;\"><strong>Toute l&rsquo;histoire de France en 1h.20 en r\u00e9cit et chansons originales de Fabrice Eulry\u00a0<a style=\"color: #000000;\" title=\"L'histoire de france en chantant\" href=\"http:\/\/fabriceeulryunblogfr.unblog.fr\/files\/2009\/07\/cdcdcdgrand.bmp\"><img loading=\"lazy\" decoding=\"async\" src=\"http:\/\/fabriceeulryunblogfr.unblog.fr\/files\/2009\/07\/cdcdcdgrand.bmp\" alt=\"L'histoire de france en chantant\" width=\"128\" height=\"80\" \/><\/a>\u00a0<\/strong><\/span><\/p>\n<p style=\"text-align: center;\" align=\"center\"><span style=\"color: #000000;\"><strong>Et bien entendu sur le site\u00a0<\/strong><\/span><\/p>\n<p style=\"text-align: center;\" align=\"center\"><span style=\"color: #000000;\"><a style=\"color: #000000;\" href=\"http:\/\/www.fabriceeulry.com\/discographie.html#ld\">http:\/\/www.fabriceeulry.com\/discographie.html#ld<\/a><\/span><\/p>\n<p>&nbsp;<\/p>\n","protected":false},"excerpt":{"rendered":"<p>Les vitraux originaux ayant \u00e9t\u00e9 sauv\u00e9s d&rsquo;un projet de remplacement fa\u00e7on art comptant pour rien, la restauration des fresques peut maintenant \u00eatre envisag\u00e9e avec s\u00e9r\u00e9nit\u00e9 : (Cliquez sur la fresque pour lire la suite) Enseignez l&rsquo;histoire de France avec des &hellip; <a href=\"http:\/\/www.fabriceeulry-laboutique.com\/blog\/?p=8113\">Continuer la lecture <span class=\"meta-nav\">&rarr;<\/span><\/a><\/p>\n","protected":false},"author":2,"featured_media":0,"comment_status":"open","ping_status":"open","sticky":false,"template":"","format":"standard","meta":{"jetpack_post_was_ever_published":false,"_jetpack_newsletter_access":"","_jetpack_dont_email_post_to_subs":false,"_jetpack_newsletter_tier_id":0,"_jetpack_memberships_contains_paywalled_content":false,"_jetpack_memberships_contains_paid_content":false,"footnotes":"","jetpack_publicize_message":"","jetpack_publicize_feature_enabled":true,"jetpack_social_post_already_shared":true,"jetpack_social_options":{"image_generator_settings":{"template":"highway","default_image_id":0,"font":"","enabled":false},"version":2}},"categories":[1],"tags":[],"class_list":["post-8113","post","type-post","status-publish","format-standard","hentry","category-non-classe"],"jetpack_publicize_connections":[],"jetpack_featured_media_url":"","jetpack_sharing_enabled":true,"jetpack_shortlink":"https:\/\/wp.me\/s2D6dI-8113","jetpack_likes_enabled":true,"jetpack-related-posts":[{"id":9133,"url":"http:\/\/www.fabriceeulry-laboutique.com\/blog\/?p=9133","url_meta":{"origin":8113,"position":0},"title":"CONCERT DE GOSPEL POUR LA RESTAURATION D&rsquo;UNE EGLISE ROMANE","author":"Le Canard du pianiste","date":"14 janvier 2017","format":false,"excerpt":"Trois concerts pour commencer de financer un tel projet, et pour sensibiliser... Ce n'est pas la premi\u00e8re fois que cette d\u00e9marche s'av\u00e8re efficace. Souvenez-vous du duo Claude Bolling-Fabrice Eulry\u00a0(cliquez sur l'image des comp\u00e8res pour lire cet ancien article du Canard du pianiste)\u00a0qui lan\u00e7a la restauration de la Chapelle Saint-Joseph de\u2026","rel":"","context":"Dans &quot;Non class\u00e9&quot;","block_context":{"text":"Non class\u00e9","link":"http:\/\/www.fabriceeulry-laboutique.com\/blog\/?cat=1"},"img":{"alt_text":"","src":"https:\/\/i0.wp.com\/www.fabriceeulry-laboutique.com\/blog\/wp-content\/uploads\/2017\/01\/jos.png?resize=350%2C200","width":350,"height":200,"srcset":"https:\/\/i0.wp.com\/www.fabriceeulry-laboutique.com\/blog\/wp-content\/uploads\/2017\/01\/jos.png?resize=350%2C200 1x, https:\/\/i0.wp.com\/www.fabriceeulry-laboutique.com\/blog\/wp-content\/uploads\/2017\/01\/jos.png?resize=525%2C300 1.5x"},"classes":[]},{"id":9959,"url":"http:\/\/www.fabriceeulry-laboutique.com\/blog\/?p=9959","url_meta":{"origin":8113,"position":1},"title":"CONCERT DE NO\u00cbL : OBJECTIF ATTEINT POUR LA RESTAURATION DE L&rsquo;\u00c9GLISE ROMANE","author":"Le Canard du pianiste","date":"17 d\u00e9cembre 2017","format":false,"excerpt":"Merci d'\u00eatre venus nombreux nous aider \u00e0 restaurer son toit en \u00e9coutant les classiques de No\u00ebl dans l'atmosph\u00e8re chaleureuse de cette petite \u00e9glise romane de l'an Mille, construite \u00e0 mi-chemin entre nous et l'\u00e9v\u00e8nement que sa cr\u00e8che c\u00e9l\u00e8bre.\u00a0 Gr\u00e2ce \u00e0 votre pr\u00e9sence et \u00e0 votre contribution, la somme qui manquait\u2026","rel":"","context":"Dans &quot;Non class\u00e9&quot;","block_context":{"text":"Non class\u00e9","link":"http:\/\/www.fabriceeulry-laboutique.com\/blog\/?cat=1"},"img":{"alt_text":"roman","src":"https:\/\/i0.wp.com\/www.fabriceeulry-laboutique.com\/blog\/wp-content\/uploads\/2017\/01\/roman.png?resize=350%2C200","width":350,"height":200},"classes":[]},{"id":11801,"url":"http:\/\/www.fabriceeulry-laboutique.com\/blog\/?p=11801","url_meta":{"origin":8113,"position":2},"title":"CONCERT POUR LA RESTAURATION DE L&rsquo;ORGUE (DE NOTRE-DAME)","author":"Le Canard du pianiste","date":"27 avril 2019","format":false,"excerpt":"Alain Chanu, pr\u00e9sident de l'association La Fl\u00e8che propose un concert dans le Nord \u00e0 Templeuve le 7 juillet prochain et nous explique o\u00f9 irons les \u00e9ventuels b\u00e9n\u00e9fices. \"Une (relativement) bonne nouvelle : l\u2019orgue de Notre Dame serait sauv\u00e9. Epargn\u00e9 par l\u2019incendie, il a cependant pris l\u2019eau et la suie et\u2026","rel":"","context":"Dans &quot;Non class\u00e9&quot;","block_context":{"text":"Non class\u00e9","link":"http:\/\/www.fabriceeulry-laboutique.com\/blog\/?cat=1"},"img":{"alt_text":"","src":"https:\/\/i0.wp.com\/www.fabriceeulry-laboutique.com\/blog\/wp-content\/uploads\/2019\/04\/nd1.png?resize=350%2C200","width":350,"height":200,"srcset":"https:\/\/i0.wp.com\/www.fabriceeulry-laboutique.com\/blog\/wp-content\/uploads\/2019\/04\/nd1.png?resize=350%2C200 1x, https:\/\/i0.wp.com\/www.fabriceeulry-laboutique.com\/blog\/wp-content\/uploads\/2019\/04\/nd1.png?resize=525%2C300 1.5x, https:\/\/i0.wp.com\/www.fabriceeulry-laboutique.com\/blog\/wp-content\/uploads\/2019\/04\/nd1.png?resize=700%2C400 2x, https:\/\/i0.wp.com\/www.fabriceeulry-laboutique.com\/blog\/wp-content\/uploads\/2019\/04\/nd1.png?resize=1050%2C600 3x"},"classes":[]},{"id":13142,"url":"http:\/\/www.fabriceeulry-laboutique.com\/blog\/?p=13142","url_meta":{"origin":8113,"position":3},"title":"SUIVEZ LA FL\u00c8CHE !","author":"Le Canard du pianiste","date":"6 d\u00e9cembre 2024","format":false,"excerpt":"On se souvient du concert pour la restauration de l'orgue de Notre-dame de Paris en 2019, que La Fl\u00e8che avait organis\u00e9 \u00e0 l'\u00e9poque. L'association nordiste cette ann\u00e9e, propose un r\u00e9cital de No\u00ebl !","rel":"","context":"Dans &quot;Non class\u00e9&quot;","block_context":{"text":"Non class\u00e9","link":"http:\/\/www.fabriceeulry-laboutique.com\/blog\/?cat=1"},"img":{"alt_text":"","src":"https:\/\/i0.wp.com\/www.fabriceeulry-laboutique.com\/blog\/wp-content\/uploads\/2024\/12\/Affiche-Templeuve-13122024-1.png?resize=350%2C200","width":350,"height":200,"srcset":"https:\/\/i0.wp.com\/www.fabriceeulry-laboutique.com\/blog\/wp-content\/uploads\/2024\/12\/Affiche-Templeuve-13122024-1.png?resize=350%2C200 1x, https:\/\/i0.wp.com\/www.fabriceeulry-laboutique.com\/blog\/wp-content\/uploads\/2024\/12\/Affiche-Templeuve-13122024-1.png?resize=525%2C300 1.5x, https:\/\/i0.wp.com\/www.fabriceeulry-laboutique.com\/blog\/wp-content\/uploads\/2024\/12\/Affiche-Templeuve-13122024-1.png?resize=700%2C400 2x, https:\/\/i0.wp.com\/www.fabriceeulry-laboutique.com\/blog\/wp-content\/uploads\/2024\/12\/Affiche-Templeuve-13122024-1.png?resize=1050%2C600 3x"},"classes":[]},{"id":9784,"url":"http:\/\/www.fabriceeulry-laboutique.com\/blog\/?p=9784","url_meta":{"origin":8113,"position":4},"title":"UN CONCERT DE NO\u00cbL POUR LA RESTAURATION D&rsquo;UNE \u00c9GLISE","author":"Le Canard du pianiste","date":"25 octobre 2017","format":false,"excerpt":"Venez nombreux nous aider \u00e0 restaurer son toit en \u00e9coutant les classiques de No\u00ebl dans l'atmosph\u00e8re chaleureuse de cette petite \u00e9glise romane de l'an Mille, construite \u00e0 mi-chemin entre nous et l'\u00e9v\u00e8nement que sa cr\u00e8che c\u00e9l\u00e8brera. Commandez-le vite (tirage limit\u00e9) cliquez sur l'image pour \u00e9couter un extrait.","rel":"","context":"Dans &quot;Non class\u00e9&quot;","block_context":{"text":"Non class\u00e9","link":"http:\/\/www.fabriceeulry-laboutique.com\/blog\/?cat=1"},"img":{"alt_text":"","src":"https:\/\/i0.wp.com\/www.fabriceeulry-laboutique.com\/blog\/wp-content\/uploads\/2017\/10\/chidno.png?resize=350%2C200","width":350,"height":200},"classes":[]},{"id":7956,"url":"http:\/\/www.fabriceeulry-laboutique.com\/blog\/?p=7956","url_meta":{"origin":8113,"position":5},"title":"LE GRAND NOEL DE LA PERLE DE L&rsquo;ANTIQUITE","author":"Le Canard du pianiste","date":"24 d\u00e9cembre 2015","format":false,"excerpt":"L'Ermitage pr\u00e9pare le restauration des monuments de Palmyre : Le Canard du pianiste a\u00a0alert\u00e9 plusieurs fois sur les destructions de cette merveilleuse capitale antique mais aussi de la tentative de destruction de ce qu'elle repr\u00e9sente. La fondation R\u00e9sonnance Rome est heureuse de compter son bienfaiteur comme partie prenante des projets\u2026","rel":"","context":"Dans &quot;Non class\u00e9&quot;","block_context":{"text":"Non class\u00e9","link":"http:\/\/www.fabriceeulry-laboutique.com\/blog\/?cat=1"},"img":{"alt_text":"bel","src":"https:\/\/i0.wp.com\/www.fabriceeulry-laboutique.com\/blog\/wp-content\/uploads\/2015\/08\/bel-.jpg?resize=350%2C200","width":350,"height":200,"srcset":"https:\/\/i0.wp.com\/www.fabriceeulry-laboutique.com\/blog\/wp-content\/uploads\/2015\/08\/bel-.jpg?resize=350%2C200 1x, https:\/\/i0.wp.com\/www.fabriceeulry-laboutique.com\/blog\/wp-content\/uploads\/2015\/08\/bel-.jpg?resize=525%2C300 1.5x, https:\/\/i0.wp.com\/www.fabriceeulry-laboutique.com\/blog\/wp-content\/uploads\/2015\/08\/bel-.jpg?resize=700%2C400 2x"},"classes":[]}],"_links":{"self":[{"href":"http:\/\/www.fabriceeulry-laboutique.com\/blog\/index.php?rest_route=\/wp\/v2\/posts\/8113","targetHints":{"allow":["GET"]}}],"collection":[{"href":"http:\/\/www.fabriceeulry-laboutique.com\/blog\/index.php?rest_route=\/wp\/v2\/posts"}],"about":[{"href":"http:\/\/www.fabriceeulry-laboutique.com\/blog\/index.php?rest_route=\/wp\/v2\/types\/post"}],"author":[{"embeddable":true,"href":"http:\/\/www.fabriceeulry-laboutique.com\/blog\/index.php?rest_route=\/wp\/v2\/users\/2"}],"replies":[{"embeddable":true,"href":"http:\/\/www.fabriceeulry-laboutique.com\/blog\/index.php?rest_route=%2Fwp%2Fv2%2Fcomments&post=8113"}],"version-history":[{"count":4,"href":"http:\/\/www.fabriceeulry-laboutique.com\/blog\/index.php?rest_route=\/wp\/v2\/posts\/8113\/revisions"}],"predecessor-version":[{"id":8123,"href":"http:\/\/www.fabriceeulry-laboutique.com\/blog\/index.php?rest_route=\/wp\/v2\/posts\/8113\/revisions\/8123"}],"wp:attachment":[{"href":"http:\/\/www.fabriceeulry-laboutique.com\/blog\/index.php?rest_route=%2Fwp%2Fv2%2Fmedia&parent=8113"}],"wp:term":[{"taxonomy":"category","embeddable":true,"href":"http:\/\/www.fabriceeulry-laboutique.com\/blog\/index.php?rest_route=%2Fwp%2Fv2%2Fcategories&post=8113"},{"taxonomy":"post_tag","embeddable":true,"href":"http:\/\/www.fabriceeulry-laboutique.com\/blog\/index.php?rest_route=%2Fwp%2Fv2%2Ftags&post=8113"}],"curies":[{"name":"wp","href":"https:\/\/api.w.org\/{rel}","templated":true}]}}