{"id":8146,"date":"2016-02-20T19:22:43","date_gmt":"2016-02-20T19:22:43","guid":{"rendered":"http:\/\/www.fabriceeulry-laboutique.com\/blog\/?p=8146"},"modified":"2018-12-12T02:33:30","modified_gmt":"2018-12-12T02:33:30","slug":"un-excellent-article-sur-letat-de-la-syrie","status":"publish","type":"post","link":"http:\/\/www.fabriceeulry-laboutique.com\/blog\/?p=8146","title":{"rendered":"UN EXCELLENT ARTICLE SUR L&rsquo;ETAT DE LA SYRIE"},"content":{"rendered":"<h2 style=\"text-align: center;\"><span style=\"color: #000000;\"><b>Quand je me suis rendu en Syrie en ao\u00fbt, je ne soup\u00e7onnais pas que l&rsquo;histoire de ce malheureux pays se trouvait \u00e0 un tournant.<\/b><\/span><\/h2>\n<h2 style=\"text-align: center;\"><span style=\"color: #000000;\"><b>Le spectacle des embouteillages de Damas, des restaurants de bord de mer pleins \u00e0 Lattaqui\u00e9, la visite du krak des Chevaliers aujourd&rsquo;hui s\u00e9curis\u00e9, ne laissent pas imaginer l&rsquo;ampleur de la trag\u00e9die que la Syrie traverse. Elle se r\u00e9sume \u00e0 quelques chiffres forc\u00e9ment approximatifs : il est en effet difficile de faire des comptes exacts tant les propagandes crois\u00e9es obscurcissent le d\u00e9bat.<\/b><\/span><\/h2>\n<h2 style=\"text-align: center;\"><\/h2>\n<h2 style=\"text-align: center;\"><span style=\"color: #000000;\"><strong><i>Une trag\u00e9die<\/i><\/strong><\/span><\/h2>\n<h2 style=\"text-align: center;\"><\/h2>\n<h2 style=\"text-align: center;\"><span style=\"color: #000000;\"><strong>Depuis 2011, d\u00e9but de la guerre civile &#8211; une guerre aujourd&rsquo;hui largement internationalis\u00e9e &#8211; la population du pays aurait fondu de 23 \u00e0 seulement 16 millions d&rsquo;habitants<\/strong><\/span><\/h2>\n<p style=\"text-align: center;\"><span style=\"color: #000000;\"><em>Cliquer sur la bougie pour lire la suite<\/em><\/span><\/p>\n<p style=\"text-align: center;\"><a href=\"http:\/\/www.libertepolitique.com\/Actualite\/Decryptage\/Le-drame-Syrien-Une-Lueur-d-espoir\"><img data-recalc-dims=\"1\" loading=\"lazy\" decoding=\"async\" class=\"aligncenter size-full wp-image-8147\" src=\"https:\/\/i0.wp.com\/www.fabriceeulry-laboutique.com\/blog\/wp-content\/uploads\/2016\/02\/bougie-.jpg?resize=567%2C313\" alt=\"bougie\" width=\"567\" height=\"313\" srcset=\"https:\/\/i0.wp.com\/www.fabriceeulry-laboutique.com\/blog\/wp-content\/uploads\/2016\/02\/bougie-.jpg?w=567 567w, https:\/\/i0.wp.com\/www.fabriceeulry-laboutique.com\/blog\/wp-content\/uploads\/2016\/02\/bougie-.jpg?resize=300%2C166 300w\" sizes=\"auto, (max-width: 567px) 100vw, 567px\" \/><\/a><\/p>\n<h2 style=\"text-align: center;\"><span style=\"color: #000000;\"><strong>Pr\u00e9c\u00e9dents articles sur le sujet :<\/strong><\/span><\/h2>\n<h2 style=\"text-align: center;\"><span style=\"color: #000000;\"><strong>Daech \u00a0pr\u00e8s de l&#8217;emporter, une d\u00e9put\u00e9e syrienne t\u00e9moigne :<\/strong><\/span><\/h2>\n<p style=\"text-align: center;\"><a style=\"color: #000000;\" href=\"http:\/\/www.fabriceeulry-laboutique.com\/blog\/?p=6855\"><img data-recalc-dims=\"1\" loading=\"lazy\" decoding=\"async\" class=\"aligncenter size-full wp-image-6858\" title=\"syrienne\" src=\"https:\/\/i0.wp.com\/www.fabriceeulry-laboutique.com\/blog\/wp-content\/uploads\/2015\/05\/syrienne-.jpg?resize=570%2C506\" alt=\"\" width=\"570\" height=\"506\" srcset=\"https:\/\/i0.wp.com\/www.fabriceeulry-laboutique.com\/blog\/wp-content\/uploads\/2015\/05\/syrienne-.jpg?w=570 570w, https:\/\/i0.wp.com\/www.fabriceeulry-laboutique.com\/blog\/wp-content\/uploads\/2015\/05\/syrienne-.jpg?resize=300%2C266 300w\" sizes=\"auto, (max-width: 570px) 100vw, 570px\" \/><\/a><\/p>\n<h2 style=\"text-align: center;\"><span style=\"color: #000000;\"><strong>Quel sc\u00e9nario apr\u00e8s la prise de Palmyre ?<\/strong><\/span><\/h2>\n<p style=\"text-align: center;\"><a style=\"color: #000000;\" href=\"http:\/\/www.fabriceeulry-laboutique.com\/blog\/?p=6964\"><img data-recalc-dims=\"1\" loading=\"lazy\" decoding=\"async\" title=\"pal\" src=\"https:\/\/i0.wp.com\/www.fabriceeulry-laboutique.com\/blog\/wp-content\/uploads\/2015\/05\/pal-.jpg?resize=623%2C681\" alt=\"\" width=\"623\" height=\"681\" \/><\/a><\/p>\n","protected":false},"excerpt":{"rendered":"<p>Quand je me suis rendu en Syrie en ao\u00fbt, je ne soup\u00e7onnais pas que l&rsquo;histoire de ce malheureux pays se trouvait \u00e0 un tournant. Le spectacle des embouteillages de Damas, des restaurants de bord de mer pleins \u00e0 Lattaqui\u00e9, la &hellip; <a href=\"http:\/\/www.fabriceeulry-laboutique.com\/blog\/?p=8146\">Continuer la lecture <span class=\"meta-nav\">&rarr;<\/span><\/a><\/p>\n","protected":false},"author":2,"featured_media":0,"comment_status":"open","ping_status":"open","sticky":false,"template":"","format":"standard","meta":{"jetpack_post_was_ever_published":false,"_jetpack_newsletter_access":"","_jetpack_dont_email_post_to_subs":true,"_jetpack_newsletter_tier_id":0,"_jetpack_memberships_contains_paywalled_content":false,"_jetpack_memberships_contains_paid_content":false,"footnotes":"","jetpack_publicize_message":"","jetpack_publicize_feature_enabled":true,"jetpack_social_post_already_shared":true,"jetpack_social_options":{"image_generator_settings":{"template":"highway","default_image_id":0,"font":"","enabled":false},"version":2}},"categories":[1],"tags":[29],"class_list":["post-8146","post","type-post","status-publish","format-standard","hentry","category-non-classe","tag-patrimoine"],"jetpack_publicize_connections":[],"jetpack_featured_media_url":"","jetpack_sharing_enabled":true,"jetpack_shortlink":"https:\/\/wp.me\/p2D6dI-27o","jetpack_likes_enabled":true,"jetpack-related-posts":[{"id":3270,"url":"http:\/\/www.fabriceeulry-laboutique.com\/blog\/?p=3270","url_meta":{"origin":8146,"position":0},"title":"FABRICE EULRY EN TOURNEE EN SYRIE !","author":"Le Canard du pianiste","date":"10 septembre 2013","format":false,"excerpt":"\u00a0 \"Nous arrivons du Liban et la route est longue : 16 contr\u00f4les entre Beyrouth et Baalbek. Autant que pendant les trois jours pass\u00e9s \u00e0 Beyrouth. l'arm\u00e9e libanaise \u00e9quip\u00e9e par la Syrie et l'arm\u00e9e syrienne ont le m\u00eame uniforme. Amine me montre comment les distinguer par un d\u00e9tail. Je m'amuse\u2026","rel":"","context":"Dans &quot;Non class\u00e9&quot;","block_context":{"text":"Non class\u00e9","link":"http:\/\/www.fabriceeulry-laboutique.com\/blog\/?cat=1"},"img":{"alt_text":"","src":"https:\/\/i0.wp.com\/www.fabriceeulry-laboutique.com\/blog\/wp-content\/uploads\/2013\/09\/Capture-d%E2%80%99%C3%A9cran-2013-09-10-%C3%A0-02.11.25.jpg?resize=350%2C200","width":350,"height":200,"srcset":"https:\/\/i0.wp.com\/www.fabriceeulry-laboutique.com\/blog\/wp-content\/uploads\/2013\/09\/Capture-d%E2%80%99%C3%A9cran-2013-09-10-%C3%A0-02.11.25.jpg?resize=350%2C200 1x, https:\/\/i0.wp.com\/www.fabriceeulry-laboutique.com\/blog\/wp-content\/uploads\/2013\/09\/Capture-d%E2%80%99%C3%A9cran-2013-09-10-%C3%A0-02.11.25.jpg?resize=525%2C300 1.5x"},"classes":[]},{"id":6964,"url":"http:\/\/www.fabriceeulry-laboutique.com\/blog\/?p=6964","url_meta":{"origin":8146,"position":1},"title":"QUEL SCENARIO APRES LA PRISE DE PALMYRE PAR DAESH ?","author":"Le Canard du pianiste","date":"24 mai 2015","format":false,"excerpt":"\u00a0Daesh a pris le joyaux de l'humanit\u00e9 le jeudi 20 mai 2015. \u00a0L'ent\u00eatement des puissances (dont le gouvernement qui administre la France) \u00e0 ne pas reconna\u00eetre ses erreurs en ayant persist\u00e9 dans le refus d'aider la Syrie \u00e0 se d\u00e9fendre contre les Djihadistes, voire en ayant aid\u00e9 ceux-ci \u00e0 s'armer,\u2026","rel":"","context":"Dans &quot;Non class\u00e9&quot;","block_context":{"text":"Non class\u00e9","link":"http:\/\/www.fabriceeulry-laboutique.com\/blog\/?cat=1"},"img":{"alt_text":"","src":"https:\/\/i0.wp.com\/www.fabriceeulry-laboutique.com\/blog\/wp-content\/uploads\/2015\/05\/pal-.jpg?resize=350%2C200","width":350,"height":200,"srcset":"https:\/\/i0.wp.com\/www.fabriceeulry-laboutique.com\/blog\/wp-content\/uploads\/2015\/05\/pal-.jpg?resize=350%2C200 1x, https:\/\/i0.wp.com\/www.fabriceeulry-laboutique.com\/blog\/wp-content\/uploads\/2015\/05\/pal-.jpg?resize=525%2C300 1.5x"},"classes":[]},{"id":6557,"url":"http:\/\/www.fabriceeulry-laboutique.com\/blog\/?p=6557","url_meta":{"origin":8146,"position":2},"title":"LA GUERRE","author":"Le Canard du pianiste","date":"16 mars 2015","format":false,"excerpt":"La situation en Syrie\u00a0par une personne qui est habilit\u00e9e \u00e0 en parler ! La confe\u0301rence de Me\u0300re Agne\u0300s Mariam de la Croix\u00a0 Du c\u00f4t\u00e9 de l'Irak Les probl\u00e8mes que posent la lib\u00e9ration de Tikrit (Cliquer sur la ville de Tikrit pour les conna\u00eetre) L'assaut final pour la lib\u00e9ration de Tikrit\u2026","rel":"","context":"Dans &quot;Non class\u00e9&quot;","block_context":{"text":"Non class\u00e9","link":"http:\/\/www.fabriceeulry-laboutique.com\/blog\/?cat=1"},"img":{"alt_text":"","src":"https:\/\/i0.wp.com\/www.fabriceeulry-laboutique.com\/blog\/wp-content\/uploads\/2015\/03\/media-presse-infos-.jpg?resize=350%2C200","width":350,"height":200,"srcset":"https:\/\/i0.wp.com\/www.fabriceeulry-laboutique.com\/blog\/wp-content\/uploads\/2015\/03\/media-presse-infos-.jpg?resize=350%2C200 1x, https:\/\/i0.wp.com\/www.fabriceeulry-laboutique.com\/blog\/wp-content\/uploads\/2015\/03\/media-presse-infos-.jpg?resize=525%2C300 1.5x, https:\/\/i0.wp.com\/www.fabriceeulry-laboutique.com\/blog\/wp-content\/uploads\/2015\/03\/media-presse-infos-.jpg?resize=700%2C400 2x"},"classes":[]},{"id":6855,"url":"http:\/\/www.fabriceeulry-laboutique.com\/blog\/?p=6855","url_meta":{"origin":8146,"position":3},"title":"SCENARIO CATASTROPHE EN SYRIE","author":"Le Canard du pianiste","date":"7 mai 2015","format":false,"excerpt":"DAESH pr\u00e8s de l'emporter : http:\/\/arretsurinfo.ch\/scenario-catastrophe-en-syrie\/ Une d\u00e9put\u00e9 syrienne nous alerte sur la situation : Madame Maria SAADEH est d\u00e9put\u00e9 au Parlement syrien. Pr\u00e9sente \u00e0 Gen\u00e8ve \u00e0 l'occasion de la conf\u00e9rence organis\u00e9e \u00e0 l'ONU le 16 mars 2015 par l\u2019Union des Juristes Arabes (Dr. Elias KHOURI), dans le cadre de\u2026","rel":"","context":"Dans &quot;Non class\u00e9&quot;","block_context":{"text":"Non class\u00e9","link":"http:\/\/www.fabriceeulry-laboutique.com\/blog\/?cat=1"},"img":{"alt_text":"","src":"https:\/\/i0.wp.com\/www.fabriceeulry-laboutique.com\/blog\/wp-content\/uploads\/2015\/05\/syrienne-.jpg?resize=350%2C200","width":350,"height":200,"srcset":"https:\/\/i0.wp.com\/www.fabriceeulry-laboutique.com\/blog\/wp-content\/uploads\/2015\/05\/syrienne-.jpg?resize=350%2C200 1x, https:\/\/i0.wp.com\/www.fabriceeulry-laboutique.com\/blog\/wp-content\/uploads\/2015\/05\/syrienne-.jpg?resize=525%2C300 1.5x"},"classes":[]},{"id":9510,"url":"http:\/\/www.fabriceeulry-laboutique.com\/blog\/?p=9510","url_meta":{"origin":8146,"position":4},"title":"L&rsquo;APPEL DU 18 JUIN","author":"Le Canard du pianiste","date":"19 juin 2017","format":false,"excerpt":"Pour souhaiter bonne f\u00eate \u00e0 tous les p\u00e8res, avec une pens\u00e9e pour ceux de la nation : Le texte de l'appel du 18 juin prononc\u00e9 par Charles De Gaulle en direct \u00e0 la BBC qui n'a pas \u00e9t\u00e9 enregistr\u00e9 : \"Les chefs qui, depuis de nombreuses ann\u00e9es, sont \u00e0 la\u2026","rel":"","context":"Dans &quot;Non class\u00e9&quot;","block_context":{"text":"Non class\u00e9","link":"http:\/\/www.fabriceeulry-laboutique.com\/blog\/?cat=1"},"img":{"alt_text":"","src":"https:\/\/i0.wp.com\/www.fabriceeulry-laboutique.com\/blog\/wp-content\/uploads\/2017\/06\/appel.jpg?resize=350%2C200","width":350,"height":200},"classes":[]},{"id":5004,"url":"http:\/\/www.fabriceeulry-laboutique.com\/blog\/?p=5004","url_meta":{"origin":8146,"position":5},"title":"FABRICE EULRY A ROME POUR RESONNANCE","author":"Le Canard du pianiste","date":"15 juin 2014","format":false,"excerpt":"Grazie a Gianluca Colantoni per la fotografia ! \u00a0 Imaginez \u00e0 Rome, un orphelinat de gar\u00e7ons victimes de la guerre, ouvert \u00e0 l'\u00e9poque de la premi\u00e8re guerre mondiale, o\u00f9 les jeunes hommes sont associ\u00e9s \u00e0 l'autogestion et toutes les t\u00e2ches de la maison. Des gar\u00e7ons n\u00e9s en Irak en Ethiopie\u2026","rel":"","context":"Dans &quot;Non class\u00e9&quot;","block_context":{"text":"Non class\u00e9","link":"http:\/\/www.fabriceeulry-laboutique.com\/blog\/?cat=1"},"img":{"alt_text":"","src":"https:\/\/i0.wp.com\/www.fabriceeulry-laboutique.com\/blog\/wp-content\/uploads\/2014\/05\/Rome.png?resize=350%2C200","width":350,"height":200},"classes":[]}],"_links":{"self":[{"href":"http:\/\/www.fabriceeulry-laboutique.com\/blog\/index.php?rest_route=\/wp\/v2\/posts\/8146","targetHints":{"allow":["GET"]}}],"collection":[{"href":"http:\/\/www.fabriceeulry-laboutique.com\/blog\/index.php?rest_route=\/wp\/v2\/posts"}],"about":[{"href":"http:\/\/www.fabriceeulry-laboutique.com\/blog\/index.php?rest_route=\/wp\/v2\/types\/post"}],"author":[{"embeddable":true,"href":"http:\/\/www.fabriceeulry-laboutique.com\/blog\/index.php?rest_route=\/wp\/v2\/users\/2"}],"replies":[{"embeddable":true,"href":"http:\/\/www.fabriceeulry-laboutique.com\/blog\/index.php?rest_route=%2Fwp%2Fv2%2Fcomments&post=8146"}],"version-history":[{"count":1,"href":"http:\/\/www.fabriceeulry-laboutique.com\/blog\/index.php?rest_route=\/wp\/v2\/posts\/8146\/revisions"}],"predecessor-version":[{"id":8148,"href":"http:\/\/www.fabriceeulry-laboutique.com\/blog\/index.php?rest_route=\/wp\/v2\/posts\/8146\/revisions\/8148"}],"wp:attachment":[{"href":"http:\/\/www.fabriceeulry-laboutique.com\/blog\/index.php?rest_route=%2Fwp%2Fv2%2Fmedia&parent=8146"}],"wp:term":[{"taxonomy":"category","embeddable":true,"href":"http:\/\/www.fabriceeulry-laboutique.com\/blog\/index.php?rest_route=%2Fwp%2Fv2%2Fcategories&post=8146"},{"taxonomy":"post_tag","embeddable":true,"href":"http:\/\/www.fabriceeulry-laboutique.com\/blog\/index.php?rest_route=%2Fwp%2Fv2%2Ftags&post=8146"}],"curies":[{"name":"wp","href":"https:\/\/api.w.org\/{rel}","templated":true}]}}