{"id":831,"date":"2012-10-23T00:41:56","date_gmt":"2012-10-23T00:41:56","guid":{"rendered":"http:\/\/www.fabriceeulry-laboutique.com\/blog\/?p=831"},"modified":"2018-12-13T05:14:40","modified_gmt":"2018-12-13T05:14:40","slug":"le-journal-de-saone-et-loire","status":"publish","type":"post","link":"http:\/\/www.fabriceeulry-laboutique.com\/blog\/?p=831","title":{"rendered":"LE CONCERTO POUR PIANO N\u00b02"},"content":{"rendered":"<div>\n<h4 style=\"text-align: center;\"><span style=\"color: #000000;\">LE JOURNAL DE SAONE ET LOIRE DU 21 OCTOBRE<\/span><\/h4>\n<h2 style=\"text-align: center;\"><span style=\"color: #000000;\"><strong>Une fin de festival en apoth\u00e9ose<\/strong><\/span><\/h2>\n<h3 style=\"text-align: center;\"><span style=\"color: #000000;\"><strong>le 19\/10\/2012\u00a0<\/strong><\/span><\/h3>\n<div style=\"text-align: center;\">\n<h3><span style=\"color: #000000;\"><strong>C\u2019est \u00e0 guichet ferm\u00e9 que la saison des nuits musicales de Trivy s\u2019est achev\u00e9e. Une salle comble donc mais pas seulement. Il y avait \u00e9galement beaucoup de monde sur sc\u00e8ne, puisque pour ce dernier concert, Fabrice Eulry \u00e9tait accompagn\u00e9 de l\u2019excellent Carl Schlosser et de l\u2019orchestre symphonique Accords parfaits avec lequel il doit enregistrer un disque ces prochains jours.<\/strong><\/span><\/h3>\n<\/div>\n<div style=\"text-align: center;\">\n<h3><span style=\"color: #000000;\"><strong>Pour la petite histoire, cet orchestre r\u00e9cemment form\u00e9 n\u2019est compos\u00e9 que de musiciens bourguignons avec lesquels Fabrice appr\u00e9cie beaucoup de travailler. La premi\u00e8re partie du concert faisait la part belle aux chansons fran\u00e7aises comme La v\u00e9rit\u00e9 de Guy B\u00e9art, ou m\u00eame \u00c9ternel B\u00e9bel, hommage \u00e0 Jean-Paul Belmondo et aux films d\u2019Henri Verneuil que Fabrice Eulry affectionne, sans oublier la musique jazz.<\/strong><\/span><\/h3>\n<h3><span style=\"color: #000000;\"><strong>Apr\u00e8s l\u2019entracte, place au concerto du Boogie expiatoire symphonique, m\u00e9lange de musique classique europ\u00e9enne, de boogie-woogie, de blues. Apr\u00e8s trois rappels du public, il \u00e9tait temps de se quitter, mais Jean L\u00e9ch\u00e8re, pr\u00e9sident de Jazz in Trivy donne rendez-vous \u00e0 tous les m\u00e9lomanes en 2013 pour une prochaine nuit musicale.<\/strong><\/span><\/h3>\n<div><span style=\"color: #000000;\">\u00a0<\/span><\/div>\n<\/div>\n<\/div>\n<div id=\"bloccomp\" style=\"text-align: center;\">\n<h3><span style=\"color: #000000;\"><strong>Le concerto pour piano n\u00b02 de Fabrice Eulry.\u00a0<\/strong><\/span><\/h3>\n<h4><span style=\"color: #000000;\"><em><strong>Photos : Sonia Donab\u00e9dian<\/strong><\/em><\/span><\/h4>\n<p><span style=\"color: #000000;\"><a style=\"color: #000000;\" href=\"https:\/\/i0.wp.com\/www.fabriceeulry-laboutique.com\/blog\/wp-content\/uploads\/2012\/10\/IMG_8604.jpg\"><img data-recalc-dims=\"1\" loading=\"lazy\" decoding=\"async\" title=\"IMG_8604\" src=\"https:\/\/i0.wp.com\/www.fabriceeulry-laboutique.com\/blog\/wp-content\/uploads\/2012\/10\/IMG_8604.jpg?resize=640%2C480\" alt=\"\" width=\"640\" height=\"480\" \/><\/a><\/span><\/p>\n<p><span style=\"color: #000000;\">De gauche \u00e0 droite : l&rsquo;ensemble symphonique Accords parfaits avec le premier violon tenu par Christine Kripiec, F.E., Carl Schlosser, et Jeff Monin.<\/span><\/p>\n<p><a href=\"https:\/\/i0.wp.com\/www.fabriceeulry-laboutique.com\/blog\/wp-content\/uploads\/2012\/10\/Krypiec.jpg\"><img data-recalc-dims=\"1\" loading=\"lazy\" decoding=\"async\" class=\"alignright size-full wp-image-10108\" src=\"https:\/\/i0.wp.com\/www.fabriceeulry-laboutique.com\/blog\/wp-content\/uploads\/2012\/10\/Krypiec.jpg?resize=640%2C480\" alt=\"Krypiec\" width=\"640\" height=\"480\" srcset=\"https:\/\/i0.wp.com\/www.fabriceeulry-laboutique.com\/blog\/wp-content\/uploads\/2012\/10\/Krypiec.jpg?w=2048 2048w, https:\/\/i0.wp.com\/www.fabriceeulry-laboutique.com\/blog\/wp-content\/uploads\/2012\/10\/Krypiec.jpg?resize=300%2C225 300w, https:\/\/i0.wp.com\/www.fabriceeulry-laboutique.com\/blog\/wp-content\/uploads\/2012\/10\/Krypiec.jpg?resize=768%2C576 768w, https:\/\/i0.wp.com\/www.fabriceeulry-laboutique.com\/blog\/wp-content\/uploads\/2012\/10\/Krypiec.jpg?resize=1024%2C768 1024w, https:\/\/i0.wp.com\/www.fabriceeulry-laboutique.com\/blog\/wp-content\/uploads\/2012\/10\/Krypiec.jpg?w=1280 1280w, https:\/\/i0.wp.com\/www.fabriceeulry-laboutique.com\/blog\/wp-content\/uploads\/2012\/10\/Krypiec.jpg?w=1920 1920w\" sizes=\"auto, (max-width: 640px) 100vw, 640px\" \/><\/a><\/p>\n<p>&nbsp;<\/p>\n<p><span style=\"color: #000000;\"><strong>\u00a0photos : Sonia Donab\u00e9dian.<\/strong><\/span><\/p>\n<p>&nbsp;<\/p>\n<h3><span style=\"color: #000000;\"><strong>Ici Enzo Mucci accompagnant F.E. \u00a0aux Nuits musicales de Trivy. Des deux contrebassistes jouant dans ce concerto, Enzo Mucci est celui qui assure les parties de l&rsquo;oeuvre en pizzicato.<\/strong><\/span><\/h3>\n<h3><span style=\"color: #000000;\"><a style=\"color: #000000;\" href=\"https:\/\/i0.wp.com\/www.fabriceeulry-laboutique.com\/blog\/wp-content\/uploads\/2012\/10\/trivy-enzo-fab-2.jpg\"><img data-recalc-dims=\"1\" loading=\"lazy\" decoding=\"async\" title=\"trivy enzo fab 2\" src=\"https:\/\/i0.wp.com\/www.fabriceeulry-laboutique.com\/blog\/wp-content\/uploads\/2012\/10\/trivy-enzo-fab-2.jpg?resize=387%2C516\" alt=\"\" width=\"387\" height=\"516\" \/><\/a>\u00a0Le public\u00a0<strong>\u00e9tait si nombreux qu&rsquo;il s&rsquo;est m\u00eame entass\u00e9 sur \u00a0les flancs de la sc\u00e8ne.<\/strong><\/span><\/h3>\n<h3><span style=\"color: #000000;\"><a style=\"color: #000000;\" href=\"https:\/\/i0.wp.com\/www.fabriceeulry-laboutique.com\/blog\/wp-content\/uploads\/2012\/10\/carl-trivy2.jpg\"><img data-recalc-dims=\"1\" loading=\"lazy\" decoding=\"async\" title=\"carl trivy\" src=\"https:\/\/i0.wp.com\/www.fabriceeulry-laboutique.com\/blog\/wp-content\/uploads\/2012\/10\/carl-trivy2.jpg?resize=387%2C516\" alt=\"\" width=\"387\" height=\"516\" \/><\/a>\u00a0<strong>Le solo de Carl Schlosser<\/strong><\/span><\/h3>\n<h2><span style=\"color: #000000;\"><strong>Fabrice Eulry Le concerto pour piano n\u00b0 2 est un boogie-woogie g\u00e9ant :<\/strong><\/span><\/h2>\n<h3><span style=\"color: #000000;\">Voici la description du premier mouvement :<\/span><\/h3>\n<h3><span style=\"color: #000000;\"><strong>Il commence avec deux th\u00e8mes mineurs tr\u00e8s sombres jou\u00e9s pas les cordes et la fl\u00fbte alto. Le piano est cach\u00e9 dans les basses mais surgit et entame seul un troisi\u00e8me cycle et il s&rsquo;agit clairement d&rsquo;une structure de blues qui tranche avec les th\u00e8mes sombres, car le tempo est marqu\u00e9, la couleur mineur laisse la place \u00e0 la couleur bleue du blues.<\/strong><\/span><\/h3>\n<h3><span style=\"color: #000000;\">Mais revoil\u00e0 nos deux th\u00e8mes sombres rejou\u00e9s par tout l&rsquo;orchestre, et cette fois plus moyen d&rsquo;\u00e9chapper au tempo que le piano a lanc\u00e9 ! Lorsque le th\u00e8me du blues revient c&rsquo;est tout l&rsquo;orchestre qui incarne cette couleur d&rsquo;espoir sur un balancement anglais (tempo de Penny lane) avec une orchestration que l&rsquo;arrangeur des Beatles, George Martin aurait pu \u00e9crire. Nous sommes donc loin de la complainte m\u00eame si c&rsquo;est du blues.<\/span><\/h3>\n<h3><span style=\"color: #000000;\"><strong>Mais voici un nouveau rebondissement : le tempo est doubl\u00e9 en forme de pr\u00e9lude deBach pendant deux cycles de 12 mesures. mais le blues m\u00e9dium exerce d\u00e9finitivement son attraction et l&rsquo;on y revient immanquablement, \u00a0la transe s&rsquo;installe alors, avec des solos de piano puis de saxophone t\u00e9nor&#8230;<\/strong><\/span><\/h3>\n<p><span style=\"color: #000000;\"><a style=\"color: #000000;\" href=\"https:\/\/i0.wp.com\/www.fabriceeulry-laboutique.com\/blog\/wp-content\/uploads\/2012\/10\/IMG_87361.jpg\"><img data-recalc-dims=\"1\" loading=\"lazy\" decoding=\"async\" title=\"IMG_8736\" src=\"https:\/\/i0.wp.com\/www.fabriceeulry-laboutique.com\/blog\/wp-content\/uploads\/2012\/10\/IMG_87361.jpg?resize=590%2C442\" alt=\"\" width=\"590\" height=\"442\" \/><\/a><\/span><\/p>\n<h3><span style=\"color: #000000;\">\u00a0Ici le deuxi\u00e8me mouvement du concerto (boogie-woogie transe) au moment du d\u00e9collage final avec Jeff Monin \u00e0 la guitare.<\/span><\/h3>\n<h3><span style=\"color: #000000;\">3\u00e8me rappel<\/span><\/h3>\n<p><span style=\"color: #000000;\"><a style=\"color: #000000;\" href=\"https:\/\/i0.wp.com\/www.fabriceeulry-laboutique.com\/blog\/wp-content\/uploads\/2012\/10\/IMG_8789.jpg\"><img data-recalc-dims=\"1\" loading=\"lazy\" decoding=\"async\" title=\"IMG_8789\" src=\"https:\/\/i0.wp.com\/www.fabriceeulry-laboutique.com\/blog\/wp-content\/uploads\/2012\/10\/IMG_8789.jpg?resize=640%2C480\" alt=\"\" width=\"640\" height=\"480\" \/><\/a><\/span><\/p>\n<div><span style=\"color: #000000;\">\u00a0<strong>\u00a0La presse :<\/strong><\/span><\/div>\n<p><span style=\"color: #000000;\"><a style=\"color: #000000;\" href=\"http:\/\/www.lejsl.com\/\"><img data-recalc-dims=\"1\" loading=\"lazy\" decoding=\"async\" src=\"https:\/\/i0.wp.com\/www.lejsl.com\/fr\/images\/filiale\/logo.png?resize=300%2C85\" alt=\"Le Journal de Sa\u00f4ne et Loire\" width=\"300\" height=\"85\" \/><\/a><\/span><\/p>\n<p>&nbsp;<\/p>\n<h3><span style=\"color: #000000;\">TRIVY<\/span><\/h3>\n<h3><span style=\"color: #000000;\">\u00ab Un ph\u00e9nom\u00e8ne \u00bb, \u00ab un pianiste infatigable \u00bb, \u00ab un sens inn\u00e9 du rythme et de l\u2019improvisation \u00bb, \u00ab &#8230;<\/span><\/h3>\n<p><span style=\"color: #000000;\">le 28\/09\/2012 \u00e0 05:00 Vu 124 fois<\/span><\/p>\n<p><span style=\"color: #000000;\"><a style=\"color: #000000;\" href=\"https:\/\/i0.wp.com\/www.fabriceeulry-laboutique.com\/blog\/wp-content\/uploads\/2012\/09\/photo_officielle_fabrice_eulry_21.jpg\"><img data-recalc-dims=\"1\" loading=\"lazy\" decoding=\"async\" title=\"photo_officielle_fabrice_eulry_2\" src=\"https:\/\/i0.wp.com\/www.fabriceeulry-laboutique.com\/blog\/wp-content\/uploads\/2012\/09\/photo_officielle_fabrice_eulry_21.jpg?resize=249%2C344\" alt=\"\" width=\"249\" height=\"344\" \/><\/a><\/span><\/p>\n<p><span style=\"color: #000000;\">Virtuose et fantaisiste, Fabrice Eulry prend une seule chose au s\u00e9rieux: la musique Ph. DR<\/span><\/p>\n<p><span style=\"color: #000000;\">\u00ab Un ph\u00e9nom\u00e8ne \u00bb, \u00ab un pianiste infatigable \u00bb, \u00ab un sens inn\u00e9 du rythme et de l\u2019improvisation \u00bb, \u00ab le Chopin du Boogie-woogie \u00bb\u2026. La simple lecture des critiques enthousiastes de la presse concernant Fabrice Eurly donne d\u00e9j\u00e0 envie de se pr\u00e9cipiter le 12 octobre prochain au dernier rendez-vous programm\u00e9 dans le cadre du festival \u00ab Jazz in Trivy \u00bb. Apr\u00e8s Les Kinkas, Galliano, une Nuit du jazz et le quatuor Accordo, la saison concoct\u00e9e par Jean L\u00e9ch\u00e8re s\u2019ach\u00e8vera donc en apoth\u00e9ose par une soir\u00e9e pleine de punch et de fantaisie en compagnie de Fabrice Eurly qui viendra en voisin puisque ce musicien qui m\u00e8ne une carri\u00e8re internationale a choisi de vivre dans la petite commune de Chiddes.<\/span><\/p>\n<p><span style=\"color: #000000;\">Une date d\u2019autant plus exceptionnelle que le pianiste sera accompagn\u00e9 ce soir-l\u00e0 par l\u2019orchestre symphonique Accords parfaits, soit une vingtaine de cordes et de vents rassembl\u00e9s sous les vo\u00fbtes de l\u2019\u00e9glise de Trivy pour un \u00ab Boogie Expiatoire symphonique \u00bb. Un concerto \u00e9crit par Fabrice Eurly et jou\u00e9 une seule fois \u00e0 Paris l\u2019an pass\u00e9. La logistique sera plus l\u00e9g\u00e8re pour ce deuxi\u00e8me rendez-vous dont le titre ne doit pas faire peur car Fabrice Eurly, aussi virtuose que fantaisiste est le plus fervent d\u00e9fenseur d\u2019une musique accessible \u00e0 tous.<\/span><\/p>\n<p><span style=\"color: #000000;\">Ses compositions originales seront d\u2019ailleurs suivies de quelques bonnes chansons fran\u00e7aises fa\u00e7on swing. \u00c0 Bobino, on se souvient encore de sa reprise des \u00ab copains d\u2019abord \u00ab se transformant en boogie-woogie d\u00e9cha\u00een\u00e9, ou de sa \u00ab Marseillaise \u00ab \u00bb, teint\u00e9e rock\u2019n\u2019roll\u2026 Cerise sur le g\u00e2teau Fabrice Eurly sera accompagn\u00e9 de Carl Schlosser au sax tenor et fl\u00fbte traversi\u00e8re, un autre musicien d\u2019exception qui ne joue aujourd\u2019hui que pour ses amis\u2026 Le public de Trivy fera donc partie des privil\u00e9gi\u00e9s\u2026<\/span><\/p>\n<p><span style=\"color: #000000;\">Eglise de Trivy Vendredi 12 octobre \u00e0 20h45. Tarif 35\/25\u20ac. Renseignement au 03 85 20 57 85. R\u00e9servations : billetterie du JSL au 03 85 38 23 74<\/span><\/p>\n<div>\n<h1><span style=\"color: #000000;\">TRIVY : Concert de Fabrice Eulry vendredi 12\u00a0octobre<\/span><\/h1>\n<div><span style=\"color: #000000;\">le 28\/09\/2012 \u00e0 05:00\u00a0par G\u00e9raldine Auray (CLP)\u00a0Vu 34 fois<\/span><\/div>\n<div>\n<div>\n<div>\n<div>\n<p><span style=\"color: #000000;\"><img data-recalc-dims=\"1\" decoding=\"async\" src=\"https:\/\/i0.wp.com\/www.lejsl.com\/fr\/images\/B5FB2D7C-EEB4-4074-AB02-D7743849252C\/LBP_03\/fabrice-eulry-est-un-virtuose-du-piano-photo-g-a-%28clp%29.jpg?w=640\" alt=\"Fabrice Eulry est un virtuose du piano. \u00a0Photo G. A. (CLP)\" \/>Fabrice Eulry est un virtuose du piano. \u00a0Photo G. A. (CLP)<\/span><\/p>\n<div title=\"Agrandir l'image\"><span style=\"color: #000000;\">\u00a0<\/span><\/div>\n<\/div>\n<\/div>\n<\/div>\n<\/div>\n<div>\n<p><span style=\"color: #000000;\">En cl\u00f4ture du festival 2012, les nuits musicales accueillent un habitu\u00e9 des lieux : Fabrice Eulry. Ce grand pianiste, grand serviteur de toutes les musiques, et du piano en particulier, a jou\u00e9 aussi bien avec les grands artistes tels Rhoda Scott, Claude Bolling, Marc Laferri\u00e8re, Nancy Holloway qu\u2019avec les cordes de l\u2019ensemble Pr\u00e9lude de Paris.<\/span><\/p>\n<p><span style=\"color: #000000;\">Accompagn\u00e9 par l\u2019orchestre Accords Parfaits, orchestre symphonique de \u00a018 violons violoncelles contrebasse et batterie, et Carl Schlosser (saxophoniste, fl\u00fbtiste), Fabrice Eulry propose au public, fa\u00e7on concerto, son fameux boogie expiatoire, version symphonique, une cr\u00e9ation pi\u00e8ce ma\u00eetresse de son \u0153uvre.<\/span><\/p>\n<p><span style=\"color: #000000;\">En premi\u00e8re partie, tous ces musiciens revisiteront les bonnes et anciennes chansons fran\u00e7aises, fa\u00e7on swing.<\/span><\/p>\n<p><span style=\"color: #000000;\">Vendredi 12\u00a0octobre \u00e0 20 h 45. Tarifs : adulte 35\u00a0\u20ac, \u00e9tudiant et enfant 25\u00a0\u20ac. R\u00e9servations<\/span><\/p>\n<p><span style=\"color: #000000;\">La billetterie : Ticketnet, Le Journal de Sa\u00f4ne-et-Loire (03.85.38.23 .74 ), Cultura, Auchan, Leclerc ou Jean L\u00e9ch\u00e8re (03.85.20.57.85 et 06.16.19.00.76), Auberge du Lac Trivy (03.85.50.21.54), Tabac Presse de Dompierre- les-Ormes (03.85.50.23.83), les offices de tourisme de Cluny, de Charolles, de La Clayette,<a style=\"color: #000000;\" href=\"http:\/\/www.pharmacie-flace.fr\/nuits-musicales\/\" target=\"_blank\" rel=\"nofollow\">http:\/\/www.pharmacie-flace.fr\/nuits-musicales\/<\/a>.<\/span><\/p>\n<p><span style=\"color: #000000;\">Lu \u00e9galement dans :<\/span><\/p>\n<div>\n<h1><span style=\"color: #000000;\"><a style=\"color: #000000;\" href=\"http:\/\/www.si-on-sortait.fr\/\">Si On Sortait ?<\/a><\/span><\/h1>\n<\/div>\n<\/div>\n<\/div>\n<p><span style=\"color: #000000;\"><img data-recalc-dims=\"1\" loading=\"lazy\" decoding=\"async\" title=\"Fabrice Eulry &amp; Accords parfaits, Carl Schlosser, festival Les nuits musica\" src=\"https:\/\/i0.wp.com\/viaimage.viafrance.com\/images\/evts\/116212.jpg?resize=140%2C140\" alt=\"Fabrice Eulry &amp; Accords parfaits, Carl Schlosser, festival Les nuits musica\" width=\"140\" height=\"140\" \/>Les nuits musicales de Trivy 2012<\/span><br \/>\n<span style=\"color: #000000;\"> <em>Symphonie musicale.<\/em><\/span><br \/>\n<span style=\"color: #000000;\"> <strong>Fabrice Eulry<\/strong>, g\u00e9nialissime pianiste un peu fou aura excell\u00e9 dans les styles les plus divers, du plus rythm\u00e9 au plus m\u00e9lodique. Le Figaro dit de lui qu&rsquo;il est \u00ab\u00a0Le Chopin du Boogie-woogie\u00a0\u00bb ! Alors, d\u00e9couvrez ce fameux<em>Boogie expiatoire symphonique<\/em>&#8230;<\/span><br \/>\n<span style=\"color: #000000;\"> Avec : Fabrice Eulry &amp; Accords parfaits, Carl Schlosser, Philippe Chagne&#8230;<\/span><\/p>\n<\/div>\n<div id=\"PubBottom2\" style=\"text-align: center;\"><span style=\"color: #000000;\">\u00a0<\/span><\/div>\n","protected":false},"excerpt":{"rendered":"<p>LE JOURNAL DE SAONE ET LOIRE DU 21 OCTOBRE Une fin de festival en apoth\u00e9ose le 19\/10\/2012\u00a0 C\u2019est \u00e0 guichet ferm\u00e9 que la saison des nuits musicales de Trivy s\u2019est achev\u00e9e. Une salle comble donc mais pas seulement. Il y &hellip; <a href=\"http:\/\/www.fabriceeulry-laboutique.com\/blog\/?p=831\">Continuer la lecture <span class=\"meta-nav\">&rarr;<\/span><\/a><\/p>\n","protected":false},"author":2,"featured_media":0,"comment_status":"open","ping_status":"open","sticky":false,"template":"","format":"standard","meta":{"jetpack_post_was_ever_published":false,"_jetpack_newsletter_access":"","_jetpack_dont_email_post_to_subs":true,"_jetpack_newsletter_tier_id":0,"_jetpack_memberships_contains_paywalled_content":false,"_jetpack_memberships_contains_paid_content":false,"footnotes":"","jetpack_publicize_message":"","jetpack_publicize_feature_enabled":true,"jetpack_social_post_already_shared":false,"jetpack_social_options":{"image_generator_settings":{"template":"highway","default_image_id":0,"font":"","enabled":false},"version":2}},"categories":[1],"tags":[11],"class_list":["post-831","post","type-post","status-publish","format-standard","hentry","category-non-classe","tag-musique-philharmonique"],"jetpack_publicize_connections":[],"jetpack_featured_media_url":"","jetpack_sharing_enabled":true,"jetpack_shortlink":"https:\/\/wp.me\/p2D6dI-dp","jetpack_likes_enabled":true,"jetpack-related-posts":[{"id":3025,"url":"http:\/\/www.fabriceeulry-laboutique.com\/blog\/?p=3025","url_meta":{"origin":831,"position":0},"title":"FABRICE EULRY A PADEREWSKI","author":"Le Canard du pianiste","date":"8 novembre 2013","format":false,"excerpt":"Affiche de Jessica Scheurer Fabrice Eulry a affront\u00e9 le vendredi 8 novembre une premi\u00e8re fois, la salle Paderewski du casino de Montbenon de Lausanne en solo avant d'y donner des duos de pianos ce soir \u00e0 20h.30. et le samedi 9 novembre. \u00a0 Les spectateurs dont un tiers venaient de\u2026","rel":"","context":"Dans &quot;Non class\u00e9&quot;","block_context":{"text":"Non class\u00e9","link":"http:\/\/www.fabriceeulry-laboutique.com\/blog\/?cat=1"},"img":{"alt_text":"","src":"https:\/\/i0.wp.com\/www.fabriceeulry-laboutique.com\/blog\/wp-content\/uploads\/2013\/07\/PIANO-BLUES-BOOGIE-EN-ROMANDIE.png?resize=350%2C200","width":350,"height":200},"classes":[]},{"id":7734,"url":"http:\/\/www.fabriceeulry-laboutique.com\/blog\/?p=7734","url_meta":{"origin":831,"position":1},"title":"VOS COMMENTAIRES SUR L&rsquo;OLYMPIA","author":"Le Canard du pianiste","date":"1 novembre 2015","format":false,"excerpt":"C'\u00e9tait un concert de rentr\u00e9e tr\u00e8s difficile \u00e0 promouvoir \u00e0 la t\u00e9l\u00e9vision par exemple, dans la mesure o\u00f9 les grilles de rentr\u00e9es n'\u00e9taient pas encore \u00e9tablies dans la p\u00e9riode qui le pr\u00e9c\u00e9dait, les animateurs n'\u00e9tant m\u00eame pas encore s\u00fbrs d'\u00eatre reconduits. Dans cette configuration, que l'Olympia eut \u00e9t\u00e9 plein d'un\u2026","rel":"","context":"Dans &quot;Non class\u00e9&quot;","block_context":{"text":"Non class\u00e9","link":"http:\/\/www.fabriceeulry-laboutique.com\/blog\/?cat=1"},"img":{"alt_text":"","src":"https:\/\/i0.wp.com\/www.fabriceeulry-laboutique.com\/blog\/wp-content\/uploads\/2015\/11\/OLYMPIA-CAPTURE-2-.jpg?resize=350%2C200","width":350,"height":200,"srcset":"https:\/\/i0.wp.com\/www.fabriceeulry-laboutique.com\/blog\/wp-content\/uploads\/2015\/11\/OLYMPIA-CAPTURE-2-.jpg?resize=350%2C200 1x, https:\/\/i0.wp.com\/www.fabriceeulry-laboutique.com\/blog\/wp-content\/uploads\/2015\/11\/OLYMPIA-CAPTURE-2-.jpg?resize=525%2C300 1.5x, https:\/\/i0.wp.com\/www.fabriceeulry-laboutique.com\/blog\/wp-content\/uploads\/2015\/11\/OLYMPIA-CAPTURE-2-.jpg?resize=700%2C400 2x, https:\/\/i0.wp.com\/www.fabriceeulry-laboutique.com\/blog\/wp-content\/uploads\/2015\/11\/OLYMPIA-CAPTURE-2-.jpg?resize=1050%2C600 3x"},"classes":[]},{"id":12998,"url":"http:\/\/www.fabriceeulry-laboutique.com\/blog\/?p=12998","url_meta":{"origin":831,"position":2},"title":"ROCK&rsquo;N ROLL \u00c0 TAUSSAC","author":"Le Canard du pianiste","date":"24 juillet 2024","format":false,"excerpt":"Le rock'n roll seulement avec un piano ? Question de main gauche et de rythme ! ... Sans oublier aussi un gros travail \u00e0 la main droite. ... Ah, il faut varier les tonalit\u00e9s et les choisir en fonction de l'impact sonore n\u00e9cessaire puisqu'il n'y aura pas d'autre instrument sur\u2026","rel":"","context":"Dans &quot;Non class\u00e9&quot;","block_context":{"text":"Non class\u00e9","link":"http:\/\/www.fabriceeulry-laboutique.com\/blog\/?cat=1"},"img":{"alt_text":"","src":"https:\/\/i0.wp.com\/www.fabriceeulry-laboutique.com\/blog\/wp-content\/uploads\/2024\/07\/taussac-2024.png?resize=350%2C200","width":350,"height":200,"srcset":"https:\/\/i0.wp.com\/www.fabriceeulry-laboutique.com\/blog\/wp-content\/uploads\/2024\/07\/taussac-2024.png?resize=350%2C200 1x, https:\/\/i0.wp.com\/www.fabriceeulry-laboutique.com\/blog\/wp-content\/uploads\/2024\/07\/taussac-2024.png?resize=525%2C300 1.5x, https:\/\/i0.wp.com\/www.fabriceeulry-laboutique.com\/blog\/wp-content\/uploads\/2024\/07\/taussac-2024.png?resize=700%2C400 2x, https:\/\/i0.wp.com\/www.fabriceeulry-laboutique.com\/blog\/wp-content\/uploads\/2024\/07\/taussac-2024.png?resize=1050%2C600 3x"},"classes":[]},{"id":10949,"url":"http:\/\/www.fabriceeulry-laboutique.com\/blog\/?p=10949","url_meta":{"origin":831,"position":3},"title":"QUAND UN CONCERT MUTE EN FIESTA","author":"Le Canard du pianiste","date":"7 septembre 2018","format":false,"excerpt":"Il fallait respecter l'horaire car les handicap\u00e9s lourds devaient aller au dodo \u00e0 heure fixe ; on se posa aussi beaucoup de questions sur le son, pour que les 200 personnes entendent le piano en plein air, en ce 2 septembre au\u00a0Centre d\u2019accueil pour les personnes handicap\u00e9es de l\u2019ordre de\u2026","rel":"","context":"Dans &quot;Non class\u00e9&quot;","block_context":{"text":"Non class\u00e9","link":"http:\/\/www.fabriceeulry-laboutique.com\/blog\/?cat=1"},"img":{"alt_text":"","src":"https:\/\/i0.wp.com\/www.fabriceeulry-laboutique.com\/blog\/wp-content\/uploads\/2018\/09\/chab2-.png?resize=350%2C200","width":350,"height":200},"classes":[]},{"id":12392,"url":"http:\/\/www.fabriceeulry-laboutique.com\/blog\/?p=12392","url_meta":{"origin":831,"position":4},"title":"LE PIANO D&rsquo;LA PLAGE","author":"Le Canard du pianiste","date":"21 ao\u00fbt 2020","format":false,"excerpt":"Nous sommes en Sardaigne, et les vagues arrivent \u00e0 neuf pas du piano Fabrice Eulry a compt\u00e9. Les festivals qui l'accueillent ont quitt\u00e9 les salles pour le plein air, avec des \u00e9quipes comp\u00e9tentes aussi bien pour la qualit\u00e9 des pianos que pour la qualit\u00e9 des sonos... Un grand merci \u00e0\u2026","rel":"","context":"Dans &quot;Non class\u00e9&quot;","block_context":{"text":"Non class\u00e9","link":"http:\/\/www.fabriceeulry-laboutique.com\/blog\/?cat=1"},"img":{"alt_text":"","src":"https:\/\/i0.wp.com\/www.fabriceeulry-laboutique.com\/blog\/wp-content\/uploads\/2020\/08\/sard.png?resize=350%2C200","width":350,"height":200,"srcset":"https:\/\/i0.wp.com\/www.fabriceeulry-laboutique.com\/blog\/wp-content\/uploads\/2020\/08\/sard.png?resize=350%2C200 1x, https:\/\/i0.wp.com\/www.fabriceeulry-laboutique.com\/blog\/wp-content\/uploads\/2020\/08\/sard.png?resize=525%2C300 1.5x, https:\/\/i0.wp.com\/www.fabriceeulry-laboutique.com\/blog\/wp-content\/uploads\/2020\/08\/sard.png?resize=700%2C400 2x"},"classes":[]},{"id":12684,"url":"http:\/\/www.fabriceeulry-laboutique.com\/blog\/?p=12684","url_meta":{"origin":831,"position":5},"title":"CONCERT DE NO\u00cbL \u00c0 MOULINS","author":"Le Canard du pianiste","date":"26 d\u00e9cembre 2022","format":false,"excerpt":"Le th\u00e9\u00e2tre de Moulins vient d'\u00eatre restaur\u00e9 Un temps glac\u00e9 pour un r\u00e9cital givr\u00e9 ! Fabrice Eulry encore plus f\u00e9brile qu'\u00e0 l'accoutum\u00e9e, malgr\u00e9 le match France-Angleterre, s'est jur\u00e9 d'enchanter une salle comble et attentive, d\u00e9j\u00e0 chauff\u00e9e par la po\u00e9tique premi\u00e8re partie du trio de Nathan Mollet ; nous sommes le\u2026","rel":"","context":"Dans &quot;Non class\u00e9&quot;","block_context":{"text":"Non class\u00e9","link":"http:\/\/www.fabriceeulry-laboutique.com\/blog\/?cat=1"},"img":{"alt_text":"","src":"https:\/\/i0.wp.com\/www.fabriceeulry-laboutique.com\/blog\/wp-content\/uploads\/2022\/12\/moulins-theatrepng-scaled.jpg?resize=350%2C200","width":350,"height":200,"srcset":"https:\/\/i0.wp.com\/www.fabriceeulry-laboutique.com\/blog\/wp-content\/uploads\/2022\/12\/moulins-theatrepng-scaled.jpg?resize=350%2C200 1x, https:\/\/i0.wp.com\/www.fabriceeulry-laboutique.com\/blog\/wp-content\/uploads\/2022\/12\/moulins-theatrepng-scaled.jpg?resize=525%2C300 1.5x, https:\/\/i0.wp.com\/www.fabriceeulry-laboutique.com\/blog\/wp-content\/uploads\/2022\/12\/moulins-theatrepng-scaled.jpg?resize=700%2C400 2x, https:\/\/i0.wp.com\/www.fabriceeulry-laboutique.com\/blog\/wp-content\/uploads\/2022\/12\/moulins-theatrepng-scaled.jpg?resize=1050%2C600 3x, https:\/\/i0.wp.com\/www.fabriceeulry-laboutique.com\/blog\/wp-content\/uploads\/2022\/12\/moulins-theatrepng-scaled.jpg?resize=1400%2C800 4x"},"classes":[]}],"_links":{"self":[{"href":"http:\/\/www.fabriceeulry-laboutique.com\/blog\/index.php?rest_route=\/wp\/v2\/posts\/831","targetHints":{"allow":["GET"]}}],"collection":[{"href":"http:\/\/www.fabriceeulry-laboutique.com\/blog\/index.php?rest_route=\/wp\/v2\/posts"}],"about":[{"href":"http:\/\/www.fabriceeulry-laboutique.com\/blog\/index.php?rest_route=\/wp\/v2\/types\/post"}],"author":[{"embeddable":true,"href":"http:\/\/www.fabriceeulry-laboutique.com\/blog\/index.php?rest_route=\/wp\/v2\/users\/2"}],"replies":[{"embeddable":true,"href":"http:\/\/www.fabriceeulry-laboutique.com\/blog\/index.php?rest_route=%2Fwp%2Fv2%2Fcomments&post=831"}],"version-history":[{"count":17,"href":"http:\/\/www.fabriceeulry-laboutique.com\/blog\/index.php?rest_route=\/wp\/v2\/posts\/831\/revisions"}],"predecessor-version":[{"id":10110,"href":"http:\/\/www.fabriceeulry-laboutique.com\/blog\/index.php?rest_route=\/wp\/v2\/posts\/831\/revisions\/10110"}],"wp:attachment":[{"href":"http:\/\/www.fabriceeulry-laboutique.com\/blog\/index.php?rest_route=%2Fwp%2Fv2%2Fmedia&parent=831"}],"wp:term":[{"taxonomy":"category","embeddable":true,"href":"http:\/\/www.fabriceeulry-laboutique.com\/blog\/index.php?rest_route=%2Fwp%2Fv2%2Fcategories&post=831"},{"taxonomy":"post_tag","embeddable":true,"href":"http:\/\/www.fabriceeulry-laboutique.com\/blog\/index.php?rest_route=%2Fwp%2Fv2%2Ftags&post=831"}],"curies":[{"name":"wp","href":"https:\/\/api.w.org\/{rel}","templated":true}]}}